{"id":1302,"date":"2022-05-08T18:00:11","date_gmt":"2022-05-08T16:00:11","guid":{"rendered":"https:\/\/blog.interflora.it\/?p=1302"},"modified":"2025-08-11T16:02:28","modified_gmt":"2025-08-11T14:02:28","slug":"piante-verdi-con-punte-marroni","status":"publish","type":"post","link":"https:\/\/prodblog.interflora.it\/blog\/piante-verdi-con-punte-marroni\/","title":{"rendered":"Piante verdi con foglie marroni"},"content":{"rendered":"\n<p>Ti stai chiedendo come mai la tua pianta ha le punte delle foglie marroni o gialle? Interflora \u00e8 qui per aiutarti e per fornirti tutte le risposte di cui hai bisogno! In questo articolo ti spiegheremo tutti i segreti per una cura perfetta delle tue piante verdi.<\/p>\n\n\n\n<p>La tua bellissima pianta per interni non \u00e8 pi\u00f9 cos\u00ec bella da quando le sue <strong>punte sono diventate marroni<\/strong>? Prima di compiere un\u2019azione irrimediabile, cerca di capire se \u00e8 un problema risolvibile o se effettivamente la pianta, purtroppo, \u00e8 morta. Infatti, le foglie marroni sono un problema comune che capita spesso alle piante che vivono e crescono in casa. Le cause principali dipendono da un\u2019annaffiatura troppo poco frequente o al contrario da un\u2019annaffiatura eccessiva. Esistono modi per sapere se la tua <strong>pianta con le foglie marroni<\/strong> \u00e8 morta o pu\u00f2 ancora essere salvata! Noi ti spiegheremo cosa fare quando la pianta non sembra in ottime condizioni e come evitare che accada di nuovo. Interflora ti d\u00e0 qualche <strong>consiglio di manutenzione<\/strong> per poter <strong>mantenere la tua pianta in buona salute<\/strong> durante tutto l\u2019anno!<\/p>\n\n\n\n<h2 class=\"wp-block-heading alignwide\" id=\"perche-le-punte-della-pianta-diventano-marroni\"><strong>Perch\u00e9 le punte della pianta diventano marroni?<\/strong><\/h2>\n\n\n\n<p>Pensi che la tua pianta stia morendo perch\u00e8 le <strong>punte diventano marroni<\/strong>? In effetti, questo pu\u00f2 essere un brutto segno. Non si tratta solo del lato estetico, se non te ne occupi, la <strong>pianta non cresce pi\u00fa e muore<\/strong>. Ma non vogliamo scoraggiarti perch\u00e8 in realt\u00e0 si tratta di un problema molto frequente e per il quale esiste un rimedio. Tra l\u2019altro, devi sapere che alcune piante sono pi\u00f9 soggette a questo problema, come le <strong>piante con le punte appuntite<\/strong> oppure le <strong>piante carnivore<\/strong>. A seconda della specie, le punte possono assumere diversi colori quando la pianta non sta bene, dal <strong>giallo al nero o al marrone<\/strong>. Una<strong> foglia nera <\/strong>o <strong>marrone<\/strong> purtroppo \u00e9 irrecuperabile e dovr\u00e0 essere tagliata. Tuttavia, se la pianta \u00e8 ancora viva, puo\u2019 essere curata. Inoltre, \u00e8 bene ricordare che a volte in autunno, la natura non \u00e8 la stessa che in estate. Ad esempio pu\u00f2 succedere che le <strong>foglie imbruniscano<\/strong> solo perch\u00e9 si tratta di una<strong> pianta caduca<\/strong>. La<strong> pianta diventa quindi marrone<\/strong>, rossa o gialla in autunno mentre in inverno perde il suo bel fogliame. In questi casi \u00e8 del tutto normale!<\/p>\n\n\n\n<p>Se si tratta di una pianta d\u2019appartamento sempreverde, ti proponiamo qui qualche consiglio di cura.<\/p>\n\n\n\n<p>Se le vostre <strong>piante diventano marroni<\/strong>, la prima cosa da verificare \u00e8 l&#8217;annaffiatura. Al contrario delle <a href=\"https:\/\/www.interflora.it\/c\/piante\/piante-da-esterno-e-da-giardino\">piante da giardino<\/a>, quelle d\u2019appartamento non beneficiano della pioggia. Ecco perch\u00e9 \u00e8 importante annaffiare la tua pianta con la giusta frequenza e sapere qual&#8217;\u00e8 la quantit\u00e0 necessaria di acqua per garantire una crescita perfetta. Ci sono vari modi per sapere se il terreno \u00e8 umido a sufficienza. Le biglie d\u2019argilla per esempio trattengono l\u2019acqua e permettono di mantenere il terreno umido pi\u00f9 a lungo. Le piante d\u2019appartamento le cui<strong> foglie diventano marroni<\/strong> sono perlopi\u00f9 piante che non sono state idratate a sufficienza. Una <strong>pianta verde diventa marrone <\/strong>quando la linfa non raggiunge pi\u00f9 le punte, se la linfa non viene drenata a sufficienza quindi bisogna rivedere l\u2019apporto idrico. Pensa ad idratare sempre correttamente la tua pianta ed eventualmente a cambiare la sua posizione. Infatti, l\u2019esposizione al sole puo\u2019 seccare la terra. Allo stesso tempo, vi sconsigliamo di mettere la pianta nella penombra perch\u00e9 la luminosit\u00e0, seppur filtrata, \u00e8 necessaria per la fotosintesi. Bisogna quindi trovare un posto dove la luminosit\u00e0 \u00e8 sufficiente ma senza lasciarla direttamente a contatto col sole.<\/p>\n\n\n\n<h2 class=\"wp-block-heading alignwide\" id=\"alcune-soluzioni-per-far-rinascere-una-pianta-marrone\"><strong>Alcune soluzioni per far rinascere una pianta marrone&nbsp;<\/strong><\/h2>\n\n\n\n<p>Se il problema non \u00e8 la mancanza di acqua, anche se puo\u2019 sembrare strano, potrebbe essere quello dell\u2019acqua in eccesso. Questo problema si nota soprattutto quando la<strong> foglia diventa molle<\/strong>. Ti stai chiedendo come salvare una <a href=\"https:\/\/www.interflora.it\/c\/piante\">pianta verde<\/a> con troppa umidit\u00e0 nel terreno? Prima di tutto, cambia la sua esposizione e mettila alla luce. La luce del sole aiuta a far evaporare l\u2019acqua in eccesso. Se \u00e8 inverno o autunno e il sole difficilmente scalda a sufficienza, aumenta la temperatura della stanza. Se anche questo accorgimento sembra non funzionare per seccare la terra, bisogner\u00e0 rinvasare le <a href=\"https:\/\/www.interflora.it\/c\/piante\/piante-da-interno-e-da-appartamento\">piante d&#8217;appartamento<\/a>. Cos\u00ec come le biglie di argilla possono mantenere il terreno umido, queste aiutano anche ad assorbire l\u2019acqua e quindi possono aiutarti a liberare la pianta dall\u2019acqua in eccesso.<\/p>\n\n\n\n<p>Le altre cause di ingiallimento o di <strong>imbrunimento di una pianta<\/strong> sono le malattie. La malattia pi\u00f9 comune \u00e8 la phytophthora. Si tratta di un fungo che si sviluppa soprattutto quando la pianta \u00e8 in giardino durante periodi di forte umidit\u00e0. In questo caso, noterai che anche le radici sono coperte di marciume. L\u2019aerazione del suolo \u00e8 la soluzione migliore per evitare che questo si riproduca. Tra le altre <strong>malattie che rendono le estremit\u00e0 marroni<\/strong>, ci sono l\u2019occhio di pavone, che \u00e8 caratterizzato da macchie rotonde. Per prevenire un\u2019infezione causata da questo fungo, puoi spruzzare preventivamente una miscela bordolese sugli steli e sui rami. L\u2019uso di un buon fertilizzante aiuta anche a rafforzare la pianta.<\/p>\n\n\n\n<p>Tra le altre cause frequenti di imbrunimento, rientrano anche l\u2019aria secca o la terra contaminata. L\u2019aria secca si pu\u00f2 notare soprattutto quando l\u2019interno delle case o degli appartamenti \u00e8 troppo riscaldato. La <strong>pianta si asciuga pi\u00f9 velocemente<\/strong> e bisogna annaffiarla pi\u00f9 spesso. Pochi lo sanno, ma un substrato troppo ricco o con troppo fertilizzante pu\u00f2 essere tossico per la pianta e pu\u00f2 impedire la sua fioritura o la crescita. Se i sali minerali hanno saturato il substrato della terra, bisogner\u00e0 rinvasare.<\/p>\n\n\n\n<p>Infine, devi sapere che nella maggior parte dei casi, purtroppo, le parti marroni sono irrecuperabili. Lo step successivo infatti \u00e8 <strong>l&#8217;imbrunimento degli steli <\/strong>e piano piano <strong>tutte le parti della pianta diventano brune<\/strong>. Per questo motivo, bisogna bloccare il contagio prima che tutta la pianta sia irrecuperabile. In che modo? Semplicemente tagliando come si deve le parti marroni, eviterai che il problema si diffonda ovunque. Nel peggiore dei casi, bisogner\u00e0 tagliare la pianta fino alle radici e aspettare che dia nuovi segni di vita. Una pianta non \u00e8 mai morta finch\u00e9 lo stelo \u00e8 verde, o anche finch\u00e9 le radici sono ancora verdi. Vale sempre la pena provare a salvarla!<\/p>\n\n\n\n<p>Non demordere, vedrai che la prossima primavera la sua fioritura riprender\u00e0.<\/p>\n","protected":false},"excerpt":{"rendered":"<p>Ti stai chiedendo come mai la tua pianta ha le punte delle foglie marroni o gialle? Interflora \u00e8 qui per [&hellip;]<\/p>\n","protected":false},"author":1,"featured_media":31490,"comment_status":"closed","ping_status":"closed","sticky":false,"template":"","format":"standard","meta":{"_uag_custom_page_level_css":"","site-sidebar-layout":"default","site-content-layout":"","ast-site-content-layout":"default","site-content-style":"default","site-sidebar-style":"default","ast-global-header-display":"","ast-banner-title-visibility":"","ast-main-header-display":"","ast-hfb-above-header-display":"","ast-hfb-below-header-display":"","ast-hfb-mobile-header-display":"","site-post-title":"","ast-breadcrumbs-content":"","ast-featured-img":"","footer-sml-layout":"","ast-disable-related-posts":"","theme-transparent-header-meta":"","adv-header-id-meta":"","stick-header-meta":"","header-above-stick-meta":"","header-main-stick-meta":"","header-below-stick-meta":"","astra-migrate-meta-layouts":"default","ast-page-background-enabled":"default","ast-page-background-meta":{"desktop":{"background-color":"var(--ast-global-color-5)","background-image":"","background-repeat":"repeat","background-position":"center center","background-size":"auto","background-attachment":"scroll","background-type":"","background-media":"","overlay-type":"","overlay-color":"","overlay-opacity":"","overlay-gradient":""},"tablet":{"background-color":"","background-image":"","background-repeat":"repeat","background-position":"center center","background-size":"auto","background-attachment":"scroll","background-type":"","background-media":"","overlay-type":"","overlay-color":"","overlay-opacity":"","overlay-gradient":""},"mobile":{"background-color":"","background-image":"","background-repeat":"repeat","background-position":"center center","background-size":"auto","background-attachment":"scroll","background-type":"","background-media":"","overlay-type":"","overlay-color":"","overlay-opacity":"","overlay-gradient":""}},"ast-content-background-meta":{"desktop":{"background-color":"var(--ast-global-color-4)","background-image":"","background-repeat":"repeat","background-position":"center center","background-size":"auto","background-attachment":"scroll","background-type":"","background-media":"","overlay-type":"","overlay-color":"","overlay-opacity":"","overlay-gradient":""},"tablet":{"background-color":"var(--ast-global-color-4)","background-image":"","background-repeat":"repeat","background-position":"center center","background-size":"auto","background-attachment":"scroll","background-type":"","background-media":"","overlay-type":"","overlay-color":"","overlay-opacity":"","overlay-gradient":""},"mobile":{"background-color":"var(--ast-global-color-4)","background-image":"","background-repeat":"repeat","background-position":"center center","background-size":"auto","background-attachment":"scroll","background-type":"","background-media":"","overlay-type":"","overlay-color":"","overlay-opacity":"","overlay-gradient":""}},"footnotes":""},"categories":[198,199],"tags":[200],"class_list":["post-1302","post","type-post","status-publish","format-standard","has-post-thumbnail","hentry","category-cura","category-piante","tag-piante-verdi"],"yoast_head":"<!-- This site is optimized with the Yoast SEO plugin v26.4 - https:\/\/yoast.com\/wordpress\/plugins\/seo\/ -->\n<title>Piante verdi con foglie marroni | Interflora<\/title>\n<meta name=\"robots\" content=\"index, follow, max-snippet:-1, max-image-preview:large, max-video-preview:-1\" \/>\n<link rel=\"canonical\" href=\"https:\/\/www.interflora.it\/blog\/piante-verdi-con-punte-marroni\/\" \/>\n<meta property=\"og:locale\" content=\"it_IT\" \/>\n<meta property=\"og:type\" content=\"article\" \/>\n<meta property=\"og:title\" content=\"Piante verdi con foglie marroni | Interflora\" \/>\n<meta property=\"og:description\" content=\"Ti stai chiedendo come mai la tua pianta ha le punte delle foglie marroni o gialle? Interflora \u00e8 qui per [&hellip;]\" \/>\n<meta property=\"og:url\" content=\"https:\/\/www.interflora.it\/blog\/piante-verdi-con-punte-marroni\/\" \/>\n<meta property=\"og:site_name\" content=\"Il blog di Interflora: consigli, idee e ispirazione per godersi fiori e piante\" \/>\n<meta property=\"article:published_time\" content=\"2022-05-08T16:00:11+00:00\" \/>\n<meta property=\"article:modified_time\" content=\"2025-08-11T14:02:28+00:00\" \/>\n<meta property=\"og:image\" content=\"https:\/\/www.interflora.it\/blog\/wp-content\/uploads\/2022\/03\/Progetto-senza-titolo-5.jpg\" \/>\n\t<meta property=\"og:image:width\" content=\"768\" \/>\n\t<meta property=\"og:image:height\" content=\"437\" \/>\n\t<meta property=\"og:image:type\" content=\"image\/jpeg\" \/>\n<meta name=\"author\" content=\"admin\" \/>\n<meta name=\"twitter:card\" content=\"summary_large_image\" \/>\n<script type=\"application\/ld+json\" class=\"yoast-schema-graph\">{\"@context\":\"https:\/\/schema.org\",\"@graph\":[{\"@type\":\"Article\",\"@id\":\"https:\/\/www.interflora.it\/blog\/piante-verdi-con-punte-marroni\/#article\",\"isPartOf\":{\"@id\":\"https:\/\/www.interflora.it\/blog\/piante-verdi-con-punte-marroni\/\"},\"author\":{\"name\":\"admin\",\"@id\":\"https:\/\/www.interflora.it\/blog\/#\/schema\/person\/dbbd1ad45e05409c356dc639597669f2\"},\"headline\":\"Piante verdi con foglie marroni\",\"datePublished\":\"2022-05-08T16:00:11+00:00\",\"dateModified\":\"2025-08-11T14:02:28+00:00\",\"mainEntityOfPage\":{\"@id\":\"https:\/\/www.interflora.it\/blog\/piante-verdi-con-punte-marroni\/\"},\"wordCount\":1033,\"publisher\":{\"@id\":\"https:\/\/www.interflora.it\/blog\/#organization\"},\"image\":{\"@id\":\"https:\/\/www.interflora.it\/blog\/piante-verdi-con-punte-marroni\/#primaryimage\"},\"thumbnailUrl\":\"https:\/\/prodblog.interflora.it\/blog\/wp-content\/uploads\/2022\/03\/Progetto-senza-titolo-5.jpg\",\"keywords\":[\"Piante verdi\"],\"articleSection\":[\"Cura\",\"Piante\"],\"inLanguage\":\"it-IT\"},{\"@type\":\"WebPage\",\"@id\":\"https:\/\/www.interflora.it\/blog\/piante-verdi-con-punte-marroni\/\",\"url\":\"https:\/\/www.interflora.it\/blog\/piante-verdi-con-punte-marroni\/\",\"name\":\"Piante verdi con foglie marroni | Interflora\",\"isPartOf\":{\"@id\":\"https:\/\/www.interflora.it\/blog\/#website\"},\"primaryImageOfPage\":{\"@id\":\"https:\/\/www.interflora.it\/blog\/piante-verdi-con-punte-marroni\/#primaryimage\"},\"image\":{\"@id\":\"https:\/\/www.interflora.it\/blog\/piante-verdi-con-punte-marroni\/#primaryimage\"},\"thumbnailUrl\":\"https:\/\/prodblog.interflora.it\/blog\/wp-content\/uploads\/2022\/03\/Progetto-senza-titolo-5.jpg\",\"datePublished\":\"2022-05-08T16:00:11+00:00\",\"dateModified\":\"2025-08-11T14:02:28+00:00\",\"breadcrumb\":{\"@id\":\"https:\/\/www.interflora.it\/blog\/piante-verdi-con-punte-marroni\/#breadcrumb\"},\"inLanguage\":\"it-IT\",\"potentialAction\":[{\"@type\":\"ReadAction\",\"target\":[\"https:\/\/www.interflora.it\/blog\/piante-verdi-con-punte-marroni\/\"]}]},{\"@type\":\"ImageObject\",\"inLanguage\":\"it-IT\",\"@id\":\"https:\/\/www.interflora.it\/blog\/piante-verdi-con-punte-marroni\/#primaryimage\",\"url\":\"https:\/\/prodblog.interflora.it\/blog\/wp-content\/uploads\/2022\/03\/Progetto-senza-titolo-5.jpg\",\"contentUrl\":\"https:\/\/prodblog.interflora.it\/blog\/wp-content\/uploads\/2022\/03\/Progetto-senza-titolo-5.jpg\",\"width\":768,\"height\":437},{\"@type\":\"BreadcrumbList\",\"@id\":\"https:\/\/www.interflora.it\/blog\/piante-verdi-con-punte-marroni\/#breadcrumb\",\"itemListElement\":[{\"@type\":\"ListItem\",\"position\":1,\"name\":\"Home\",\"item\":\"https:\/\/prodblog.interflora.it\/blog\/\"},{\"@type\":\"ListItem\",\"position\":2,\"name\":\"Piante verdi con foglie marroni\"}]},{\"@type\":\"WebSite\",\"@id\":\"https:\/\/www.interflora.it\/blog\/#website\",\"url\":\"https:\/\/www.interflora.it\/blog\/\",\"name\":\"Il blog di Interflora: consigli, idee e ispirazione per godersi fiori e piante\",\"description\":\"\",\"publisher\":{\"@id\":\"https:\/\/www.interflora.it\/blog\/#organization\"},\"potentialAction\":[{\"@type\":\"SearchAction\",\"target\":{\"@type\":\"EntryPoint\",\"urlTemplate\":\"https:\/\/www.interflora.it\/blog\/?s={search_term_string}\"},\"query-input\":{\"@type\":\"PropertyValueSpecification\",\"valueRequired\":true,\"valueName\":\"search_term_string\"}}],\"inLanguage\":\"it-IT\"},{\"@type\":\"Organization\",\"@id\":\"https:\/\/www.interflora.it\/blog\/#organization\",\"name\":\"Il blog di Interflora: consigli, idee e ispirazione per godersi fiori e piante\",\"url\":\"https:\/\/www.interflora.it\/blog\/\",\"logo\":{\"@type\":\"ImageObject\",\"inLanguage\":\"it-IT\",\"@id\":\"https:\/\/www.interflora.it\/blog\/#\/schema\/logo\/image\/\",\"url\":\"https:\/\/prodblog.interflora.it\/blog\/wp-content\/uploads\/2025\/04\/220221_INTERFLORA_Logo_rgb_Half_Circle-e1670413381661.png\",\"contentUrl\":\"https:\/\/prodblog.interflora.it\/blog\/wp-content\/uploads\/2025\/04\/220221_INTERFLORA_Logo_rgb_Half_Circle-e1670413381661.png\",\"width\":1351,\"height\":656,\"caption\":\"Il blog di Interflora: consigli, idee e ispirazione per godersi fiori e piante\"},\"image\":{\"@id\":\"https:\/\/www.interflora.it\/blog\/#\/schema\/logo\/image\/\"}},{\"@type\":\"Person\",\"@id\":\"https:\/\/www.interflora.it\/blog\/#\/schema\/person\/dbbd1ad45e05409c356dc639597669f2\",\"name\":\"admin\",\"image\":{\"@type\":\"ImageObject\",\"inLanguage\":\"it-IT\",\"@id\":\"https:\/\/www.interflora.it\/blog\/#\/schema\/person\/image\/\",\"url\":\"https:\/\/secure.gravatar.com\/avatar\/42ef4147e700c5be2e3fd1dfd99731af107e05f321b9a482783ec3515451fc63?s=96&d=mm&r=g\",\"contentUrl\":\"https:\/\/secure.gravatar.com\/avatar\/42ef4147e700c5be2e3fd1dfd99731af107e05f321b9a482783ec3515451fc63?s=96&d=mm&r=g\",\"caption\":\"admin\"},\"sameAs\":[\"http:\/\/prewww.interflora.se\/blog\"]}]}<\/script>\n<!-- \/ Yoast SEO plugin. -->","yoast_head_json":{"title":"Piante verdi con foglie marroni | Interflora","robots":{"index":"index","follow":"follow","max-snippet":"max-snippet:-1","max-image-preview":"max-image-preview:large","max-video-preview":"max-video-preview:-1"},"canonical":"https:\/\/www.interflora.it\/blog\/piante-verdi-con-punte-marroni\/","og_locale":"it_IT","og_type":"article","og_title":"Piante verdi con foglie marroni | Interflora","og_description":"Ti stai chiedendo come mai la tua pianta ha le punte delle foglie marroni o gialle? Interflora \u00e8 qui per [&hellip;]","og_url":"https:\/\/www.interflora.it\/blog\/piante-verdi-con-punte-marroni\/","og_site_name":"Il blog di Interflora: consigli, idee e ispirazione per godersi fiori e piante","article_published_time":"2022-05-08T16:00:11+00:00","article_modified_time":"2025-08-11T14:02:28+00:00","og_image":[{"width":768,"height":437,"url":"https:\/\/www.interflora.it\/blog\/wp-content\/uploads\/2022\/03\/Progetto-senza-titolo-5.jpg","type":"image\/jpeg"}],"author":"admin","twitter_card":"summary_large_image","schema":{"@context":"https:\/\/schema.org","@graph":[{"@type":"Article","@id":"https:\/\/www.interflora.it\/blog\/piante-verdi-con-punte-marroni\/#article","isPartOf":{"@id":"https:\/\/www.interflora.it\/blog\/piante-verdi-con-punte-marroni\/"},"author":{"name":"admin","@id":"https:\/\/www.interflora.it\/blog\/#\/schema\/person\/dbbd1ad45e05409c356dc639597669f2"},"headline":"Piante verdi con foglie marroni","datePublished":"2022-05-08T16:00:11+00:00","dateModified":"2025-08-11T14:02:28+00:00","mainEntityOfPage":{"@id":"https:\/\/www.interflora.it\/blog\/piante-verdi-con-punte-marroni\/"},"wordCount":1033,"publisher":{"@id":"https:\/\/www.interflora.it\/blog\/#organization"},"image":{"@id":"https:\/\/www.interflora.it\/blog\/piante-verdi-con-punte-marroni\/#primaryimage"},"thumbnailUrl":"https:\/\/prodblog.interflora.it\/blog\/wp-content\/uploads\/2022\/03\/Progetto-senza-titolo-5.jpg","keywords":["Piante verdi"],"articleSection":["Cura","Piante"],"inLanguage":"it-IT"},{"@type":"WebPage","@id":"https:\/\/www.interflora.it\/blog\/piante-verdi-con-punte-marroni\/","url":"https:\/\/www.interflora.it\/blog\/piante-verdi-con-punte-marroni\/","name":"Piante verdi con foglie marroni | Interflora","isPartOf":{"@id":"https:\/\/www.interflora.it\/blog\/#website"},"primaryImageOfPage":{"@id":"https:\/\/www.interflora.it\/blog\/piante-verdi-con-punte-marroni\/#primaryimage"},"image":{"@id":"https:\/\/www.interflora.it\/blog\/piante-verdi-con-punte-marroni\/#primaryimage"},"thumbnailUrl":"https:\/\/prodblog.interflora.it\/blog\/wp-content\/uploads\/2022\/03\/Progetto-senza-titolo-5.jpg","datePublished":"2022-05-08T16:00:11+00:00","dateModified":"2025-08-11T14:02:28+00:00","breadcrumb":{"@id":"https:\/\/www.interflora.it\/blog\/piante-verdi-con-punte-marroni\/#breadcrumb"},"inLanguage":"it-IT","potentialAction":[{"@type":"ReadAction","target":["https:\/\/www.interflora.it\/blog\/piante-verdi-con-punte-marroni\/"]}]},{"@type":"ImageObject","inLanguage":"it-IT","@id":"https:\/\/www.interflora.it\/blog\/piante-verdi-con-punte-marroni\/#primaryimage","url":"https:\/\/prodblog.interflora.it\/blog\/wp-content\/uploads\/2022\/03\/Progetto-senza-titolo-5.jpg","contentUrl":"https:\/\/prodblog.interflora.it\/blog\/wp-content\/uploads\/2022\/03\/Progetto-senza-titolo-5.jpg","width":768,"height":437},{"@type":"BreadcrumbList","@id":"https:\/\/www.interflora.it\/blog\/piante-verdi-con-punte-marroni\/#breadcrumb","itemListElement":[{"@type":"ListItem","position":1,"name":"Home","item":"https:\/\/prodblog.interflora.it\/blog\/"},{"@type":"ListItem","position":2,"name":"Piante verdi con foglie marroni"}]},{"@type":"WebSite","@id":"https:\/\/www.interflora.it\/blog\/#website","url":"https:\/\/www.interflora.it\/blog\/","name":"Il blog di Interflora: consigli, idee e ispirazione per godersi fiori e piante","description":"","publisher":{"@id":"https:\/\/www.interflora.it\/blog\/#organization"},"potentialAction":[{"@type":"SearchAction","target":{"@type":"EntryPoint","urlTemplate":"https:\/\/www.interflora.it\/blog\/?s={search_term_string}"},"query-input":{"@type":"PropertyValueSpecification","valueRequired":true,"valueName":"search_term_string"}}],"inLanguage":"it-IT"},{"@type":"Organization","@id":"https:\/\/www.interflora.it\/blog\/#organization","name":"Il blog di Interflora: consigli, idee e ispirazione per godersi fiori e piante","url":"https:\/\/www.interflora.it\/blog\/","logo":{"@type":"ImageObject","inLanguage":"it-IT","@id":"https:\/\/www.interflora.it\/blog\/#\/schema\/logo\/image\/","url":"https:\/\/prodblog.interflora.it\/blog\/wp-content\/uploads\/2025\/04\/220221_INTERFLORA_Logo_rgb_Half_Circle-e1670413381661.png","contentUrl":"https:\/\/prodblog.interflora.it\/blog\/wp-content\/uploads\/2025\/04\/220221_INTERFLORA_Logo_rgb_Half_Circle-e1670413381661.png","width":1351,"height":656,"caption":"Il blog di Interflora: consigli, idee e ispirazione per godersi fiori e piante"},"image":{"@id":"https:\/\/www.interflora.it\/blog\/#\/schema\/logo\/image\/"}},{"@type":"Person","@id":"https:\/\/www.interflora.it\/blog\/#\/schema\/person\/dbbd1ad45e05409c356dc639597669f2","name":"admin","image":{"@type":"ImageObject","inLanguage":"it-IT","@id":"https:\/\/www.interflora.it\/blog\/#\/schema\/person\/image\/","url":"https:\/\/secure.gravatar.com\/avatar\/42ef4147e700c5be2e3fd1dfd99731af107e05f321b9a482783ec3515451fc63?s=96&d=mm&r=g","contentUrl":"https:\/\/secure.gravatar.com\/avatar\/42ef4147e700c5be2e3fd1dfd99731af107e05f321b9a482783ec3515451fc63?s=96&d=mm&r=g","caption":"admin"},"sameAs":["http:\/\/prewww.interflora.se\/blog"]}]}},"uagb_featured_image_src":{"full":["https:\/\/prodblog.interflora.it\/blog\/wp-content\/uploads\/2022\/03\/Progetto-senza-titolo-5.jpg",768,437,false],"thumbnail":["https:\/\/prodblog.interflora.it\/blog\/wp-content\/uploads\/2022\/03\/Progetto-senza-titolo-5-150x150.jpg",150,150,true],"medium":["https:\/\/prodblog.interflora.it\/blog\/wp-content\/uploads\/2022\/03\/Progetto-senza-titolo-5-300x171.jpg",300,171,true],"medium_large":["https:\/\/prodblog.interflora.it\/blog\/wp-content\/uploads\/2022\/03\/Progetto-senza-titolo-5.jpg",768,437,false],"large":["https:\/\/prodblog.interflora.it\/blog\/wp-content\/uploads\/2022\/03\/Progetto-senza-titolo-5.jpg",768,437,false],"1536x1536":["https:\/\/prodblog.interflora.it\/blog\/wp-content\/uploads\/2022\/03\/Progetto-senza-titolo-5.jpg",768,437,false],"2048x2048":["https:\/\/prodblog.interflora.it\/blog\/wp-content\/uploads\/2022\/03\/Progetto-senza-titolo-5.jpg",768,437,false]},"uagb_author_info":{"display_name":"admin","author_link":"https:\/\/prodblog.interflora.it\/blog\/author\/admin\/"},"uagb_comment_info":0,"uagb_excerpt":"Ti stai chiedendo come mai la tua pianta ha le punte delle foglie marroni o gialle? Interflora \u00e8 qui per [&hellip;]","_links":{"self":[{"href":"https:\/\/prodblog.interflora.it\/blog\/wp-json\/wp\/v2\/posts\/1302","targetHints":{"allow":["GET"]}}],"collection":[{"href":"https:\/\/prodblog.interflora.it\/blog\/wp-json\/wp\/v2\/posts"}],"about":[{"href":"https:\/\/prodblog.interflora.it\/blog\/wp-json\/wp\/v2\/types\/post"}],"author":[{"embeddable":true,"href":"https:\/\/prodblog.interflora.it\/blog\/wp-json\/wp\/v2\/users\/1"}],"replies":[{"embeddable":true,"href":"https:\/\/prodblog.interflora.it\/blog\/wp-json\/wp\/v2\/comments?post=1302"}],"version-history":[{"count":0,"href":"https:\/\/prodblog.interflora.it\/blog\/wp-json\/wp\/v2\/posts\/1302\/revisions"}],"wp:featuredmedia":[{"embeddable":true,"href":"https:\/\/prodblog.interflora.it\/blog\/wp-json\/wp\/v2\/media\/31490"}],"wp:attachment":[{"href":"https:\/\/prodblog.interflora.it\/blog\/wp-json\/wp\/v2\/media?parent=1302"}],"wp:term":[{"taxonomy":"category","embeddable":true,"href":"https:\/\/prodblog.interflora.it\/blog\/wp-json\/wp\/v2\/categories?post=1302"},{"taxonomy":"post_tag","embeddable":true,"href":"https:\/\/prodblog.interflora.it\/blog\/wp-json\/wp\/v2\/tags?post=1302"}],"curies":[{"name":"wp","href":"https:\/\/api.w.org\/{rel}","templated":true}]}}