{"id":1339,"date":"2026-04-17T16:18:50","date_gmt":"2026-04-17T14:18:50","guid":{"rendered":"https:\/\/blog.interflora.it\/?p=1339"},"modified":"2026-04-20T10:11:23","modified_gmt":"2026-04-20T08:11:23","slug":"qual-e-il-fiore-simbolo-della-mamma","status":"publish","type":"post","link":"https:\/\/prodblog.interflora.it\/blog\/qual-e-il-fiore-simbolo-della-mamma\/","title":{"rendered":"Qual \u00e8 il Fiore simbolo della Mamma?"},"content":{"rendered":"\n<p>La mamma \u00e8 la donna pi\u00f9 importante della nostra vita: quella che c&#8217;\u00e8 sempre stata e sempre ci sar\u00e0. Che ci ha dato amore fin dal primo giorno, quella che ci trasmette speranza e ci sosterr\u00e0 sempre durante tutta la vita. Per la prossima Festa della Mamma, <strong>domenica 10 maggio 2026<\/strong>, scegli il regalo migliore da fare alla tua cara mamma. Non solo fiori! Sono tanti i simboli con un significato particolare per la mamma, scopri con noi quali!<\/p>\n\n\n<div class=\"lp-produits-grid\"><div class=\"lp-produit\"><div class=\"lp-thumbnail-wrapper\"><img loading=\"lazy\" decoding=\"async\" width=\"300\" height=\"300\" src=\"https:\/\/prodblog.interflora.it\/blog\/wp-content\/uploads\/2026\/03\/1773652650-ff038-s-legame-fiorito-zoom_v3-300x300.jpg\" class=\"attachment-medium size-medium wp-post-image\" alt=\"\" srcset=\"https:\/\/prodblog.interflora.it\/blog\/wp-content\/uploads\/2026\/03\/1773652650-ff038-s-legame-fiorito-zoom_v3-300x300.jpg 300w, https:\/\/prodblog.interflora.it\/blog\/wp-content\/uploads\/2026\/03\/1773652650-ff038-s-legame-fiorito-zoom_v3-1024x1024.jpg 1024w, https:\/\/prodblog.interflora.it\/blog\/wp-content\/uploads\/2026\/03\/1773652650-ff038-s-legame-fiorito-zoom_v3-150x150.jpg 150w, https:\/\/prodblog.interflora.it\/blog\/wp-content\/uploads\/2026\/03\/1773652650-ff038-s-legame-fiorito-zoom_v3-768x768.jpg 768w, https:\/\/prodblog.interflora.it\/blog\/wp-content\/uploads\/2026\/03\/1773652650-ff038-s-legame-fiorito-zoom_v3-1536x1536.jpg 1536w, https:\/\/prodblog.interflora.it\/blog\/wp-content\/uploads\/2026\/03\/1773652650-ff038-s-legame-fiorito-zoom_v3.jpg 2000w\" sizes=\"auto, (max-width: 300px) 100vw, 300px\" \/><img decoding=\"async\" class=\"lp-badge\" src=\"https:\/\/www.interflora.it\/blog\/wp-content\/uploads\/cropped-cropped-220221_INTERFLORA_Logo_rgb_Social_Media.png\" alt=\"Consegna in giornata\"><\/div><span>Legame fiorito<\/span><p>49.99 \u20ac<\/p><span class=\"obf-link lp-cta\" role=\"link\" tabindex=\"0\" data-b64=\"aHR0cHM6Ly93d3cuaW50ZXJmbG9yYS5pdC9wL2xlZ2FtZS1maW9yaXRvLzE\/dXRtX21lZGl1bT1vcmdhbmljJnV0bV9zb3VyY2U9YmxvZ19wcm9kdWN0cyZ1dG1fY2FtcGFpZ249RkYwMzg=\" data-target=\"_blank\"><svg xmlns=\"http:\/\/www.w3.org\/2000\/svg\" width=\"16\" height=\"16\" fill=\"currentColor\" class=\"bi bi-bag\" viewBox=\"0 0 16 16\"><path d=\"M8 1a2 2 0 0 1 2 2v1h2.5A1.5 1.5 0 0 1 14 5.5v8A1.5 1.5 0 0 1 12.5 15h-9A1.5 1.5 0 0 1 2 13.5v-8A1.5 1.5 0 0 1 3.5 3H6V2a2 2 0 0 1 2-1zm1 3V3a1 1 0 0 0-2 0v1h2z\"\/><\/svg>Scopri di pi\u00f9<\/span><p class=\"rapido\">Consegna rapida<\/p><\/div><div class=\"lp-produit\"><div class=\"lp-thumbnail-wrapper\"><img loading=\"lazy\" decoding=\"async\" width=\"300\" height=\"300\" src=\"https:\/\/prodblog.interflora.it\/blog\/wp-content\/uploads\/2026\/03\/1773757970-ff037-s-melodia-bouquet-300x300.jpg\" class=\"attachment-medium size-medium wp-post-image\" alt=\"\" srcset=\"https:\/\/prodblog.interflora.it\/blog\/wp-content\/uploads\/2026\/03\/1773757970-ff037-s-melodia-bouquet-300x300.jpg 300w, https:\/\/prodblog.interflora.it\/blog\/wp-content\/uploads\/2026\/03\/1773757970-ff037-s-melodia-bouquet-1024x1024.jpg 1024w, https:\/\/prodblog.interflora.it\/blog\/wp-content\/uploads\/2026\/03\/1773757970-ff037-s-melodia-bouquet-150x150.jpg 150w, https:\/\/prodblog.interflora.it\/blog\/wp-content\/uploads\/2026\/03\/1773757970-ff037-s-melodia-bouquet-768x768.jpg 768w, https:\/\/prodblog.interflora.it\/blog\/wp-content\/uploads\/2026\/03\/1773757970-ff037-s-melodia-bouquet-1536x1536.jpg 1536w, https:\/\/prodblog.interflora.it\/blog\/wp-content\/uploads\/2026\/03\/1773757970-ff037-s-melodia-bouquet-2048x2048.jpg 2048w\" sizes=\"auto, (max-width: 300px) 100vw, 300px\" \/><img decoding=\"async\" class=\"lp-badge\" src=\"https:\/\/www.interflora.it\/blog\/wp-content\/uploads\/cropped-cropped-220221_INTERFLORA_Logo_rgb_Social_Media.png\" alt=\"Consegna in giornata\"><\/div><span>Melodia<\/span><p>47.99 \u20ac<\/p><span class=\"obf-link lp-cta\" role=\"link\" tabindex=\"0\" data-b64=\"aHR0cHM6Ly93d3cuaW50ZXJmbG9yYS5pdC9wL21lbG9kaWEvMT91dG1fbWVkaXVtPW9yZ2FuaWMmdXRtX3NvdXJjZT1ibG9nX3Byb2R1Y3RzJnV0bV9jYW1wYWlnbj1GRjAzNw==\" data-target=\"_blank\"><svg xmlns=\"http:\/\/www.w3.org\/2000\/svg\" width=\"16\" height=\"16\" fill=\"currentColor\" class=\"bi bi-bag\" viewBox=\"0 0 16 16\"><path d=\"M8 1a2 2 0 0 1 2 2v1h2.5A1.5 1.5 0 0 1 14 5.5v8A1.5 1.5 0 0 1 12.5 15h-9A1.5 1.5 0 0 1 2 13.5v-8A1.5 1.5 0 0 1 3.5 3H6V2a2 2 0 0 1 2-1zm1 3V3a1 1 0 0 0-2 0v1h2z\"\/><\/svg>Scopri di pi\u00f9<\/span><p class=\"rapido\">Best seller<\/p><\/div><div class=\"lp-produit\"><div class=\"lp-thumbnail-wrapper\"><img loading=\"lazy\" decoding=\"async\" width=\"300\" height=\"300\" src=\"https:\/\/prodblog.interflora.it\/blog\/wp-content\/uploads\/2025\/04\/1740654994-ff142-mamma-mia-key-300x300.jpg\" class=\"attachment-medium size-medium wp-post-image\" alt=\"\" srcset=\"https:\/\/prodblog.interflora.it\/blog\/wp-content\/uploads\/2025\/04\/1740654994-ff142-mamma-mia-key-300x300.jpg 300w, https:\/\/prodblog.interflora.it\/blog\/wp-content\/uploads\/2025\/04\/1740654994-ff142-mamma-mia-key-1024x1024.jpg 1024w, https:\/\/prodblog.interflora.it\/blog\/wp-content\/uploads\/2025\/04\/1740654994-ff142-mamma-mia-key-150x150.jpg 150w, https:\/\/prodblog.interflora.it\/blog\/wp-content\/uploads\/2025\/04\/1740654994-ff142-mamma-mia-key-768x768.jpg 768w, https:\/\/prodblog.interflora.it\/blog\/wp-content\/uploads\/2025\/04\/1740654994-ff142-mamma-mia-key-1536x1536.jpg 1536w, https:\/\/prodblog.interflora.it\/blog\/wp-content\/uploads\/2025\/04\/1740654994-ff142-mamma-mia-key.jpg 2048w\" sizes=\"auto, (max-width: 300px) 100vw, 300px\" \/><img decoding=\"async\" class=\"lp-badge\" src=\"https:\/\/www.interflora.it\/blog\/wp-content\/uploads\/cropped-cropped-220221_INTERFLORA_Logo_rgb_Social_Media.png\" alt=\"Consegna in giornata\"><\/div><span>Mamma Mia!<\/span><p>69.99 \u20ac<\/p><span class=\"obf-link lp-cta\" role=\"link\" tabindex=\"0\" data-b64=\"aHR0cHM6Ly93d3cuaW50ZXJmbG9yYS5pdC9wL21hbW1hLW1pYS8xP3V0bV9tZWRpdW09b3JnYW5pYyZ1dG1fc291cmNlPWJsb2dfcHJvZHVjdHMmdXRtX2NhbXBhaWduPUZGMTQy\" data-target=\"_blank\"><svg xmlns=\"http:\/\/www.w3.org\/2000\/svg\" width=\"16\" height=\"16\" fill=\"currentColor\" class=\"bi bi-bag\" viewBox=\"0 0 16 16\"><path d=\"M8 1a2 2 0 0 1 2 2v1h2.5A1.5 1.5 0 0 1 14 5.5v8A1.5 1.5 0 0 1 12.5 15h-9A1.5 1.5 0 0 1 2 13.5v-8A1.5 1.5 0 0 1 3.5 3H6V2a2 2 0 0 1 2-1zm1 3V3a1 1 0 0 0-2 0v1h2z\"\/><\/svg>Scopri di pi\u00f9<\/span><p class=\"rapido\">Servizio clienti sempre disponibile<\/p><\/div><div class=\"lp-produit\"><div class=\"lp-thumbnail-wrapper\"><img loading=\"lazy\" decoding=\"async\" width=\"300\" height=\"300\" src=\"https:\/\/prodblog.interflora.it\/blog\/wp-content\/uploads\/2026\/03\/1764243761-ff021-s-musa-300x300.jpg\" class=\"attachment-medium size-medium wp-post-image\" alt=\"\" srcset=\"https:\/\/prodblog.interflora.it\/blog\/wp-content\/uploads\/2026\/03\/1764243761-ff021-s-musa-300x300.jpg 300w, https:\/\/prodblog.interflora.it\/blog\/wp-content\/uploads\/2026\/03\/1764243761-ff021-s-musa-150x150.jpg 150w, https:\/\/prodblog.interflora.it\/blog\/wp-content\/uploads\/2026\/03\/1764243761-ff021-s-musa-768x768.jpg 768w, https:\/\/prodblog.interflora.it\/blog\/wp-content\/uploads\/2026\/03\/1764243761-ff021-s-musa.jpg 1000w\" sizes=\"auto, (max-width: 300px) 100vw, 300px\" \/><img decoding=\"async\" class=\"lp-badge\" src=\"https:\/\/www.interflora.it\/blog\/wp-content\/uploads\/cropped-cropped-220221_INTERFLORA_Logo_rgb_Social_Media.png\" alt=\"Consegna in giornata\"><\/div><span>Musa<\/span><p>39.99 \u20ac<\/p><span class=\"obf-link lp-cta\" role=\"link\" tabindex=\"0\" data-b64=\"aHR0cHM6Ly93d3cuaW50ZXJmbG9yYS5pdC9wL2VyYS8xP3V0bV9tZWRpdW09b3JnYW5pYyZ1dG1fc291cmNlPWJsb2dfcHJvZHVjdHMmdXRtX2NhbXBhaWduPUZGMDIx\" data-target=\"_blank\"><svg xmlns=\"http:\/\/www.w3.org\/2000\/svg\" width=\"16\" height=\"16\" fill=\"currentColor\" class=\"bi bi-bag\" viewBox=\"0 0 16 16\"><path d=\"M8 1a2 2 0 0 1 2 2v1h2.5A1.5 1.5 0 0 1 14 5.5v8A1.5 1.5 0 0 1 12.5 15h-9A1.5 1.5 0 0 1 2 13.5v-8A1.5 1.5 0 0 1 3.5 3H6V2a2 2 0 0 1 2-1zm1 3V3a1 1 0 0 0-2 0v1h2z\"\/><\/svg>Scopri di pi\u00f9<\/span><p class=\"rapido\">Servizio clienti sempre disponibile<\/p><\/div><\/div>\n\n\n\n<div style=\"height:10px\" aria-hidden=\"true\" class=\"wp-block-spacer\"><\/div>\n\n\n\n<h2 class=\"wp-block-heading alignwide\"><strong>La ricorrenza: il giorno simbolo della Festa della Mamma&nbsp;<\/strong><\/h2>\n\n\n\n<p>Questo giorno \u00e8 uno dei pi\u00f9 importanti dell\u2019anno perch\u00e9 \u00e8 quello in cui puoi esprimere tutto il tuo amore per una persona davvero speciale: <strong>la mamma<\/strong>!&nbsp;In effetti, questa festa \u00e8 una tradizione consolidata in quasi tutti i paesi del mondo ma non sempre il giorno in cui si festeggia \u00e8 lo stesso.<\/p>\n\n\n\n<p>In Italia, la <a href=\"https:\/\/www.interflora.it\/blog\/tutto-quello-che-ce-da-sapere-sulla-festa-della-mamma\/?utm_source=blog&amp;utm_medium=organic&amp;utm_campaign=post-cta\">Festa della Mamma<\/a> si festeggia la seconda domenica di Maggio ed \u00e8 la ricorrenza ideale per ringraziare tua madre per tutto quello che ha fatto e fa per te ogni giorno della tua vita. \u00c8 anche l\u2019occasione perfetta per ricordare a tua mamma quanto le vuoi bene, che sia con un bouquet di fiori o con un altro regalo che la rappresenta.<\/p>\n\n\n\n<figure class=\"wp-block-image aligncenter size-full is-resized\"><img loading=\"lazy\" decoding=\"async\" width=\"1000\" height=\"667\" src=\"https:\/\/prodblog.interflora.it\/blog\/wp-content\/uploads\/2026\/04\/festa-della-mamma-29.jpg\" alt=\"\" class=\"wp-image-35308\" style=\"width:600px\" srcset=\"https:\/\/prodblog.interflora.it\/blog\/wp-content\/uploads\/2026\/04\/festa-della-mamma-29.jpg 1000w, https:\/\/prodblog.interflora.it\/blog\/wp-content\/uploads\/2026\/04\/festa-della-mamma-29-300x200.jpg 300w, https:\/\/prodblog.interflora.it\/blog\/wp-content\/uploads\/2026\/04\/festa-della-mamma-29-768x512.jpg 768w\" sizes=\"auto, (max-width: 1000px) 100vw, 1000px\" \/><\/figure>\n\n\n\n<h3 class=\"wp-block-heading alignwide\"><strong>Tutti i fiori simbolo della mamma<\/strong><\/h3>\n\n\n\n<p>Regalare dei fiori per la <a href=\"https:\/\/www.interflora.it\/c\/festivita\/festa-della-mamma?utm_source=blog&amp;utm_medium=organic&amp;utm_campaign=post-cta\">festa della mamma<\/a> pu\u00f2 essere il regalo ideale ma ricorda che oltre a questa ricorrenza che si celebra a maggio, tutti i giorni dell\u2019anno possono essere adatti per celebrare la donna pi\u00f9 importante della nostra vita. Ma quali sono i <strong>simboli floreali<\/strong> <strong>per la mamma<\/strong>?<\/p>\n\n\n\n<h4 class=\"wp-block-heading alignwide\"><strong>Fiore che rappresenta la mamma&nbsp;<\/strong><\/h4>\n\n\n\n<p><em>Quale fiore rappresenta l&#8217;amore materno? <\/em>Il fiore che rappresenta e celebra la <strong>figura della mamma \u00e8 la potentilla<\/strong>.&nbsp;Questo fiore va bene da regalare per la Festa della Mamma o in qualsiasi tipo di occasione in cui si vuole esprimere alla propria madre un sentimento di amore eterno e di forza.<\/p>\n\n\n\n<p>Si tratta di un fiore che si fa notare per la sua <strong>bellezza<\/strong> e i suoi fiori dai colori accesi e ricorda la mamma perch\u00e9, a Maggio, poco prima della fioritura, protegge i fiorellini con le sue foglie. Per questo, \u00e8 diventato uno dei <strong>simboli della mamma<\/strong>. Come nostra madre, fin dall\u2019inizio, ci ha protetto e accudito e lo far\u00e0 per il resto della vita.<\/p>\n\n\n<div class=\"lp-produits-grid\"><div class=\"lp-produit\"><div class=\"lp-thumbnail-wrapper\"><img loading=\"lazy\" decoding=\"async\" width=\"300\" height=\"300\" src=\"https:\/\/prodblog.interflora.it\/blog\/wp-content\/uploads\/2026\/03\/1764243761-ff021-s-musa-300x300.jpg\" class=\"attachment-medium size-medium wp-post-image\" alt=\"\" srcset=\"https:\/\/prodblog.interflora.it\/blog\/wp-content\/uploads\/2026\/03\/1764243761-ff021-s-musa-300x300.jpg 300w, https:\/\/prodblog.interflora.it\/blog\/wp-content\/uploads\/2026\/03\/1764243761-ff021-s-musa-150x150.jpg 150w, https:\/\/prodblog.interflora.it\/blog\/wp-content\/uploads\/2026\/03\/1764243761-ff021-s-musa-768x768.jpg 768w, https:\/\/prodblog.interflora.it\/blog\/wp-content\/uploads\/2026\/03\/1764243761-ff021-s-musa.jpg 1000w\" sizes=\"auto, (max-width: 300px) 100vw, 300px\" \/><img decoding=\"async\" class=\"lp-badge\" src=\"https:\/\/www.interflora.it\/blog\/wp-content\/uploads\/cropped-cropped-220221_INTERFLORA_Logo_rgb_Social_Media.png\" alt=\"Consegna in giornata\"><\/div><span>Musa<\/span><p>39.99 \u20ac<\/p><span class=\"obf-link lp-cta\" role=\"link\" tabindex=\"0\" data-b64=\"aHR0cHM6Ly93d3cuaW50ZXJmbG9yYS5pdC9wL2VyYS8xP3V0bV9tZWRpdW09b3JnYW5pYyZ1dG1fc291cmNlPWJsb2dfcHJvZHVjdHMmdXRtX2NhbXBhaWduPUZGMDIx\" data-target=\"_blank\"><svg xmlns=\"http:\/\/www.w3.org\/2000\/svg\" width=\"16\" height=\"16\" fill=\"currentColor\" class=\"bi bi-bag\" viewBox=\"0 0 16 16\"><path d=\"M8 1a2 2 0 0 1 2 2v1h2.5A1.5 1.5 0 0 1 14 5.5v8A1.5 1.5 0 0 1 12.5 15h-9A1.5 1.5 0 0 1 2 13.5v-8A1.5 1.5 0 0 1 3.5 3H6V2a2 2 0 0 1 2-1zm1 3V3a1 1 0 0 0-2 0v1h2z\"\/><\/svg>Scopri di pi\u00f9<\/span><p class=\"rapido\">Best seller<\/p><\/div><div class=\"lp-produit\"><div class=\"lp-thumbnail-wrapper\"><img loading=\"lazy\" decoding=\"async\" width=\"300\" height=\"300\" src=\"https:\/\/prodblog.interflora.it\/blog\/wp-content\/uploads\/2025\/04\/1740654994-ff142-mamma-mia-key-300x300.jpg\" class=\"attachment-medium size-medium wp-post-image\" alt=\"\" srcset=\"https:\/\/prodblog.interflora.it\/blog\/wp-content\/uploads\/2025\/04\/1740654994-ff142-mamma-mia-key-300x300.jpg 300w, https:\/\/prodblog.interflora.it\/blog\/wp-content\/uploads\/2025\/04\/1740654994-ff142-mamma-mia-key-1024x1024.jpg 1024w, https:\/\/prodblog.interflora.it\/blog\/wp-content\/uploads\/2025\/04\/1740654994-ff142-mamma-mia-key-150x150.jpg 150w, https:\/\/prodblog.interflora.it\/blog\/wp-content\/uploads\/2025\/04\/1740654994-ff142-mamma-mia-key-768x768.jpg 768w, https:\/\/prodblog.interflora.it\/blog\/wp-content\/uploads\/2025\/04\/1740654994-ff142-mamma-mia-key-1536x1536.jpg 1536w, https:\/\/prodblog.interflora.it\/blog\/wp-content\/uploads\/2025\/04\/1740654994-ff142-mamma-mia-key.jpg 2048w\" sizes=\"auto, (max-width: 300px) 100vw, 300px\" \/><img decoding=\"async\" class=\"lp-badge\" src=\"https:\/\/www.interflora.it\/blog\/wp-content\/uploads\/cropped-cropped-220221_INTERFLORA_Logo_rgb_Social_Media.png\" alt=\"Consegna in giornata\"><\/div><span>Mamma Mia!<\/span><p>69.99 \u20ac<\/p><span class=\"obf-link lp-cta\" role=\"link\" tabindex=\"0\" data-b64=\"aHR0cHM6Ly93d3cuaW50ZXJmbG9yYS5pdC9wL21hbW1hLW1pYS8xP3V0bV9tZWRpdW09b3JnYW5pYyZ1dG1fc291cmNlPWJsb2dfcHJvZHVjdHMmdXRtX2NhbXBhaWduPUZGMTQy\" data-target=\"_blank\"><svg xmlns=\"http:\/\/www.w3.org\/2000\/svg\" width=\"16\" height=\"16\" fill=\"currentColor\" class=\"bi bi-bag\" viewBox=\"0 0 16 16\"><path d=\"M8 1a2 2 0 0 1 2 2v1h2.5A1.5 1.5 0 0 1 14 5.5v8A1.5 1.5 0 0 1 12.5 15h-9A1.5 1.5 0 0 1 2 13.5v-8A1.5 1.5 0 0 1 3.5 3H6V2a2 2 0 0 1 2-1zm1 3V3a1 1 0 0 0-2 0v1h2z\"\/><\/svg>Scopri di pi\u00f9<\/span><p class=\"rapido\">Servizio clienti sempre disponibile<\/p><\/div><div class=\"lp-produit\"><div class=\"lp-thumbnail-wrapper\"><img loading=\"lazy\" decoding=\"async\" width=\"300\" height=\"300\" src=\"https:\/\/prodblog.interflora.it\/blog\/wp-content\/uploads\/2026\/03\/1773652650-ff038-s-legame-fiorito-zoom_v3-300x300.jpg\" class=\"attachment-medium size-medium wp-post-image\" alt=\"\" srcset=\"https:\/\/prodblog.interflora.it\/blog\/wp-content\/uploads\/2026\/03\/1773652650-ff038-s-legame-fiorito-zoom_v3-300x300.jpg 300w, https:\/\/prodblog.interflora.it\/blog\/wp-content\/uploads\/2026\/03\/1773652650-ff038-s-legame-fiorito-zoom_v3-1024x1024.jpg 1024w, https:\/\/prodblog.interflora.it\/blog\/wp-content\/uploads\/2026\/03\/1773652650-ff038-s-legame-fiorito-zoom_v3-150x150.jpg 150w, https:\/\/prodblog.interflora.it\/blog\/wp-content\/uploads\/2026\/03\/1773652650-ff038-s-legame-fiorito-zoom_v3-768x768.jpg 768w, https:\/\/prodblog.interflora.it\/blog\/wp-content\/uploads\/2026\/03\/1773652650-ff038-s-legame-fiorito-zoom_v3-1536x1536.jpg 1536w, https:\/\/prodblog.interflora.it\/blog\/wp-content\/uploads\/2026\/03\/1773652650-ff038-s-legame-fiorito-zoom_v3.jpg 2000w\" sizes=\"auto, (max-width: 300px) 100vw, 300px\" \/><img decoding=\"async\" class=\"lp-badge\" src=\"https:\/\/www.interflora.it\/blog\/wp-content\/uploads\/cropped-cropped-220221_INTERFLORA_Logo_rgb_Social_Media.png\" alt=\"Consegna in giornata\"><\/div><span>Legame fiorito<\/span><p>49.99 \u20ac<\/p><span class=\"obf-link lp-cta\" role=\"link\" tabindex=\"0\" data-b64=\"aHR0cHM6Ly93d3cuaW50ZXJmbG9yYS5pdC9wL2xlZ2FtZS1maW9yaXRvLzE\/dXRtX21lZGl1bT1vcmdhbmljJnV0bV9zb3VyY2U9YmxvZ19wcm9kdWN0cyZ1dG1fY2FtcGFpZ249RkYwMzg=\" data-target=\"_blank\"><svg xmlns=\"http:\/\/www.w3.org\/2000\/svg\" width=\"16\" height=\"16\" fill=\"currentColor\" class=\"bi bi-bag\" viewBox=\"0 0 16 16\"><path d=\"M8 1a2 2 0 0 1 2 2v1h2.5A1.5 1.5 0 0 1 14 5.5v8A1.5 1.5 0 0 1 12.5 15h-9A1.5 1.5 0 0 1 2 13.5v-8A1.5 1.5 0 0 1 3.5 3H6V2a2 2 0 0 1 2-1zm1 3V3a1 1 0 0 0-2 0v1h2z\"\/><\/svg>Scopri di pi\u00f9<\/span><p class=\"rapido\">Consegna rapida<\/p><\/div><div class=\"lp-produit\"><div class=\"lp-thumbnail-wrapper\"><img loading=\"lazy\" decoding=\"async\" width=\"300\" height=\"300\" src=\"https:\/\/prodblog.interflora.it\/blog\/wp-content\/uploads\/2025\/04\/1740651447-ff138-aria-di-campagna-key-300x300.jpg\" class=\"attachment-medium size-medium wp-post-image\" alt=\"\" srcset=\"https:\/\/prodblog.interflora.it\/blog\/wp-content\/uploads\/2025\/04\/1740651447-ff138-aria-di-campagna-key-300x300.jpg 300w, https:\/\/prodblog.interflora.it\/blog\/wp-content\/uploads\/2025\/04\/1740651447-ff138-aria-di-campagna-key-1024x1024.jpg 1024w, https:\/\/prodblog.interflora.it\/blog\/wp-content\/uploads\/2025\/04\/1740651447-ff138-aria-di-campagna-key-150x150.jpg 150w, https:\/\/prodblog.interflora.it\/blog\/wp-content\/uploads\/2025\/04\/1740651447-ff138-aria-di-campagna-key-768x768.jpg 768w, https:\/\/prodblog.interflora.it\/blog\/wp-content\/uploads\/2025\/04\/1740651447-ff138-aria-di-campagna-key-1536x1536.jpg 1536w, https:\/\/prodblog.interflora.it\/blog\/wp-content\/uploads\/2025\/04\/1740651447-ff138-aria-di-campagna-key.jpg 2048w\" sizes=\"auto, (max-width: 300px) 100vw, 300px\" \/><img decoding=\"async\" class=\"lp-badge\" src=\"https:\/\/www.interflora.it\/blog\/wp-content\/uploads\/cropped-cropped-220221_INTERFLORA_Logo_rgb_Social_Media.png\" alt=\"Consegna in giornata\"><\/div><span>Aria di Campagna<\/span><p>39.99 \u20ac<\/p><span class=\"obf-link lp-cta\" role=\"link\" tabindex=\"0\" data-b64=\"aHR0cHM6Ly93d3cuaW50ZXJmbG9yYS5pdC9wL2FyaWEtZGktY2FtcGFnbmEvMT91dG1fbWVkaXVtPW9yZ2FuaWMmdXRtX3NvdXJjZT1ibG9nX3Byb2R1Y3RzJnV0bV9jYW1wYWlnbj1GRjEzOA==\" data-target=\"_blank\"><svg xmlns=\"http:\/\/www.w3.org\/2000\/svg\" width=\"16\" height=\"16\" fill=\"currentColor\" class=\"bi bi-bag\" viewBox=\"0 0 16 16\"><path d=\"M8 1a2 2 0 0 1 2 2v1h2.5A1.5 1.5 0 0 1 14 5.5v8A1.5 1.5 0 0 1 12.5 15h-9A1.5 1.5 0 0 1 2 13.5v-8A1.5 1.5 0 0 1 3.5 3H6V2a2 2 0 0 1 2-1zm1 3V3a1 1 0 0 0-2 0v1h2z\"\/><\/svg>Scopri di pi\u00f9<\/span><p class=\"rapido\">Best seller<\/p><\/div><\/div>\n\n\n\n<div style=\"height:10px\" aria-hidden=\"true\" class=\"wp-block-spacer\"><\/div>\n\n\n\n<h4 class=\"wp-block-heading alignwide\"><strong>Altri fiori simbolo della mamma&nbsp;<\/strong><\/h4>\n\n\n\n<p>Per tradizione, i <a href=\"https:\/\/www.interflora.it\/blog\/i-fiori-per-dire-mamma-ti-voglio-bene\/?utm_source=blog&amp;utm_medium=organic&amp;utm_campaign=post-cta\">fiori da regalare alla mamma<\/a> possono essere le rose, i <strong>tulipani <\/strong>o i <strong>garofani<\/strong>. Visto che questa ricorrenza \u00e8 conosciuta in tutto il mondo, la scelta del fiore dipender\u00e0 anche dal paese.&nbsp;I <strong>garofani<\/strong> per esempio si regalano alla mamma per la sua festa soprattutto in America, invece le rose sono i fiori regalati per eccellenza alla mamma in Italia.<\/p>\n\n\n\n<p>Anche i <strong>tulipani <\/strong>vanno benissimo. In effetti, tutti questi fiori hanno un significato che ricorda l\u2019amore eterno, fuori dal tempo, come quello di una madre per un figlio.<\/p>\n\n\n\n<p>Tra le piante fiorite, un\u2019idea valida per tutto l\u2019anno come <a href=\"https:\/\/www.interflora.it\/c\/piante\/orchidea?utm_source=blog&amp;utm_medium=organic&amp;utm_campaign=post-cta\">regalo alla mamma<\/a> \u00e8 l\u2019azalea che con i suoi colori vivaci \u00e8 <strong>simbolo di allegria<\/strong> e di <strong>felicit\u00e0,<\/strong> quello che la nostra mamma ci ha sempre trasmesso, ma anche dell\u2019amore puro che lei nutre per noi e noi per lei. Anche l\u2019<a href=\"https:\/\/www.interflora.it\/c\/piante\/orchidea?utm_source=blog&amp;utm_medium=organic&amp;utm_campaign=post-cta\">orchidea<\/a> va sempre bene per un regalo elegante e raffinato!<\/p>\n\n\n\n<figure class=\"wp-block-gallery alignwide has-nested-images columns-default is-cropped wp-block-gallery-1 is-layout-flex wp-block-gallery-is-layout-flex\">\n<figure class=\"wp-block-image size-large\"><img loading=\"lazy\" decoding=\"async\" width=\"450\" height=\"550\" data-id=\"1411\" src=\"https:\/\/www.interflora.it\/blog\/wp-content\/uploads\/2022\/04\/bouquet-di-tulipani-1.jpg\" alt=\"bouquet di tulipani\" class=\"wp-image-1411\" srcset=\"https:\/\/prodblog.interflora.it\/blog\/wp-content\/uploads\/2022\/04\/bouquet-di-tulipani-1.jpg 450w, https:\/\/prodblog.interflora.it\/blog\/wp-content\/uploads\/2022\/04\/bouquet-di-tulipani-1-245x300.jpg 245w\" sizes=\"auto, (max-width: 450px) 100vw, 450px\" \/><\/figure>\n\n\n\n<figure class=\"wp-block-image size-full\"><img loading=\"lazy\" decoding=\"async\" width=\"600\" height=\"600\" data-id=\"7595\" src=\"https:\/\/www.interflora.it\/blog\/wp-content\/uploads\/2024\/04\/bouquet-con-garofani-per-mamma.jpg\" alt=\"Bouquet con garofani per mamma\" class=\"wp-image-7595\" srcset=\"https:\/\/prodblog.interflora.it\/blog\/wp-content\/uploads\/2024\/04\/bouquet-con-garofani-per-mamma.jpg 600w, https:\/\/prodblog.interflora.it\/blog\/wp-content\/uploads\/2024\/04\/bouquet-con-garofani-per-mamma-300x300.jpg 300w, https:\/\/prodblog.interflora.it\/blog\/wp-content\/uploads\/2024\/04\/bouquet-con-garofani-per-mamma-150x150.jpg 150w\" sizes=\"auto, (max-width: 600px) 100vw, 600px\" \/><\/figure>\n\n\n\n<figure class=\"wp-block-image size-large\"><img loading=\"lazy\" decoding=\"async\" width=\"450\" height=\"550\" data-id=\"1413\" src=\"https:\/\/www.interflora.it\/blog\/wp-content\/uploads\/2022\/04\/piante-fiorite-di-azalea-1.jpg\" alt=\"piante fiorite di azalea\" class=\"wp-image-1413\" srcset=\"https:\/\/prodblog.interflora.it\/blog\/wp-content\/uploads\/2022\/04\/piante-fiorite-di-azalea-1.jpg 450w, https:\/\/prodblog.interflora.it\/blog\/wp-content\/uploads\/2022\/04\/piante-fiorite-di-azalea-1-245x300.jpg 245w\" sizes=\"auto, (max-width: 450px) 100vw, 450px\" \/><\/figure>\n<\/figure>\n\n\n\n<div style=\"height:30px\" aria-hidden=\"true\" class=\"wp-block-spacer\"><\/div>\n\n\n\n<h3 class=\"wp-block-heading alignwide\"><strong>Colori simbolo della mamma&nbsp;<\/strong><\/h3>\n\n\n\n<div class=\"wp-block-media-text alignwide is-stacked-on-mobile\" style=\"grid-template-columns:30% auto\"><figure class=\"wp-block-media-text__media\"><img loading=\"lazy\" decoding=\"async\" width=\"1000\" height=\"1000\" src=\"https:\/\/prodblog.interflora.it\/blog\/wp-content\/uploads\/2026\/04\/festa-della-mamma-2.jpg\" alt=\"\" class=\"wp-image-35340 size-full\" srcset=\"https:\/\/prodblog.interflora.it\/blog\/wp-content\/uploads\/2026\/04\/festa-della-mamma-2.jpg 1000w, https:\/\/prodblog.interflora.it\/blog\/wp-content\/uploads\/2026\/04\/festa-della-mamma-2-300x300.jpg 300w, https:\/\/prodblog.interflora.it\/blog\/wp-content\/uploads\/2026\/04\/festa-della-mamma-2-150x150.jpg 150w, https:\/\/prodblog.interflora.it\/blog\/wp-content\/uploads\/2026\/04\/festa-della-mamma-2-768x768.jpg 768w\" sizes=\"auto, (max-width: 1000px) 100vw, 1000px\" \/><\/figure><div class=\"wp-block-media-text__content\">\n<p>Quasi in tutto il mondo, la scelta ricade su dei colori specifici: i <strong>colori simbolo<\/strong> per celebrare questa donna importantissima della nostra vita sono il <strong>rosso<\/strong> e il <strong>rosa<\/strong>. In effetti, si privilegiano le rose rosse (che in questo caso non hanno un significato <strong>passionale<\/strong>), i tulipani e i garofani rossi. Anche i <strong>fiori rosa<\/strong> vanno benissimo: il rosa \u00e8 da sempre simbolo di amore materno, di affetto e di dolcezza, tutti sentimenti che la nostra mamma ci trasmette ogni giorno.&nbsp;<\/p>\n\n\n\n<p>Ricorda per\u00f2 che ogni mamma ha i suoi gusti, quindi, scegli i fiori preferiti della tua mamma e non potrai sbagliare. Se non sono i fiori che ama, puoi pensare anche ad un altro regalo. Magari piante fiorite sempre di colore rosso o rosa. Sono tante le idee a cui puoi pensare.<\/p>\n\n\n\n<p>La cosa pi\u00f9 importante \u00e8 fare un regalo pieno di significato per far sentire amata la tua dolce mamma.&nbsp;<\/p>\n<\/div><\/div>\n\n\n\n<div style=\"height:30px\" aria-hidden=\"true\" class=\"wp-block-spacer\"><\/div>\n\n\n\n<h2 class=\"wp-block-heading\">Tutti gli Altri Simboli della Festa della Mamma<\/h2>\n\n\n\n<p>Qual \u00e8 il simbolo della <strong>festa della mamma<\/strong>? Oltre ai fiori, ci sono numerosi altri simboli che celebrano questa giornata speciale. I gioielli personalizzati, come ciondoli e braccialetti incisi, simboleggiano l&#8217;unicit\u00e0 e l&#8217;importanza di ogni madre. <\/p>\n\n\n\n<p>Altri simboli includono cornici per foto, che conservano i ricordi preziosi, e manufatti fatti a mano, che esprimono l&#8217;amore e la cura attraverso il tempo dedicato alla loro creazione. Questi oggetti, ricchi di significato personale e affettivo, contribuiscono a rendere la <strong>festa della mamma<\/strong> un momento indimenticabile.<\/p>\n\n\n<div class=\"lp-produits-grid\"><div class=\"lp-produit\"><div class=\"lp-thumbnail-wrapper\"><img loading=\"lazy\" decoding=\"async\" width=\"300\" height=\"300\" src=\"https:\/\/prodblog.interflora.it\/blog\/wp-content\/uploads\/2026\/03\/1764243761-ff021-s-musa-300x300.jpg\" class=\"attachment-medium size-medium wp-post-image\" alt=\"\" srcset=\"https:\/\/prodblog.interflora.it\/blog\/wp-content\/uploads\/2026\/03\/1764243761-ff021-s-musa-300x300.jpg 300w, https:\/\/prodblog.interflora.it\/blog\/wp-content\/uploads\/2026\/03\/1764243761-ff021-s-musa-150x150.jpg 150w, https:\/\/prodblog.interflora.it\/blog\/wp-content\/uploads\/2026\/03\/1764243761-ff021-s-musa-768x768.jpg 768w, https:\/\/prodblog.interflora.it\/blog\/wp-content\/uploads\/2026\/03\/1764243761-ff021-s-musa.jpg 1000w\" sizes=\"auto, (max-width: 300px) 100vw, 300px\" \/><img decoding=\"async\" class=\"lp-badge\" src=\"https:\/\/www.interflora.it\/blog\/wp-content\/uploads\/cropped-cropped-220221_INTERFLORA_Logo_rgb_Social_Media.png\" alt=\"Consegna in giornata\"><\/div><span>Musa<\/span><p>39.99 \u20ac<\/p><span class=\"obf-link lp-cta\" role=\"link\" tabindex=\"0\" data-b64=\"aHR0cHM6Ly93d3cuaW50ZXJmbG9yYS5pdC9wL2VyYS8xP3V0bV9tZWRpdW09b3JnYW5pYyZ1dG1fc291cmNlPWJsb2dfcHJvZHVjdHMmdXRtX2NhbXBhaWduPUZGMDIx\" data-target=\"_blank\"><svg xmlns=\"http:\/\/www.w3.org\/2000\/svg\" width=\"16\" height=\"16\" fill=\"currentColor\" class=\"bi bi-bag\" viewBox=\"0 0 16 16\"><path d=\"M8 1a2 2 0 0 1 2 2v1h2.5A1.5 1.5 0 0 1 14 5.5v8A1.5 1.5 0 0 1 12.5 15h-9A1.5 1.5 0 0 1 2 13.5v-8A1.5 1.5 0 0 1 3.5 3H6V2a2 2 0 0 1 2-1zm1 3V3a1 1 0 0 0-2 0v1h2z\"\/><\/svg>Scopri di pi\u00f9<\/span><p class=\"rapido\">Servizio clienti sempre disponibile<\/p><\/div><div class=\"lp-produit\"><div class=\"lp-thumbnail-wrapper\"><img loading=\"lazy\" decoding=\"async\" width=\"300\" height=\"300\" src=\"https:\/\/prodblog.interflora.it\/blog\/wp-content\/uploads\/2026\/03\/1773652650-ff038-s-legame-fiorito-zoom_v3-300x300.jpg\" class=\"attachment-medium size-medium wp-post-image\" alt=\"\" srcset=\"https:\/\/prodblog.interflora.it\/blog\/wp-content\/uploads\/2026\/03\/1773652650-ff038-s-legame-fiorito-zoom_v3-300x300.jpg 300w, https:\/\/prodblog.interflora.it\/blog\/wp-content\/uploads\/2026\/03\/1773652650-ff038-s-legame-fiorito-zoom_v3-1024x1024.jpg 1024w, https:\/\/prodblog.interflora.it\/blog\/wp-content\/uploads\/2026\/03\/1773652650-ff038-s-legame-fiorito-zoom_v3-150x150.jpg 150w, https:\/\/prodblog.interflora.it\/blog\/wp-content\/uploads\/2026\/03\/1773652650-ff038-s-legame-fiorito-zoom_v3-768x768.jpg 768w, https:\/\/prodblog.interflora.it\/blog\/wp-content\/uploads\/2026\/03\/1773652650-ff038-s-legame-fiorito-zoom_v3-1536x1536.jpg 1536w, https:\/\/prodblog.interflora.it\/blog\/wp-content\/uploads\/2026\/03\/1773652650-ff038-s-legame-fiorito-zoom_v3.jpg 2000w\" sizes=\"auto, (max-width: 300px) 100vw, 300px\" \/><img decoding=\"async\" class=\"lp-badge\" src=\"https:\/\/www.interflora.it\/blog\/wp-content\/uploads\/cropped-cropped-220221_INTERFLORA_Logo_rgb_Social_Media.png\" alt=\"Consegna in giornata\"><\/div><span>Legame fiorito<\/span><p>49.99 \u20ac<\/p><span class=\"obf-link lp-cta\" role=\"link\" tabindex=\"0\" data-b64=\"aHR0cHM6Ly93d3cuaW50ZXJmbG9yYS5pdC9wL2xlZ2FtZS1maW9yaXRvLzE\/dXRtX21lZGl1bT1vcmdhbmljJnV0bV9zb3VyY2U9YmxvZ19wcm9kdWN0cyZ1dG1fY2FtcGFpZ249RkYwMzg=\" data-target=\"_blank\"><svg xmlns=\"http:\/\/www.w3.org\/2000\/svg\" width=\"16\" height=\"16\" fill=\"currentColor\" class=\"bi bi-bag\" viewBox=\"0 0 16 16\"><path d=\"M8 1a2 2 0 0 1 2 2v1h2.5A1.5 1.5 0 0 1 14 5.5v8A1.5 1.5 0 0 1 12.5 15h-9A1.5 1.5 0 0 1 2 13.5v-8A1.5 1.5 0 0 1 3.5 3H6V2a2 2 0 0 1 2-1zm1 3V3a1 1 0 0 0-2 0v1h2z\"\/><\/svg>Scopri di pi\u00f9<\/span><p class=\"rapido\">Servizio clienti sempre disponibile<\/p><\/div><div class=\"lp-produit\"><div class=\"lp-thumbnail-wrapper\"><img loading=\"lazy\" decoding=\"async\" width=\"300\" height=\"300\" src=\"https:\/\/prodblog.interflora.it\/blog\/wp-content\/uploads\/2025\/04\/1740651447-ff138-aria-di-campagna-key-300x300.jpg\" class=\"attachment-medium size-medium wp-post-image\" alt=\"\" srcset=\"https:\/\/prodblog.interflora.it\/blog\/wp-content\/uploads\/2025\/04\/1740651447-ff138-aria-di-campagna-key-300x300.jpg 300w, https:\/\/prodblog.interflora.it\/blog\/wp-content\/uploads\/2025\/04\/1740651447-ff138-aria-di-campagna-key-1024x1024.jpg 1024w, https:\/\/prodblog.interflora.it\/blog\/wp-content\/uploads\/2025\/04\/1740651447-ff138-aria-di-campagna-key-150x150.jpg 150w, https:\/\/prodblog.interflora.it\/blog\/wp-content\/uploads\/2025\/04\/1740651447-ff138-aria-di-campagna-key-768x768.jpg 768w, https:\/\/prodblog.interflora.it\/blog\/wp-content\/uploads\/2025\/04\/1740651447-ff138-aria-di-campagna-key-1536x1536.jpg 1536w, https:\/\/prodblog.interflora.it\/blog\/wp-content\/uploads\/2025\/04\/1740651447-ff138-aria-di-campagna-key.jpg 2048w\" sizes=\"auto, (max-width: 300px) 100vw, 300px\" \/><img decoding=\"async\" class=\"lp-badge\" src=\"https:\/\/www.interflora.it\/blog\/wp-content\/uploads\/cropped-cropped-220221_INTERFLORA_Logo_rgb_Social_Media.png\" alt=\"Consegna in giornata\"><\/div><span>Aria di Campagna<\/span><p>39.99 \u20ac<\/p><span class=\"obf-link lp-cta\" role=\"link\" tabindex=\"0\" data-b64=\"aHR0cHM6Ly93d3cuaW50ZXJmbG9yYS5pdC9wL2FyaWEtZGktY2FtcGFnbmEvMT91dG1fbWVkaXVtPW9yZ2FuaWMmdXRtX3NvdXJjZT1ibG9nX3Byb2R1Y3RzJnV0bV9jYW1wYWlnbj1GRjEzOA==\" data-target=\"_blank\"><svg xmlns=\"http:\/\/www.w3.org\/2000\/svg\" width=\"16\" height=\"16\" fill=\"currentColor\" class=\"bi bi-bag\" viewBox=\"0 0 16 16\"><path d=\"M8 1a2 2 0 0 1 2 2v1h2.5A1.5 1.5 0 0 1 14 5.5v8A1.5 1.5 0 0 1 12.5 15h-9A1.5 1.5 0 0 1 2 13.5v-8A1.5 1.5 0 0 1 3.5 3H6V2a2 2 0 0 1 2-1zm1 3V3a1 1 0 0 0-2 0v1h2z\"\/><\/svg>Scopri di pi\u00f9<\/span><p class=\"rapido\">Spedizione veloce<\/p><\/div><div class=\"lp-produit\"><div class=\"lp-thumbnail-wrapper\"><img loading=\"lazy\" decoding=\"async\" width=\"300\" height=\"300\" src=\"https:\/\/prodblog.interflora.it\/blog\/wp-content\/uploads\/2025\/04\/1740654994-ff142-mamma-mia-key-300x300.jpg\" class=\"attachment-medium size-medium wp-post-image\" alt=\"\" srcset=\"https:\/\/prodblog.interflora.it\/blog\/wp-content\/uploads\/2025\/04\/1740654994-ff142-mamma-mia-key-300x300.jpg 300w, https:\/\/prodblog.interflora.it\/blog\/wp-content\/uploads\/2025\/04\/1740654994-ff142-mamma-mia-key-1024x1024.jpg 1024w, https:\/\/prodblog.interflora.it\/blog\/wp-content\/uploads\/2025\/04\/1740654994-ff142-mamma-mia-key-150x150.jpg 150w, https:\/\/prodblog.interflora.it\/blog\/wp-content\/uploads\/2025\/04\/1740654994-ff142-mamma-mia-key-768x768.jpg 768w, https:\/\/prodblog.interflora.it\/blog\/wp-content\/uploads\/2025\/04\/1740654994-ff142-mamma-mia-key-1536x1536.jpg 1536w, https:\/\/prodblog.interflora.it\/blog\/wp-content\/uploads\/2025\/04\/1740654994-ff142-mamma-mia-key.jpg 2048w\" sizes=\"auto, (max-width: 300px) 100vw, 300px\" \/><img decoding=\"async\" class=\"lp-badge\" src=\"https:\/\/www.interflora.it\/blog\/wp-content\/uploads\/cropped-cropped-220221_INTERFLORA_Logo_rgb_Social_Media.png\" alt=\"Consegna in giornata\"><\/div><span>Mamma Mia!<\/span><p>69.99 \u20ac<\/p><span class=\"obf-link lp-cta\" role=\"link\" tabindex=\"0\" data-b64=\"aHR0cHM6Ly93d3cuaW50ZXJmbG9yYS5pdC9wL21hbW1hLW1pYS8xP3V0bV9tZWRpdW09b3JnYW5pYyZ1dG1fc291cmNlPWJsb2dfcHJvZHVjdHMmdXRtX2NhbXBhaWduPUZGMTQy\" data-target=\"_blank\"><svg xmlns=\"http:\/\/www.w3.org\/2000\/svg\" width=\"16\" height=\"16\" fill=\"currentColor\" class=\"bi bi-bag\" viewBox=\"0 0 16 16\"><path d=\"M8 1a2 2 0 0 1 2 2v1h2.5A1.5 1.5 0 0 1 14 5.5v8A1.5 1.5 0 0 1 12.5 15h-9A1.5 1.5 0 0 1 2 13.5v-8A1.5 1.5 0 0 1 3.5 3H6V2a2 2 0 0 1 2-1zm1 3V3a1 1 0 0 0-2 0v1h2z\"\/><\/svg>Scopri di pi\u00f9<\/span><p class=\"rapido\">Spedizione veloce<\/p><\/div><\/div>\n","protected":false},"excerpt":{"rendered":"<p>La mamma \u00e8 la donna pi\u00f9 importante della nostra vita: quella che c&#8217;\u00e8 sempre stata e sempre ci sar\u00e0. Che [&hellip;]<\/p>\n","protected":false},"author":8,"featured_media":33096,"comment_status":"closed","ping_status":"closed","sticky":false,"template":"","format":"standard","meta":{"_uag_custom_page_level_css":"","site-sidebar-layout":"default","site-content-layout":"","ast-site-content-layout":"default","site-content-style":"default","site-sidebar-style":"default","ast-global-header-display":"","ast-banner-title-visibility":"","ast-main-header-display":"","ast-hfb-above-header-display":"","ast-hfb-below-header-display":"","ast-hfb-mobile-header-display":"","site-post-title":"","ast-breadcrumbs-content":"","ast-featured-img":"","footer-sml-layout":"","ast-disable-related-posts":"","theme-transparent-header-meta":"","adv-header-id-meta":"","stick-header-meta":"","header-above-stick-meta":"","header-main-stick-meta":"","header-below-stick-meta":"","astra-migrate-meta-layouts":"set","ast-page-background-enabled":"default","ast-page-background-meta":{"desktop":{"background-color":"var(--ast-global-color-5)","background-image":"","background-repeat":"repeat","background-position":"center center","background-size":"auto","background-attachment":"scroll","background-type":"","background-media":"","overlay-type":"","overlay-color":"","overlay-opacity":"","overlay-gradient":""},"tablet":{"background-color":"","background-image":"","background-repeat":"repeat","background-position":"center center","background-size":"auto","background-attachment":"scroll","background-type":"","background-media":"","overlay-type":"","overlay-color":"","overlay-opacity":"","overlay-gradient":""},"mobile":{"background-color":"","background-image":"","background-repeat":"repeat","background-position":"center center","background-size":"auto","background-attachment":"scroll","background-type":"","background-media":"","overlay-type":"","overlay-color":"","overlay-opacity":"","overlay-gradient":""}},"ast-content-background-meta":{"desktop":{"background-color":"var(--ast-global-color-4)","background-image":"","background-repeat":"repeat","background-position":"center center","background-size":"auto","background-attachment":"scroll","background-type":"","background-media":"","overlay-type":"","overlay-color":"","overlay-opacity":"","overlay-gradient":""},"tablet":{"background-color":"var(--ast-global-color-4)","background-image":"","background-repeat":"repeat","background-position":"center center","background-size":"auto","background-attachment":"scroll","background-type":"","background-media":"","overlay-type":"","overlay-color":"","overlay-opacity":"","overlay-gradient":""},"mobile":{"background-color":"var(--ast-global-color-4)","background-image":"","background-repeat":"repeat","background-position":"center center","background-size":"auto","background-attachment":"scroll","background-type":"","background-media":"","overlay-type":"","overlay-color":"","overlay-opacity":"","overlay-gradient":""}},"footnotes":""},"categories":[176,173],"tags":[175],"class_list":["post-1339","post","type-post","status-publish","format-standard","has-post-thumbnail","hentry","category-festa-della-mamma","category-occasioni","tag-festa-della-mamma"],"yoast_head":"<!-- This site is optimized with the Yoast SEO plugin v26.4 - https:\/\/yoast.com\/wordpress\/plugins\/seo\/ -->\n<title>Qual \u00e8 il Fiore simbolo della Mamma? | Interflora<\/title>\n<meta name=\"description\" content=\"Fiori e non solo... tutti i simboli della Festa della Mamma e i regali pi\u00f9 adatti per esprimerle il tuo amore! Scopri i nostri consigli.\" \/>\n<meta name=\"robots\" content=\"index, follow, max-snippet:-1, max-image-preview:large, max-video-preview:-1\" \/>\n<link rel=\"canonical\" href=\"https:\/\/www.interflora.it\/blog\/qual-e-il-fiore-simbolo-della-mamma\/\" \/>\n<meta property=\"og:locale\" content=\"it_IT\" \/>\n<meta property=\"og:type\" content=\"article\" \/>\n<meta property=\"og:title\" content=\"Qual \u00e8 il Fiore simbolo della Mamma? | Interflora\" \/>\n<meta property=\"og:description\" content=\"Fiori e non solo... tutti i simboli della Festa della Mamma e i regali pi\u00f9 adatti per esprimerle il tuo amore! Scopri i nostri consigli.\" \/>\n<meta property=\"og:url\" content=\"https:\/\/www.interflora.it\/blog\/qual-e-il-fiore-simbolo-della-mamma\/\" \/>\n<meta property=\"og:site_name\" content=\"Il blog di Interflora: consigli, idee e ispirazione per godersi fiori e piante\" \/>\n<meta property=\"article:published_time\" content=\"2026-04-17T14:18:50+00:00\" \/>\n<meta property=\"article:modified_time\" content=\"2026-04-20T08:11:23+00:00\" \/>\n<meta property=\"og:image\" content=\"https:\/\/www.interflora.it\/blog\/wp-content\/uploads\/fiori-per-la-festa-della-mamma.jpg\" \/>\n\t<meta property=\"og:image:width\" content=\"853\" \/>\n\t<meta property=\"og:image:height\" content=\"480\" \/>\n\t<meta property=\"og:image:type\" content=\"image\/jpeg\" \/>\n<meta name=\"author\" content=\"Interflora\" \/>\n<meta name=\"twitter:card\" content=\"summary_large_image\" \/>\n<script type=\"application\/ld+json\" class=\"yoast-schema-graph\">{\"@context\":\"https:\/\/schema.org\",\"@graph\":[{\"@type\":\"Article\",\"@id\":\"https:\/\/www.interflora.it\/blog\/qual-e-il-fiore-simbolo-della-mamma\/#article\",\"isPartOf\":{\"@id\":\"https:\/\/www.interflora.it\/blog\/qual-e-il-fiore-simbolo-della-mamma\/\"},\"author\":{\"name\":\"Interflora\",\"@id\":\"https:\/\/www.interflora.it\/blog\/#\/schema\/person\/37c1677fb37e37e1d52ee86644974c72\"},\"headline\":\"Qual \u00e8 il Fiore simbolo della Mamma?\",\"datePublished\":\"2026-04-17T14:18:50+00:00\",\"dateModified\":\"2026-04-20T08:11:23+00:00\",\"mainEntityOfPage\":{\"@id\":\"https:\/\/www.interflora.it\/blog\/qual-e-il-fiore-simbolo-della-mamma\/\"},\"wordCount\":820,\"publisher\":{\"@id\":\"https:\/\/www.interflora.it\/blog\/#organization\"},\"image\":{\"@id\":\"https:\/\/www.interflora.it\/blog\/qual-e-il-fiore-simbolo-della-mamma\/#primaryimage\"},\"thumbnailUrl\":\"https:\/\/prodblog.interflora.it\/blog\/wp-content\/uploads\/fiori-per-la-festa-della-mamma.jpg\",\"keywords\":[\"Festa della mamma\"],\"articleSection\":[\"Festa della mamma\",\"Occasioni\"],\"inLanguage\":\"it-IT\"},{\"@type\":\"WebPage\",\"@id\":\"https:\/\/www.interflora.it\/blog\/qual-e-il-fiore-simbolo-della-mamma\/\",\"url\":\"https:\/\/www.interflora.it\/blog\/qual-e-il-fiore-simbolo-della-mamma\/\",\"name\":\"Qual \u00e8 il Fiore simbolo della Mamma? | Interflora\",\"isPartOf\":{\"@id\":\"https:\/\/www.interflora.it\/blog\/#website\"},\"primaryImageOfPage\":{\"@id\":\"https:\/\/www.interflora.it\/blog\/qual-e-il-fiore-simbolo-della-mamma\/#primaryimage\"},\"image\":{\"@id\":\"https:\/\/www.interflora.it\/blog\/qual-e-il-fiore-simbolo-della-mamma\/#primaryimage\"},\"thumbnailUrl\":\"https:\/\/prodblog.interflora.it\/blog\/wp-content\/uploads\/fiori-per-la-festa-della-mamma.jpg\",\"datePublished\":\"2026-04-17T14:18:50+00:00\",\"dateModified\":\"2026-04-20T08:11:23+00:00\",\"description\":\"Fiori e non solo... tutti i simboli della Festa della Mamma e i regali pi\u00f9 adatti per esprimerle il tuo amore! Scopri i nostri consigli.\",\"breadcrumb\":{\"@id\":\"https:\/\/www.interflora.it\/blog\/qual-e-il-fiore-simbolo-della-mamma\/#breadcrumb\"},\"inLanguage\":\"it-IT\",\"potentialAction\":[{\"@type\":\"ReadAction\",\"target\":[\"https:\/\/www.interflora.it\/blog\/qual-e-il-fiore-simbolo-della-mamma\/\"]}]},{\"@type\":\"ImageObject\",\"inLanguage\":\"it-IT\",\"@id\":\"https:\/\/www.interflora.it\/blog\/qual-e-il-fiore-simbolo-della-mamma\/#primaryimage\",\"url\":\"https:\/\/prodblog.interflora.it\/blog\/wp-content\/uploads\/fiori-per-la-festa-della-mamma.jpg\",\"contentUrl\":\"https:\/\/prodblog.interflora.it\/blog\/wp-content\/uploads\/fiori-per-la-festa-della-mamma.jpg\",\"width\":853,\"height\":480},{\"@type\":\"BreadcrumbList\",\"@id\":\"https:\/\/www.interflora.it\/blog\/qual-e-il-fiore-simbolo-della-mamma\/#breadcrumb\",\"itemListElement\":[{\"@type\":\"ListItem\",\"position\":1,\"name\":\"Home\",\"item\":\"https:\/\/prodblog.interflora.it\/blog\/\"},{\"@type\":\"ListItem\",\"position\":2,\"name\":\"Qual \u00e8 il Fiore simbolo della Mamma?\"}]},{\"@type\":\"WebSite\",\"@id\":\"https:\/\/www.interflora.it\/blog\/#website\",\"url\":\"https:\/\/www.interflora.it\/blog\/\",\"name\":\"Il blog di Interflora: consigli, idee e ispirazione per godersi fiori e piante\",\"description\":\"\",\"publisher\":{\"@id\":\"https:\/\/www.interflora.it\/blog\/#organization\"},\"potentialAction\":[{\"@type\":\"SearchAction\",\"target\":{\"@type\":\"EntryPoint\",\"urlTemplate\":\"https:\/\/www.interflora.it\/blog\/?s={search_term_string}\"},\"query-input\":{\"@type\":\"PropertyValueSpecification\",\"valueRequired\":true,\"valueName\":\"search_term_string\"}}],\"inLanguage\":\"it-IT\"},{\"@type\":\"Organization\",\"@id\":\"https:\/\/www.interflora.it\/blog\/#organization\",\"name\":\"Il blog di Interflora: consigli, idee e ispirazione per godersi fiori e piante\",\"url\":\"https:\/\/www.interflora.it\/blog\/\",\"logo\":{\"@type\":\"ImageObject\",\"inLanguage\":\"it-IT\",\"@id\":\"https:\/\/www.interflora.it\/blog\/#\/schema\/logo\/image\/\",\"url\":\"https:\/\/prodblog.interflora.it\/blog\/wp-content\/uploads\/2025\/04\/220221_INTERFLORA_Logo_rgb_Half_Circle-e1670413381661.png\",\"contentUrl\":\"https:\/\/prodblog.interflora.it\/blog\/wp-content\/uploads\/2025\/04\/220221_INTERFLORA_Logo_rgb_Half_Circle-e1670413381661.png\",\"width\":1351,\"height\":656,\"caption\":\"Il blog di Interflora: consigli, idee e ispirazione per godersi fiori e piante\"},\"image\":{\"@id\":\"https:\/\/www.interflora.it\/blog\/#\/schema\/logo\/image\/\"}},{\"@type\":\"Person\",\"@id\":\"https:\/\/www.interflora.it\/blog\/#\/schema\/person\/37c1677fb37e37e1d52ee86644974c72\",\"name\":\"Interflora\",\"image\":{\"@type\":\"ImageObject\",\"inLanguage\":\"it-IT\",\"@id\":\"https:\/\/www.interflora.it\/blog\/#\/schema\/person\/image\/\",\"url\":\"https:\/\/secure.gravatar.com\/avatar\/f8ee11e6b2ddd835aba806604014e0f5960629fa9ff333f1d1f0db3e39ad3bad?s=96&d=mm&r=g\",\"contentUrl\":\"https:\/\/secure.gravatar.com\/avatar\/f8ee11e6b2ddd835aba806604014e0f5960629fa9ff333f1d1f0db3e39ad3bad?s=96&d=mm&r=g\",\"caption\":\"Interflora\"}}]}<\/script>\n<!-- \/ Yoast SEO plugin. -->","yoast_head_json":{"title":"Qual \u00e8 il Fiore simbolo della Mamma? | Interflora","description":"Fiori e non solo... tutti i simboli della Festa della Mamma e i regali pi\u00f9 adatti per esprimerle il tuo amore! Scopri i nostri consigli.","robots":{"index":"index","follow":"follow","max-snippet":"max-snippet:-1","max-image-preview":"max-image-preview:large","max-video-preview":"max-video-preview:-1"},"canonical":"https:\/\/www.interflora.it\/blog\/qual-e-il-fiore-simbolo-della-mamma\/","og_locale":"it_IT","og_type":"article","og_title":"Qual \u00e8 il Fiore simbolo della Mamma? | Interflora","og_description":"Fiori e non solo... tutti i simboli della Festa della Mamma e i regali pi\u00f9 adatti per esprimerle il tuo amore! Scopri i nostri consigli.","og_url":"https:\/\/www.interflora.it\/blog\/qual-e-il-fiore-simbolo-della-mamma\/","og_site_name":"Il blog di Interflora: consigli, idee e ispirazione per godersi fiori e piante","article_published_time":"2026-04-17T14:18:50+00:00","article_modified_time":"2026-04-20T08:11:23+00:00","og_image":[{"width":853,"height":480,"url":"https:\/\/www.interflora.it\/blog\/wp-content\/uploads\/fiori-per-la-festa-della-mamma.jpg","type":"image\/jpeg"}],"author":"Interflora","twitter_card":"summary_large_image","schema":{"@context":"https:\/\/schema.org","@graph":[{"@type":"Article","@id":"https:\/\/www.interflora.it\/blog\/qual-e-il-fiore-simbolo-della-mamma\/#article","isPartOf":{"@id":"https:\/\/www.interflora.it\/blog\/qual-e-il-fiore-simbolo-della-mamma\/"},"author":{"name":"Interflora","@id":"https:\/\/www.interflora.it\/blog\/#\/schema\/person\/37c1677fb37e37e1d52ee86644974c72"},"headline":"Qual \u00e8 il Fiore simbolo della Mamma?","datePublished":"2026-04-17T14:18:50+00:00","dateModified":"2026-04-20T08:11:23+00:00","mainEntityOfPage":{"@id":"https:\/\/www.interflora.it\/blog\/qual-e-il-fiore-simbolo-della-mamma\/"},"wordCount":820,"publisher":{"@id":"https:\/\/www.interflora.it\/blog\/#organization"},"image":{"@id":"https:\/\/www.interflora.it\/blog\/qual-e-il-fiore-simbolo-della-mamma\/#primaryimage"},"thumbnailUrl":"https:\/\/prodblog.interflora.it\/blog\/wp-content\/uploads\/fiori-per-la-festa-della-mamma.jpg","keywords":["Festa della mamma"],"articleSection":["Festa della mamma","Occasioni"],"inLanguage":"it-IT"},{"@type":"WebPage","@id":"https:\/\/www.interflora.it\/blog\/qual-e-il-fiore-simbolo-della-mamma\/","url":"https:\/\/www.interflora.it\/blog\/qual-e-il-fiore-simbolo-della-mamma\/","name":"Qual \u00e8 il Fiore simbolo della Mamma? | Interflora","isPartOf":{"@id":"https:\/\/www.interflora.it\/blog\/#website"},"primaryImageOfPage":{"@id":"https:\/\/www.interflora.it\/blog\/qual-e-il-fiore-simbolo-della-mamma\/#primaryimage"},"image":{"@id":"https:\/\/www.interflora.it\/blog\/qual-e-il-fiore-simbolo-della-mamma\/#primaryimage"},"thumbnailUrl":"https:\/\/prodblog.interflora.it\/blog\/wp-content\/uploads\/fiori-per-la-festa-della-mamma.jpg","datePublished":"2026-04-17T14:18:50+00:00","dateModified":"2026-04-20T08:11:23+00:00","description":"Fiori e non solo... tutti i simboli della Festa della Mamma e i regali pi\u00f9 adatti per esprimerle il tuo amore! Scopri i nostri consigli.","breadcrumb":{"@id":"https:\/\/www.interflora.it\/blog\/qual-e-il-fiore-simbolo-della-mamma\/#breadcrumb"},"inLanguage":"it-IT","potentialAction":[{"@type":"ReadAction","target":["https:\/\/www.interflora.it\/blog\/qual-e-il-fiore-simbolo-della-mamma\/"]}]},{"@type":"ImageObject","inLanguage":"it-IT","@id":"https:\/\/www.interflora.it\/blog\/qual-e-il-fiore-simbolo-della-mamma\/#primaryimage","url":"https:\/\/prodblog.interflora.it\/blog\/wp-content\/uploads\/fiori-per-la-festa-della-mamma.jpg","contentUrl":"https:\/\/prodblog.interflora.it\/blog\/wp-content\/uploads\/fiori-per-la-festa-della-mamma.jpg","width":853,"height":480},{"@type":"BreadcrumbList","@id":"https:\/\/www.interflora.it\/blog\/qual-e-il-fiore-simbolo-della-mamma\/#breadcrumb","itemListElement":[{"@type":"ListItem","position":1,"name":"Home","item":"https:\/\/prodblog.interflora.it\/blog\/"},{"@type":"ListItem","position":2,"name":"Qual \u00e8 il Fiore simbolo della Mamma?"}]},{"@type":"WebSite","@id":"https:\/\/www.interflora.it\/blog\/#website","url":"https:\/\/www.interflora.it\/blog\/","name":"Il blog di Interflora: consigli, idee e ispirazione per godersi fiori e piante","description":"","publisher":{"@id":"https:\/\/www.interflora.it\/blog\/#organization"},"potentialAction":[{"@type":"SearchAction","target":{"@type":"EntryPoint","urlTemplate":"https:\/\/www.interflora.it\/blog\/?s={search_term_string}"},"query-input":{"@type":"PropertyValueSpecification","valueRequired":true,"valueName":"search_term_string"}}],"inLanguage":"it-IT"},{"@type":"Organization","@id":"https:\/\/www.interflora.it\/blog\/#organization","name":"Il blog di Interflora: consigli, idee e ispirazione per godersi fiori e piante","url":"https:\/\/www.interflora.it\/blog\/","logo":{"@type":"ImageObject","inLanguage":"it-IT","@id":"https:\/\/www.interflora.it\/blog\/#\/schema\/logo\/image\/","url":"https:\/\/prodblog.interflora.it\/blog\/wp-content\/uploads\/2025\/04\/220221_INTERFLORA_Logo_rgb_Half_Circle-e1670413381661.png","contentUrl":"https:\/\/prodblog.interflora.it\/blog\/wp-content\/uploads\/2025\/04\/220221_INTERFLORA_Logo_rgb_Half_Circle-e1670413381661.png","width":1351,"height":656,"caption":"Il blog di Interflora: consigli, idee e ispirazione per godersi fiori e piante"},"image":{"@id":"https:\/\/www.interflora.it\/blog\/#\/schema\/logo\/image\/"}},{"@type":"Person","@id":"https:\/\/www.interflora.it\/blog\/#\/schema\/person\/37c1677fb37e37e1d52ee86644974c72","name":"Interflora","image":{"@type":"ImageObject","inLanguage":"it-IT","@id":"https:\/\/www.interflora.it\/blog\/#\/schema\/person\/image\/","url":"https:\/\/secure.gravatar.com\/avatar\/f8ee11e6b2ddd835aba806604014e0f5960629fa9ff333f1d1f0db3e39ad3bad?s=96&d=mm&r=g","contentUrl":"https:\/\/secure.gravatar.com\/avatar\/f8ee11e6b2ddd835aba806604014e0f5960629fa9ff333f1d1f0db3e39ad3bad?s=96&d=mm&r=g","caption":"Interflora"}}]}},"uagb_featured_image_src":{"full":["https:\/\/prodblog.interflora.it\/blog\/wp-content\/uploads\/fiori-per-la-festa-della-mamma.jpg",853,480,false],"thumbnail":["https:\/\/prodblog.interflora.it\/blog\/wp-content\/uploads\/fiori-per-la-festa-della-mamma-150x150.jpg",150,150,true],"medium":["https:\/\/prodblog.interflora.it\/blog\/wp-content\/uploads\/fiori-per-la-festa-della-mamma-300x169.jpg",300,169,true],"medium_large":["https:\/\/prodblog.interflora.it\/blog\/wp-content\/uploads\/fiori-per-la-festa-della-mamma-768x432.jpg",768,432,true],"large":["https:\/\/prodblog.interflora.it\/blog\/wp-content\/uploads\/fiori-per-la-festa-della-mamma.jpg",853,480,false],"1536x1536":["https:\/\/prodblog.interflora.it\/blog\/wp-content\/uploads\/fiori-per-la-festa-della-mamma.jpg",853,480,false],"2048x2048":["https:\/\/prodblog.interflora.it\/blog\/wp-content\/uploads\/fiori-per-la-festa-della-mamma.jpg",853,480,false]},"uagb_author_info":{"display_name":"Interflora","author_link":"https:\/\/prodblog.interflora.it\/blog\/author\/lisa-contini\/"},"uagb_comment_info":0,"uagb_excerpt":"La mamma \u00e8 la donna pi\u00f9 importante della nostra vita: quella che c&#8217;\u00e8 sempre stata e sempre ci sar\u00e0. Che [&hellip;]","_links":{"self":[{"href":"https:\/\/prodblog.interflora.it\/blog\/wp-json\/wp\/v2\/posts\/1339","targetHints":{"allow":["GET"]}}],"collection":[{"href":"https:\/\/prodblog.interflora.it\/blog\/wp-json\/wp\/v2\/posts"}],"about":[{"href":"https:\/\/prodblog.interflora.it\/blog\/wp-json\/wp\/v2\/types\/post"}],"author":[{"embeddable":true,"href":"https:\/\/prodblog.interflora.it\/blog\/wp-json\/wp\/v2\/users\/8"}],"replies":[{"embeddable":true,"href":"https:\/\/prodblog.interflora.it\/blog\/wp-json\/wp\/v2\/comments?post=1339"}],"version-history":[{"count":2,"href":"https:\/\/prodblog.interflora.it\/blog\/wp-json\/wp\/v2\/posts\/1339\/revisions"}],"predecessor-version":[{"id":35534,"href":"https:\/\/prodblog.interflora.it\/blog\/wp-json\/wp\/v2\/posts\/1339\/revisions\/35534"}],"wp:featuredmedia":[{"embeddable":true,"href":"https:\/\/prodblog.interflora.it\/blog\/wp-json\/wp\/v2\/media\/33096"}],"wp:attachment":[{"href":"https:\/\/prodblog.interflora.it\/blog\/wp-json\/wp\/v2\/media?parent=1339"}],"wp:term":[{"taxonomy":"category","embeddable":true,"href":"https:\/\/prodblog.interflora.it\/blog\/wp-json\/wp\/v2\/categories?post=1339"},{"taxonomy":"post_tag","embeddable":true,"href":"https:\/\/prodblog.interflora.it\/blog\/wp-json\/wp\/v2\/tags?post=1339"}],"curies":[{"name":"wp","href":"https:\/\/api.w.org\/{rel}","templated":true}]}}