{"id":157,"date":"2019-06-18T11:21:34","date_gmt":"2019-06-18T11:21:34","guid":{"rendered":"https:\/\/blog.interflora.it\/?p=157"},"modified":"2025-08-11T16:02:28","modified_gmt":"2025-08-11T14:02:28","slug":"ditelo-con-le-rose","status":"publish","type":"post","link":"https:\/\/prodblog.interflora.it\/blog\/ditelo-con-le-rose\/","title":{"rendered":"Amore, Dolcezza e Gelosia \u2026 ditelo con le ROSE"},"content":{"rendered":"<p style=\"text-align: justify;\">Nessun fiore al mondo racchiude in s\u00e9 cos\u00ec tante storie e significati come la Rosa. La sua storia \u00e8 antichissima ed \u00e8 documentata da numerosi ritrovamenti di foglie fossili di alcuni milioni di anni fa e su affreschi e ceramiche dell\u2019antica Grecia, collegata alla figura della dea dell&#8217;amore, Afrodite. Questo elegante fiore appartiene alla famiglia delle rosacee che conta oltre centocinquanta specie e fa parte di quelle piante dette perenni, perch\u00e9, riuscendo a sopravvivere al freddo dell\u2019inverno, riprende il suo ciclo vegetativo con il primo caldo di primavera. Se Maggio \u00e8 il mese della massima fioritura, Giugno pu\u00f2 vede sbocciare numerose variet\u00e0 di rose fino all&#8217;arrivo del caldo eccessivo. Circa duemila sono le specie di rose conosciute in tutto il mondo; in particolare, in Italia, se ne contano una trentina, tra cui spiccano la Canina, la Gallica, la Glauca e la <b>Sempervirens<\/b>. Pare che il nome Rosa derivi dal sanscrito vrad o vrod (flessibile), mentre altre fonti lo ricondurrebbero al celtico rhood o rhuud, (rosso).<\/p>\n<h4 style=\"text-align: center;\"><span style=\"color: #c5a554;\"><em><strong>Significato<\/strong><\/em><\/span><\/h4>\n<p style=\"text-align: justify;\"><strong>Le rose, per via della loro infinite variet\u00e0, sono i fiori pi\u00f9 ricchi di significati, per lo pi\u00f9 legati al loro colore. E\u2019 risaputo che le rose rosse rappresentino l\u2019amore e la passione, quelle bianche, l\u2019innocenza e la purezza, mentre le gialle, la gelosia. Considerata la vasta gamma di colori, <\/strong>\u00e8 opportuno verificare di volta in volta il significato di ogni tinta prima offrire in dono questo magnifico dona, al fine di non causare gaffe. Se la rosa arancio\u00a0porta un messaggio di fascino e bellezza, quella rosa rappresenta l\u2019amicizia e l\u2019affetto. Il desiderio di pu\u00f2 manifestare regalando una rosa coloro corallo inteso, mentre la saggezza si indica con la rosa blu (di recente creazione). Chi, infine, vuol mantenere un segreto pu\u00f2 affidare il messaggio alla rosa carnicina.<\/p>\n<h4 style=\"text-align: center;\"><span style=\"color: #c5a554;\"><em><strong>Consigli<\/strong><\/em><\/span><\/h4>\n<p style=\"text-align: justify;\">E\u2019 bene fare attenzione non solo alla tinta, ma, anche, al <strong>numero di rose. \u00a0Quando si affida al dono floreale un messaggio d\u2019amore, si pu\u00f2 far riferimento ad un numero importante per la coppia, <\/strong>ad esempio la data del primo incontro, del fidanzamento o delle nozze. Un colpo di fulmine pu\u00f2 essere comunicato anche con una sola rosa, meglio se rossa, mentre per dire <strong>\u201cti amo\u201d per la prima volta<\/strong><strong>,<\/strong><strong>\u00a0 \u00e8 preferibile regalare tre rose (numero perfetto).\u00a0 Se donare sette rose porti con se il significato di \u201cti desidero\u201d, <\/strong><strong>\u00a0<\/strong>un mazzo con 20 rose pu\u00f2 dire \u201c sincerit\u00e0\u201d. Una composizione di <strong>100<\/strong> racconta la \u201cdevozione totale\u201d, invece per \u201cchiedere scusa\u201d la tradizione vuole che le rose siano 15. E\u2019 risaputo che l<strong>e rose si regalino sempre in numero dispari<\/strong><strong>, <\/strong>ma vi \u00e8 un\u2019 eccezione: nel caso in cui si voglia dimostrare un sentimento di amore e passione, le rose possono essere 12 o multipli di 12.<\/p>\n<h4 style=\"text-align: center;\"><span style=\"color: #c5a554;\"><strong><em>Curiosit\u00e0<\/em><\/strong><\/span><\/h4>\n<p style=\"text-align: justify;\">Simbolo di bellezza, nobilt\u00e0, onore, soavit\u00e0 e merito riconosciuto, la \u00a0Rosa \u00e8 apparsa anche in araldica. E\u2019 stata rappresentata in molti blasoni di antiche famiglie europee con pi\u00f9 petali, attornianti un bottone, finemente ripiegati nel lembo superiore e frammezzati dalle punte di foglioline.<\/p>\n","protected":false},"excerpt":{"rendered":"<p>Nessun fiore al mondo racchiude in s\u00e9 cos\u00ec tante storie e significati come la Rosa. La sua storia \u00e8 antichissima [&hellip;]<\/p>\n","protected":false},"author":1,"featured_media":30949,"comment_status":"closed","ping_status":"closed","sticky":false,"template":"","format":"standard","meta":{"_uag_custom_page_level_css":"","site-sidebar-layout":"default","site-content-layout":"","ast-site-content-layout":"default","site-content-style":"default","site-sidebar-style":"default","ast-global-header-display":"","ast-banner-title-visibility":"","ast-main-header-display":"","ast-hfb-above-header-display":"","ast-hfb-below-header-display":"","ast-hfb-mobile-header-display":"","site-post-title":"","ast-breadcrumbs-content":"","ast-featured-img":"","footer-sml-layout":"","ast-disable-related-posts":"","theme-transparent-header-meta":"","adv-header-id-meta":"","stick-header-meta":"","header-above-stick-meta":"","header-main-stick-meta":"","header-below-stick-meta":"","astra-migrate-meta-layouts":"default","ast-page-background-enabled":"default","ast-page-background-meta":{"desktop":{"background-color":"var(--ast-global-color-5)","background-image":"","background-repeat":"repeat","background-position":"center center","background-size":"auto","background-attachment":"scroll","background-type":"","background-media":"","overlay-type":"","overlay-color":"","overlay-opacity":"","overlay-gradient":""},"tablet":{"background-color":"","background-image":"","background-repeat":"repeat","background-position":"center center","background-size":"auto","background-attachment":"scroll","background-type":"","background-media":"","overlay-type":"","overlay-color":"","overlay-opacity":"","overlay-gradient":""},"mobile":{"background-color":"","background-image":"","background-repeat":"repeat","background-position":"center center","background-size":"auto","background-attachment":"scroll","background-type":"","background-media":"","overlay-type":"","overlay-color":"","overlay-opacity":"","overlay-gradient":""}},"ast-content-background-meta":{"desktop":{"background-color":"var(--ast-global-color-4)","background-image":"","background-repeat":"repeat","background-position":"center center","background-size":"auto","background-attachment":"scroll","background-type":"","background-media":"","overlay-type":"","overlay-color":"","overlay-opacity":"","overlay-gradient":""},"tablet":{"background-color":"var(--ast-global-color-4)","background-image":"","background-repeat":"repeat","background-position":"center center","background-size":"auto","background-attachment":"scroll","background-type":"","background-media":"","overlay-type":"","overlay-color":"","overlay-opacity":"","overlay-gradient":""},"mobile":{"background-color":"var(--ast-global-color-4)","background-image":"","background-repeat":"repeat","background-position":"center center","background-size":"auto","background-attachment":"scroll","background-type":"","background-media":"","overlay-type":"","overlay-color":"","overlay-opacity":"","overlay-gradient":""}},"footnotes":""},"categories":[165],"tags":[164],"class_list":["post-157","post","type-post","status-publish","format-standard","has-post-thumbnail","hentry","category-fiori","tag-amore"],"yoast_head":"<!-- This site is optimized with the Yoast SEO plugin v26.4 - https:\/\/yoast.com\/wordpress\/plugins\/seo\/ -->\n<title>Amare con i fiori di Interflora Italia | Interflora<\/title>\n<meta name=\"description\" content=\"Il 14 Febbraio \u00e8 San Valentino, un&#039;occasione da non perdere per dichiarare il proprio Amore, quello con la A miuscola.\" \/>\n<meta name=\"robots\" content=\"index, follow, max-snippet:-1, max-image-preview:large, max-video-preview:-1\" \/>\n<link rel=\"canonical\" href=\"https:\/\/www.interflora.it\/blog\/ditelo-con-le-rose\/\" \/>\n<meta property=\"og:locale\" content=\"it_IT\" \/>\n<meta property=\"og:type\" content=\"article\" \/>\n<meta property=\"og:title\" content=\"Amare con i fiori di Interflora Italia | Interflora\" \/>\n<meta property=\"og:description\" content=\"Il 14 Febbraio \u00e8 San Valentino, un&#039;occasione da non perdere per dichiarare il proprio Amore, quello con la A miuscola.\" \/>\n<meta property=\"og:url\" content=\"https:\/\/www.interflora.it\/blog\/ditelo-con-le-rose\/\" \/>\n<meta property=\"og:site_name\" content=\"Il blog di Interflora: consigli, idee e ispirazione per godersi fiori e piante\" \/>\n<meta property=\"article:published_time\" content=\"2019-06-18T11:21:34+00:00\" \/>\n<meta property=\"article:modified_time\" content=\"2025-08-11T14:02:28+00:00\" \/>\n<meta property=\"og:image\" content=\"https:\/\/www.interflora.it\/blog\/wp-content\/uploads\/2019\/06\/Rose-rosse.jpg\" \/>\n\t<meta property=\"og:image:width\" content=\"960\" \/>\n\t<meta property=\"og:image:height\" content=\"546\" \/>\n\t<meta property=\"og:image:type\" content=\"image\/jpeg\" \/>\n<meta name=\"author\" content=\"admin\" \/>\n<meta name=\"twitter:card\" content=\"summary_large_image\" \/>\n<script type=\"application\/ld+json\" class=\"yoast-schema-graph\">{\"@context\":\"https:\/\/schema.org\",\"@graph\":[{\"@type\":\"Article\",\"@id\":\"https:\/\/www.interflora.it\/blog\/ditelo-con-le-rose\/#article\",\"isPartOf\":{\"@id\":\"https:\/\/www.interflora.it\/blog\/ditelo-con-le-rose\/\"},\"author\":{\"name\":\"admin\",\"@id\":\"https:\/\/www.interflora.it\/blog\/#\/schema\/person\/dbbd1ad45e05409c356dc639597669f2\"},\"headline\":\"Amore, Dolcezza e Gelosia \u2026 ditelo con le ROSE\",\"datePublished\":\"2019-06-18T11:21:34+00:00\",\"dateModified\":\"2025-08-11T14:02:28+00:00\",\"mainEntityOfPage\":{\"@id\":\"https:\/\/www.interflora.it\/blog\/ditelo-con-le-rose\/\"},\"wordCount\":499,\"publisher\":{\"@id\":\"https:\/\/www.interflora.it\/blog\/#organization\"},\"image\":{\"@id\":\"https:\/\/www.interflora.it\/blog\/ditelo-con-le-rose\/#primaryimage\"},\"thumbnailUrl\":\"https:\/\/prodblog.interflora.it\/blog\/wp-content\/uploads\/2019\/06\/Rose-rosse.jpg\",\"keywords\":[\"Amore\"],\"articleSection\":[\"Fiori e Piante\"],\"inLanguage\":\"it-IT\"},{\"@type\":\"WebPage\",\"@id\":\"https:\/\/www.interflora.it\/blog\/ditelo-con-le-rose\/\",\"url\":\"https:\/\/www.interflora.it\/blog\/ditelo-con-le-rose\/\",\"name\":\"Amare con i fiori di Interflora Italia | Interflora\",\"isPartOf\":{\"@id\":\"https:\/\/www.interflora.it\/blog\/#website\"},\"primaryImageOfPage\":{\"@id\":\"https:\/\/www.interflora.it\/blog\/ditelo-con-le-rose\/#primaryimage\"},\"image\":{\"@id\":\"https:\/\/www.interflora.it\/blog\/ditelo-con-le-rose\/#primaryimage\"},\"thumbnailUrl\":\"https:\/\/prodblog.interflora.it\/blog\/wp-content\/uploads\/2019\/06\/Rose-rosse.jpg\",\"datePublished\":\"2019-06-18T11:21:34+00:00\",\"dateModified\":\"2025-08-11T14:02:28+00:00\",\"description\":\"Il 14 Febbraio \u00e8 San Valentino, un'occasione da non perdere per dichiarare il proprio Amore, quello con la A miuscola.\",\"breadcrumb\":{\"@id\":\"https:\/\/www.interflora.it\/blog\/ditelo-con-le-rose\/#breadcrumb\"},\"inLanguage\":\"it-IT\",\"potentialAction\":[{\"@type\":\"ReadAction\",\"target\":[\"https:\/\/www.interflora.it\/blog\/ditelo-con-le-rose\/\"]}]},{\"@type\":\"ImageObject\",\"inLanguage\":\"it-IT\",\"@id\":\"https:\/\/www.interflora.it\/blog\/ditelo-con-le-rose\/#primaryimage\",\"url\":\"https:\/\/prodblog.interflora.it\/blog\/wp-content\/uploads\/2019\/06\/Rose-rosse.jpg\",\"contentUrl\":\"https:\/\/prodblog.interflora.it\/blog\/wp-content\/uploads\/2019\/06\/Rose-rosse.jpg\",\"width\":960,\"height\":546},{\"@type\":\"BreadcrumbList\",\"@id\":\"https:\/\/www.interflora.it\/blog\/ditelo-con-le-rose\/#breadcrumb\",\"itemListElement\":[{\"@type\":\"ListItem\",\"position\":1,\"name\":\"Home\",\"item\":\"https:\/\/prodblog.interflora.it\/blog\/\"},{\"@type\":\"ListItem\",\"position\":2,\"name\":\"Amore, Dolcezza e Gelosia \u2026 ditelo con le ROSE\"}]},{\"@type\":\"WebSite\",\"@id\":\"https:\/\/www.interflora.it\/blog\/#website\",\"url\":\"https:\/\/www.interflora.it\/blog\/\",\"name\":\"Il blog di Interflora: consigli, idee e ispirazione per godersi fiori e piante\",\"description\":\"\",\"publisher\":{\"@id\":\"https:\/\/www.interflora.it\/blog\/#organization\"},\"potentialAction\":[{\"@type\":\"SearchAction\",\"target\":{\"@type\":\"EntryPoint\",\"urlTemplate\":\"https:\/\/www.interflora.it\/blog\/?s={search_term_string}\"},\"query-input\":{\"@type\":\"PropertyValueSpecification\",\"valueRequired\":true,\"valueName\":\"search_term_string\"}}],\"inLanguage\":\"it-IT\"},{\"@type\":\"Organization\",\"@id\":\"https:\/\/www.interflora.it\/blog\/#organization\",\"name\":\"Il blog di Interflora: consigli, idee e ispirazione per godersi fiori e piante\",\"url\":\"https:\/\/www.interflora.it\/blog\/\",\"logo\":{\"@type\":\"ImageObject\",\"inLanguage\":\"it-IT\",\"@id\":\"https:\/\/www.interflora.it\/blog\/#\/schema\/logo\/image\/\",\"url\":\"https:\/\/prodblog.interflora.it\/blog\/wp-content\/uploads\/2025\/04\/220221_INTERFLORA_Logo_rgb_Half_Circle-e1670413381661.png\",\"contentUrl\":\"https:\/\/prodblog.interflora.it\/blog\/wp-content\/uploads\/2025\/04\/220221_INTERFLORA_Logo_rgb_Half_Circle-e1670413381661.png\",\"width\":1351,\"height\":656,\"caption\":\"Il blog di Interflora: consigli, idee e ispirazione per godersi fiori e piante\"},\"image\":{\"@id\":\"https:\/\/www.interflora.it\/blog\/#\/schema\/logo\/image\/\"}},{\"@type\":\"Person\",\"@id\":\"https:\/\/www.interflora.it\/blog\/#\/schema\/person\/dbbd1ad45e05409c356dc639597669f2\",\"name\":\"admin\",\"image\":{\"@type\":\"ImageObject\",\"inLanguage\":\"it-IT\",\"@id\":\"https:\/\/www.interflora.it\/blog\/#\/schema\/person\/image\/\",\"url\":\"https:\/\/secure.gravatar.com\/avatar\/42ef4147e700c5be2e3fd1dfd99731af107e05f321b9a482783ec3515451fc63?s=96&d=mm&r=g\",\"contentUrl\":\"https:\/\/secure.gravatar.com\/avatar\/42ef4147e700c5be2e3fd1dfd99731af107e05f321b9a482783ec3515451fc63?s=96&d=mm&r=g\",\"caption\":\"admin\"},\"sameAs\":[\"http:\/\/prewww.interflora.se\/blog\"]}]}<\/script>\n<!-- \/ Yoast SEO plugin. -->","yoast_head_json":{"title":"Amare con i fiori di Interflora Italia | Interflora","description":"Il 14 Febbraio \u00e8 San Valentino, un'occasione da non perdere per dichiarare il proprio Amore, quello con la A miuscola.","robots":{"index":"index","follow":"follow","max-snippet":"max-snippet:-1","max-image-preview":"max-image-preview:large","max-video-preview":"max-video-preview:-1"},"canonical":"https:\/\/www.interflora.it\/blog\/ditelo-con-le-rose\/","og_locale":"it_IT","og_type":"article","og_title":"Amare con i fiori di Interflora Italia | Interflora","og_description":"Il 14 Febbraio \u00e8 San Valentino, un'occasione da non perdere per dichiarare il proprio Amore, quello con la A miuscola.","og_url":"https:\/\/www.interflora.it\/blog\/ditelo-con-le-rose\/","og_site_name":"Il blog di Interflora: consigli, idee e ispirazione per godersi fiori e piante","article_published_time":"2019-06-18T11:21:34+00:00","article_modified_time":"2025-08-11T14:02:28+00:00","og_image":[{"width":960,"height":546,"url":"https:\/\/www.interflora.it\/blog\/wp-content\/uploads\/2019\/06\/Rose-rosse.jpg","type":"image\/jpeg"}],"author":"admin","twitter_card":"summary_large_image","schema":{"@context":"https:\/\/schema.org","@graph":[{"@type":"Article","@id":"https:\/\/www.interflora.it\/blog\/ditelo-con-le-rose\/#article","isPartOf":{"@id":"https:\/\/www.interflora.it\/blog\/ditelo-con-le-rose\/"},"author":{"name":"admin","@id":"https:\/\/www.interflora.it\/blog\/#\/schema\/person\/dbbd1ad45e05409c356dc639597669f2"},"headline":"Amore, Dolcezza e Gelosia \u2026 ditelo con le ROSE","datePublished":"2019-06-18T11:21:34+00:00","dateModified":"2025-08-11T14:02:28+00:00","mainEntityOfPage":{"@id":"https:\/\/www.interflora.it\/blog\/ditelo-con-le-rose\/"},"wordCount":499,"publisher":{"@id":"https:\/\/www.interflora.it\/blog\/#organization"},"image":{"@id":"https:\/\/www.interflora.it\/blog\/ditelo-con-le-rose\/#primaryimage"},"thumbnailUrl":"https:\/\/prodblog.interflora.it\/blog\/wp-content\/uploads\/2019\/06\/Rose-rosse.jpg","keywords":["Amore"],"articleSection":["Fiori e Piante"],"inLanguage":"it-IT"},{"@type":"WebPage","@id":"https:\/\/www.interflora.it\/blog\/ditelo-con-le-rose\/","url":"https:\/\/www.interflora.it\/blog\/ditelo-con-le-rose\/","name":"Amare con i fiori di Interflora Italia | Interflora","isPartOf":{"@id":"https:\/\/www.interflora.it\/blog\/#website"},"primaryImageOfPage":{"@id":"https:\/\/www.interflora.it\/blog\/ditelo-con-le-rose\/#primaryimage"},"image":{"@id":"https:\/\/www.interflora.it\/blog\/ditelo-con-le-rose\/#primaryimage"},"thumbnailUrl":"https:\/\/prodblog.interflora.it\/blog\/wp-content\/uploads\/2019\/06\/Rose-rosse.jpg","datePublished":"2019-06-18T11:21:34+00:00","dateModified":"2025-08-11T14:02:28+00:00","description":"Il 14 Febbraio \u00e8 San Valentino, un'occasione da non perdere per dichiarare il proprio Amore, quello con la A miuscola.","breadcrumb":{"@id":"https:\/\/www.interflora.it\/blog\/ditelo-con-le-rose\/#breadcrumb"},"inLanguage":"it-IT","potentialAction":[{"@type":"ReadAction","target":["https:\/\/www.interflora.it\/blog\/ditelo-con-le-rose\/"]}]},{"@type":"ImageObject","inLanguage":"it-IT","@id":"https:\/\/www.interflora.it\/blog\/ditelo-con-le-rose\/#primaryimage","url":"https:\/\/prodblog.interflora.it\/blog\/wp-content\/uploads\/2019\/06\/Rose-rosse.jpg","contentUrl":"https:\/\/prodblog.interflora.it\/blog\/wp-content\/uploads\/2019\/06\/Rose-rosse.jpg","width":960,"height":546},{"@type":"BreadcrumbList","@id":"https:\/\/www.interflora.it\/blog\/ditelo-con-le-rose\/#breadcrumb","itemListElement":[{"@type":"ListItem","position":1,"name":"Home","item":"https:\/\/prodblog.interflora.it\/blog\/"},{"@type":"ListItem","position":2,"name":"Amore, Dolcezza e Gelosia \u2026 ditelo con le ROSE"}]},{"@type":"WebSite","@id":"https:\/\/www.interflora.it\/blog\/#website","url":"https:\/\/www.interflora.it\/blog\/","name":"Il blog di Interflora: consigli, idee e ispirazione per godersi fiori e piante","description":"","publisher":{"@id":"https:\/\/www.interflora.it\/blog\/#organization"},"potentialAction":[{"@type":"SearchAction","target":{"@type":"EntryPoint","urlTemplate":"https:\/\/www.interflora.it\/blog\/?s={search_term_string}"},"query-input":{"@type":"PropertyValueSpecification","valueRequired":true,"valueName":"search_term_string"}}],"inLanguage":"it-IT"},{"@type":"Organization","@id":"https:\/\/www.interflora.it\/blog\/#organization","name":"Il blog di Interflora: consigli, idee e ispirazione per godersi fiori e piante","url":"https:\/\/www.interflora.it\/blog\/","logo":{"@type":"ImageObject","inLanguage":"it-IT","@id":"https:\/\/www.interflora.it\/blog\/#\/schema\/logo\/image\/","url":"https:\/\/prodblog.interflora.it\/blog\/wp-content\/uploads\/2025\/04\/220221_INTERFLORA_Logo_rgb_Half_Circle-e1670413381661.png","contentUrl":"https:\/\/prodblog.interflora.it\/blog\/wp-content\/uploads\/2025\/04\/220221_INTERFLORA_Logo_rgb_Half_Circle-e1670413381661.png","width":1351,"height":656,"caption":"Il blog di Interflora: consigli, idee e ispirazione per godersi fiori e piante"},"image":{"@id":"https:\/\/www.interflora.it\/blog\/#\/schema\/logo\/image\/"}},{"@type":"Person","@id":"https:\/\/www.interflora.it\/blog\/#\/schema\/person\/dbbd1ad45e05409c356dc639597669f2","name":"admin","image":{"@type":"ImageObject","inLanguage":"it-IT","@id":"https:\/\/www.interflora.it\/blog\/#\/schema\/person\/image\/","url":"https:\/\/secure.gravatar.com\/avatar\/42ef4147e700c5be2e3fd1dfd99731af107e05f321b9a482783ec3515451fc63?s=96&d=mm&r=g","contentUrl":"https:\/\/secure.gravatar.com\/avatar\/42ef4147e700c5be2e3fd1dfd99731af107e05f321b9a482783ec3515451fc63?s=96&d=mm&r=g","caption":"admin"},"sameAs":["http:\/\/prewww.interflora.se\/blog"]}]}},"uagb_featured_image_src":{"full":["https:\/\/prodblog.interflora.it\/blog\/wp-content\/uploads\/2019\/06\/Rose-rosse.jpg",960,546,false],"thumbnail":["https:\/\/prodblog.interflora.it\/blog\/wp-content\/uploads\/2019\/06\/Rose-rosse-150x150.jpg",150,150,true],"medium":["https:\/\/prodblog.interflora.it\/blog\/wp-content\/uploads\/2019\/06\/Rose-rosse-300x171.jpg",300,171,true],"medium_large":["https:\/\/prodblog.interflora.it\/blog\/wp-content\/uploads\/2019\/06\/Rose-rosse-768x437.jpg",768,437,true],"large":["https:\/\/prodblog.interflora.it\/blog\/wp-content\/uploads\/2019\/06\/Rose-rosse.jpg",960,546,false],"1536x1536":["https:\/\/prodblog.interflora.it\/blog\/wp-content\/uploads\/2019\/06\/Rose-rosse.jpg",960,546,false],"2048x2048":["https:\/\/prodblog.interflora.it\/blog\/wp-content\/uploads\/2019\/06\/Rose-rosse.jpg",960,546,false]},"uagb_author_info":{"display_name":"admin","author_link":"https:\/\/prodblog.interflora.it\/blog\/author\/admin\/"},"uagb_comment_info":0,"uagb_excerpt":"Nessun fiore al mondo racchiude in s\u00e9 cos\u00ec tante storie e significati come la Rosa. La sua storia \u00e8 antichissima [&hellip;]","_links":{"self":[{"href":"https:\/\/prodblog.interflora.it\/blog\/wp-json\/wp\/v2\/posts\/157","targetHints":{"allow":["GET"]}}],"collection":[{"href":"https:\/\/prodblog.interflora.it\/blog\/wp-json\/wp\/v2\/posts"}],"about":[{"href":"https:\/\/prodblog.interflora.it\/blog\/wp-json\/wp\/v2\/types\/post"}],"author":[{"embeddable":true,"href":"https:\/\/prodblog.interflora.it\/blog\/wp-json\/wp\/v2\/users\/1"}],"replies":[{"embeddable":true,"href":"https:\/\/prodblog.interflora.it\/blog\/wp-json\/wp\/v2\/comments?post=157"}],"version-history":[{"count":0,"href":"https:\/\/prodblog.interflora.it\/blog\/wp-json\/wp\/v2\/posts\/157\/revisions"}],"wp:featuredmedia":[{"embeddable":true,"href":"https:\/\/prodblog.interflora.it\/blog\/wp-json\/wp\/v2\/media\/30949"}],"wp:attachment":[{"href":"https:\/\/prodblog.interflora.it\/blog\/wp-json\/wp\/v2\/media?parent=157"}],"wp:term":[{"taxonomy":"category","embeddable":true,"href":"https:\/\/prodblog.interflora.it\/blog\/wp-json\/wp\/v2\/categories?post=157"},{"taxonomy":"post_tag","embeddable":true,"href":"https:\/\/prodblog.interflora.it\/blog\/wp-json\/wp\/v2\/tags?post=157"}],"curies":[{"name":"wp","href":"https:\/\/api.w.org\/{rel}","templated":true}]}}