{"id":1629,"date":"2023-07-24T09:18:00","date_gmt":"2023-07-24T07:18:00","guid":{"rendered":"https:\/\/blog.interflora.it\/?p=1629"},"modified":"2025-08-11T16:02:28","modified_gmt":"2025-08-11T14:02:28","slug":"quali-sono-le-piante-da-balcone-piu-resistenti","status":"publish","type":"post","link":"https:\/\/prodblog.interflora.it\/blog\/quali-sono-le-piante-da-balcone-piu-resistenti\/","title":{"rendered":"Quali sono le piante da balcone pi\u00f9 resistenti?\u00a0"},"content":{"rendered":"\n<p>Non \u00e8 sempre facile scegliere le piante per il balcone o il terrazzo. Prima di decidersi \u00e8 bene informarsi per esempio su quali piante resistono al freddo o a ore prolungate di sole oppure se la pianta che vorresti comprare \u00e8 facile da coltivare e mantenere.&nbsp;<\/p>\n\n\n\n<p>Soprattutto se non hai tanto tempo da dedicare al giardinaggio e stai cercando delle piante resistenti per decorare i<strong> tuoi spazi esterni di casa<\/strong> ecco qui una selezione di alcune piante resistenti la cui cura sar\u00e0 un gioco da ragazzi!&nbsp;<\/p>\n\n\n\n<h2 class=\"wp-block-heading alignwide\"><strong>Alberi da frutto e agrumi&nbsp;<\/strong><\/h2>\n\n\n\n<p>Un albero da frutto pu\u00f2 essere una pianta ideale da tenere sul balcone o in terrazzo anche in mancanza di un vero e proprio giardino. Si tratta di piante che spesso non hanno bisogno di molto spazio e che si possono facilmente coltivare in vaso e poi lasciare nel tuo spazio esterno di casa.&nbsp;<\/p>\n\n\n\n<p>Agrumi e alberi da frutto sono perfetti per dare al tuo balcone o al tuo giardino<strong> quel tocco di colore<\/strong> necessario per rendere gli spazi pi\u00f9 allegri e gioiosi. Durante la stagione della fioritura, ci regalano bellissimi fiori bianchi e anche qualche frutto delizioso che pu\u00f2 essere commestibile a seconda della variet\u00e0 e <strong>non richiedono molta cura.<\/strong>&nbsp;<\/p>\n\n\n\n<p>Seppur si tratti di piante molto resistenti, quando si verificano sbalzi di temperatura improvvisi oppure di una stagione molto fredda come l\u2019inverno, l\u2019ideale \u00e8 comunque ricordarsi di metterle al riparo in casa. <strong>Mandarino, limone, arancio, olivo<\/strong>\u2026 ce ne sono tantissime di variet\u00e0 tra cui scegliere! Baster\u00e0 individuare la tua <a href=\"https:\/\/www.interflora.it\/c\/piante\/piante-di-agrumi\">pianta da agrumi<\/a> preferita e decorare al meglio il tuo balcone o il tuo terrazzo.&nbsp;<\/p>\n\n\n<div class=\"lp-produits-grid\"><div class=\"lp-produit\"><div class=\"lp-thumbnail-wrapper\"><img loading=\"lazy\" decoding=\"async\" width=\"300\" height=\"300\" src=\"https:\/\/prodblog.interflora.it\/blog\/wp-content\/uploads\/2025\/08\/1753185326-rf045-deco-300x300.jpg\" class=\"attachment-medium size-medium wp-post-image\" alt=\"\" srcset=\"https:\/\/prodblog.interflora.it\/blog\/wp-content\/uploads\/2025\/08\/1753185326-rf045-deco-300x300.jpg 300w, https:\/\/prodblog.interflora.it\/blog\/wp-content\/uploads\/2025\/08\/1753185326-rf045-deco-1024x1024.jpg 1024w, https:\/\/prodblog.interflora.it\/blog\/wp-content\/uploads\/2025\/08\/1753185326-rf045-deco-150x150.jpg 150w, https:\/\/prodblog.interflora.it\/blog\/wp-content\/uploads\/2025\/08\/1753185326-rf045-deco-768x768.jpg 768w, https:\/\/prodblog.interflora.it\/blog\/wp-content\/uploads\/2025\/08\/1753185326-rf045-deco-1536x1536.jpg 1536w, https:\/\/prodblog.interflora.it\/blog\/wp-content\/uploads\/2025\/08\/1753185326-rf045-deco-2048x2048.jpg 2048w\" sizes=\"auto, (max-width: 300px) 100vw, 300px\" \/><img decoding=\"async\" class=\"lp-badge\" src=\"https:\/\/www.interflora.it\/blog\/wp-content\/uploads\/cropped-cropped-220221_INTERFLORA_Logo_rgb_Social_Media.png\" alt=\"Consegna in giornata\"><\/div><span>Rugiada<\/span><p>69.99 \u20ac<\/p><span class=\"obf-link lp-cta\" role=\"link\" tabindex=\"0\" data-b64=\"aHR0cHM6Ly93d3cuaW50ZXJmbG9yYS5pdC9wL3J1Z2lhZGEvMT91dG1fbWVkaXVtPW9yZ2FuaWMmdXRtX3NvdXJjZT1ibG9nX3Byb2R1Y3RzJnV0bV9jYW1wYWlnbj1SRjA0NQ==\" data-target=\"_blank\"><svg xmlns=\"http:\/\/www.w3.org\/2000\/svg\" width=\"16\" height=\"16\" fill=\"currentColor\" class=\"bi bi-bag\" viewBox=\"0 0 16 16\"><path d=\"M8 1a2 2 0 0 1 2 2v1h2.5A1.5 1.5 0 0 1 14 5.5v8A1.5 1.5 0 0 1 12.5 15h-9A1.5 1.5 0 0 1 2 13.5v-8A1.5 1.5 0 0 1 3.5 3H6V2a2 2 0 0 1 2-1zm1 3V3a1 1 0 0 0-2 0v1h2z\"\/><\/svg>Scopri di pi\u00f9<\/span><p class=\"rapido\">Best seller<\/p><\/div><div class=\"lp-produit\"><div class=\"lp-thumbnail-wrapper\"><img loading=\"lazy\" decoding=\"async\" width=\"300\" height=\"300\" src=\"https:\/\/prodblog.interflora.it\/blog\/wp-content\/uploads\/2025\/08\/1753175449-ff157-model-300x300.jpg\" class=\"attachment-medium size-medium wp-post-image\" alt=\"\" srcset=\"https:\/\/prodblog.interflora.it\/blog\/wp-content\/uploads\/2025\/08\/1753175449-ff157-model-300x300.jpg 300w, https:\/\/prodblog.interflora.it\/blog\/wp-content\/uploads\/2025\/08\/1753175449-ff157-model-1024x1024.jpg 1024w, https:\/\/prodblog.interflora.it\/blog\/wp-content\/uploads\/2025\/08\/1753175449-ff157-model-150x150.jpg 150w, https:\/\/prodblog.interflora.it\/blog\/wp-content\/uploads\/2025\/08\/1753175449-ff157-model-768x768.jpg 768w, https:\/\/prodblog.interflora.it\/blog\/wp-content\/uploads\/2025\/08\/1753175449-ff157-model-1536x1536.jpg 1536w, https:\/\/prodblog.interflora.it\/blog\/wp-content\/uploads\/2025\/08\/1753175449-ff157-model-2048x2048.jpg 2048w\" sizes=\"auto, (max-width: 300px) 100vw, 300px\" \/><img decoding=\"async\" class=\"lp-badge\" src=\"https:\/\/www.interflora.it\/blog\/wp-content\/uploads\/cropped-cropped-220221_INTERFLORA_Logo_rgb_Social_Media.png\" alt=\"Consegna in giornata\"><\/div><span>Allegria<\/span><p>59.99 \u20ac<\/p><span class=\"obf-link lp-cta\" role=\"link\" tabindex=\"0\" data-b64=\"aHR0cHM6Ly93d3cuaW50ZXJmbG9yYS5pdC9wL2FsbGVncmlhLzE\/dXRtX21lZGl1bT1vcmdhbmljJnV0bV9zb3VyY2U9YmxvZ19wcm9kdWN0cyZ1dG1fY2FtcGFpZ249RkYxNTc=\" data-target=\"_blank\"><svg xmlns=\"http:\/\/www.w3.org\/2000\/svg\" width=\"16\" height=\"16\" fill=\"currentColor\" class=\"bi bi-bag\" viewBox=\"0 0 16 16\"><path d=\"M8 1a2 2 0 0 1 2 2v1h2.5A1.5 1.5 0 0 1 14 5.5v8A1.5 1.5 0 0 1 12.5 15h-9A1.5 1.5 0 0 1 2 13.5v-8A1.5 1.5 0 0 1 3.5 3H6V2a2 2 0 0 1 2-1zm1 3V3a1 1 0 0 0-2 0v1h2z\"\/><\/svg>Scopri di pi\u00f9<\/span><p class=\"rapido\">Best seller<\/p><\/div><div class=\"lp-produit\"><div class=\"lp-thumbnail-wrapper\"><img loading=\"lazy\" decoding=\"async\" width=\"300\" height=\"300\" src=\"https:\/\/prodblog.interflora.it\/blog\/wp-content\/uploads\/2025\/04\/1706255669-batticuore-hd-1-300x300.jpg\" class=\"attachment-medium size-medium wp-post-image\" alt=\"\" srcset=\"https:\/\/prodblog.interflora.it\/blog\/wp-content\/uploads\/2025\/04\/1706255669-batticuore-hd-1-300x300.jpg 300w, https:\/\/prodblog.interflora.it\/blog\/wp-content\/uploads\/2025\/04\/1706255669-batticuore-hd-1-1024x1024.jpg 1024w, https:\/\/prodblog.interflora.it\/blog\/wp-content\/uploads\/2025\/04\/1706255669-batticuore-hd-1-150x150.jpg 150w, https:\/\/prodblog.interflora.it\/blog\/wp-content\/uploads\/2025\/04\/1706255669-batticuore-hd-1-768x768.jpg 768w, https:\/\/prodblog.interflora.it\/blog\/wp-content\/uploads\/2025\/04\/1706255669-batticuore-hd-1.jpg 1400w\" sizes=\"auto, (max-width: 300px) 100vw, 300px\" \/><img decoding=\"async\" class=\"lp-badge\" src=\"https:\/\/www.interflora.it\/blog\/wp-content\/uploads\/cropped-cropped-220221_INTERFLORA_Logo_rgb_Social_Media.png\" alt=\"Consegna in giornata\"><\/div><span>Batticuore<\/span><p>44.99 \u20ac<\/p><span class=\"obf-link lp-cta\" role=\"link\" tabindex=\"0\" data-b64=\"aHR0cHM6Ly93d3cuaW50ZXJmbG9yYS5pdC9wL2JhdHRpY3VvcmUvMT91dG1fbWVkaXVtPW9yZ2FuaWMmdXRtX3NvdXJjZT1ibG9nX3Byb2R1Y3RzJnV0bV9jYW1wYWlnbj1CTTUyNQ==\" data-target=\"_blank\"><svg xmlns=\"http:\/\/www.w3.org\/2000\/svg\" width=\"16\" height=\"16\" fill=\"currentColor\" class=\"bi bi-bag\" viewBox=\"0 0 16 16\"><path d=\"M8 1a2 2 0 0 1 2 2v1h2.5A1.5 1.5 0 0 1 14 5.5v8A1.5 1.5 0 0 1 12.5 15h-9A1.5 1.5 0 0 1 2 13.5v-8A1.5 1.5 0 0 1 3.5 3H6V2a2 2 0 0 1 2-1zm1 3V3a1 1 0 0 0-2 0v1h2z\"\/><\/svg>Scopri di pi\u00f9<\/span><p class=\"rapido\">Best seller<\/p><\/div><div class=\"lp-produit\"><div class=\"lp-thumbnail-wrapper\"><img loading=\"lazy\" decoding=\"async\" width=\"300\" height=\"300\" src=\"https:\/\/prodblog.interflora.it\/blog\/wp-content\/uploads\/2025\/04\/1734514274-pf001-orchidea-rosa-zoom-key-300x300.jpg\" class=\"attachment-medium size-medium wp-post-image\" alt=\"\" srcset=\"https:\/\/prodblog.interflora.it\/blog\/wp-content\/uploads\/2025\/04\/1734514274-pf001-orchidea-rosa-zoom-key-300x300.jpg 300w, https:\/\/prodblog.interflora.it\/blog\/wp-content\/uploads\/2025\/04\/1734514274-pf001-orchidea-rosa-zoom-key-1024x1024.jpg 1024w, https:\/\/prodblog.interflora.it\/blog\/wp-content\/uploads\/2025\/04\/1734514274-pf001-orchidea-rosa-zoom-key-150x150.jpg 150w, https:\/\/prodblog.interflora.it\/blog\/wp-content\/uploads\/2025\/04\/1734514274-pf001-orchidea-rosa-zoom-key-768x768.jpg 768w, https:\/\/prodblog.interflora.it\/blog\/wp-content\/uploads\/2025\/04\/1734514274-pf001-orchidea-rosa-zoom-key-1536x1536.jpg 1536w, https:\/\/prodblog.interflora.it\/blog\/wp-content\/uploads\/2025\/04\/1734514274-pf001-orchidea-rosa-zoom-key-2048x2048.jpg 2048w\" sizes=\"auto, (max-width: 300px) 100vw, 300px\" \/><img decoding=\"async\" class=\"lp-badge\" src=\"https:\/\/www.interflora.it\/blog\/wp-content\/uploads\/cropped-cropped-220221_INTERFLORA_Logo_rgb_Social_Media.png\" alt=\"Consegna in giornata\"><\/div><span>Orchidea Rosa<\/span><p>49.99 \u20ac<\/p><span class=\"obf-link lp-cta\" role=\"link\" tabindex=\"0\" data-b64=\"aHR0cHM6Ly93d3cuaW50ZXJmbG9yYS5pdC9wL29yY2hpZGVhLXJvc2EvMT91dG1fbWVkaXVtPW9yZ2FuaWMmdXRtX3NvdXJjZT1ibG9nX3Byb2R1Y3RzJnV0bV9jYW1wYWlnbj1QMDAz\" data-target=\"_blank\"><svg xmlns=\"http:\/\/www.w3.org\/2000\/svg\" width=\"16\" height=\"16\" fill=\"currentColor\" class=\"bi bi-bag\" viewBox=\"0 0 16 16\"><path d=\"M8 1a2 2 0 0 1 2 2v1h2.5A1.5 1.5 0 0 1 14 5.5v8A1.5 1.5 0 0 1 12.5 15h-9A1.5 1.5 0 0 1 2 13.5v-8A1.5 1.5 0 0 1 3.5 3H6V2a2 2 0 0 1 2-1zm1 3V3a1 1 0 0 0-2 0v1h2z\"\/><\/svg>Scopri di pi\u00f9<\/span><p class=\"rapido\">Spedizione veloce<\/p><\/div><\/div>\n\n\n\n<div style=\"height:30px\" aria-hidden=\"true\" class=\"wp-block-spacer\"><\/div>\n\n\n\n<h2 class=\"wp-block-heading alignwide\"><strong>Piante da balcone profumate e resistenti&nbsp;<\/strong><\/h2>\n\n\n\n<p>Tra le piante che bisognerebbe sempre avere in casa e se possibile negli spazi esterni come balcone, terrazzo e giardino, troviamo<strong> le piante aromatiche e <\/strong><a href=\" https:\/\/www.interflora.it\/blog\/fiori-estivi-profumati-per-il-giardino\/\"><strong>profumate<\/strong><\/a><strong>.&nbsp;<\/strong><\/p>\n\n\n\n<p>Quali sono le piante aromatiche pi\u00f9 resistenti per i balconi? Tra queste <a href=\"https:\/\/www.interflora.it\/c\/piante\/piante-da-esterno-e-da-giardino\">piante da balcone<\/a>, le pi\u00f9 comuni e amate sono sicuramente<strong> la lavanda, l\u2019alloro, il rosmarino o il mirto<\/strong>\u2026 queste piante sempreverdi sono molto resistenti alle temperature di inizio primavera e fine estate e di solito con qualche piccola cura sopravvivono anche in autunno. Non sono sensibili alle correnti d\u2019aria e possono essere posizionate al sole o a mezz\u2019ombra. Chiaramente se lasciate troppo al sole durante il caldo dell\u2019estate con temperature molto elevate rischiano di seccarsi quindi \u00e8 bene comunque proteggerle da quando c&#8217;\u00e8 un sole troppo forte o arriva un freddo invasivo.<\/p>\n\n\n\n<figure class=\"wp-block-gallery alignwide has-nested-images columns-default is-cropped wp-block-gallery-1 is-layout-flex wp-block-gallery-is-layout-flex\">\n<figure class=\"wp-block-image size-large\"><img decoding=\"async\" data-id=\"5248\" src=\"https:\/\/www.interflora.it\/blog\/wp-content\/uploads\/rosmarino.jpg\" alt=\"\" class=\"wp-image-5248\"\/><\/figure>\n\n\n\n<figure class=\"wp-block-image size-large\"><img decoding=\"async\" data-id=\"5246\" src=\"https:\/\/www.interflora.it\/blog\/wp-content\/uploads\/piante-di-lavanda.jpg\" alt=\"\" class=\"wp-image-5246\"\/><\/figure>\n\n\n\n<figure class=\"wp-block-image size-large\"><img decoding=\"async\" data-id=\"5247\" src=\"https:\/\/www.interflora.it\/blog\/wp-content\/uploads\/piante-di-alloro.jpg\" alt=\"\" class=\"wp-image-5247\"\/><\/figure>\n<\/figure>\n\n\n\n<div style=\"height:20px\" aria-hidden=\"true\" class=\"wp-block-spacer\"><\/div>\n\n\n\n<p>Le piante aromatiche sono piante facili da coltivare e <strong>non richiedono grandi conoscenze di giardinaggio <\/strong>infatti si manterranno con qualche piccola accortezza come quella di dar loro acqua a sufficienza. In cambio queste piante renderanno il tuo spazio verde, profumato e alcune di loro &#8211; come il rosmarino o l\u2019alloro &#8211; ti offriranno condimenti buonissimi per i tuoi piatti preferiti !&nbsp;<\/p>\n\n\n\n<h2 class=\"wp-block-heading alignwide\"><strong>Piante sempreverdi resistenti per balcone e terrazzo&nbsp;<\/strong><\/h2>\n\n\n\n<p>Un\u2019altra opzione ideale per decorare il proprio spazio esterno con delle piante che non richiedono molta cura e sono resistenti \u00e8 quella di scegliere delle piante sempreverdi perenni. <strong>Le piante sempre verdi <\/strong>hanno la caratteristica, come dice il nome stesso, di non perdere le loro foglie anche durante la stagione pi\u00f9 fredda come l\u2019inverno. Non \u00e8 per\u00f2 il caso di tutte&nbsp; le specie di piante sempreverdi: per esempio, quelle originarie di paesi con temperature calde e umide come la Dipladenia andranno protette durante la stagione pi\u00f9 fredda per evitare che muoiano.<\/p>\n\n\n\n<p>Altri tipi di piante e di mini-albero come il <strong>cipresso in vaso oppure il bosso a palloncino <\/strong>sono molto resistenti anche al freddo dell\u2019inverno e a correnti di vento. Si tratta infatti di piante abbastanza longeve e perenni che non richiedono una cura particolare e sforzi di giardinaggio e rimangono facilmente in salute.<\/p>\n\n\n\n<p>Molte <a href=\"https:\/\/www.interflora.it\/c\/piante\/piante-fiorite\">piante fiorite<\/a> sempreverdi da esterno come <strong>la Dipladenia e la passiflora<\/strong>, coloreranno il giardino, il balcone o il terrazzo con splendidi fiori durante la stagione della fioritura tra la primavera e l\u2019estate.&nbsp;<\/p>\n\n\n\n<figure class=\"wp-block-gallery alignwide has-nested-images columns-default is-cropped wp-block-gallery-2 is-layout-flex wp-block-gallery-is-layout-flex\">\n<figure class=\"wp-block-image size-large\"><img decoding=\"async\" data-id=\"5250\" src=\"https:\/\/www.interflora.it\/blog\/wp-content\/uploads\/bougainvillea-in-vaso.jpg\" alt=\"\" class=\"wp-image-5250\"\/><\/figure>\n\n\n\n<figure class=\"wp-block-image size-large\"><img decoding=\"async\" data-id=\"5249\" src=\"https:\/\/www.interflora.it\/blog\/wp-content\/uploads\/dipladenia-rampicante.jpg\" alt=\"\" class=\"wp-image-5249\"\/><\/figure>\n\n\n\n<figure class=\"wp-block-image size-large\"><img decoding=\"async\" data-id=\"5253\" src=\"https:\/\/www.interflora.it\/blog\/wp-content\/uploads\/Tagetes-erecta-1.jpg\" alt=\"\" class=\"wp-image-5253\"\/><\/figure>\n<\/figure>\n\n\n\n<div style=\"height:20px\" aria-hidden=\"true\" class=\"wp-block-spacer\"><\/div>\n\n\n\n<h2 class=\"wp-block-heading alignwide\"><strong>Piante resistenti da balcone direttamente a casa tua!&nbsp;<\/strong><\/h2>\n\n\n\n<p>Con Interflora non c&#8217;\u00e8 nulla di pi\u00f9 facile. Grazie a questo articolo, gi\u00e0 conosci tutte le principali variet\u00e0 di piante resistenti al vento, al sole, al freddo e in generale ad un cambio rapido di temperatura\u2026 ti rimane solo una cosa da fare: <strong>s<\/strong><strong>cegliere la tua pianta preferita<\/strong> tra quelle disponibili online sul nostro sito e aspettare tranquillamente l\u2019arrivo della tua pianta.&nbsp;<\/p>\n\n\n\n<div style=\"height:20px\" aria-hidden=\"true\" class=\"wp-block-spacer\"><\/div>\n\n\n\n<p>Interflora ti spedisce <strong>le piante e i fiori direttamente a casa tua<\/strong>: in un batter d\u2019occhio il tuo balcone o il tuo terrazzo saranno gi\u00e0 pieni di colori, inebriandoti con un intenso profumo di lavanda o regalandoti meravigliosi agrumi come limoni e arance.&nbsp;<\/p>\n","protected":false},"excerpt":{"rendered":"<p>Non \u00e8 sempre facile scegliere le piante per il balcone o il terrazzo. Prima di decidersi \u00e8 bene informarsi per [&hellip;]<\/p>\n","protected":false},"author":1,"featured_media":33078,"comment_status":"closed","ping_status":"closed","sticky":false,"template":"","format":"standard","meta":{"_uag_custom_page_level_css":"","site-sidebar-layout":"default","site-content-layout":"","ast-site-content-layout":"default","site-content-style":"default","site-sidebar-style":"default","ast-global-header-display":"","ast-banner-title-visibility":"","ast-main-header-display":"","ast-hfb-above-header-display":"","ast-hfb-below-header-display":"","ast-hfb-mobile-header-display":"","site-post-title":"","ast-breadcrumbs-content":"","ast-featured-img":"","footer-sml-layout":"","ast-disable-related-posts":"","theme-transparent-header-meta":"","adv-header-id-meta":"","stick-header-meta":"","header-above-stick-meta":"","header-main-stick-meta":"","header-below-stick-meta":"","astra-migrate-meta-layouts":"default","ast-page-background-enabled":"default","ast-page-background-meta":{"desktop":{"background-color":"var(--ast-global-color-5)","background-image":"","background-repeat":"repeat","background-position":"center center","background-size":"auto","background-attachment":"scroll","background-type":"","background-media":"","overlay-type":"","overlay-color":"","overlay-opacity":"","overlay-gradient":""},"tablet":{"background-color":"","background-image":"","background-repeat":"repeat","background-position":"center center","background-size":"auto","background-attachment":"scroll","background-type":"","background-media":"","overlay-type":"","overlay-color":"","overlay-opacity":"","overlay-gradient":""},"mobile":{"background-color":"","background-image":"","background-repeat":"repeat","background-position":"center center","background-size":"auto","background-attachment":"scroll","background-type":"","background-media":"","overlay-type":"","overlay-color":"","overlay-opacity":"","overlay-gradient":""}},"ast-content-background-meta":{"desktop":{"background-color":"var(--ast-global-color-4)","background-image":"","background-repeat":"repeat","background-position":"center center","background-size":"auto","background-attachment":"scroll","background-type":"","background-media":"","overlay-type":"","overlay-color":"","overlay-opacity":"","overlay-gradient":""},"tablet":{"background-color":"var(--ast-global-color-4)","background-image":"","background-repeat":"repeat","background-position":"center center","background-size":"auto","background-attachment":"scroll","background-type":"","background-media":"","overlay-type":"","overlay-color":"","overlay-opacity":"","overlay-gradient":""},"mobile":{"background-color":"var(--ast-global-color-4)","background-image":"","background-repeat":"repeat","background-position":"center center","background-size":"auto","background-attachment":"scroll","background-type":"","background-media":"","overlay-type":"","overlay-color":"","overlay-opacity":"","overlay-gradient":""}},"footnotes":""},"categories":[165],"tags":[209],"class_list":["post-1629","post","type-post","status-publish","format-standard","has-post-thumbnail","hentry","category-fiori","tag-piante-per-balcone"],"yoast_head":"<!-- This site is optimized with the Yoast SEO plugin v26.4 - https:\/\/yoast.com\/wordpress\/plugins\/seo\/ -->\n<title>Piante resistenti per balcone e giardino | Interflora<\/title>\n<meta name=\"description\" content=\"Scopri con noi quali sono le piante pi\u00f9 resistenti da tenere nel balcone o nel giardino per riempire i tuoi esterni di colori durante tutto l\u2019anno.\" \/>\n<meta name=\"robots\" content=\"index, follow, max-snippet:-1, max-image-preview:large, max-video-preview:-1\" \/>\n<link rel=\"canonical\" href=\"https:\/\/www.interflora.it\/blog\/quali-sono-le-piante-da-balcone-piu-resistenti\/\" \/>\n<meta property=\"og:locale\" content=\"it_IT\" \/>\n<meta property=\"og:type\" content=\"article\" \/>\n<meta property=\"og:title\" content=\"Piante resistenti per balcone e giardino | Interflora\" \/>\n<meta property=\"og:description\" content=\"Scopri con noi quali sono le piante pi\u00f9 resistenti da tenere nel balcone o nel giardino per riempire i tuoi esterni di colori durante tutto l\u2019anno.\" \/>\n<meta property=\"og:url\" content=\"https:\/\/www.interflora.it\/blog\/quali-sono-le-piante-da-balcone-piu-resistenti\/\" \/>\n<meta property=\"og:site_name\" content=\"Il blog di Interflora: consigli, idee e ispirazione per godersi fiori e piante\" \/>\n<meta property=\"article:published_time\" content=\"2023-07-24T07:18:00+00:00\" \/>\n<meta property=\"article:modified_time\" content=\"2025-08-11T14:02:28+00:00\" \/>\n<meta property=\"og:image\" content=\"https:\/\/www.interflora.it\/blog\/wp-content\/uploads\/piante-da-balcone-resistenti.jpg\" \/>\n\t<meta property=\"og:image:width\" content=\"1500\" \/>\n\t<meta property=\"og:image:height\" content=\"300\" \/>\n\t<meta property=\"og:image:type\" content=\"image\/jpeg\" \/>\n<meta name=\"author\" content=\"admin\" \/>\n<meta name=\"twitter:card\" content=\"summary_large_image\" \/>\n<script type=\"application\/ld+json\" class=\"yoast-schema-graph\">{\"@context\":\"https:\/\/schema.org\",\"@graph\":[{\"@type\":\"Article\",\"@id\":\"https:\/\/www.interflora.it\/blog\/quali-sono-le-piante-da-balcone-piu-resistenti\/#article\",\"isPartOf\":{\"@id\":\"https:\/\/www.interflora.it\/blog\/quali-sono-le-piante-da-balcone-piu-resistenti\/\"},\"author\":{\"name\":\"admin\",\"@id\":\"https:\/\/www.interflora.it\/blog\/#\/schema\/person\/dbbd1ad45e05409c356dc639597669f2\"},\"headline\":\"Quali sono le piante da balcone pi\u00f9 resistenti?\u00a0\",\"datePublished\":\"2023-07-24T07:18:00+00:00\",\"dateModified\":\"2025-08-11T14:02:28+00:00\",\"mainEntityOfPage\":{\"@id\":\"https:\/\/www.interflora.it\/blog\/quali-sono-le-piante-da-balcone-piu-resistenti\/\"},\"wordCount\":796,\"publisher\":{\"@id\":\"https:\/\/www.interflora.it\/blog\/#organization\"},\"image\":{\"@id\":\"https:\/\/www.interflora.it\/blog\/quali-sono-le-piante-da-balcone-piu-resistenti\/#primaryimage\"},\"thumbnailUrl\":\"https:\/\/prodblog.interflora.it\/blog\/wp-content\/uploads\/piante-da-balcone-resistenti.jpg\",\"keywords\":[\"Piante per balcone\"],\"articleSection\":[\"Fiori e Piante\"],\"inLanguage\":\"it-IT\"},{\"@type\":\"WebPage\",\"@id\":\"https:\/\/www.interflora.it\/blog\/quali-sono-le-piante-da-balcone-piu-resistenti\/\",\"url\":\"https:\/\/www.interflora.it\/blog\/quali-sono-le-piante-da-balcone-piu-resistenti\/\",\"name\":\"Piante resistenti per balcone e giardino | Interflora\",\"isPartOf\":{\"@id\":\"https:\/\/www.interflora.it\/blog\/#website\"},\"primaryImageOfPage\":{\"@id\":\"https:\/\/www.interflora.it\/blog\/quali-sono-le-piante-da-balcone-piu-resistenti\/#primaryimage\"},\"image\":{\"@id\":\"https:\/\/www.interflora.it\/blog\/quali-sono-le-piante-da-balcone-piu-resistenti\/#primaryimage\"},\"thumbnailUrl\":\"https:\/\/prodblog.interflora.it\/blog\/wp-content\/uploads\/piante-da-balcone-resistenti.jpg\",\"datePublished\":\"2023-07-24T07:18:00+00:00\",\"dateModified\":\"2025-08-11T14:02:28+00:00\",\"description\":\"Scopri con noi quali sono le piante pi\u00f9 resistenti da tenere nel balcone o nel giardino per riempire i tuoi esterni di colori durante tutto l\u2019anno.\",\"breadcrumb\":{\"@id\":\"https:\/\/www.interflora.it\/blog\/quali-sono-le-piante-da-balcone-piu-resistenti\/#breadcrumb\"},\"inLanguage\":\"it-IT\",\"potentialAction\":[{\"@type\":\"ReadAction\",\"target\":[\"https:\/\/www.interflora.it\/blog\/quali-sono-le-piante-da-balcone-piu-resistenti\/\"]}]},{\"@type\":\"ImageObject\",\"inLanguage\":\"it-IT\",\"@id\":\"https:\/\/www.interflora.it\/blog\/quali-sono-le-piante-da-balcone-piu-resistenti\/#primaryimage\",\"url\":\"https:\/\/prodblog.interflora.it\/blog\/wp-content\/uploads\/piante-da-balcone-resistenti.jpg\",\"contentUrl\":\"https:\/\/prodblog.interflora.it\/blog\/wp-content\/uploads\/piante-da-balcone-resistenti.jpg\",\"width\":1500,\"height\":300},{\"@type\":\"BreadcrumbList\",\"@id\":\"https:\/\/www.interflora.it\/blog\/quali-sono-le-piante-da-balcone-piu-resistenti\/#breadcrumb\",\"itemListElement\":[{\"@type\":\"ListItem\",\"position\":1,\"name\":\"Home\",\"item\":\"https:\/\/prodblog.interflora.it\/blog\/\"},{\"@type\":\"ListItem\",\"position\":2,\"name\":\"Quali sono le piante da balcone pi\u00f9 resistenti?\u00a0\"}]},{\"@type\":\"WebSite\",\"@id\":\"https:\/\/www.interflora.it\/blog\/#website\",\"url\":\"https:\/\/www.interflora.it\/blog\/\",\"name\":\"Il blog di Interflora: consigli, idee e ispirazione per godersi fiori e piante\",\"description\":\"\",\"publisher\":{\"@id\":\"https:\/\/www.interflora.it\/blog\/#organization\"},\"potentialAction\":[{\"@type\":\"SearchAction\",\"target\":{\"@type\":\"EntryPoint\",\"urlTemplate\":\"https:\/\/www.interflora.it\/blog\/?s={search_term_string}\"},\"query-input\":{\"@type\":\"PropertyValueSpecification\",\"valueRequired\":true,\"valueName\":\"search_term_string\"}}],\"inLanguage\":\"it-IT\"},{\"@type\":\"Organization\",\"@id\":\"https:\/\/www.interflora.it\/blog\/#organization\",\"name\":\"Il blog di Interflora: consigli, idee e ispirazione per godersi fiori e piante\",\"url\":\"https:\/\/www.interflora.it\/blog\/\",\"logo\":{\"@type\":\"ImageObject\",\"inLanguage\":\"it-IT\",\"@id\":\"https:\/\/www.interflora.it\/blog\/#\/schema\/logo\/image\/\",\"url\":\"https:\/\/prodblog.interflora.it\/blog\/wp-content\/uploads\/2025\/04\/220221_INTERFLORA_Logo_rgb_Half_Circle-e1670413381661.png\",\"contentUrl\":\"https:\/\/prodblog.interflora.it\/blog\/wp-content\/uploads\/2025\/04\/220221_INTERFLORA_Logo_rgb_Half_Circle-e1670413381661.png\",\"width\":1351,\"height\":656,\"caption\":\"Il blog di Interflora: consigli, idee e ispirazione per godersi fiori e piante\"},\"image\":{\"@id\":\"https:\/\/www.interflora.it\/blog\/#\/schema\/logo\/image\/\"}},{\"@type\":\"Person\",\"@id\":\"https:\/\/www.interflora.it\/blog\/#\/schema\/person\/dbbd1ad45e05409c356dc639597669f2\",\"name\":\"admin\",\"image\":{\"@type\":\"ImageObject\",\"inLanguage\":\"it-IT\",\"@id\":\"https:\/\/www.interflora.it\/blog\/#\/schema\/person\/image\/\",\"url\":\"https:\/\/secure.gravatar.com\/avatar\/42ef4147e700c5be2e3fd1dfd99731af107e05f321b9a482783ec3515451fc63?s=96&d=mm&r=g\",\"contentUrl\":\"https:\/\/secure.gravatar.com\/avatar\/42ef4147e700c5be2e3fd1dfd99731af107e05f321b9a482783ec3515451fc63?s=96&d=mm&r=g\",\"caption\":\"admin\"},\"sameAs\":[\"http:\/\/prewww.interflora.se\/blog\"]}]}<\/script>\n<!-- \/ Yoast SEO plugin. -->","yoast_head_json":{"title":"Piante resistenti per balcone e giardino | Interflora","description":"Scopri con noi quali sono le piante pi\u00f9 resistenti da tenere nel balcone o nel giardino per riempire i tuoi esterni di colori durante tutto l\u2019anno.","robots":{"index":"index","follow":"follow","max-snippet":"max-snippet:-1","max-image-preview":"max-image-preview:large","max-video-preview":"max-video-preview:-1"},"canonical":"https:\/\/www.interflora.it\/blog\/quali-sono-le-piante-da-balcone-piu-resistenti\/","og_locale":"it_IT","og_type":"article","og_title":"Piante resistenti per balcone e giardino | Interflora","og_description":"Scopri con noi quali sono le piante pi\u00f9 resistenti da tenere nel balcone o nel giardino per riempire i tuoi esterni di colori durante tutto l\u2019anno.","og_url":"https:\/\/www.interflora.it\/blog\/quali-sono-le-piante-da-balcone-piu-resistenti\/","og_site_name":"Il blog di Interflora: consigli, idee e ispirazione per godersi fiori e piante","article_published_time":"2023-07-24T07:18:00+00:00","article_modified_time":"2025-08-11T14:02:28+00:00","og_image":[{"width":1500,"height":300,"url":"https:\/\/www.interflora.it\/blog\/wp-content\/uploads\/piante-da-balcone-resistenti.jpg","type":"image\/jpeg"}],"author":"admin","twitter_card":"summary_large_image","schema":{"@context":"https:\/\/schema.org","@graph":[{"@type":"Article","@id":"https:\/\/www.interflora.it\/blog\/quali-sono-le-piante-da-balcone-piu-resistenti\/#article","isPartOf":{"@id":"https:\/\/www.interflora.it\/blog\/quali-sono-le-piante-da-balcone-piu-resistenti\/"},"author":{"name":"admin","@id":"https:\/\/www.interflora.it\/blog\/#\/schema\/person\/dbbd1ad45e05409c356dc639597669f2"},"headline":"Quali sono le piante da balcone pi\u00f9 resistenti?\u00a0","datePublished":"2023-07-24T07:18:00+00:00","dateModified":"2025-08-11T14:02:28+00:00","mainEntityOfPage":{"@id":"https:\/\/www.interflora.it\/blog\/quali-sono-le-piante-da-balcone-piu-resistenti\/"},"wordCount":796,"publisher":{"@id":"https:\/\/www.interflora.it\/blog\/#organization"},"image":{"@id":"https:\/\/www.interflora.it\/blog\/quali-sono-le-piante-da-balcone-piu-resistenti\/#primaryimage"},"thumbnailUrl":"https:\/\/prodblog.interflora.it\/blog\/wp-content\/uploads\/piante-da-balcone-resistenti.jpg","keywords":["Piante per balcone"],"articleSection":["Fiori e Piante"],"inLanguage":"it-IT"},{"@type":"WebPage","@id":"https:\/\/www.interflora.it\/blog\/quali-sono-le-piante-da-balcone-piu-resistenti\/","url":"https:\/\/www.interflora.it\/blog\/quali-sono-le-piante-da-balcone-piu-resistenti\/","name":"Piante resistenti per balcone e giardino | Interflora","isPartOf":{"@id":"https:\/\/www.interflora.it\/blog\/#website"},"primaryImageOfPage":{"@id":"https:\/\/www.interflora.it\/blog\/quali-sono-le-piante-da-balcone-piu-resistenti\/#primaryimage"},"image":{"@id":"https:\/\/www.interflora.it\/blog\/quali-sono-le-piante-da-balcone-piu-resistenti\/#primaryimage"},"thumbnailUrl":"https:\/\/prodblog.interflora.it\/blog\/wp-content\/uploads\/piante-da-balcone-resistenti.jpg","datePublished":"2023-07-24T07:18:00+00:00","dateModified":"2025-08-11T14:02:28+00:00","description":"Scopri con noi quali sono le piante pi\u00f9 resistenti da tenere nel balcone o nel giardino per riempire i tuoi esterni di colori durante tutto l\u2019anno.","breadcrumb":{"@id":"https:\/\/www.interflora.it\/blog\/quali-sono-le-piante-da-balcone-piu-resistenti\/#breadcrumb"},"inLanguage":"it-IT","potentialAction":[{"@type":"ReadAction","target":["https:\/\/www.interflora.it\/blog\/quali-sono-le-piante-da-balcone-piu-resistenti\/"]}]},{"@type":"ImageObject","inLanguage":"it-IT","@id":"https:\/\/www.interflora.it\/blog\/quali-sono-le-piante-da-balcone-piu-resistenti\/#primaryimage","url":"https:\/\/prodblog.interflora.it\/blog\/wp-content\/uploads\/piante-da-balcone-resistenti.jpg","contentUrl":"https:\/\/prodblog.interflora.it\/blog\/wp-content\/uploads\/piante-da-balcone-resistenti.jpg","width":1500,"height":300},{"@type":"BreadcrumbList","@id":"https:\/\/www.interflora.it\/blog\/quali-sono-le-piante-da-balcone-piu-resistenti\/#breadcrumb","itemListElement":[{"@type":"ListItem","position":1,"name":"Home","item":"https:\/\/prodblog.interflora.it\/blog\/"},{"@type":"ListItem","position":2,"name":"Quali sono le piante da balcone pi\u00f9 resistenti?\u00a0"}]},{"@type":"WebSite","@id":"https:\/\/www.interflora.it\/blog\/#website","url":"https:\/\/www.interflora.it\/blog\/","name":"Il blog di Interflora: consigli, idee e ispirazione per godersi fiori e piante","description":"","publisher":{"@id":"https:\/\/www.interflora.it\/blog\/#organization"},"potentialAction":[{"@type":"SearchAction","target":{"@type":"EntryPoint","urlTemplate":"https:\/\/www.interflora.it\/blog\/?s={search_term_string}"},"query-input":{"@type":"PropertyValueSpecification","valueRequired":true,"valueName":"search_term_string"}}],"inLanguage":"it-IT"},{"@type":"Organization","@id":"https:\/\/www.interflora.it\/blog\/#organization","name":"Il blog di Interflora: consigli, idee e ispirazione per godersi fiori e piante","url":"https:\/\/www.interflora.it\/blog\/","logo":{"@type":"ImageObject","inLanguage":"it-IT","@id":"https:\/\/www.interflora.it\/blog\/#\/schema\/logo\/image\/","url":"https:\/\/prodblog.interflora.it\/blog\/wp-content\/uploads\/2025\/04\/220221_INTERFLORA_Logo_rgb_Half_Circle-e1670413381661.png","contentUrl":"https:\/\/prodblog.interflora.it\/blog\/wp-content\/uploads\/2025\/04\/220221_INTERFLORA_Logo_rgb_Half_Circle-e1670413381661.png","width":1351,"height":656,"caption":"Il blog di Interflora: consigli, idee e ispirazione per godersi fiori e piante"},"image":{"@id":"https:\/\/www.interflora.it\/blog\/#\/schema\/logo\/image\/"}},{"@type":"Person","@id":"https:\/\/www.interflora.it\/blog\/#\/schema\/person\/dbbd1ad45e05409c356dc639597669f2","name":"admin","image":{"@type":"ImageObject","inLanguage":"it-IT","@id":"https:\/\/www.interflora.it\/blog\/#\/schema\/person\/image\/","url":"https:\/\/secure.gravatar.com\/avatar\/42ef4147e700c5be2e3fd1dfd99731af107e05f321b9a482783ec3515451fc63?s=96&d=mm&r=g","contentUrl":"https:\/\/secure.gravatar.com\/avatar\/42ef4147e700c5be2e3fd1dfd99731af107e05f321b9a482783ec3515451fc63?s=96&d=mm&r=g","caption":"admin"},"sameAs":["http:\/\/prewww.interflora.se\/blog"]}]}},"uagb_featured_image_src":{"full":["https:\/\/prodblog.interflora.it\/blog\/wp-content\/uploads\/piante-da-balcone-resistenti.jpg",1500,300,false],"thumbnail":["https:\/\/prodblog.interflora.it\/blog\/wp-content\/uploads\/piante-da-balcone-resistenti-150x150.jpg",150,150,true],"medium":["https:\/\/prodblog.interflora.it\/blog\/wp-content\/uploads\/piante-da-balcone-resistenti-300x60.jpg",300,60,true],"medium_large":["https:\/\/prodblog.interflora.it\/blog\/wp-content\/uploads\/piante-da-balcone-resistenti-768x154.jpg",768,154,true],"large":["https:\/\/prodblog.interflora.it\/blog\/wp-content\/uploads\/piante-da-balcone-resistenti-1024x205.jpg",1024,205,true],"1536x1536":["https:\/\/prodblog.interflora.it\/blog\/wp-content\/uploads\/piante-da-balcone-resistenti.jpg",1500,300,false],"2048x2048":["https:\/\/prodblog.interflora.it\/blog\/wp-content\/uploads\/piante-da-balcone-resistenti.jpg",1500,300,false]},"uagb_author_info":{"display_name":"admin","author_link":"https:\/\/prodblog.interflora.it\/blog\/author\/admin\/"},"uagb_comment_info":0,"uagb_excerpt":"Non \u00e8 sempre facile scegliere le piante per il balcone o il terrazzo. Prima di decidersi \u00e8 bene informarsi per [&hellip;]","_links":{"self":[{"href":"https:\/\/prodblog.interflora.it\/blog\/wp-json\/wp\/v2\/posts\/1629","targetHints":{"allow":["GET"]}}],"collection":[{"href":"https:\/\/prodblog.interflora.it\/blog\/wp-json\/wp\/v2\/posts"}],"about":[{"href":"https:\/\/prodblog.interflora.it\/blog\/wp-json\/wp\/v2\/types\/post"}],"author":[{"embeddable":true,"href":"https:\/\/prodblog.interflora.it\/blog\/wp-json\/wp\/v2\/users\/1"}],"replies":[{"embeddable":true,"href":"https:\/\/prodblog.interflora.it\/blog\/wp-json\/wp\/v2\/comments?post=1629"}],"version-history":[{"count":0,"href":"https:\/\/prodblog.interflora.it\/blog\/wp-json\/wp\/v2\/posts\/1629\/revisions"}],"wp:featuredmedia":[{"embeddable":true,"href":"https:\/\/prodblog.interflora.it\/blog\/wp-json\/wp\/v2\/media\/33078"}],"wp:attachment":[{"href":"https:\/\/prodblog.interflora.it\/blog\/wp-json\/wp\/v2\/media?parent=1629"}],"wp:term":[{"taxonomy":"category","embeddable":true,"href":"https:\/\/prodblog.interflora.it\/blog\/wp-json\/wp\/v2\/categories?post=1629"},{"taxonomy":"post_tag","embeddable":true,"href":"https:\/\/prodblog.interflora.it\/blog\/wp-json\/wp\/v2\/tags?post=1629"}],"curies":[{"name":"wp","href":"https:\/\/api.w.org\/{rel}","templated":true}]}}