{"id":2219,"date":"2023-09-28T12:46:00","date_gmt":"2023-09-28T10:46:00","guid":{"rendered":"https:\/\/blog.interflora.it\/?p=2219"},"modified":"2025-08-11T16:02:28","modified_gmt":"2025-08-11T14:02:28","slug":"fiori-per-la-festa-di-ognissanti","status":"publish","type":"post","link":"https:\/\/prodblog.interflora.it\/blog\/fiori-per-la-festa-di-ognissanti\/","title":{"rendered":"Fiori per la festa di Ognissanti: cosa regalare il 1 novembre"},"content":{"rendered":"\n<p><span style=\"font-weight: 400;\">Il <\/span><b>giorno di tutti i Santi<\/b><span style=\"font-weight: 400;\">, noto popolarmente anche come <\/span><b>Ognissanti<\/b><span style=\"font-weight: 400;\">, si festeggia il primo novembre, seguito dalla Commemorazione morti il 2. \u00c8 una ricorrenza molto importante per la religione cristiana poich\u00e9 celebra la gloria e l\u2019onore di tutti i santi, anche quelli non canonizzati.<\/span><\/p>\n\n\n\n<figure class=\"wp-block-image aligncenter size-full is-resized\"><img decoding=\"async\" src=\"https:\/\/www.interflora.it\/blog\/wp-content\/uploads\/2022\/09\/fiori-per-tomba.jpg\" alt=\"fiori autunnali in un vaso di cemento\" class=\"wp-image-2076\" style=\"aspect-ratio:16\/9;object-fit:cover;width:600px\" width=\"600\"\/><\/figure>\n\n\n\n<div style=\"height:30px\" aria-hidden=\"true\" class=\"wp-block-spacer\"><\/div>\n\n\n\n<h2 class=\"wp-block-heading alignwide\"><span style=\"font-weight: 400;\">Origini e significato della festa di Ognissanti<\/span><\/h2>\n\n\n\n<p><span style=\"font-weight: 400;\">La storia di questa antica festa \u00e8 ricca di curiosit\u00e0 e vicissitudini e ancora oggi \u00e8 una ricorrenza celebrata in tutti gli angoli del mondo.&nbsp;<\/span><\/p>\n\n\n\n<p><span style=\"font-weight: 400;\">Le origini e il significato della festa di Ognissanti sono molto antiche e si fondono con la cultura delle popolazioni celtiche.&nbsp;<\/span><\/p>\n\n\n\n<p><span style=\"font-weight: 400;\">In Italia, la tradizione consiste nel trascorrere la giornata del 1 novembre per visitare i propri cari defunti portando i fiori sulle loro tombe.<\/span><\/p>\n\n\n<div class=\"lp-produits-grid\"><div class=\"lp-produit\"><div class=\"lp-thumbnail-wrapper\"><img loading=\"lazy\" decoding=\"async\" width=\"300\" height=\"300\" src=\"https:\/\/prodblog.interflora.it\/blog\/wp-content\/uploads\/2025\/04\/1740570425-serena-key-300x300.jpg\" class=\"attachment-medium size-medium wp-post-image\" alt=\"\" srcset=\"https:\/\/prodblog.interflora.it\/blog\/wp-content\/uploads\/2025\/04\/1740570425-serena-key-300x300.jpg 300w, https:\/\/prodblog.interflora.it\/blog\/wp-content\/uploads\/2025\/04\/1740570425-serena-key-1024x1024.jpg 1024w, https:\/\/prodblog.interflora.it\/blog\/wp-content\/uploads\/2025\/04\/1740570425-serena-key-150x150.jpg 150w, https:\/\/prodblog.interflora.it\/blog\/wp-content\/uploads\/2025\/04\/1740570425-serena-key-768x768.jpg 768w, https:\/\/prodblog.interflora.it\/blog\/wp-content\/uploads\/2025\/04\/1740570425-serena-key-1536x1536.jpg 1536w, https:\/\/prodblog.interflora.it\/blog\/wp-content\/uploads\/2025\/04\/1740570425-serena-key.jpg 2048w\" sizes=\"auto, (max-width: 300px) 100vw, 300px\" \/><img decoding=\"async\" class=\"lp-badge\" src=\"https:\/\/www.interflora.it\/blog\/wp-content\/uploads\/cropped-cropped-220221_INTERFLORA_Logo_rgb_Social_Media.png\" alt=\"Consegna in giornata\"><\/div><span>Grazie di Cuore<\/span><p>29.99 \u20ac<\/p><span class=\"obf-link lp-cta\" role=\"link\" tabindex=\"0\" data-b64=\"aHR0cHM6Ly93d3cuaW50ZXJmbG9yYS5pdC9wL3NlcmVuYS8xP3V0bV9tZWRpdW09b3JnYW5pYyZ1dG1fc291cmNlPWJsb2dfcHJvZHVjdHMmdXRtX2NhbXBhaWduPUZGMTM3\" data-target=\"_blank\"><svg xmlns=\"http:\/\/www.w3.org\/2000\/svg\" width=\"16\" height=\"16\" fill=\"currentColor\" class=\"bi bi-bag\" viewBox=\"0 0 16 16\"><path d=\"M8 1a2 2 0 0 1 2 2v1h2.5A1.5 1.5 0 0 1 14 5.5v8A1.5 1.5 0 0 1 12.5 15h-9A1.5 1.5 0 0 1 2 13.5v-8A1.5 1.5 0 0 1 3.5 3H6V2a2 2 0 0 1 2-1zm1 3V3a1 1 0 0 0-2 0v1h2z\"\/><\/svg>Scopri di pi\u00f9<\/span><p class=\"rapido\">Consegna rapida<\/p><\/div><div class=\"lp-produit\"><div class=\"lp-thumbnail-wrapper\"><img loading=\"lazy\" decoding=\"async\" width=\"300\" height=\"300\" src=\"https:\/\/prodblog.interflora.it\/blog\/wp-content\/uploads\/2025\/08\/1753185326-rf045-deco-300x300.jpg\" class=\"attachment-medium size-medium wp-post-image\" alt=\"\" srcset=\"https:\/\/prodblog.interflora.it\/blog\/wp-content\/uploads\/2025\/08\/1753185326-rf045-deco-300x300.jpg 300w, https:\/\/prodblog.interflora.it\/blog\/wp-content\/uploads\/2025\/08\/1753185326-rf045-deco-1024x1024.jpg 1024w, https:\/\/prodblog.interflora.it\/blog\/wp-content\/uploads\/2025\/08\/1753185326-rf045-deco-150x150.jpg 150w, https:\/\/prodblog.interflora.it\/blog\/wp-content\/uploads\/2025\/08\/1753185326-rf045-deco-768x768.jpg 768w, https:\/\/prodblog.interflora.it\/blog\/wp-content\/uploads\/2025\/08\/1753185326-rf045-deco-1536x1536.jpg 1536w, https:\/\/prodblog.interflora.it\/blog\/wp-content\/uploads\/2025\/08\/1753185326-rf045-deco-2048x2048.jpg 2048w\" sizes=\"auto, (max-width: 300px) 100vw, 300px\" \/><img decoding=\"async\" class=\"lp-badge\" src=\"https:\/\/www.interflora.it\/blog\/wp-content\/uploads\/cropped-cropped-220221_INTERFLORA_Logo_rgb_Social_Media.png\" alt=\"Consegna in giornata\"><\/div><span>Rugiada<\/span><p>69.99 \u20ac<\/p><span class=\"obf-link lp-cta\" role=\"link\" tabindex=\"0\" data-b64=\"aHR0cHM6Ly93d3cuaW50ZXJmbG9yYS5pdC9wL3J1Z2lhZGEvMT91dG1fbWVkaXVtPW9yZ2FuaWMmdXRtX3NvdXJjZT1ibG9nX3Byb2R1Y3RzJnV0bV9jYW1wYWlnbj1SRjA0NQ==\" data-target=\"_blank\"><svg xmlns=\"http:\/\/www.w3.org\/2000\/svg\" width=\"16\" height=\"16\" fill=\"currentColor\" class=\"bi bi-bag\" viewBox=\"0 0 16 16\"><path d=\"M8 1a2 2 0 0 1 2 2v1h2.5A1.5 1.5 0 0 1 14 5.5v8A1.5 1.5 0 0 1 12.5 15h-9A1.5 1.5 0 0 1 2 13.5v-8A1.5 1.5 0 0 1 3.5 3H6V2a2 2 0 0 1 2-1zm1 3V3a1 1 0 0 0-2 0v1h2z\"\/><\/svg>Scopri di pi\u00f9<\/span><p class=\"rapido\">Best seller<\/p><\/div><div class=\"lp-produit\"><div class=\"lp-thumbnail-wrapper\"><img loading=\"lazy\" decoding=\"async\" width=\"300\" height=\"300\" src=\"https:\/\/prodblog.interflora.it\/blog\/wp-content\/uploads\/2025\/08\/1753178062-rf043-model-300x300.jpg\" class=\"attachment-medium size-medium wp-post-image\" alt=\"\" srcset=\"https:\/\/prodblog.interflora.it\/blog\/wp-content\/uploads\/2025\/08\/1753178062-rf043-model-300x300.jpg 300w, https:\/\/prodblog.interflora.it\/blog\/wp-content\/uploads\/2025\/08\/1753178062-rf043-model-1024x1024.jpg 1024w, https:\/\/prodblog.interflora.it\/blog\/wp-content\/uploads\/2025\/08\/1753178062-rf043-model-150x150.jpg 150w, https:\/\/prodblog.interflora.it\/blog\/wp-content\/uploads\/2025\/08\/1753178062-rf043-model-768x768.jpg 768w, https:\/\/prodblog.interflora.it\/blog\/wp-content\/uploads\/2025\/08\/1753178062-rf043-model-1536x1536.jpg 1536w, https:\/\/prodblog.interflora.it\/blog\/wp-content\/uploads\/2025\/08\/1753178062-rf043-model-2048x2048.jpg 2048w\" sizes=\"auto, (max-width: 300px) 100vw, 300px\" \/><img decoding=\"async\" class=\"lp-badge\" src=\"https:\/\/www.interflora.it\/blog\/wp-content\/uploads\/cropped-cropped-220221_INTERFLORA_Logo_rgb_Social_Media.png\" alt=\"Consegna in giornata\"><\/div><span>Perdonami<\/span><p>64.99 \u20ac<\/p><span class=\"obf-link lp-cta\" role=\"link\" tabindex=\"0\" data-b64=\"aHR0cHM6Ly93d3cuaW50ZXJmbG9yYS5pdC9wL2R1ZS1jdW9yaS8xP3V0bV9tZWRpdW09b3JnYW5pYyZ1dG1fc291cmNlPWJsb2dfcHJvZHVjdHMmdXRtX2NhbXBhaWduPVJGMDQz\" data-target=\"_blank\"><svg xmlns=\"http:\/\/www.w3.org\/2000\/svg\" width=\"16\" height=\"16\" fill=\"currentColor\" class=\"bi bi-bag\" viewBox=\"0 0 16 16\"><path d=\"M8 1a2 2 0 0 1 2 2v1h2.5A1.5 1.5 0 0 1 14 5.5v8A1.5 1.5 0 0 1 12.5 15h-9A1.5 1.5 0 0 1 2 13.5v-8A1.5 1.5 0 0 1 3.5 3H6V2a2 2 0 0 1 2-1zm1 3V3a1 1 0 0 0-2 0v1h2z\"\/><\/svg>Scopri di pi\u00f9<\/span><p class=\"rapido\">Servizio clienti sempre disponibile<\/p><\/div><div class=\"lp-produit\"><div class=\"lp-thumbnail-wrapper\"><img loading=\"lazy\" decoding=\"async\" width=\"300\" height=\"300\" src=\"https:\/\/prodblog.interflora.it\/blog\/wp-content\/uploads\/2025\/07\/1750403902-ff151-deco-300x300.jpg\" class=\"attachment-medium size-medium wp-post-image\" alt=\"\" srcset=\"https:\/\/prodblog.interflora.it\/blog\/wp-content\/uploads\/2025\/07\/1750403902-ff151-deco-300x300.jpg 300w, https:\/\/prodblog.interflora.it\/blog\/wp-content\/uploads\/2025\/07\/1750403902-ff151-deco-1024x1024.jpg 1024w, https:\/\/prodblog.interflora.it\/blog\/wp-content\/uploads\/2025\/07\/1750403902-ff151-deco-150x150.jpg 150w, https:\/\/prodblog.interflora.it\/blog\/wp-content\/uploads\/2025\/07\/1750403902-ff151-deco-768x768.jpg 768w, https:\/\/prodblog.interflora.it\/blog\/wp-content\/uploads\/2025\/07\/1750403902-ff151-deco-1536x1536.jpg 1536w, https:\/\/prodblog.interflora.it\/blog\/wp-content\/uploads\/2025\/07\/1750403902-ff151-deco-2048x2048.jpg 2048w\" sizes=\"auto, (max-width: 300px) 100vw, 300px\" \/><img decoding=\"async\" class=\"lp-badge\" src=\"https:\/\/www.interflora.it\/blog\/wp-content\/uploads\/cropped-cropped-220221_INTERFLORA_Logo_rgb_Social_Media.png\" alt=\"Consegna in giornata\"><\/div><span>Tanti auguri mamma<\/span><p>44.99 \u20ac<\/p><span class=\"obf-link lp-cta\" role=\"link\" tabindex=\"0\" data-b64=\"aHR0cHM6Ly93d3cuaW50ZXJmbG9yYS5pdC9wL3RhbnRpLWF1Z3VyaS8xP3V0bV9tZWRpdW09b3JnYW5pYyZ1dG1fc291cmNlPWJsb2dfcHJvZHVjdHMmdXRtX2NhbXBhaWduPUZGMTUx\" data-target=\"_blank\"><svg xmlns=\"http:\/\/www.w3.org\/2000\/svg\" width=\"16\" height=\"16\" fill=\"currentColor\" class=\"bi bi-bag\" viewBox=\"0 0 16 16\"><path d=\"M8 1a2 2 0 0 1 2 2v1h2.5A1.5 1.5 0 0 1 14 5.5v8A1.5 1.5 0 0 1 12.5 15h-9A1.5 1.5 0 0 1 2 13.5v-8A1.5 1.5 0 0 1 3.5 3H6V2a2 2 0 0 1 2-1zm1 3V3a1 1 0 0 0-2 0v1h2z\"\/><\/svg>Scopri di pi\u00f9<\/span><p class=\"rapido\">Best seller<\/p><\/div><\/div>\n\n\n\n<div style=\"height:30px\" aria-hidden=\"true\" class=\"wp-block-spacer\"><\/div>\n\n\n\n<h2 class=\"wp-block-heading alignwide\"><span style=\"font-weight: 400;\">Che fiori si usano per i morti? Fiori per la tomba<\/span><\/h2>\n\n\n\n<p><span style=\"font-weight: 400;\">I fiori, proprio per il loro linguaggio eterno, sono da sempre considerati il modo migliore per sentirsi pi\u00f9 vicini a coloro che non ci sono pi\u00f9.<\/span><\/p>\n\n\n\n<p><span style=\"font-weight: 400;\">Molte persone tendono a decorare le tombe con fiori freschi e piante originali per rendere l\u2019area pi\u00f9 colorata e commemorare la vita di qualcuno nonch\u00e9 un legame che non sparir\u00e0 mai.&nbsp;<\/span><\/p>\n\n\n\n<p><span style=\"font-weight: 400;\">Ogni omaggio \u00e8 espressione di amore e memoria, ma vi sono alcune piante in particolare che non richiedono troppe cure e risultano essere pi\u00f9 appropriate.<\/span><\/p>\n\n\n\n<p><span style=\"font-weight: 400;\">Le piante perenni per cimitero sono le pi\u00f9 adatte come <\/span><a href=\" https:\/\/www.interflora.it\/blog\/quali-fiori-scegliere-per-una-tomba\/\">fiori per la tomba<\/a> <span style=\"font-weight: 400;\">dei nostri cari perch\u00e9 crescono autonomamente una volta piantate e non necessitano di manutenzione e molta cura, permettendo cos\u00ec di dare vita a un ambiente sempre fiorito.&nbsp;<\/span><\/p>\n\n\n\n<p><span style=\"font-weight: 400;\">Tuttavia, nonostante la resistenza al freddo e al caldo, nessuna pianta pu\u00f2 essere lasciata completamente sola, specialmente in estate, a meno che non sia autoctona.<\/span><\/p>\n\n\n\n<p><span style=\"font-weight: 400;\">Generalmente i<\/span><b> fiori che si usano per i morti<\/b><span style=\"font-weight: 400;\">, sia in un funerale sia nel giorno di tutti i Santi, sono le rose, i gigli, i lilium, i crisantemi, le gerbere. Vediamoli meglio.<\/span><\/p>\n\n\n\n<figure class=\"wp-block-image aligncenter size-full is-resized\"><img loading=\"lazy\" decoding=\"async\" src=\"https:\/\/www.interflora.it\/blog\/wp-content\/uploads\/I-fiori-piu-adatti-per-il-funerale-di-un-uomo.jpg\" alt=\"\" class=\"wp-image-3713\" style=\"object-fit:cover;width:600px;height:338px\" width=\"600\" height=\"338\"\/><\/figure>\n\n\n\n<div style=\"height:30px\" aria-hidden=\"true\" class=\"wp-block-spacer\"><\/div>\n\n\n\n<h2 class=\"wp-block-heading alignwide\"><span style=\"font-weight: 400;\">Fiori e Piante per il cimitero che durano<\/span><\/h2>\n\n\n\n<p><span style=\"font-weight: 400;\">Tra <\/span><a href=\" https:\/\/www.interflora.it\/blog\/fiori-piante-per-cimitero-che-durano\/\">Fiori e Piante per il cimitero che durano<\/a><span style=\"font-weight: 400;\"> spiccano su tutti i <\/span>crisantemi <span style=\"font-weight: 400;\">e i <\/span>garofani<span style=\"font-weight: 400;\">, molto resistenti alle condizioni atmosferiche esterne ma, altrettanto validi sono i ciclamini, la viola del pensiero e l&#8217;erica. Si tratta di fiori e piante longevi, soprattutto nei mesi invernali.<\/span><\/p>\n\n\n\n<p><span style=\"font-weight: 400;\">Per il loro significato e la loro bellezza, tra i <\/span><b>fiori per le tombe<\/b><span style=\"font-weight: 400;\"> ci sono anche le margherite, le rose, le orchidee, i girasoli, i mughetti, i non ti scordar di me e i gigli. Tuttavia, non sono i fiori pi\u00f9 resistenti. <\/span><span style=\"font-weight: 400;\"><br><\/span><span style=\"font-weight: 400;\"><br><\/span><span style=\"font-weight: 400;\">Il garofano \u00e8 simbolo di virt\u00f9 e nobilt\u00e0 d\u2019animo, l\u2019orchidea augura amore e felicit\u00e0 eterna al defunto, i ciclamini simboleggiano l&#8217;allontanamento di eventi malefici o nefasti ma anche la stessa rosa, classica ed intramontabile, \u00e8 simbolo di affetto profondo ed immutabile.<\/span><\/p>\n\n\n\n<p><span style=\"font-weight: 400;\">Tra tutti questi, il fiore usato maggiormente per adornare le tombe dei propri cari e commemorarli \u00e8 il <\/span><a href=\" https:\/\/www.interflora.it\/blog\/crisantemi-cura-e-significato\/\">Crisantemo<\/a><span style=\"font-weight: 400;\">.&nbsp;<\/span><\/p>\n\n\n\n<figure class=\"wp-block-image aligncenter size-full is-resized\"><img decoding=\"async\" src=\"https:\/\/www.interflora.it\/blog\/wp-content\/uploads\/2022\/09\/piante-e-fiori-che-durano-per-il-cimitero-1.jpg\" alt=\"piante e fiori che durano per il cimitero\" class=\"wp-image-2170\" style=\"aspect-ratio:16\/9;object-fit:cover;width:600px\" width=\"600\"\/><\/figure>\n\n\n\n<div style=\"height:30px\" aria-hidden=\"true\" class=\"wp-block-spacer\"><\/div>\n\n\n\n<h2 class=\"wp-block-heading alignwide\"><span style=\"font-weight: 400;\">Fiori per 1 novembre: i Crisantemi&nbsp;<\/span><\/h2>\n\n\n\n<p><span style=\"font-weight: 400;\">Non solo per la loro resistenza, ma anche per il loro significato, i crisantemi sono i fiori perfetti per la festa di Ognissanti, la festa dei morti, che avviene proprio in coincidenza con la fioritura di questi splendidi fiori. Con una fioritura persistente anche in autunno, sono legati ai defunti e associati al lutto.&nbsp;<\/span><\/p>\n\n\n\n<p><span style=\"font-weight: 400;\">La scelta \u00e8 ampia perch\u00e9 \u00e8 resistente a tutte le temperature e presenta diverse colorazioni: bellissimo e dai colori smaglianti le colorazioni del crisantemo variano dal bianco al giallo, verde, arancione e rame fino al rosso, rosa, fucsia e bordeaux diffondendo il buon umore persino nelle giornate di nebbia.<\/span><\/p>\n\n\n\n<p><span style=\"font-weight: 400;\">Una curiosit\u00e0: solo in Italia i crisantemi vengono portati ai defunti e sono associati a un significato triste mentre in Inghilterra e nei paesi orientali sono considerati una fioritura gioiosa.<\/span><\/p>\n\n\n\n<figure class=\"wp-block-gallery alignwide has-nested-images columns-4 is-cropped wp-block-gallery-1 is-layout-flex wp-block-gallery-is-layout-flex\">\n<figure class=\"wp-block-image size-large\"><img decoding=\"async\" data-id=\"2084\" src=\"https:\/\/www.interflora.it\/blog\/wp-content\/uploads\/2022\/09\/primo-piano-cespuglio-di-crisantemi-rosa.jpg\" alt=\"primo piano cespuglio di crisantemi viola\" class=\"wp-image-2084\" style=\"aspect-ratio:1;object-fit:cover\"\/><\/figure>\n\n\n\n<figure class=\"wp-block-image size-large\"><img decoding=\"async\" data-id=\"2039\" src=\"https:\/\/www.interflora.it\/blog\/wp-content\/uploads\/2022\/09\/piante-e-fiori-per-cimitero-che-durano-crisantemi.jpg\" alt=\"crisantemi\" class=\"wp-image-2039\" style=\"aspect-ratio:1;object-fit:cover\"\/><\/figure>\n\n\n\n<figure class=\"wp-block-image size-large\"><img decoding=\"async\" data-id=\"2077\" src=\"https:\/\/www.interflora.it\/blog\/wp-content\/uploads\/2022\/09\/crisantemo-fiori-per-tomba.jpg\" alt=\"primo piano cespuglio di crisantemi per cimitero\" class=\"wp-image-2077\" style=\"object-fit:cover\"\/><\/figure>\n<\/figure>\n\n\n\n<div style=\"height:30px\" aria-hidden=\"true\" class=\"wp-block-spacer\"><\/div>\n\n\n\n<h2 class=\"wp-block-heading alignwide\"><span style=\"font-weight: 400;\">Come prendersi cura dei Crisantemi<\/span><\/h2>\n\n\n\n<p><span style=\"font-weight: 400;\">Il crisantemo ama l&#8217;acqua e il terreno umido. Per questo quando il clima \u00e8 secco e asciutto, come in estate, potrebbe essere necessario annaffiarlo anche tutti i giorni e collocarlo all&#8217;ombra. Bisogna inoltre fare attenzione ai ristagni idrici che potrebbero far marcire le radici nonch\u00e9 accertarsi che il terriccio sia ben asciutto prima di procedere con l&#8217;irrigazione.<\/span><\/p>\n\n\n\n<p><span style=\"font-weight: 400;\">La temperatura ideale per il crisantemo \u00e8 tra i 15 e i 25\u00b0C e durante i mesi invernali resiste bene a temperature fino ai 4\u00b0C.<\/span><span style=\"font-weight: 400;\"><br><\/span><\/p>\n\n\n\n<p><span style=\"font-weight: 400;\">Per fare durare pi\u00f9 a lungo i crisantemi si consiglia di cambiare l\u2019acqua nei vasi ogni due o tre giorni e di tagliare il gambo dei fiori.<\/span><\/p>\n\n\n\n<h3 class=\"wp-block-heading alignwide\"><span style=\"font-weight: 400;\">Interflora: consegna fiori per la festa di Ognissanti a domicilio<\/span><\/h3>\n\n\n\n<p><span style=\"font-weight: 400;\">La maggior parte delle persone per la festa dei morti sceglie vasi o bouquet di crisantemi e di ciclamini, anche se nulla vieta di regalare altri tipi di fiori.<\/span><span style=\"font-weight: 400;\"><br><\/span><span style=\"font-weight: 400;\"><br><\/span><span style=\"font-weight: 400;\">Con noi di Interflora \u00e8 possibile inviare o ricevere una composizione di fiori a domicilio. E se le persone che hanno perso un parente caro a cui volete inviare un pensiero vivono in un\u2019altra citt\u00e0 o perfino in un altro Paese, nulla vi impedisce di inviare loro un cesto floreale o un bouquet.<\/span><\/p>\n\n\n<div class=\"lp-produits-grid\"><div class=\"lp-produit\"><div class=\"lp-thumbnail-wrapper\"><img loading=\"lazy\" decoding=\"async\" width=\"300\" height=\"300\" src=\"https:\/\/prodblog.interflora.it\/blog\/wp-content\/uploads\/2025\/04\/1734514274-pf002-orchidea-bianca-zoom-key-300x300.jpg\" class=\"attachment-medium size-medium wp-post-image\" alt=\"\" srcset=\"https:\/\/prodblog.interflora.it\/blog\/wp-content\/uploads\/2025\/04\/1734514274-pf002-orchidea-bianca-zoom-key-300x300.jpg 300w, https:\/\/prodblog.interflora.it\/blog\/wp-content\/uploads\/2025\/04\/1734514274-pf002-orchidea-bianca-zoom-key-1024x1024.jpg 1024w, https:\/\/prodblog.interflora.it\/blog\/wp-content\/uploads\/2025\/04\/1734514274-pf002-orchidea-bianca-zoom-key-150x150.jpg 150w, https:\/\/prodblog.interflora.it\/blog\/wp-content\/uploads\/2025\/04\/1734514274-pf002-orchidea-bianca-zoom-key-768x768.jpg 768w, https:\/\/prodblog.interflora.it\/blog\/wp-content\/uploads\/2025\/04\/1734514274-pf002-orchidea-bianca-zoom-key-1536x1536.jpg 1536w, https:\/\/prodblog.interflora.it\/blog\/wp-content\/uploads\/2025\/04\/1734514274-pf002-orchidea-bianca-zoom-key.jpg 1800w\" sizes=\"auto, (max-width: 300px) 100vw, 300px\" \/><img decoding=\"async\" class=\"lp-badge\" src=\"https:\/\/www.interflora.it\/blog\/wp-content\/uploads\/cropped-cropped-220221_INTERFLORA_Logo_rgb_Social_Media.png\" alt=\"Consegna in giornata\"><\/div><span>Orchidea Bianca<\/span><p>49.99 \u20ac<\/p><span class=\"obf-link lp-cta\" role=\"link\" tabindex=\"0\" data-b64=\"aHR0cHM6Ly93d3cuaW50ZXJmbG9yYS5pdC9wL29yY2hpZGVhLWJpYW5jYS8xP3V0bV9tZWRpdW09b3JnYW5pYyZ1dG1fc291cmNlPWJsb2dfcHJvZHVjdHMmdXRtX2NhbXBhaWduPVAwMDI=\" data-target=\"_blank\"><svg xmlns=\"http:\/\/www.w3.org\/2000\/svg\" width=\"16\" height=\"16\" fill=\"currentColor\" class=\"bi bi-bag\" viewBox=\"0 0 16 16\"><path d=\"M8 1a2 2 0 0 1 2 2v1h2.5A1.5 1.5 0 0 1 14 5.5v8A1.5 1.5 0 0 1 12.5 15h-9A1.5 1.5 0 0 1 2 13.5v-8A1.5 1.5 0 0 1 3.5 3H6V2a2 2 0 0 1 2-1zm1 3V3a1 1 0 0 0-2 0v1h2z\"\/><\/svg>Scopri di pi\u00f9<\/span><p class=\"rapido\">Servizio clienti sempre disponibile<\/p><\/div><div class=\"lp-produit\"><div class=\"lp-thumbnail-wrapper\"><img loading=\"lazy\" decoding=\"async\" width=\"300\" height=\"300\" src=\"https:\/\/prodblog.interflora.it\/blog\/wp-content\/uploads\/2025\/04\/1740570425-serena-key-300x300.jpg\" class=\"attachment-medium size-medium wp-post-image\" alt=\"\" srcset=\"https:\/\/prodblog.interflora.it\/blog\/wp-content\/uploads\/2025\/04\/1740570425-serena-key-300x300.jpg 300w, https:\/\/prodblog.interflora.it\/blog\/wp-content\/uploads\/2025\/04\/1740570425-serena-key-1024x1024.jpg 1024w, https:\/\/prodblog.interflora.it\/blog\/wp-content\/uploads\/2025\/04\/1740570425-serena-key-150x150.jpg 150w, https:\/\/prodblog.interflora.it\/blog\/wp-content\/uploads\/2025\/04\/1740570425-serena-key-768x768.jpg 768w, https:\/\/prodblog.interflora.it\/blog\/wp-content\/uploads\/2025\/04\/1740570425-serena-key-1536x1536.jpg 1536w, https:\/\/prodblog.interflora.it\/blog\/wp-content\/uploads\/2025\/04\/1740570425-serena-key.jpg 2048w\" sizes=\"auto, (max-width: 300px) 100vw, 300px\" \/><img decoding=\"async\" class=\"lp-badge\" src=\"https:\/\/www.interflora.it\/blog\/wp-content\/uploads\/cropped-cropped-220221_INTERFLORA_Logo_rgb_Social_Media.png\" alt=\"Consegna in giornata\"><\/div><span>Grazie di Cuore<\/span><p>29.99 \u20ac<\/p><span class=\"obf-link lp-cta\" role=\"link\" tabindex=\"0\" data-b64=\"aHR0cHM6Ly93d3cuaW50ZXJmbG9yYS5pdC9wL3NlcmVuYS8xP3V0bV9tZWRpdW09b3JnYW5pYyZ1dG1fc291cmNlPWJsb2dfcHJvZHVjdHMmdXRtX2NhbXBhaWduPUZGMTM3\" data-target=\"_blank\"><svg xmlns=\"http:\/\/www.w3.org\/2000\/svg\" width=\"16\" height=\"16\" fill=\"currentColor\" class=\"bi bi-bag\" viewBox=\"0 0 16 16\"><path d=\"M8 1a2 2 0 0 1 2 2v1h2.5A1.5 1.5 0 0 1 14 5.5v8A1.5 1.5 0 0 1 12.5 15h-9A1.5 1.5 0 0 1 2 13.5v-8A1.5 1.5 0 0 1 3.5 3H6V2a2 2 0 0 1 2-1zm1 3V3a1 1 0 0 0-2 0v1h2z\"\/><\/svg>Scopri di pi\u00f9<\/span><p class=\"rapido\">Servizio clienti sempre disponibile<\/p><\/div><div class=\"lp-produit\"><div class=\"lp-thumbnail-wrapper\"><img loading=\"lazy\" decoding=\"async\" width=\"300\" height=\"300\" src=\"https:\/\/prodblog.interflora.it\/blog\/wp-content\/uploads\/2025\/04\/1705044947-deco_tempus-r-300x300.jpg\" class=\"attachment-medium size-medium wp-post-image\" alt=\"\" srcset=\"https:\/\/prodblog.interflora.it\/blog\/wp-content\/uploads\/2025\/04\/1705044947-deco_tempus-r-300x300.jpg 300w, https:\/\/prodblog.interflora.it\/blog\/wp-content\/uploads\/2025\/04\/1705044947-deco_tempus-r-1024x1024.jpg 1024w, https:\/\/prodblog.interflora.it\/blog\/wp-content\/uploads\/2025\/04\/1705044947-deco_tempus-r-150x150.jpg 150w, https:\/\/prodblog.interflora.it\/blog\/wp-content\/uploads\/2025\/04\/1705044947-deco_tempus-r-768x768.jpg 768w, https:\/\/prodblog.interflora.it\/blog\/wp-content\/uploads\/2025\/04\/1705044947-deco_tempus-r.jpg 1400w\" sizes=\"auto, (max-width: 300px) 100vw, 300px\" \/><img decoding=\"async\" class=\"lp-badge\" src=\"https:\/\/www.interflora.it\/blog\/wp-content\/uploads\/cropped-cropped-220221_INTERFLORA_Logo_rgb_Social_Media.png\" alt=\"Consegna in giornata\"><\/div><span>Musa<\/span><p>39.99 \u20ac<\/p><span class=\"obf-link lp-cta\" role=\"link\" tabindex=\"0\" data-b64=\"aHR0cHM6Ly93d3cuaW50ZXJmbG9yYS5pdC9wL2VyYS8xP3V0bV9tZWRpdW09b3JnYW5pYyZ1dG1fc291cmNlPWJsb2dfcHJvZHVjdHMmdXRtX2NhbXBhaWduPUJNNDk1\" data-target=\"_blank\"><svg xmlns=\"http:\/\/www.w3.org\/2000\/svg\" width=\"16\" height=\"16\" fill=\"currentColor\" class=\"bi bi-bag\" viewBox=\"0 0 16 16\"><path d=\"M8 1a2 2 0 0 1 2 2v1h2.5A1.5 1.5 0 0 1 14 5.5v8A1.5 1.5 0 0 1 12.5 15h-9A1.5 1.5 0 0 1 2 13.5v-8A1.5 1.5 0 0 1 3.5 3H6V2a2 2 0 0 1 2-1zm1 3V3a1 1 0 0 0-2 0v1h2z\"\/><\/svg>Scopri di pi\u00f9<\/span><p class=\"rapido\">Best seller<\/p><\/div><div class=\"lp-produit\"><div class=\"lp-thumbnail-wrapper\"><img loading=\"lazy\" decoding=\"async\" width=\"300\" height=\"300\" src=\"https:\/\/prodblog.interflora.it\/blog\/wp-content\/uploads\/2025\/04\/1726480180-comedincanto-hd-1-300x300.jpg\" class=\"attachment-medium size-medium wp-post-image\" alt=\"\" srcset=\"https:\/\/prodblog.interflora.it\/blog\/wp-content\/uploads\/2025\/04\/1726480180-comedincanto-hd-1-300x300.jpg 300w, https:\/\/prodblog.interflora.it\/blog\/wp-content\/uploads\/2025\/04\/1726480180-comedincanto-hd-1-1024x1024.jpg 1024w, https:\/\/prodblog.interflora.it\/blog\/wp-content\/uploads\/2025\/04\/1726480180-comedincanto-hd-1-150x150.jpg 150w, https:\/\/prodblog.interflora.it\/blog\/wp-content\/uploads\/2025\/04\/1726480180-comedincanto-hd-1-768x768.jpg 768w, https:\/\/prodblog.interflora.it\/blog\/wp-content\/uploads\/2025\/04\/1726480180-comedincanto-hd-1-1536x1536.jpg 1536w, https:\/\/prodblog.interflora.it\/blog\/wp-content\/uploads\/2025\/04\/1726480180-comedincanto-hd-1-2048x2048.jpg 2048w\" sizes=\"auto, (max-width: 300px) 100vw, 300px\" \/><img decoding=\"async\" class=\"lp-badge\" src=\"https:\/\/www.interflora.it\/blog\/wp-content\/uploads\/cropped-cropped-220221_INTERFLORA_Logo_rgb_Social_Media.png\" alt=\"Consegna in giornata\"><\/div><span>Come d&#8217;Incanto<\/span><p>54.99 \u20ac<\/p><span class=\"obf-link lp-cta\" role=\"link\" tabindex=\"0\" data-b64=\"aHR0cHM6Ly93d3cuaW50ZXJmbG9yYS5pdC9wL2NvbWUtZGluY2FudG8vMT91dG1fbWVkaXVtPW9yZ2FuaWMmdXRtX3NvdXJjZT1ibG9nX3Byb2R1Y3RzJnV0bV9jYW1wYWlnbj1CTTUyMQ==\" data-target=\"_blank\"><svg xmlns=\"http:\/\/www.w3.org\/2000\/svg\" width=\"16\" height=\"16\" fill=\"currentColor\" class=\"bi bi-bag\" viewBox=\"0 0 16 16\"><path d=\"M8 1a2 2 0 0 1 2 2v1h2.5A1.5 1.5 0 0 1 14 5.5v8A1.5 1.5 0 0 1 12.5 15h-9A1.5 1.5 0 0 1 2 13.5v-8A1.5 1.5 0 0 1 3.5 3H6V2a2 2 0 0 1 2-1zm1 3V3a1 1 0 0 0-2 0v1h2z\"\/><\/svg>Scopri di pi\u00f9<\/span><p class=\"rapido\">Servizio clienti sempre disponibile<\/p><\/div><\/div>\n","protected":false},"excerpt":{"rendered":"<p>Il giorno di tutti i Santi, noto popolarmente anche come Ognissanti, si festeggia il primo novembre, seguito dalla Commemorazione morti [&hellip;]<\/p>\n","protected":false},"author":1,"featured_media":31364,"comment_status":"closed","ping_status":"closed","sticky":false,"template":"","format":"standard","meta":{"_uag_custom_page_level_css":"","site-sidebar-layout":"default","site-content-layout":"","ast-site-content-layout":"default","site-content-style":"default","site-sidebar-style":"default","ast-global-header-display":"","ast-banner-title-visibility":"","ast-main-header-display":"","ast-hfb-above-header-display":"","ast-hfb-below-header-display":"","ast-hfb-mobile-header-display":"","site-post-title":"","ast-breadcrumbs-content":"","ast-featured-img":"","footer-sml-layout":"","ast-disable-related-posts":"","theme-transparent-header-meta":"","adv-header-id-meta":"","stick-header-meta":"","header-above-stick-meta":"","header-main-stick-meta":"","header-below-stick-meta":"","astra-migrate-meta-layouts":"set","ast-page-background-enabled":"default","ast-page-background-meta":{"desktop":{"background-color":"var(--ast-global-color-5)","background-image":"","background-repeat":"repeat","background-position":"center center","background-size":"auto","background-attachment":"scroll","background-type":"","background-media":"","overlay-type":"","overlay-color":"","overlay-opacity":"","overlay-gradient":""},"tablet":{"background-color":"","background-image":"","background-repeat":"repeat","background-position":"center center","background-size":"auto","background-attachment":"scroll","background-type":"","background-media":"","overlay-type":"","overlay-color":"","overlay-opacity":"","overlay-gradient":""},"mobile":{"background-color":"","background-image":"","background-repeat":"repeat","background-position":"center center","background-size":"auto","background-attachment":"scroll","background-type":"","background-media":"","overlay-type":"","overlay-color":"","overlay-opacity":"","overlay-gradient":""}},"ast-content-background-meta":{"desktop":{"background-color":"var(--ast-global-color-4)","background-image":"","background-repeat":"repeat","background-position":"center center","background-size":"auto","background-attachment":"scroll","background-type":"","background-media":"","overlay-type":"","overlay-color":"","overlay-opacity":"","overlay-gradient":""},"tablet":{"background-color":"var(--ast-global-color-4)","background-image":"","background-repeat":"repeat","background-position":"center center","background-size":"auto","background-attachment":"scroll","background-type":"","background-media":"","overlay-type":"","overlay-color":"","overlay-opacity":"","overlay-gradient":""},"mobile":{"background-color":"var(--ast-global-color-4)","background-image":"","background-repeat":"repeat","background-position":"center center","background-size":"auto","background-attachment":"scroll","background-type":"","background-media":"","overlay-type":"","overlay-color":"","overlay-opacity":"","overlay-gradient":""}},"footnotes":""},"categories":[173,222],"tags":[226],"class_list":["post-2219","post","type-post","status-publish","format-standard","has-post-thumbnail","hentry","category-occasioni","category-ognissanti","tag-ognissanti"],"yoast_head":"<!-- This site is optimized with the Yoast SEO plugin v26.4 - https:\/\/yoast.com\/wordpress\/plugins\/seo\/ -->\n<title>Fiori per la festa di Ognissanti: cosa regalare il 1 novembre | Interflora<\/title>\n<meta name=\"description\" content=\"Scopri cosa regalare il 1 novembre per la festa di Ognissanti. Scegli tra i fiori e le piante per il cimitero che durano a lungo. Scopri di pi\u00f9.\" \/>\n<meta name=\"robots\" content=\"index, follow, max-snippet:-1, max-image-preview:large, max-video-preview:-1\" \/>\n<link rel=\"canonical\" href=\"https:\/\/www.interflora.it\/blog\/fiori-per-la-festa-di-ognissanti\/\" \/>\n<meta property=\"og:locale\" content=\"it_IT\" \/>\n<meta property=\"og:type\" content=\"article\" \/>\n<meta property=\"og:title\" content=\"Fiori per la festa di Ognissanti: cosa regalare il 1 novembre | Interflora\" \/>\n<meta property=\"og:description\" content=\"Scopri cosa regalare il 1 novembre per la festa di Ognissanti. Scegli tra i fiori e le piante per il cimitero che durano a lungo. Scopri di pi\u00f9.\" \/>\n<meta property=\"og:url\" content=\"https:\/\/www.interflora.it\/blog\/fiori-per-la-festa-di-ognissanti\/\" \/>\n<meta property=\"og:site_name\" content=\"Il blog di Interflora: consigli, idee e ispirazione per godersi fiori e piante\" \/>\n<meta property=\"article:published_time\" content=\"2023-09-28T10:46:00+00:00\" \/>\n<meta property=\"article:modified_time\" content=\"2025-08-11T14:02:28+00:00\" \/>\n<meta property=\"og:image\" content=\"https:\/\/www.interflora.it\/blog\/wp-content\/uploads\/2022\/09\/fiori-per-la-festa-di-ognissanti-copertina.jpg\" \/>\n\t<meta property=\"og:image:width\" content=\"512\" \/>\n\t<meta property=\"og:image:height\" content=\"288\" \/>\n\t<meta property=\"og:image:type\" content=\"image\/jpeg\" \/>\n<meta name=\"author\" content=\"admin\" \/>\n<meta name=\"twitter:card\" content=\"summary_large_image\" \/>\n<script type=\"application\/ld+json\" class=\"yoast-schema-graph\">{\"@context\":\"https:\/\/schema.org\",\"@graph\":[{\"@type\":\"Article\",\"@id\":\"https:\/\/www.interflora.it\/blog\/fiori-per-la-festa-di-ognissanti\/#article\",\"isPartOf\":{\"@id\":\"https:\/\/www.interflora.it\/blog\/fiori-per-la-festa-di-ognissanti\/\"},\"author\":{\"name\":\"admin\",\"@id\":\"https:\/\/www.interflora.it\/blog\/#\/schema\/person\/dbbd1ad45e05409c356dc639597669f2\"},\"headline\":\"Fiori per la festa di Ognissanti: cosa regalare il 1 novembre\",\"datePublished\":\"2023-09-28T10:46:00+00:00\",\"dateModified\":\"2025-08-11T14:02:28+00:00\",\"mainEntityOfPage\":{\"@id\":\"https:\/\/www.interflora.it\/blog\/fiori-per-la-festa-di-ognissanti\/\"},\"wordCount\":842,\"publisher\":{\"@id\":\"https:\/\/www.interflora.it\/blog\/#organization\"},\"image\":{\"@id\":\"https:\/\/www.interflora.it\/blog\/fiori-per-la-festa-di-ognissanti\/#primaryimage\"},\"thumbnailUrl\":\"https:\/\/prodblog.interflora.it\/blog\/wp-content\/uploads\/2022\/09\/fiori-per-la-festa-di-ognissanti-copertina.jpg\",\"keywords\":[\"Ognissanti\"],\"articleSection\":[\"Occasioni\",\"Ognissanti\"],\"inLanguage\":\"it-IT\"},{\"@type\":\"WebPage\",\"@id\":\"https:\/\/www.interflora.it\/blog\/fiori-per-la-festa-di-ognissanti\/\",\"url\":\"https:\/\/www.interflora.it\/blog\/fiori-per-la-festa-di-ognissanti\/\",\"name\":\"Fiori per la festa di Ognissanti: cosa regalare il 1 novembre | Interflora\",\"isPartOf\":{\"@id\":\"https:\/\/www.interflora.it\/blog\/#website\"},\"primaryImageOfPage\":{\"@id\":\"https:\/\/www.interflora.it\/blog\/fiori-per-la-festa-di-ognissanti\/#primaryimage\"},\"image\":{\"@id\":\"https:\/\/www.interflora.it\/blog\/fiori-per-la-festa-di-ognissanti\/#primaryimage\"},\"thumbnailUrl\":\"https:\/\/prodblog.interflora.it\/blog\/wp-content\/uploads\/2022\/09\/fiori-per-la-festa-di-ognissanti-copertina.jpg\",\"datePublished\":\"2023-09-28T10:46:00+00:00\",\"dateModified\":\"2025-08-11T14:02:28+00:00\",\"description\":\"Scopri cosa regalare il 1 novembre per la festa di Ognissanti. Scegli tra i fiori e le piante per il cimitero che durano a lungo. Scopri di pi\u00f9.\",\"breadcrumb\":{\"@id\":\"https:\/\/www.interflora.it\/blog\/fiori-per-la-festa-di-ognissanti\/#breadcrumb\"},\"inLanguage\":\"it-IT\",\"potentialAction\":[{\"@type\":\"ReadAction\",\"target\":[\"https:\/\/www.interflora.it\/blog\/fiori-per-la-festa-di-ognissanti\/\"]}]},{\"@type\":\"ImageObject\",\"inLanguage\":\"it-IT\",\"@id\":\"https:\/\/www.interflora.it\/blog\/fiori-per-la-festa-di-ognissanti\/#primaryimage\",\"url\":\"https:\/\/prodblog.interflora.it\/blog\/wp-content\/uploads\/2022\/09\/fiori-per-la-festa-di-ognissanti-copertina.jpg\",\"contentUrl\":\"https:\/\/prodblog.interflora.it\/blog\/wp-content\/uploads\/2022\/09\/fiori-per-la-festa-di-ognissanti-copertina.jpg\",\"width\":512,\"height\":288},{\"@type\":\"BreadcrumbList\",\"@id\":\"https:\/\/www.interflora.it\/blog\/fiori-per-la-festa-di-ognissanti\/#breadcrumb\",\"itemListElement\":[{\"@type\":\"ListItem\",\"position\":1,\"name\":\"Home\",\"item\":\"https:\/\/prodblog.interflora.it\/blog\/\"},{\"@type\":\"ListItem\",\"position\":2,\"name\":\"Fiori per la festa di Ognissanti: cosa regalare il 1 novembre\"}]},{\"@type\":\"WebSite\",\"@id\":\"https:\/\/www.interflora.it\/blog\/#website\",\"url\":\"https:\/\/www.interflora.it\/blog\/\",\"name\":\"Il blog di Interflora: consigli, idee e ispirazione per godersi fiori e piante\",\"description\":\"\",\"publisher\":{\"@id\":\"https:\/\/www.interflora.it\/blog\/#organization\"},\"potentialAction\":[{\"@type\":\"SearchAction\",\"target\":{\"@type\":\"EntryPoint\",\"urlTemplate\":\"https:\/\/www.interflora.it\/blog\/?s={search_term_string}\"},\"query-input\":{\"@type\":\"PropertyValueSpecification\",\"valueRequired\":true,\"valueName\":\"search_term_string\"}}],\"inLanguage\":\"it-IT\"},{\"@type\":\"Organization\",\"@id\":\"https:\/\/www.interflora.it\/blog\/#organization\",\"name\":\"Il blog di Interflora: consigli, idee e ispirazione per godersi fiori e piante\",\"url\":\"https:\/\/www.interflora.it\/blog\/\",\"logo\":{\"@type\":\"ImageObject\",\"inLanguage\":\"it-IT\",\"@id\":\"https:\/\/www.interflora.it\/blog\/#\/schema\/logo\/image\/\",\"url\":\"https:\/\/prodblog.interflora.it\/blog\/wp-content\/uploads\/2025\/04\/220221_INTERFLORA_Logo_rgb_Half_Circle-e1670413381661.png\",\"contentUrl\":\"https:\/\/prodblog.interflora.it\/blog\/wp-content\/uploads\/2025\/04\/220221_INTERFLORA_Logo_rgb_Half_Circle-e1670413381661.png\",\"width\":1351,\"height\":656,\"caption\":\"Il blog di Interflora: consigli, idee e ispirazione per godersi fiori e piante\"},\"image\":{\"@id\":\"https:\/\/www.interflora.it\/blog\/#\/schema\/logo\/image\/\"}},{\"@type\":\"Person\",\"@id\":\"https:\/\/www.interflora.it\/blog\/#\/schema\/person\/dbbd1ad45e05409c356dc639597669f2\",\"name\":\"admin\",\"image\":{\"@type\":\"ImageObject\",\"inLanguage\":\"it-IT\",\"@id\":\"https:\/\/www.interflora.it\/blog\/#\/schema\/person\/image\/\",\"url\":\"https:\/\/secure.gravatar.com\/avatar\/42ef4147e700c5be2e3fd1dfd99731af107e05f321b9a482783ec3515451fc63?s=96&d=mm&r=g\",\"contentUrl\":\"https:\/\/secure.gravatar.com\/avatar\/42ef4147e700c5be2e3fd1dfd99731af107e05f321b9a482783ec3515451fc63?s=96&d=mm&r=g\",\"caption\":\"admin\"},\"sameAs\":[\"http:\/\/prewww.interflora.se\/blog\"]}]}<\/script>\n<!-- \/ Yoast SEO plugin. -->","yoast_head_json":{"title":"Fiori per la festa di Ognissanti: cosa regalare il 1 novembre | Interflora","description":"Scopri cosa regalare il 1 novembre per la festa di Ognissanti. Scegli tra i fiori e le piante per il cimitero che durano a lungo. Scopri di pi\u00f9.","robots":{"index":"index","follow":"follow","max-snippet":"max-snippet:-1","max-image-preview":"max-image-preview:large","max-video-preview":"max-video-preview:-1"},"canonical":"https:\/\/www.interflora.it\/blog\/fiori-per-la-festa-di-ognissanti\/","og_locale":"it_IT","og_type":"article","og_title":"Fiori per la festa di Ognissanti: cosa regalare il 1 novembre | Interflora","og_description":"Scopri cosa regalare il 1 novembre per la festa di Ognissanti. Scegli tra i fiori e le piante per il cimitero che durano a lungo. Scopri di pi\u00f9.","og_url":"https:\/\/www.interflora.it\/blog\/fiori-per-la-festa-di-ognissanti\/","og_site_name":"Il blog di Interflora: consigli, idee e ispirazione per godersi fiori e piante","article_published_time":"2023-09-28T10:46:00+00:00","article_modified_time":"2025-08-11T14:02:28+00:00","og_image":[{"width":512,"height":288,"url":"https:\/\/www.interflora.it\/blog\/wp-content\/uploads\/2022\/09\/fiori-per-la-festa-di-ognissanti-copertina.jpg","type":"image\/jpeg"}],"author":"admin","twitter_card":"summary_large_image","schema":{"@context":"https:\/\/schema.org","@graph":[{"@type":"Article","@id":"https:\/\/www.interflora.it\/blog\/fiori-per-la-festa-di-ognissanti\/#article","isPartOf":{"@id":"https:\/\/www.interflora.it\/blog\/fiori-per-la-festa-di-ognissanti\/"},"author":{"name":"admin","@id":"https:\/\/www.interflora.it\/blog\/#\/schema\/person\/dbbd1ad45e05409c356dc639597669f2"},"headline":"Fiori per la festa di Ognissanti: cosa regalare il 1 novembre","datePublished":"2023-09-28T10:46:00+00:00","dateModified":"2025-08-11T14:02:28+00:00","mainEntityOfPage":{"@id":"https:\/\/www.interflora.it\/blog\/fiori-per-la-festa-di-ognissanti\/"},"wordCount":842,"publisher":{"@id":"https:\/\/www.interflora.it\/blog\/#organization"},"image":{"@id":"https:\/\/www.interflora.it\/blog\/fiori-per-la-festa-di-ognissanti\/#primaryimage"},"thumbnailUrl":"https:\/\/prodblog.interflora.it\/blog\/wp-content\/uploads\/2022\/09\/fiori-per-la-festa-di-ognissanti-copertina.jpg","keywords":["Ognissanti"],"articleSection":["Occasioni","Ognissanti"],"inLanguage":"it-IT"},{"@type":"WebPage","@id":"https:\/\/www.interflora.it\/blog\/fiori-per-la-festa-di-ognissanti\/","url":"https:\/\/www.interflora.it\/blog\/fiori-per-la-festa-di-ognissanti\/","name":"Fiori per la festa di Ognissanti: cosa regalare il 1 novembre | Interflora","isPartOf":{"@id":"https:\/\/www.interflora.it\/blog\/#website"},"primaryImageOfPage":{"@id":"https:\/\/www.interflora.it\/blog\/fiori-per-la-festa-di-ognissanti\/#primaryimage"},"image":{"@id":"https:\/\/www.interflora.it\/blog\/fiori-per-la-festa-di-ognissanti\/#primaryimage"},"thumbnailUrl":"https:\/\/prodblog.interflora.it\/blog\/wp-content\/uploads\/2022\/09\/fiori-per-la-festa-di-ognissanti-copertina.jpg","datePublished":"2023-09-28T10:46:00+00:00","dateModified":"2025-08-11T14:02:28+00:00","description":"Scopri cosa regalare il 1 novembre per la festa di Ognissanti. Scegli tra i fiori e le piante per il cimitero che durano a lungo. Scopri di pi\u00f9.","breadcrumb":{"@id":"https:\/\/www.interflora.it\/blog\/fiori-per-la-festa-di-ognissanti\/#breadcrumb"},"inLanguage":"it-IT","potentialAction":[{"@type":"ReadAction","target":["https:\/\/www.interflora.it\/blog\/fiori-per-la-festa-di-ognissanti\/"]}]},{"@type":"ImageObject","inLanguage":"it-IT","@id":"https:\/\/www.interflora.it\/blog\/fiori-per-la-festa-di-ognissanti\/#primaryimage","url":"https:\/\/prodblog.interflora.it\/blog\/wp-content\/uploads\/2022\/09\/fiori-per-la-festa-di-ognissanti-copertina.jpg","contentUrl":"https:\/\/prodblog.interflora.it\/blog\/wp-content\/uploads\/2022\/09\/fiori-per-la-festa-di-ognissanti-copertina.jpg","width":512,"height":288},{"@type":"BreadcrumbList","@id":"https:\/\/www.interflora.it\/blog\/fiori-per-la-festa-di-ognissanti\/#breadcrumb","itemListElement":[{"@type":"ListItem","position":1,"name":"Home","item":"https:\/\/prodblog.interflora.it\/blog\/"},{"@type":"ListItem","position":2,"name":"Fiori per la festa di Ognissanti: cosa regalare il 1 novembre"}]},{"@type":"WebSite","@id":"https:\/\/www.interflora.it\/blog\/#website","url":"https:\/\/www.interflora.it\/blog\/","name":"Il blog di Interflora: consigli, idee e ispirazione per godersi fiori e piante","description":"","publisher":{"@id":"https:\/\/www.interflora.it\/blog\/#organization"},"potentialAction":[{"@type":"SearchAction","target":{"@type":"EntryPoint","urlTemplate":"https:\/\/www.interflora.it\/blog\/?s={search_term_string}"},"query-input":{"@type":"PropertyValueSpecification","valueRequired":true,"valueName":"search_term_string"}}],"inLanguage":"it-IT"},{"@type":"Organization","@id":"https:\/\/www.interflora.it\/blog\/#organization","name":"Il blog di Interflora: consigli, idee e ispirazione per godersi fiori e piante","url":"https:\/\/www.interflora.it\/blog\/","logo":{"@type":"ImageObject","inLanguage":"it-IT","@id":"https:\/\/www.interflora.it\/blog\/#\/schema\/logo\/image\/","url":"https:\/\/prodblog.interflora.it\/blog\/wp-content\/uploads\/2025\/04\/220221_INTERFLORA_Logo_rgb_Half_Circle-e1670413381661.png","contentUrl":"https:\/\/prodblog.interflora.it\/blog\/wp-content\/uploads\/2025\/04\/220221_INTERFLORA_Logo_rgb_Half_Circle-e1670413381661.png","width":1351,"height":656,"caption":"Il blog di Interflora: consigli, idee e ispirazione per godersi fiori e piante"},"image":{"@id":"https:\/\/www.interflora.it\/blog\/#\/schema\/logo\/image\/"}},{"@type":"Person","@id":"https:\/\/www.interflora.it\/blog\/#\/schema\/person\/dbbd1ad45e05409c356dc639597669f2","name":"admin","image":{"@type":"ImageObject","inLanguage":"it-IT","@id":"https:\/\/www.interflora.it\/blog\/#\/schema\/person\/image\/","url":"https:\/\/secure.gravatar.com\/avatar\/42ef4147e700c5be2e3fd1dfd99731af107e05f321b9a482783ec3515451fc63?s=96&d=mm&r=g","contentUrl":"https:\/\/secure.gravatar.com\/avatar\/42ef4147e700c5be2e3fd1dfd99731af107e05f321b9a482783ec3515451fc63?s=96&d=mm&r=g","caption":"admin"},"sameAs":["http:\/\/prewww.interflora.se\/blog"]}]}},"uagb_featured_image_src":{"full":["https:\/\/prodblog.interflora.it\/blog\/wp-content\/uploads\/2022\/09\/fiori-per-la-festa-di-ognissanti-copertina.jpg",512,288,false],"thumbnail":["https:\/\/prodblog.interflora.it\/blog\/wp-content\/uploads\/2022\/09\/fiori-per-la-festa-di-ognissanti-copertina-150x150.jpg",150,150,true],"medium":["https:\/\/prodblog.interflora.it\/blog\/wp-content\/uploads\/2022\/09\/fiori-per-la-festa-di-ognissanti-copertina-300x169.jpg",300,169,true],"medium_large":["https:\/\/prodblog.interflora.it\/blog\/wp-content\/uploads\/2022\/09\/fiori-per-la-festa-di-ognissanti-copertina.jpg",512,288,false],"large":["https:\/\/prodblog.interflora.it\/blog\/wp-content\/uploads\/2022\/09\/fiori-per-la-festa-di-ognissanti-copertina.jpg",512,288,false],"1536x1536":["https:\/\/prodblog.interflora.it\/blog\/wp-content\/uploads\/2022\/09\/fiori-per-la-festa-di-ognissanti-copertina.jpg",512,288,false],"2048x2048":["https:\/\/prodblog.interflora.it\/blog\/wp-content\/uploads\/2022\/09\/fiori-per-la-festa-di-ognissanti-copertina.jpg",512,288,false]},"uagb_author_info":{"display_name":"admin","author_link":"https:\/\/prodblog.interflora.it\/blog\/author\/admin\/"},"uagb_comment_info":0,"uagb_excerpt":"Il giorno di tutti i Santi, noto popolarmente anche come Ognissanti, si festeggia il primo novembre, seguito dalla Commemorazione morti [&hellip;]","_links":{"self":[{"href":"https:\/\/prodblog.interflora.it\/blog\/wp-json\/wp\/v2\/posts\/2219","targetHints":{"allow":["GET"]}}],"collection":[{"href":"https:\/\/prodblog.interflora.it\/blog\/wp-json\/wp\/v2\/posts"}],"about":[{"href":"https:\/\/prodblog.interflora.it\/blog\/wp-json\/wp\/v2\/types\/post"}],"author":[{"embeddable":true,"href":"https:\/\/prodblog.interflora.it\/blog\/wp-json\/wp\/v2\/users\/1"}],"replies":[{"embeddable":true,"href":"https:\/\/prodblog.interflora.it\/blog\/wp-json\/wp\/v2\/comments?post=2219"}],"version-history":[{"count":0,"href":"https:\/\/prodblog.interflora.it\/blog\/wp-json\/wp\/v2\/posts\/2219\/revisions"}],"wp:featuredmedia":[{"embeddable":true,"href":"https:\/\/prodblog.interflora.it\/blog\/wp-json\/wp\/v2\/media\/31364"}],"wp:attachment":[{"href":"https:\/\/prodblog.interflora.it\/blog\/wp-json\/wp\/v2\/media?parent=2219"}],"wp:term":[{"taxonomy":"category","embeddable":true,"href":"https:\/\/prodblog.interflora.it\/blog\/wp-json\/wp\/v2\/categories?post=2219"},{"taxonomy":"post_tag","embeddable":true,"href":"https:\/\/prodblog.interflora.it\/blog\/wp-json\/wp\/v2\/tags?post=2219"}],"curies":[{"name":"wp","href":"https:\/\/api.w.org\/{rel}","templated":true}]}}