{"id":2225,"date":"2024-06-04T11:14:14","date_gmt":"2024-06-04T09:14:14","guid":{"rendered":"https:\/\/blog.interflora.it\/?p=2225"},"modified":"2025-08-11T16:02:28","modified_gmt":"2025-08-11T14:02:28","slug":"il-garofano-dianthus","status":"publish","type":"post","link":"https:\/\/prodblog.interflora.it\/blog\/il-garofano-dianthus\/","title":{"rendered":"Tutto sul garofano (Dianthus): caratteristiche, cura e significato"},"content":{"rendered":"\n<p><span style=\"font-weight: 400;\">Forse l&#8217;avete gi\u00e0 vista fiorire nel giardino dei vostri nonni? La <\/span><b>coltivazione del garofano <\/b><span style=\"font-weight: 400;\">\u00e8 particolarmente facile e gratificante. Questa pianta da fiore non richiede quasi nessuna cura ed \u00e8 molto versatile: pu\u00f2 essere utilizzata in giardino o in un&#8217;aiuola. I <\/span><b>garofani <\/b><span style=\"font-weight: 400;\">sono molto adatti anche per giardini in vaso, terrazze e balconi! Con il suo profumo delicato e dolce, questo fiore pu\u00f2 essere scelto per dei bouquet in stile country o per decorare la casa per tutta l&#8217;estate. Scoprite i nostri consigli per <\/span><b>la coltivazione e la manutenzione dei garofani<\/b><span style=\"font-weight: 400;\">.<\/span><\/p>\n\n\n\n<div class=\"wp-block-columns alignwide is-layout-flex wp-container-core-columns-is-layout-28f84493 wp-block-columns-is-layout-flex\">\n<div class=\"wp-block-column is-layout-flow wp-block-column-is-layout-flow\" style=\"flex-basis:100%\"><div class=\"lp-produits-grid\"><div class=\"lp-produit\"><div class=\"lp-thumbnail-wrapper\"><img loading=\"lazy\" decoding=\"async\" width=\"300\" height=\"300\" src=\"https:\/\/prodblog.interflora.it\/blog\/wp-content\/uploads\/2025\/04\/1705044788-deco-abrazo-ita-r-300x300.jpg\" class=\"attachment-medium size-medium wp-post-image\" alt=\"\" srcset=\"https:\/\/prodblog.interflora.it\/blog\/wp-content\/uploads\/2025\/04\/1705044788-deco-abrazo-ita-r-300x300.jpg 300w, https:\/\/prodblog.interflora.it\/blog\/wp-content\/uploads\/2025\/04\/1705044788-deco-abrazo-ita-r-1024x1024.jpg 1024w, https:\/\/prodblog.interflora.it\/blog\/wp-content\/uploads\/2025\/04\/1705044788-deco-abrazo-ita-r-150x150.jpg 150w, https:\/\/prodblog.interflora.it\/blog\/wp-content\/uploads\/2025\/04\/1705044788-deco-abrazo-ita-r-768x768.jpg 768w, https:\/\/prodblog.interflora.it\/blog\/wp-content\/uploads\/2025\/04\/1705044788-deco-abrazo-ita-r.jpg 1400w\" sizes=\"auto, (max-width: 300px) 100vw, 300px\" \/><img decoding=\"async\" class=\"lp-badge\" src=\"https:\/\/www.interflora.it\/blog\/wp-content\/uploads\/cropped-cropped-220221_INTERFLORA_Logo_rgb_Social_Media.png\" alt=\"Consegna in giornata\"><\/div><span>Abbraccio<\/span><p>49.99 \u20ac<\/p><span class=\"obf-link lp-cta\" role=\"link\" tabindex=\"0\" data-b64=\"aHR0cHM6Ly93d3cuaW50ZXJmbG9yYS5pdC9wL2FiYnJhY2Npby8xP3V0bV9tZWRpdW09b3JnYW5pYyZ1dG1fc291cmNlPWJsb2dfcHJvZHVjdHMmdXRtX2NhbXBhaWduPUJNNTAz\" data-target=\"_blank\"><svg xmlns=\"http:\/\/www.w3.org\/2000\/svg\" width=\"16\" height=\"16\" fill=\"currentColor\" class=\"bi bi-bag\" viewBox=\"0 0 16 16\"><path d=\"M8 1a2 2 0 0 1 2 2v1h2.5A1.5 1.5 0 0 1 14 5.5v8A1.5 1.5 0 0 1 12.5 15h-9A1.5 1.5 0 0 1 2 13.5v-8A1.5 1.5 0 0 1 3.5 3H6V2a2 2 0 0 1 2-1zm1 3V3a1 1 0 0 0-2 0v1h2z\"\/><\/svg>Scopri di pi\u00f9<\/span><p class=\"rapido\">Spedizione veloce<\/p><\/div><div class=\"lp-produit\"><div class=\"lp-thumbnail-wrapper\"><img loading=\"lazy\" decoding=\"async\" width=\"300\" height=\"300\" src=\"https:\/\/prodblog.interflora.it\/blog\/wp-content\/uploads\/2025\/08\/1753185326-rf045-deco-300x300.jpg\" class=\"attachment-medium size-medium wp-post-image\" alt=\"\" srcset=\"https:\/\/prodblog.interflora.it\/blog\/wp-content\/uploads\/2025\/08\/1753185326-rf045-deco-300x300.jpg 300w, https:\/\/prodblog.interflora.it\/blog\/wp-content\/uploads\/2025\/08\/1753185326-rf045-deco-1024x1024.jpg 1024w, https:\/\/prodblog.interflora.it\/blog\/wp-content\/uploads\/2025\/08\/1753185326-rf045-deco-150x150.jpg 150w, https:\/\/prodblog.interflora.it\/blog\/wp-content\/uploads\/2025\/08\/1753185326-rf045-deco-768x768.jpg 768w, https:\/\/prodblog.interflora.it\/blog\/wp-content\/uploads\/2025\/08\/1753185326-rf045-deco-1536x1536.jpg 1536w, https:\/\/prodblog.interflora.it\/blog\/wp-content\/uploads\/2025\/08\/1753185326-rf045-deco-2048x2048.jpg 2048w\" sizes=\"auto, (max-width: 300px) 100vw, 300px\" \/><img decoding=\"async\" class=\"lp-badge\" src=\"https:\/\/www.interflora.it\/blog\/wp-content\/uploads\/cropped-cropped-220221_INTERFLORA_Logo_rgb_Social_Media.png\" alt=\"Consegna in giornata\"><\/div><span>Rugiada<\/span><p>69.99 \u20ac<\/p><span class=\"obf-link lp-cta\" role=\"link\" tabindex=\"0\" data-b64=\"aHR0cHM6Ly93d3cuaW50ZXJmbG9yYS5pdC9wL3J1Z2lhZGEvMT91dG1fbWVkaXVtPW9yZ2FuaWMmdXRtX3NvdXJjZT1ibG9nX3Byb2R1Y3RzJnV0bV9jYW1wYWlnbj1SRjA0NQ==\" data-target=\"_blank\"><svg xmlns=\"http:\/\/www.w3.org\/2000\/svg\" width=\"16\" height=\"16\" fill=\"currentColor\" class=\"bi bi-bag\" viewBox=\"0 0 16 16\"><path d=\"M8 1a2 2 0 0 1 2 2v1h2.5A1.5 1.5 0 0 1 14 5.5v8A1.5 1.5 0 0 1 12.5 15h-9A1.5 1.5 0 0 1 2 13.5v-8A1.5 1.5 0 0 1 3.5 3H6V2a2 2 0 0 1 2-1zm1 3V3a1 1 0 0 0-2 0v1h2z\"\/><\/svg>Scopri di pi\u00f9<\/span><p class=\"rapido\">Consegna rapida<\/p><\/div><div class=\"lp-produit\"><div class=\"lp-thumbnail-wrapper\"><img loading=\"lazy\" decoding=\"async\" width=\"300\" height=\"300\" src=\"https:\/\/prodblog.interflora.it\/blog\/wp-content\/uploads\/2025\/04\/1734353451-f0270-m-key-300x300.jpg\" class=\"attachment-medium size-medium wp-post-image\" alt=\"\" srcset=\"https:\/\/prodblog.interflora.it\/blog\/wp-content\/uploads\/2025\/04\/1734353451-f0270-m-key-300x300.jpg 300w, https:\/\/prodblog.interflora.it\/blog\/wp-content\/uploads\/2025\/04\/1734353451-f0270-m-key-1024x1024.jpg 1024w, https:\/\/prodblog.interflora.it\/blog\/wp-content\/uploads\/2025\/04\/1734353451-f0270-m-key-150x150.jpg 150w, https:\/\/prodblog.interflora.it\/blog\/wp-content\/uploads\/2025\/04\/1734353451-f0270-m-key-768x768.jpg 768w, https:\/\/prodblog.interflora.it\/blog\/wp-content\/uploads\/2025\/04\/1734353451-f0270-m-key.jpg 1200w\" sizes=\"auto, (max-width: 300px) 100vw, 300px\" \/><img decoding=\"async\" class=\"lp-badge\" src=\"https:\/\/www.interflora.it\/blog\/wp-content\/uploads\/cropped-cropped-220221_INTERFLORA_Logo_rgb_Social_Media.png\" alt=\"Consegna in giornata\"><\/div><span>Legame fiorito<\/span><p>49.99 \u20ac<\/p><span class=\"obf-link lp-cta\" role=\"link\" tabindex=\"0\" data-b64=\"aHR0cHM6Ly93d3cuaW50ZXJmbG9yYS5pdC9wL2xlZ2FtZS1maW9yaXRvLzE\/dXRtX21lZGl1bT1vcmdhbmljJnV0bV9zb3VyY2U9YmxvZ19wcm9kdWN0cyZ1dG1fY2FtcGFpZ249Qk01MzQ=\" data-target=\"_blank\"><svg xmlns=\"http:\/\/www.w3.org\/2000\/svg\" width=\"16\" height=\"16\" fill=\"currentColor\" class=\"bi bi-bag\" viewBox=\"0 0 16 16\"><path d=\"M8 1a2 2 0 0 1 2 2v1h2.5A1.5 1.5 0 0 1 14 5.5v8A1.5 1.5 0 0 1 12.5 15h-9A1.5 1.5 0 0 1 2 13.5v-8A1.5 1.5 0 0 1 3.5 3H6V2a2 2 0 0 1 2-1zm1 3V3a1 1 0 0 0-2 0v1h2z\"\/><\/svg>Scopri di pi\u00f9<\/span><p class=\"rapido\">Spedizione veloce<\/p><\/div><div class=\"lp-produit\"><div class=\"lp-thumbnail-wrapper\"><img loading=\"lazy\" decoding=\"async\" width=\"300\" height=\"300\" src=\"https:\/\/prodblog.interflora.it\/blog\/wp-content\/uploads\/2025\/04\/1687785636-roses-rouges-unite-it-1-300x300.jpg\" class=\"attachment-medium size-medium wp-post-image\" alt=\"\" srcset=\"https:\/\/prodblog.interflora.it\/blog\/wp-content\/uploads\/2025\/04\/1687785636-roses-rouges-unite-it-1-300x300.jpg 300w, https:\/\/prodblog.interflora.it\/blog\/wp-content\/uploads\/2025\/04\/1687785636-roses-rouges-unite-it-1-1024x1024.jpg 1024w, https:\/\/prodblog.interflora.it\/blog\/wp-content\/uploads\/2025\/04\/1687785636-roses-rouges-unite-it-1-150x150.jpg 150w, https:\/\/prodblog.interflora.it\/blog\/wp-content\/uploads\/2025\/04\/1687785636-roses-rouges-unite-it-1-768x768.jpg 768w, https:\/\/prodblog.interflora.it\/blog\/wp-content\/uploads\/2025\/04\/1687785636-roses-rouges-unite-it-1-1536x1536.jpg 1536w, https:\/\/prodblog.interflora.it\/blog\/wp-content\/uploads\/2025\/04\/1687785636-roses-rouges-unite-it-1-2048x2048.jpg 2048w\" sizes=\"auto, (max-width: 300px) 100vw, 300px\" \/><img decoding=\"async\" class=\"lp-badge\" src=\"https:\/\/www.interflora.it\/blog\/wp-content\/uploads\/cropped-cropped-220221_INTERFLORA_Logo_rgb_Social_Media.png\" alt=\"Consegna in giornata\"><\/div><span>Rose Rosse Premium<\/span><p>42 \u20ac<\/p><span class=\"obf-link lp-cta\" role=\"link\" tabindex=\"0\" data-b64=\"aHR0cHM6Ly93d3cuaW50ZXJmbG9yYS5pdC9wL3Jvc2Utcm9zc2UtcHJlbWl1bS8xP3V0bV9tZWRpdW09b3JnYW5pYyZ1dG1fc291cmNlPWJsb2dfcHJvZHVjdHMmdXRtX2NhbXBhaWduPVJPU0VRVEE=\" data-target=\"_blank\"><svg xmlns=\"http:\/\/www.w3.org\/2000\/svg\" width=\"16\" height=\"16\" fill=\"currentColor\" class=\"bi bi-bag\" viewBox=\"0 0 16 16\"><path d=\"M8 1a2 2 0 0 1 2 2v1h2.5A1.5 1.5 0 0 1 14 5.5v8A1.5 1.5 0 0 1 12.5 15h-9A1.5 1.5 0 0 1 2 13.5v-8A1.5 1.5 0 0 1 3.5 3H6V2a2 2 0 0 1 2-1zm1 3V3a1 1 0 0 0-2 0v1h2z\"\/><\/svg>Scopri di pi\u00f9<\/span><p class=\"rapido\">Consegna rapida<\/p><\/div><\/div>\n<\/div>\n<\/div>\n\n\n\n<div style=\"height:30px\" aria-hidden=\"true\" class=\"wp-block-spacer\"><\/div>\n\n\n\n<h2 class=\"wp-block-heading alignwide\"><span style=\"font-weight: 400;\">Caratteristiche del garofano (dianthus)<\/span><\/h2>\n\n\n\n<p><span style=\"font-weight: 400;\">I <\/span><b>dianthus <\/b><span style=\"font-weight: 400;\">o <\/span><b>garofani <\/b><span style=\"font-weight: 400;\">sono piante da esterno appartenenti alla famiglia delle <\/span><i><span style=\"font-weight: 400;\">Caryophyllaceae<\/span><\/i><span style=\"font-weight: 400;\">. Il <\/span><b>garofano <\/b><span style=\"font-weight: 400;\">\u00e8 da tempo una pianta molto apprezzata perch\u00e9 \u00e8 facile da vivere!&nbsp;<\/span> <span style=\"font-weight: 400;\">Per evitare confusione, ricordiamo che questo fiore non ha nulla in comune con la calendula, che appartiene alla famiglia delle Asteraceae.&nbsp;<\/span><\/p>\n\n\n\n<p><span style=\"font-weight: 400;\">Il garofano pu\u00f2 essere piantato direttamente in un&#8217;aiuola, in un vaso o in una cassetta per finestre, in modo da decorare giardini, terrazze e balconi. A seconda della specie, gli steli possono essere lunghi da 0,30 cm a 1 metro.<\/span><\/p>\n\n\n\n<p><span style=\"font-weight: 400;\">I fiori profumati compaiono di solito in primavera e per alcune variet\u00e0 possono durare fino all&#8217;autunno. I garofani possono sopportare facilmente temperature fino a -15\u00b0C e temperature elevate.&nbsp;&nbsp;<\/span><\/p>\n\n\n\n<p><span style=\"font-weight: 400;\">Questa pianta da fiore, a volte perenne, pu\u00f2 anche essere annuale o biennale, a seconda della specie. Le piante biennali sono piante con un ciclo di vita di 2 anni.\u00a0<\/span><\/p>\n\n\n\n<figure class=\"wp-block-image aligncenter size-full is-resized\"><img decoding=\"async\" src=\"https:\/\/www.interflora.it\/blog\/wp-content\/uploads\/garofano-del-poeta.jpg\" alt=\"\" class=\"wp-image-5138\" style=\"aspect-ratio:3\/2;object-fit:cover;width:600px\"\/><\/figure>\n\n\n\n<h2 class=\"wp-block-heading alignwide\"><span style=\"font-weight: 400;\">Tipi di garofan<\/span>i<\/h2>\n\n\n\n<div class=\"wp-block-media-text alignwide is-stacked-on-mobile\" style=\"grid-template-columns:25% auto\"><figure class=\"wp-block-media-text__media\"><img decoding=\"async\" src=\"https:\/\/www.interflora.it\/blog\/wp-content\/uploads\/2022\/11\/garofano-cinese-viola.jpg\" alt=\"garofano cinese viola\" class=\"wp-image-2462 size-full\"\/><\/figure><div class=\"wp-block-media-text__content\">\n<h3 class=\"wp-block-heading\"><span style=\"font-weight: 400;\">Il garofano cinese (dianthus chinensis)<\/span><\/h3>\n\n\n\n<p><span style=\"font-weight: 400;\">Il <\/span><b><a href=\"https:\/\/www.interflora.it\/blog\/garofano-cinese-dianthus-chinensis\/\">garofano cinese<\/a> <\/b><span style=\"font-weight: 400;\">o <\/span><b>dianthus chinensis<\/b><span style=\"font-weight: 400;\">: \u00e8 una specie annuale che misura tra i 15 e i 30 cm. <\/span><\/p>\n\n\n\n<p><span style=\"font-weight: 400;\">\u00c8 una pianta rustica con foglie verde e fiori larghi e doppi di colore rosa, malva, viola, rosso, bianco o bicolore, che fiorisce dalla primavera all&#8217;autunno.&nbsp;<\/span><\/p>\n<\/div><\/div>\n\n\n\n<div style=\"height:30px\" aria-hidden=\"true\" class=\"wp-block-spacer\"><\/div>\n\n\n\n<div class=\"wp-block-media-text alignwide is-stacked-on-mobile\" style=\"grid-template-columns:25% auto\"><figure class=\"wp-block-media-text__media\"><img decoding=\"async\" src=\"https:\/\/www.interflora.it\/blog\/wp-content\/uploads\/garofano-dei-poeti-recisi.jpg\" alt=\"\" class=\"wp-image-4818 size-full\"\/><\/figure><div class=\"wp-block-media-text__content\">\n<h3 class=\"wp-block-heading\"><span style=\"font-weight: 400;\">Il garofano dei poeti (dianthus barbatus)<\/span><\/h3>\n\n\n\n<p><span style=\"font-weight: 400;\">Il <\/span><b><a href=\"https:\/\/www.interflora.it\/blog\/garofano-dei-poeti\/\">garofano dei poeti<\/a> <\/b><span style=\"font-weight: 400;\">o <\/span><b>dianthus barbatus<\/b><span style=\"font-weight: 400;\"> \u00e8 una specie biennale che misura tra i 40 e i 60 cm. <\/span><\/p>\n\n\n\n<p><span style=\"font-weight: 400;\">In primavera inoltrata e in estate questa pianta produce mazzetti di fiorellini a coppa, con petali sfrangiati di colore bianco, rosa, malva o rosso, talvolta bicolori, con il centro in colore contrastante. Acune variet\u00e0 hanno fiori molto profumati!<\/span><\/p>\n<\/div><\/div>\n\n\n\n<div style=\"height:30px\" aria-hidden=\"true\" class=\"wp-block-spacer\"><\/div>\n\n\n\n<div class=\"wp-block-media-text alignwide is-stacked-on-mobile\" style=\"grid-template-columns:25% auto\"><figure class=\"wp-block-media-text__media\"><img decoding=\"async\" src=\"https:\/\/www.interflora.it\/blog\/wp-content\/uploads\/dianthus-caryophyllus.jpg\" alt=\"\" class=\"wp-image-4819 size-full\"\/><\/figure><div class=\"wp-block-media-text__content\">\n<h3 class=\"wp-block-heading\"><span style=\"font-weight: 400;\">Il garofano dei fioristi (dianthus caryophyllus)<\/span><\/h3>\n\n\n\n<p><span style=\"font-weight: 400;\">Il <\/span><b><a href=\"https:\/\/www.interflora.it\/blog\/garofano-comune-dianthus-caryophyllus-coltivazione-e-cura\/\">garofano dei fioristi<\/a> <\/b><span style=\"font-weight: 400;\">o <\/span><b>dianthus caryophyllus<\/b><span style=\"font-weight: 400;\"> \u00e8 una perenne. <\/span><\/p>\n\n\n\n<p><span style=\"font-weight: 400;\">Ha fiori doppi con un&#8217;altezza di 60-80 cm. Di colore rosa, bianco, giallo o viola, fiorisce in primavera e in estate.<\/span><\/p>\n<\/div><\/div>\n\n\n\n<div style=\"height:30px\" aria-hidden=\"true\" class=\"wp-block-spacer\"><\/div>\n\n\n\n<h2 class=\"wp-block-heading alignwide\"><span style=\"font-weight: 400;\">Origine e storia del garofano<\/span><\/h2>\n\n\n\n<p><span style=\"font-weight: 400;\">Il <\/span><b>nome botanico del garofano<\/b><span style=\"font-weight: 400;\"> deriva dalle parole &#8220;dios&#8221; che significa Dio e &#8220;anthos&#8221; che significa fiore. Pertanto, il nome &#8220;dianthus&#8221; \u00e8 stato scelto per le caratteristiche divine attribuite al fiore.&nbsp;<\/span><\/p>\n\n\n\n<p><span style=\"font-weight: 400;\">In origine,<\/span><b> i garofani erano piante perenni<\/b><span style=\"font-weight: 400;\"> che crescevano nel clima mediterraneo. I Romani le apprezzavano per la delicatezza dei fiori, a volte bianchi, a volte rosa o rossi. Le usavano anche per produrre profumi.&nbsp;<\/span><\/p>\n\n\n\n<p><span style=\"font-weight: 400;\">Negli ultimi 2.000 anni l&#8217;interesse per questo bellissimo fiore perenne o annuale \u00e8 continuato senza sosta. E le variet\u00e0 ibride emerse stanno fiorendo in molti giardini. Oggi i garofani sono disponibili in un&#8217;ampia variet\u00e0 di dimensioni, forme e colori. Alcune hanno steli lunghi, altre fiori singoli o doppi con petali dentellati o rotondi.<\/span><\/p>\n\n\n\n<h2 class=\"wp-block-heading alignwide\"><span style=\"font-weight: 400;\">Garofano: significato e linguaggio dei fiori<\/span><\/h2>\n\n\n\n<p><span style=\"font-weight: 400;\">Il &#8220;fiore degli dei&#8221; \u00e8 un simbolo di ardore e grazia che veniva utilizzato dai Romani per realizzare corone. Il <a href=\"https:\/\/www.interflora.it\/linguaggiodelgarofano\">linguaggio dei <\/a><\/span><b><a href=\"https:\/\/www.interflora.it\/linguaggiodelgarofano\">garofani<\/a><\/b> <span style=\"font-weight: 400;\">ha significati diversi a seconda dei colori che portano:<\/span><\/p>\n\n\n\n<ul class=\"wp-block-list\">\n<li><span style=\"font-weight: 400;\">Il <\/span><b>garofano rosso <\/b><span style=\"font-weight: 400;\">simboleggia l&#8217;ammirazione e l&#8217;amore profondo.&nbsp;<\/span><\/li>\n\n\n\n<li>Il <strong>garofano rosa<\/strong> simboleggia l&#8217;amore eterno di una madre.<\/li>\n\n\n\n<li>Il <strong>garofano viola<\/strong> simboleggia la fantasia.<\/li>\n\n\n\n<li>Il <strong>garofano bianco<\/strong> ha molti significati. Nel contesto di un funerale, rende un omaggio rispettoso al defunto. Altrimenti, simboleggia la fortuna e il vero amore.&nbsp;<\/li>\n<\/ul>\n\n\n\n<div style=\"height:20px\" aria-hidden=\"true\" class=\"wp-block-spacer\"><\/div>\n\n\n\n<figure class=\"wp-block-gallery alignwide has-nested-images columns-5 is-cropped wp-block-gallery-1 is-layout-flex wp-block-gallery-is-layout-flex\">\n<figure class=\"wp-block-image size-large\"><img decoding=\"async\" data-id=\"4820\" src=\"https:\/\/www.interflora.it\/blog\/wp-content\/uploads\/garofano-rosso.jpg\" alt=\"\" class=\"wp-image-4820\"\/><\/figure>\n\n\n\n<figure class=\"wp-block-image size-large\"><img decoding=\"async\" data-id=\"4821\" src=\"https:\/\/www.interflora.it\/blog\/wp-content\/uploads\/garofano-rosa.jpg\" alt=\"\" class=\"wp-image-4821\"\/><\/figure>\n\n\n\n<figure class=\"wp-block-image size-large\"><img decoding=\"async\" data-id=\"4822\" src=\"https:\/\/www.interflora.it\/blog\/wp-content\/uploads\/garofano-viola.jpg\" alt=\"\" class=\"wp-image-4822\"\/><\/figure>\n\n\n\n<figure class=\"wp-block-image size-large\"><img decoding=\"async\" data-id=\"4824\" src=\"https:\/\/www.interflora.it\/blog\/wp-content\/uploads\/garofano-bianco.jpg\" alt=\"\" class=\"wp-image-4824\"\/><\/figure>\n<\/figure>\n\n\n\n<div style=\"height:20px\" aria-hidden=\"true\" class=\"wp-block-spacer\"><\/div>\n\n\n\n<p><span style=\"font-weight: 400;\">Il garofano \u00e8 stato a lungo considerato il fiore del lutto in molti Paesi europei. Tuttavia, i dianthus sono sempre stati presenti anche nei giardini, portando un fascino bucolico e una ventata di aria fresca!<\/span><\/p>\n\n\n\n<h2 class=\"wp-block-heading alignwide\"><span style=\"font-weight: 400;\">Cura dei dianthus&nbsp;<\/span><\/h2>\n\n\n\n<p><span style=\"font-weight: 400;\">La manutenzione dei garofani o dianthus consiste nell&#8217;annaffiarli in caso di secchezza prolungata. Va bagnato regolarmente, senza esagerare con l&#8217;acqua: una volta ogni 2 giorni \u00e8 sufficiente. Quando far\u00e0 pi\u00f9 caldo, sar\u00e0 necessario passare a irrigazioni quotidiane, evitando i ristagni: l\u2019acqua stagnante nel sottovaso va eliminala immediatmente, riducendo la quantit\u00e0 d&#8217;acqua. Potete anche somministrare del concime per piante da fiore o specifici per garofani perenni in primavera.&nbsp;<\/span><\/p>\n\n\n\n<h3 class=\"wp-block-heading\"><span style=\"font-weight: 400;\">Quando seminare i garofani?<\/span><\/h3>\n\n\n\n<p><span style=\"font-weight: 400;\">Preparate le piantine all&#8217;inizio della primavera per le variet\u00e0 annuali. Per le variet\u00e0 biennali o perenni, preparatele tra aprile e giugno.<\/span> <span style=\"font-weight: 400;\">Mantenete le piantine al caldo, a una temperatura compresa tra i 15 e i 20\u00b0C. Trapiantate le <\/span><b>piante di garofano <\/b><span style=\"font-weight: 400;\">quando hanno 3 foglie giovani.&nbsp;<\/span><\/p>\n\n\n\n<p><span style=\"font-weight: 400;\">Quando si piantano, i <\/span><b>garofani <\/b><span style=\"font-weight: 400;\">si adattano bene a tutti i tipi di terreno, purch\u00e9 siano ben drenati. Pertanto, se il vostro giardino ha un terreno argilloso, \u00e8 meglio lavorare il terreno con la sabbia. Se le piantate in un vaso o in una cassetta per finestre, mettete sul fondo delle palline di argilla.<\/span><\/p>\n\n\n\n<h3 class=\"wp-block-heading\"><span style=\"font-weight: 400;\">Come si prelevano le talee di garofano?<\/span><\/h3>\n\n\n\n<p><b>Tagliate i garofani a settembre<\/b><span style=\"font-weight: 400;\">, recidendo i giovani steli che sono comparsi lungo uno stelo principale. Quindi piantate le talee di garofano in vasi composti in parti uguali da terriccio e sabbia. Non piantate i garofani prima dell&#8217;ultima gelata primaverile.&nbsp;<\/span><\/p>\n\n\n\n<h3 class=\"wp-block-heading\"><span style=\"font-weight: 400;\">Come si potano i garofani?<\/span><\/h3>\n\n\n\n<p><span style=\"font-weight: 400;\">Per <\/span><b>potare i garofani<\/b><span style=\"font-weight: 400;\"> \u00e8 sufficiente tagliare gli steli alla fine del periodo di fioritura. Con le cesoie tagliate i 3\/4 della pianta, lasciando solo un ciuffo basso sul terreno. In seguito, \u00e8 possibile pacciamare le piante, cio\u00e8 ricoprire il suolo libero attorno alla pianta <\/span><b>per proteggerle dal gelo<\/b><span style=\"font-weight: 400;\"> se l&#8217;inverno \u00e8 freddo nella vostra regione.&nbsp;<\/span><\/p>\n\n\n\n<figure class=\"wp-block-image aligncenter size-full\"><img decoding=\"async\" src=\"https:\/\/www.interflora.it\/blog\/wp-content\/uploads\/come-si-potano-i-garofani.jpg\" alt=\"Come si potano i garofani\" class=\"wp-image-4825\" style=\"aspect-ratio:3\/2;object-fit:cover\"\/><\/figure>\n\n\n\n<div style=\"height:30px\" aria-hidden=\"true\" class=\"wp-block-spacer\"><\/div>\n\n\n\n<h3 class=\"wp-block-heading\"><span style=\"font-weight: 400;\">Malattie e parassiti del garofano<\/span><\/h3>\n\n\n\n<p><span style=\"font-weight: 400;\">I <\/span><b>garofani <\/b><span style=\"font-weight: 400;\">sono soggetti ad attacchi di lumache e afidi. Per le lumache, potete posizionare delle trappole in primavera. Per quanto riguarda gli afidi, potete piantare dei nasturzi non lontano dai vostri garofani per attirarli su questi graziosi fiori arancioni che sono molto resistenti.<\/span><\/p>\n\n\n\n<h2 class=\"wp-block-heading alignwide\"><span style=\"font-weight: 400;\">Cosa sono i chiodi di garofano: un mito da sfatare<\/span><\/h2>\n\n\n\n<p><span style=\"font-weight: 400;\">I chiodi di garofano sono una spezia molto profumata e caratteristica che si ricava dai fiori lasciati seccare al sole del Syzygium aromaticum, un albero della Famiglia delle <\/span><i><span style=\"font-weight: 400;\">Myrtaceae<\/span><\/i><span style=\"font-weight: 400;\">. Ovviamente non nascono cos\u00ec come li conosciamo: per diventare dei piccolissimi chiodi dai toni del marrone, vengono prima fatti essiccare i boccioli al sole.<\/span> <span style=\"font-weight: 400;\">Sono chiamati cos\u00ec sia per la loro forma, che ricorda quella di un chiodo, sia perch\u00e8 la parte apicale assomiglia vagamente al fiore della pianta di garofano.<\/span><\/p>\n\n\n\n<p><span style=\"font-weight: 400;\">Un mazzo di garofani del vostro giardino \u00e8 sempre un bel modo per esprimere i vostri sentimenti di amore o di amicizia per una persona cara. E ci sono molti altri fiori per creare bellissimi <a href=\"https:\/\/www.interflora.it\/c\/fiori\/garofani\">bouquet di garofani<\/a> di campagna!<\/span><\/p>\n","protected":false},"excerpt":{"rendered":"<p>Forse l&#8217;avete gi\u00e0 vista fiorire nel giardino dei vostri nonni? La coltivazione del garofano \u00e8 particolarmente facile e gratificante. Questa [&hellip;]<\/p>\n","protected":false},"author":1,"featured_media":31323,"comment_status":"closed","ping_status":"closed","sticky":false,"template":"","format":"standard","meta":{"_uag_custom_page_level_css":"","site-sidebar-layout":"default","site-content-layout":"","ast-site-content-layout":"default","site-content-style":"default","site-sidebar-style":"default","ast-global-header-display":"","ast-banner-title-visibility":"","ast-main-header-display":"","ast-hfb-above-header-display":"","ast-hfb-below-header-display":"","ast-hfb-mobile-header-display":"","site-post-title":"","ast-breadcrumbs-content":"","ast-featured-img":"","footer-sml-layout":"","ast-disable-related-posts":"","theme-transparent-header-meta":"","adv-header-id-meta":"","stick-header-meta":"","header-above-stick-meta":"","header-main-stick-meta":"","header-below-stick-meta":"","astra-migrate-meta-layouts":"set","ast-page-background-enabled":"default","ast-page-background-meta":{"desktop":{"background-color":"var(--ast-global-color-5)","background-image":"","background-repeat":"repeat","background-position":"center center","background-size":"auto","background-attachment":"scroll","background-type":"","background-media":"","overlay-type":"","overlay-color":"","overlay-opacity":"","overlay-gradient":""},"tablet":{"background-color":"","background-image":"","background-repeat":"repeat","background-position":"center center","background-size":"auto","background-attachment":"scroll","background-type":"","background-media":"","overlay-type":"","overlay-color":"","overlay-opacity":"","overlay-gradient":""},"mobile":{"background-color":"","background-image":"","background-repeat":"repeat","background-position":"center center","background-size":"auto","background-attachment":"scroll","background-type":"","background-media":"","overlay-type":"","overlay-color":"","overlay-opacity":"","overlay-gradient":""}},"ast-content-background-meta":{"desktop":{"background-color":"var(--ast-global-color-4)","background-image":"","background-repeat":"repeat","background-position":"center center","background-size":"auto","background-attachment":"scroll","background-type":"","background-media":"","overlay-type":"","overlay-color":"","overlay-opacity":"","overlay-gradient":""},"tablet":{"background-color":"var(--ast-global-color-4)","background-image":"","background-repeat":"repeat","background-position":"center center","background-size":"auto","background-attachment":"scroll","background-type":"","background-media":"","overlay-type":"","overlay-color":"","overlay-opacity":"","overlay-gradient":""},"mobile":{"background-color":"var(--ast-global-color-4)","background-image":"","background-repeat":"repeat","background-position":"center center","background-size":"auto","background-attachment":"scroll","background-type":"","background-media":"","overlay-type":"","overlay-color":"","overlay-opacity":"","overlay-gradient":""}},"footnotes":""},"categories":[165,187],"tags":[249],"class_list":["post-2225","post","type-post","status-publish","format-standard","has-post-thumbnail","hentry","category-fiori","category-interflora-accademy","tag-garofani"],"yoast_head":"<!-- This site is optimized with the Yoast SEO plugin v26.4 - https:\/\/yoast.com\/wordpress\/plugins\/seo\/ -->\n<title>Tutto sul garofano (Dianthus): caratteristiche, cura e significato | Interflora<\/title>\n<meta name=\"description\" content=\"Scopri tutto quello che c\u2019\u00e8 da sapere sul garofano o Dianthus. Leggi qui e scopri caratteristiche, tipologia, cura e significato di questo fiore.\" \/>\n<meta name=\"robots\" content=\"index, follow, max-snippet:-1, max-image-preview:large, max-video-preview:-1\" \/>\n<link rel=\"canonical\" href=\"https:\/\/www.interflora.it\/blog\/il-garofano-dianthus\/\" \/>\n<meta property=\"og:locale\" content=\"it_IT\" \/>\n<meta property=\"og:type\" content=\"article\" \/>\n<meta property=\"og:title\" content=\"Tutto sul garofano (Dianthus): caratteristiche, cura e significato | Interflora\" \/>\n<meta property=\"og:description\" content=\"Scopri tutto quello che c\u2019\u00e8 da sapere sul garofano o Dianthus. Leggi qui e scopri caratteristiche, tipologia, cura e significato di questo fiore.\" \/>\n<meta property=\"og:url\" content=\"https:\/\/www.interflora.it\/blog\/il-garofano-dianthus\/\" \/>\n<meta property=\"og:site_name\" content=\"Il blog di Interflora: consigli, idee e ispirazione per godersi fiori e piante\" \/>\n<meta property=\"article:published_time\" content=\"2024-06-04T09:14:14+00:00\" \/>\n<meta property=\"article:modified_time\" content=\"2025-08-11T14:02:28+00:00\" \/>\n<meta property=\"og:image\" content=\"https:\/\/www.interflora.it\/blog\/wp-content\/uploads\/2022\/09\/garofano-copertina.jpg\" \/>\n\t<meta property=\"og:image:width\" content=\"512\" \/>\n\t<meta property=\"og:image:height\" content=\"292\" \/>\n\t<meta property=\"og:image:type\" content=\"image\/jpeg\" \/>\n<meta name=\"author\" content=\"admin\" \/>\n<meta name=\"twitter:card\" content=\"summary_large_image\" \/>\n<script type=\"application\/ld+json\" class=\"yoast-schema-graph\">{\"@context\":\"https:\/\/schema.org\",\"@graph\":[{\"@type\":\"Article\",\"@id\":\"https:\/\/www.interflora.it\/blog\/il-garofano-dianthus\/#article\",\"isPartOf\":{\"@id\":\"https:\/\/www.interflora.it\/blog\/il-garofano-dianthus\/\"},\"author\":{\"name\":\"admin\",\"@id\":\"https:\/\/www.interflora.it\/blog\/#\/schema\/person\/dbbd1ad45e05409c356dc639597669f2\"},\"headline\":\"Tutto sul garofano (Dianthus): caratteristiche, cura e significato\",\"datePublished\":\"2024-06-04T09:14:14+00:00\",\"dateModified\":\"2025-08-11T14:02:28+00:00\",\"mainEntityOfPage\":{\"@id\":\"https:\/\/www.interflora.it\/blog\/il-garofano-dianthus\/\"},\"wordCount\":1120,\"publisher\":{\"@id\":\"https:\/\/www.interflora.it\/blog\/#organization\"},\"image\":{\"@id\":\"https:\/\/www.interflora.it\/blog\/il-garofano-dianthus\/#primaryimage\"},\"thumbnailUrl\":\"https:\/\/prodblog.interflora.it\/blog\/wp-content\/uploads\/2022\/09\/garofano-copertina.jpg\",\"keywords\":[\"Garofani\"],\"articleSection\":[\"Fiori e Piante\",\"Interflora accademy\"],\"inLanguage\":\"it-IT\"},{\"@type\":\"WebPage\",\"@id\":\"https:\/\/www.interflora.it\/blog\/il-garofano-dianthus\/\",\"url\":\"https:\/\/www.interflora.it\/blog\/il-garofano-dianthus\/\",\"name\":\"Tutto sul garofano (Dianthus): caratteristiche, cura e significato | Interflora\",\"isPartOf\":{\"@id\":\"https:\/\/www.interflora.it\/blog\/#website\"},\"primaryImageOfPage\":{\"@id\":\"https:\/\/www.interflora.it\/blog\/il-garofano-dianthus\/#primaryimage\"},\"image\":{\"@id\":\"https:\/\/www.interflora.it\/blog\/il-garofano-dianthus\/#primaryimage\"},\"thumbnailUrl\":\"https:\/\/prodblog.interflora.it\/blog\/wp-content\/uploads\/2022\/09\/garofano-copertina.jpg\",\"datePublished\":\"2024-06-04T09:14:14+00:00\",\"dateModified\":\"2025-08-11T14:02:28+00:00\",\"description\":\"Scopri tutto quello che c\u2019\u00e8 da sapere sul garofano o Dianthus. Leggi qui e scopri caratteristiche, tipologia, cura e significato di questo fiore.\",\"breadcrumb\":{\"@id\":\"https:\/\/www.interflora.it\/blog\/il-garofano-dianthus\/#breadcrumb\"},\"inLanguage\":\"it-IT\",\"potentialAction\":[{\"@type\":\"ReadAction\",\"target\":[\"https:\/\/www.interflora.it\/blog\/il-garofano-dianthus\/\"]}]},{\"@type\":\"ImageObject\",\"inLanguage\":\"it-IT\",\"@id\":\"https:\/\/www.interflora.it\/blog\/il-garofano-dianthus\/#primaryimage\",\"url\":\"https:\/\/prodblog.interflora.it\/blog\/wp-content\/uploads\/2022\/09\/garofano-copertina.jpg\",\"contentUrl\":\"https:\/\/prodblog.interflora.it\/blog\/wp-content\/uploads\/2022\/09\/garofano-copertina.jpg\",\"width\":512,\"height\":292},{\"@type\":\"BreadcrumbList\",\"@id\":\"https:\/\/www.interflora.it\/blog\/il-garofano-dianthus\/#breadcrumb\",\"itemListElement\":[{\"@type\":\"ListItem\",\"position\":1,\"name\":\"Home\",\"item\":\"https:\/\/www.interflora.it\/blog\/\"},{\"@type\":\"ListItem\",\"position\":2,\"name\":\"Tutto sul garofano (Dianthus): caratteristiche, cura e significato\"}]},{\"@type\":\"WebSite\",\"@id\":\"https:\/\/www.interflora.it\/blog\/#website\",\"url\":\"https:\/\/www.interflora.it\/blog\/\",\"name\":\"Il blog di Interflora: consigli, idee e ispirazione per godersi fiori e piante\",\"description\":\"\",\"publisher\":{\"@id\":\"https:\/\/www.interflora.it\/blog\/#organization\"},\"potentialAction\":[{\"@type\":\"SearchAction\",\"target\":{\"@type\":\"EntryPoint\",\"urlTemplate\":\"https:\/\/www.interflora.it\/blog\/?s={search_term_string}\"},\"query-input\":{\"@type\":\"PropertyValueSpecification\",\"valueRequired\":true,\"valueName\":\"search_term_string\"}}],\"inLanguage\":\"it-IT\"},{\"@type\":\"Organization\",\"@id\":\"https:\/\/www.interflora.it\/blog\/#organization\",\"name\":\"Il blog di Interflora: consigli, idee e ispirazione per godersi fiori e piante\",\"url\":\"https:\/\/www.interflora.it\/blog\/\",\"logo\":{\"@type\":\"ImageObject\",\"inLanguage\":\"it-IT\",\"@id\":\"https:\/\/www.interflora.it\/blog\/#\/schema\/logo\/image\/\",\"url\":\"https:\/\/prodblog.interflora.it\/blog\/wp-content\/uploads\/2025\/04\/220221_INTERFLORA_Logo_rgb_Half_Circle-e1670413381661.png\",\"contentUrl\":\"https:\/\/prodblog.interflora.it\/blog\/wp-content\/uploads\/2025\/04\/220221_INTERFLORA_Logo_rgb_Half_Circle-e1670413381661.png\",\"width\":1351,\"height\":656,\"caption\":\"Il blog di Interflora: consigli, idee e ispirazione per godersi fiori e piante\"},\"image\":{\"@id\":\"https:\/\/www.interflora.it\/blog\/#\/schema\/logo\/image\/\"}},{\"@type\":\"Person\",\"@id\":\"https:\/\/www.interflora.it\/blog\/#\/schema\/person\/dbbd1ad45e05409c356dc639597669f2\",\"name\":\"admin\",\"image\":{\"@type\":\"ImageObject\",\"inLanguage\":\"it-IT\",\"@id\":\"https:\/\/www.interflora.it\/blog\/#\/schema\/person\/image\/\",\"url\":\"https:\/\/secure.gravatar.com\/avatar\/42ef4147e700c5be2e3fd1dfd99731af107e05f321b9a482783ec3515451fc63?s=96&d=mm&r=g\",\"contentUrl\":\"https:\/\/secure.gravatar.com\/avatar\/42ef4147e700c5be2e3fd1dfd99731af107e05f321b9a482783ec3515451fc63?s=96&d=mm&r=g\",\"caption\":\"admin\"},\"sameAs\":[\"http:\/\/prewww.interflora.se\/blog\"]}]}<\/script>\n<!-- \/ Yoast SEO plugin. -->","yoast_head_json":{"title":"Tutto sul garofano (Dianthus): caratteristiche, cura e significato | Interflora","description":"Scopri tutto quello che c\u2019\u00e8 da sapere sul garofano o Dianthus. Leggi qui e scopri caratteristiche, tipologia, cura e significato di questo fiore.","robots":{"index":"index","follow":"follow","max-snippet":"max-snippet:-1","max-image-preview":"max-image-preview:large","max-video-preview":"max-video-preview:-1"},"canonical":"https:\/\/www.interflora.it\/blog\/il-garofano-dianthus\/","og_locale":"it_IT","og_type":"article","og_title":"Tutto sul garofano (Dianthus): caratteristiche, cura e significato | Interflora","og_description":"Scopri tutto quello che c\u2019\u00e8 da sapere sul garofano o Dianthus. Leggi qui e scopri caratteristiche, tipologia, cura e significato di questo fiore.","og_url":"https:\/\/www.interflora.it\/blog\/il-garofano-dianthus\/","og_site_name":"Il blog di Interflora: consigli, idee e ispirazione per godersi fiori e piante","article_published_time":"2024-06-04T09:14:14+00:00","article_modified_time":"2025-08-11T14:02:28+00:00","og_image":[{"width":512,"height":292,"url":"https:\/\/www.interflora.it\/blog\/wp-content\/uploads\/2022\/09\/garofano-copertina.jpg","type":"image\/jpeg"}],"author":"admin","twitter_card":"summary_large_image","schema":{"@context":"https:\/\/schema.org","@graph":[{"@type":"Article","@id":"https:\/\/www.interflora.it\/blog\/il-garofano-dianthus\/#article","isPartOf":{"@id":"https:\/\/www.interflora.it\/blog\/il-garofano-dianthus\/"},"author":{"name":"admin","@id":"https:\/\/www.interflora.it\/blog\/#\/schema\/person\/dbbd1ad45e05409c356dc639597669f2"},"headline":"Tutto sul garofano (Dianthus): caratteristiche, cura e significato","datePublished":"2024-06-04T09:14:14+00:00","dateModified":"2025-08-11T14:02:28+00:00","mainEntityOfPage":{"@id":"https:\/\/www.interflora.it\/blog\/il-garofano-dianthus\/"},"wordCount":1120,"publisher":{"@id":"https:\/\/www.interflora.it\/blog\/#organization"},"image":{"@id":"https:\/\/www.interflora.it\/blog\/il-garofano-dianthus\/#primaryimage"},"thumbnailUrl":"https:\/\/prodblog.interflora.it\/blog\/wp-content\/uploads\/2022\/09\/garofano-copertina.jpg","keywords":["Garofani"],"articleSection":["Fiori e Piante","Interflora accademy"],"inLanguage":"it-IT"},{"@type":"WebPage","@id":"https:\/\/www.interflora.it\/blog\/il-garofano-dianthus\/","url":"https:\/\/www.interflora.it\/blog\/il-garofano-dianthus\/","name":"Tutto sul garofano (Dianthus): caratteristiche, cura e significato | Interflora","isPartOf":{"@id":"https:\/\/www.interflora.it\/blog\/#website"},"primaryImageOfPage":{"@id":"https:\/\/www.interflora.it\/blog\/il-garofano-dianthus\/#primaryimage"},"image":{"@id":"https:\/\/www.interflora.it\/blog\/il-garofano-dianthus\/#primaryimage"},"thumbnailUrl":"https:\/\/prodblog.interflora.it\/blog\/wp-content\/uploads\/2022\/09\/garofano-copertina.jpg","datePublished":"2024-06-04T09:14:14+00:00","dateModified":"2025-08-11T14:02:28+00:00","description":"Scopri tutto quello che c\u2019\u00e8 da sapere sul garofano o Dianthus. Leggi qui e scopri caratteristiche, tipologia, cura e significato di questo fiore.","breadcrumb":{"@id":"https:\/\/www.interflora.it\/blog\/il-garofano-dianthus\/#breadcrumb"},"inLanguage":"it-IT","potentialAction":[{"@type":"ReadAction","target":["https:\/\/www.interflora.it\/blog\/il-garofano-dianthus\/"]}]},{"@type":"ImageObject","inLanguage":"it-IT","@id":"https:\/\/www.interflora.it\/blog\/il-garofano-dianthus\/#primaryimage","url":"https:\/\/prodblog.interflora.it\/blog\/wp-content\/uploads\/2022\/09\/garofano-copertina.jpg","contentUrl":"https:\/\/prodblog.interflora.it\/blog\/wp-content\/uploads\/2022\/09\/garofano-copertina.jpg","width":512,"height":292},{"@type":"BreadcrumbList","@id":"https:\/\/www.interflora.it\/blog\/il-garofano-dianthus\/#breadcrumb","itemListElement":[{"@type":"ListItem","position":1,"name":"Home","item":"https:\/\/www.interflora.it\/blog\/"},{"@type":"ListItem","position":2,"name":"Tutto sul garofano (Dianthus): caratteristiche, cura e significato"}]},{"@type":"WebSite","@id":"https:\/\/www.interflora.it\/blog\/#website","url":"https:\/\/www.interflora.it\/blog\/","name":"Il blog di Interflora: consigli, idee e ispirazione per godersi fiori e piante","description":"","publisher":{"@id":"https:\/\/www.interflora.it\/blog\/#organization"},"potentialAction":[{"@type":"SearchAction","target":{"@type":"EntryPoint","urlTemplate":"https:\/\/www.interflora.it\/blog\/?s={search_term_string}"},"query-input":{"@type":"PropertyValueSpecification","valueRequired":true,"valueName":"search_term_string"}}],"inLanguage":"it-IT"},{"@type":"Organization","@id":"https:\/\/www.interflora.it\/blog\/#organization","name":"Il blog di Interflora: consigli, idee e ispirazione per godersi fiori e piante","url":"https:\/\/www.interflora.it\/blog\/","logo":{"@type":"ImageObject","inLanguage":"it-IT","@id":"https:\/\/www.interflora.it\/blog\/#\/schema\/logo\/image\/","url":"https:\/\/prodblog.interflora.it\/blog\/wp-content\/uploads\/2025\/04\/220221_INTERFLORA_Logo_rgb_Half_Circle-e1670413381661.png","contentUrl":"https:\/\/prodblog.interflora.it\/blog\/wp-content\/uploads\/2025\/04\/220221_INTERFLORA_Logo_rgb_Half_Circle-e1670413381661.png","width":1351,"height":656,"caption":"Il blog di Interflora: consigli, idee e ispirazione per godersi fiori e piante"},"image":{"@id":"https:\/\/www.interflora.it\/blog\/#\/schema\/logo\/image\/"}},{"@type":"Person","@id":"https:\/\/www.interflora.it\/blog\/#\/schema\/person\/dbbd1ad45e05409c356dc639597669f2","name":"admin","image":{"@type":"ImageObject","inLanguage":"it-IT","@id":"https:\/\/www.interflora.it\/blog\/#\/schema\/person\/image\/","url":"https:\/\/secure.gravatar.com\/avatar\/42ef4147e700c5be2e3fd1dfd99731af107e05f321b9a482783ec3515451fc63?s=96&d=mm&r=g","contentUrl":"https:\/\/secure.gravatar.com\/avatar\/42ef4147e700c5be2e3fd1dfd99731af107e05f321b9a482783ec3515451fc63?s=96&d=mm&r=g","caption":"admin"},"sameAs":["http:\/\/prewww.interflora.se\/blog"]}]}},"uagb_featured_image_src":{"full":["https:\/\/prodblog.interflora.it\/blog\/wp-content\/uploads\/2022\/09\/garofano-copertina.jpg",512,292,false],"thumbnail":["https:\/\/prodblog.interflora.it\/blog\/wp-content\/uploads\/2022\/09\/garofano-copertina-150x150.jpg",150,150,true],"medium":["https:\/\/prodblog.interflora.it\/blog\/wp-content\/uploads\/2022\/09\/garofano-copertina-300x171.jpg",300,171,true],"medium_large":["https:\/\/prodblog.interflora.it\/blog\/wp-content\/uploads\/2022\/09\/garofano-copertina.jpg",512,292,false],"large":["https:\/\/prodblog.interflora.it\/blog\/wp-content\/uploads\/2022\/09\/garofano-copertina.jpg",512,292,false],"1536x1536":["https:\/\/prodblog.interflora.it\/blog\/wp-content\/uploads\/2022\/09\/garofano-copertina.jpg",512,292,false],"2048x2048":["https:\/\/prodblog.interflora.it\/blog\/wp-content\/uploads\/2022\/09\/garofano-copertina.jpg",512,292,false]},"uagb_author_info":{"display_name":"admin","author_link":"https:\/\/prodblog.interflora.it\/blog\/author\/admin\/"},"uagb_comment_info":0,"uagb_excerpt":"Forse l&#8217;avete gi\u00e0 vista fiorire nel giardino dei vostri nonni? La coltivazione del garofano \u00e8 particolarmente facile e gratificante. Questa [&hellip;]","_links":{"self":[{"href":"https:\/\/prodblog.interflora.it\/blog\/wp-json\/wp\/v2\/posts\/2225","targetHints":{"allow":["GET"]}}],"collection":[{"href":"https:\/\/prodblog.interflora.it\/blog\/wp-json\/wp\/v2\/posts"}],"about":[{"href":"https:\/\/prodblog.interflora.it\/blog\/wp-json\/wp\/v2\/types\/post"}],"author":[{"embeddable":true,"href":"https:\/\/prodblog.interflora.it\/blog\/wp-json\/wp\/v2\/users\/1"}],"replies":[{"embeddable":true,"href":"https:\/\/prodblog.interflora.it\/blog\/wp-json\/wp\/v2\/comments?post=2225"}],"version-history":[{"count":0,"href":"https:\/\/prodblog.interflora.it\/blog\/wp-json\/wp\/v2\/posts\/2225\/revisions"}],"wp:featuredmedia":[{"embeddable":true,"href":"https:\/\/prodblog.interflora.it\/blog\/wp-json\/wp\/v2\/media\/31323"}],"wp:attachment":[{"href":"https:\/\/prodblog.interflora.it\/blog\/wp-json\/wp\/v2\/media?parent=2225"}],"wp:term":[{"taxonomy":"category","embeddable":true,"href":"https:\/\/prodblog.interflora.it\/blog\/wp-json\/wp\/v2\/categories?post=2225"},{"taxonomy":"post_tag","embeddable":true,"href":"https:\/\/prodblog.interflora.it\/blog\/wp-json\/wp\/v2\/tags?post=2225"}],"curies":[{"name":"wp","href":"https:\/\/api.w.org\/{rel}","templated":true}]}}