{"id":2487,"date":"2025-11-22T14:21:52","date_gmt":"2025-11-22T13:21:52","guid":{"rendered":"https:\/\/blog.interflora.it\/?p=2487"},"modified":"2025-11-28T14:23:32","modified_gmt":"2025-11-28T13:23:32","slug":"quando-si-inizia-a-fare-albero-di-natale","status":"publish","type":"post","link":"https:\/\/prodblog.interflora.it\/blog\/quando-si-inizia-a-fare-albero-di-natale\/","title":{"rendered":"Quando si inizia a fare l&#8217;albero di Natale?"},"content":{"rendered":"\n<p>Inizia la stagione fredda: il buio arriva prima, il freddo inizia a farsi sentire e Dicembre \u00e8 alle porte. \u00c8 proprio in questo periodo che inizia la frenetica corsa ai regali e agli addobbi, sino ad arrivare a quel magico desiderio di colorare casa e giardino con l\u2019atmosfera del Natale.&nbsp;<\/p>\n\n\n\n<p>Tra le tante cose da ricordare ne esiste una che non pu\u00f2 essere dimenticata: <strong>l\u2019albero di Natale<\/strong>!<\/p>\n\n\n\n<p>Che si scelga un albero tradizionale o un modello pi\u00f9 moderno, la domanda che ogni anno ci facciamo in questo periodo \u00e8: <strong>quando si monta l\u2019albero di Natale<\/strong>?&nbsp; Scopriamo insieme quando si inizia a fare l\u2019albero di Natale e quando disfarlo per conservarlo secondo la tradizione.&nbsp;<\/p>\n\n\n<div class=\"lp-produits-grid\"><div class=\"lp-produit\"><div class=\"lp-thumbnail-wrapper\"><img loading=\"lazy\" decoding=\"async\" width=\"300\" height=\"300\" src=\"https:\/\/prodblog.interflora.it\/blog\/wp-content\/uploads\/2025\/11\/1696585770-traditions-sp-it-deco-300x300.jpg\" class=\"attachment-medium size-medium wp-post-image\" alt=\"\" srcset=\"https:\/\/prodblog.interflora.it\/blog\/wp-content\/uploads\/2025\/11\/1696585770-traditions-sp-it-deco-300x300.jpg 300w, https:\/\/prodblog.interflora.it\/blog\/wp-content\/uploads\/2025\/11\/1696585770-traditions-sp-it-deco-1024x1024.jpg 1024w, https:\/\/prodblog.interflora.it\/blog\/wp-content\/uploads\/2025\/11\/1696585770-traditions-sp-it-deco-150x150.jpg 150w, https:\/\/prodblog.interflora.it\/blog\/wp-content\/uploads\/2025\/11\/1696585770-traditions-sp-it-deco-768x768.jpg 768w, https:\/\/prodblog.interflora.it\/blog\/wp-content\/uploads\/2025\/11\/1696585770-traditions-sp-it-deco.jpg 1142w\" sizes=\"auto, (max-width: 300px) 100vw, 300px\" \/><img decoding=\"async\" class=\"lp-badge\" src=\"https:\/\/www.interflora.it\/blog\/wp-content\/uploads\/cropped-cropped-220221_INTERFLORA_Logo_rgb_Social_Media.png\" alt=\"Consegna in giornata\"><\/div><span>Luci di Natale<\/span><p>49.99 \u20ac<\/p><span class=\"obf-link lp-cta\" role=\"link\" tabindex=\"0\" data-b64=\"aHR0cHM6Ly93d3cuaW50ZXJmbG9yYS5pdC9wL2x1Y2ktZGktbmF0YWxlLzE\/dXRtX21lZGl1bT1vcmdhbmljJnV0bV9zb3VyY2U9YmxvZ19wcm9kdWN0cyZ1dG1fY2FtcGFpZ249WEYwNDk=\" data-target=\"_blank\"><svg xmlns=\"http:\/\/www.w3.org\/2000\/svg\" width=\"16\" height=\"16\" fill=\"currentColor\" class=\"bi bi-bag\" viewBox=\"0 0 16 16\"><path d=\"M8 1a2 2 0 0 1 2 2v1h2.5A1.5 1.5 0 0 1 14 5.5v8A1.5 1.5 0 0 1 12.5 15h-9A1.5 1.5 0 0 1 2 13.5v-8A1.5 1.5 0 0 1 3.5 3H6V2a2 2 0 0 1 2-1zm1 3V3a1 1 0 0 0-2 0v1h2z\"\/><\/svg>Scopri di pi\u00f9<\/span><p class=\"rapido\">Spedizione veloce<\/p><\/div><div class=\"lp-produit\"><div class=\"lp-thumbnail-wrapper\"><img loading=\"lazy\" decoding=\"async\" width=\"300\" height=\"300\" src=\"https:\/\/prodblog.interflora.it\/blog\/wp-content\/uploads\/2025\/04\/1732542126-p011-stella-di-natale-key-300x300.jpg\" class=\"attachment-medium size-medium wp-post-image\" alt=\"\" srcset=\"https:\/\/prodblog.interflora.it\/blog\/wp-content\/uploads\/2025\/04\/1732542126-p011-stella-di-natale-key-300x300.jpg 300w, https:\/\/prodblog.interflora.it\/blog\/wp-content\/uploads\/2025\/04\/1732542126-p011-stella-di-natale-key-1024x1024.jpg 1024w, https:\/\/prodblog.interflora.it\/blog\/wp-content\/uploads\/2025\/04\/1732542126-p011-stella-di-natale-key-150x150.jpg 150w, https:\/\/prodblog.interflora.it\/blog\/wp-content\/uploads\/2025\/04\/1732542126-p011-stella-di-natale-key-768x768.jpg 768w, https:\/\/prodblog.interflora.it\/blog\/wp-content\/uploads\/2025\/04\/1732542126-p011-stella-di-natale-key-1536x1536.jpg 1536w, https:\/\/prodblog.interflora.it\/blog\/wp-content\/uploads\/2025\/04\/1732542126-p011-stella-di-natale-key.jpg 1897w\" sizes=\"auto, (max-width: 300px) 100vw, 300px\" \/><img decoding=\"async\" class=\"lp-badge\" src=\"https:\/\/www.interflora.it\/blog\/wp-content\/uploads\/cropped-cropped-220221_INTERFLORA_Logo_rgb_Social_Media.png\" alt=\"Consegna in giornata\"><\/div><span>Stella di Natale<\/span><p>44.99 \u20ac<\/p><span class=\"obf-link lp-cta\" role=\"link\" tabindex=\"0\" data-b64=\"aHR0cHM6Ly93d3cuaW50ZXJmbG9yYS5pdC9wL3N0ZWxsYS1kaS1uYXRhbGUvMT91dG1fbWVkaXVtPW9yZ2FuaWMmdXRtX3NvdXJjZT1ibG9nX3Byb2R1Y3RzJnV0bV9jYW1wYWlnbj1QRjAyNw==\" data-target=\"_blank\"><svg xmlns=\"http:\/\/www.w3.org\/2000\/svg\" width=\"16\" height=\"16\" fill=\"currentColor\" class=\"bi bi-bag\" viewBox=\"0 0 16 16\"><path d=\"M8 1a2 2 0 0 1 2 2v1h2.5A1.5 1.5 0 0 1 14 5.5v8A1.5 1.5 0 0 1 12.5 15h-9A1.5 1.5 0 0 1 2 13.5v-8A1.5 1.5 0 0 1 3.5 3H6V2a2 2 0 0 1 2-1zm1 3V3a1 1 0 0 0-2 0v1h2z\"\/><\/svg>Scopri di pi\u00f9<\/span><p class=\"rapido\">Consegna rapida<\/p><\/div><div class=\"lp-produit\"><div class=\"lp-thumbnail-wrapper\"><img loading=\"lazy\" decoding=\"async\" width=\"300\" height=\"300\" src=\"https:\/\/prodblog.interflora.it\/blog\/wp-content\/uploads\/2025\/11\/1758204213-luci-dinverno-hd-1-1-300x300.jpg\" class=\"attachment-medium size-medium wp-post-image\" alt=\"\" srcset=\"https:\/\/prodblog.interflora.it\/blog\/wp-content\/uploads\/2025\/11\/1758204213-luci-dinverno-hd-1-1-300x300.jpg 300w, https:\/\/prodblog.interflora.it\/blog\/wp-content\/uploads\/2025\/11\/1758204213-luci-dinverno-hd-1-1-1024x1024.jpg 1024w, https:\/\/prodblog.interflora.it\/blog\/wp-content\/uploads\/2025\/11\/1758204213-luci-dinverno-hd-1-1-150x150.jpg 150w, https:\/\/prodblog.interflora.it\/blog\/wp-content\/uploads\/2025\/11\/1758204213-luci-dinverno-hd-1-1-768x768.jpg 768w, https:\/\/prodblog.interflora.it\/blog\/wp-content\/uploads\/2025\/11\/1758204213-luci-dinverno-hd-1-1-1536x1536.jpg 1536w, https:\/\/prodblog.interflora.it\/blog\/wp-content\/uploads\/2025\/11\/1758204213-luci-dinverno-hd-1-1-2048x2048.jpg 2048w\" sizes=\"auto, (max-width: 300px) 100vw, 300px\" \/><img decoding=\"async\" class=\"lp-badge\" src=\"https:\/\/www.interflora.it\/blog\/wp-content\/uploads\/cropped-cropped-220221_INTERFLORA_Logo_rgb_Social_Media.png\" alt=\"Consegna in giornata\"><\/div><span>Luci d&#8217;Inverno<\/span><p>42.99 \u20ac<\/p><span class=\"obf-link lp-cta\" role=\"link\" tabindex=\"0\" data-b64=\"aHR0cHM6Ly93d3cuaW50ZXJmbG9yYS5pdC9wL2x1Y2ktZC1pbnZlcm5vLzE\/dXRtX21lZGl1bT1vcmdhbmljJnV0bV9zb3VyY2U9YmxvZ19wcm9kdWN0cyZ1dG1fY2FtcGFpZ249WEYwNTA=\" data-target=\"_blank\"><svg xmlns=\"http:\/\/www.w3.org\/2000\/svg\" width=\"16\" height=\"16\" fill=\"currentColor\" class=\"bi bi-bag\" viewBox=\"0 0 16 16\"><path d=\"M8 1a2 2 0 0 1 2 2v1h2.5A1.5 1.5 0 0 1 14 5.5v8A1.5 1.5 0 0 1 12.5 15h-9A1.5 1.5 0 0 1 2 13.5v-8A1.5 1.5 0 0 1 3.5 3H6V2a2 2 0 0 1 2-1zm1 3V3a1 1 0 0 0-2 0v1h2z\"\/><\/svg>Scopri di pi\u00f9<\/span><p class=\"rapido\">Servizio clienti sempre disponibile<\/p><\/div><div class=\"lp-produit\"><div class=\"lp-thumbnail-wrapper\"><img loading=\"lazy\" decoding=\"async\" width=\"300\" height=\"300\" src=\"https:\/\/prodblog.interflora.it\/blog\/wp-content\/uploads\/2025\/04\/1702375634-xxxx-hd-1-m-300x300.jpg\" class=\"attachment-medium size-medium wp-post-image\" alt=\"\" srcset=\"https:\/\/prodblog.interflora.it\/blog\/wp-content\/uploads\/2025\/04\/1702375634-xxxx-hd-1-m-300x300.jpg 300w, https:\/\/prodblog.interflora.it\/blog\/wp-content\/uploads\/2025\/04\/1702375634-xxxx-hd-1-m-1024x1024.jpg 1024w, https:\/\/prodblog.interflora.it\/blog\/wp-content\/uploads\/2025\/04\/1702375634-xxxx-hd-1-m-150x150.jpg 150w, https:\/\/prodblog.interflora.it\/blog\/wp-content\/uploads\/2025\/04\/1702375634-xxxx-hd-1-m-768x768.jpg 768w, https:\/\/prodblog.interflora.it\/blog\/wp-content\/uploads\/2025\/04\/1702375634-xxxx-hd-1-m-1536x1536.jpg 1536w, https:\/\/prodblog.interflora.it\/blog\/wp-content\/uploads\/2025\/04\/1702375634-xxxx-hd-1-m.jpg 1882w\" sizes=\"auto, (max-width: 300px) 100vw, 300px\" \/><img decoding=\"async\" class=\"lp-badge\" src=\"https:\/\/www.interflora.it\/blog\/wp-content\/uploads\/cropped-cropped-220221_INTERFLORA_Logo_rgb_Social_Media.png\" alt=\"Consegna in giornata\"><\/div><span>Stella di Natale grande<\/span><p>59.99 \u20ac<\/p><span class=\"obf-link lp-cta\" role=\"link\" tabindex=\"0\" data-b64=\"aHR0cHM6Ly93d3cuaW50ZXJmbG9yYS5pdC9wL3N0ZWxsYS1kaS1uYXRhbGUtZ3JhbmRlLzE\/dXRtX21lZGl1bT1vcmdhbmljJnV0bV9zb3VyY2U9YmxvZ19wcm9kdWN0cyZ1dG1fY2FtcGFpZ249UEYwMjg=\" data-target=\"_blank\"><svg xmlns=\"http:\/\/www.w3.org\/2000\/svg\" width=\"16\" height=\"16\" fill=\"currentColor\" class=\"bi bi-bag\" viewBox=\"0 0 16 16\"><path d=\"M8 1a2 2 0 0 1 2 2v1h2.5A1.5 1.5 0 0 1 14 5.5v8A1.5 1.5 0 0 1 12.5 15h-9A1.5 1.5 0 0 1 2 13.5v-8A1.5 1.5 0 0 1 3.5 3H6V2a2 2 0 0 1 2-1zm1 3V3a1 1 0 0 0-2 0v1h2z\"\/><\/svg>Scopri di pi\u00f9<\/span><p class=\"rapido\">Servizio clienti sempre disponibile<\/p><\/div><\/div>\n\n\n\n<div style=\"height:10px\" aria-hidden=\"true\" class=\"wp-block-spacer\"><\/div>\n\n\n\n<h2 class=\"wp-block-heading alignwide\">Quando si monta e prepara l\u2019albero di natale?<\/h2>\n\n\n\n<p>Ti sta chiedendo quando si fa l\u2019albero di Natale? Secondo la nostra tradizione, di origine cattolica, l\u2019<a href=\"https:\/\/www.interflora.it\/c\/festivita\/alberi-di-natale\">Albero di Natale<\/a><strong> si fa l\u20198 dicembre<\/strong>, insieme al Presepe, in occasione della ricorrenza dell\u2019Immacolata Concezione. \u00c8 questa perci\u00f2 la data in cui puoi montare l\u2019albero di Natae: una soluzione ideale per tutti coloro che non riescono ad aspettare e adorano le festivit\u00e0 natalizie.<\/p>\n\n\n\n<p>Cosa significa questa usanza? Fare e addobbare l\u2019albero l\u20198 dicembre \u00e8 una tradizione legata al giorno in cui si festeggia simbolicamente il concepimento di Ges\u00f9, giorno in cui si d\u00e0 avvio ai preparativi per la sua nascita, che festeggiamo il <strong>25 dicembre<\/strong>.&nbsp;<\/p>\n\n\n\n<p>Tuttavia, c\u2019\u00e8 anche chi preferisce aspettare il <strong>21-22 dicembre<\/strong> per allestire l\u2019albero, per calarsi nell\u2019atmosfera natalizia a pochi giorni dalla grande data. Parliamo di una tradizione di origine pagana, che risale a tempi antichissimi, quando veniva festeggiato il Solstizio d\u2019Inverno. Una soluzione buona per tutti coloro che preferiscono godersi l\u2019attesa qualche giorno in pi\u00f9.<\/p>\n\n\n\n<p>Esistono per\u00f2 anche delle varianti tipicamente italiane che rimandano o anticipano di qualche giorno la data perfetta per fare l\u2019albero: scopriamole insieme!<\/p>\n\n\n\n<h2 class=\"wp-block-heading alignwide\">Quando si inizia a fare l\u2019albero di Natale: da Milano a Bari<\/h2>\n\n\n\n<p>In base alla regione in cui ci si trova potrebbe cambiare la data per iniziare a fare l\u2019albero di Natale. Si tratta prevalentemente di tradizioni locali, legate a festivit\u00e0 e ricorrenze cittadine.&nbsp;<\/p>\n\n\n\n<p>A <strong>Bari<\/strong>, per esempio, la fatidica data \u00e8 fissata il <strong>6 dicembre<\/strong>, con due giorni di anticipo rispetto alla tradizione nazionale, proprio durante il&nbsp; giorno di San Nicola, patrono del capoluogo pugliese.<\/p>\n\n\n\n<p>A <strong>Milano<\/strong>, invece, \u00e8 usanza fare l\u2019albero invece il<strong> 7 dicembre<\/strong>, giorno dedicato a Sant\u2019Ambrogio, patrono del capoluogo meneghino.&nbsp;<\/p>\n\n\n\n<figure class=\"wp-block-image aligncenter size-full is-resized\"><img decoding=\"async\" src=\"https:\/\/www.interflora.it\/blog\/wp-content\/uploads\/quando-si-inizia-a-fare-l-albero-di-natale.jpg\" alt=\"Quando si inizia a fare l\u2019albero di Natale\" class=\"wp-image-6622\" style=\"aspect-ratio:16\/9;object-fit:cover;width:700px\"\/><\/figure>\n\n\n\n<h2 class=\"wp-block-heading alignwide\">La tradizione dell\u2019albero di Natale<\/h2>\n\n\n\n<div class=\"wp-block-media-text alignwide is-stacked-on-mobile\" style=\"grid-template-columns:30% auto\"><figure class=\"wp-block-media-text__media\"><img decoding=\"async\" src=\"https:\/\/www.interflora.it\/blog\/wp-content\/uploads\/albero-di-natale-con-regali.jpg\" alt=\"\" class=\"wp-image-8810 size-full\"\/><\/figure><div class=\"wp-block-media-text__content\">\n<p>Le leggende legate alla tradizione dell\u2019abete sono numerose. In Italia \u00e8 arrivata <strong>a fine \u2018800<\/strong>, quando la <strong>Regina Margherita<\/strong>, moglie di Umberto I di Savoia, decise di farne allestire uno al Quirinale, dove abitava la famiglia reale. La novit\u00e0 fu apprezzata e copiata ben presto da tutte le famiglie italiane.<\/p>\n\n\n\n<p>Tuttavia, la storia dell\u2019albero di Natale si perde nella notte dei tempi: gli antichi <strong>Celti <\/strong>in particolare credevano che l\u2019abete rosso fosse in grado di esprimere poteri magici perch\u00e9 non perdeva le foglie nemmeno nei geli dell\u2019inverno.<\/p>\n\n\n\n<p>La tradizione pi\u00f9 diffusa, per\u00f2, vuole che l\u2019albero di Natale abbia avuto origine nel <strong>1570 in Germania<\/strong>, quando si iniziarono a decorare abeti con mele, noci, datteri e fiori di carta. Fu poi la duchessa di Brieg, sempre in Germania, a lanciare questa tradizione nel 1611, mentre preparava gli addobbi per il Natale: non sapeva, infatti, come riempire un angolo del salotto rimasto vuoto. \u00c8 cos\u00ec che riemp\u00ec quello spazio con un piccolo abete trovato in giardino!<\/p>\n<\/div><\/div>\n\n\n\n<h2 class=\"wp-block-heading alignwide\">Chi fa l\u2019albero di Natale in anticipo \u00e8 una persona pi\u00f9 felice della media<\/h2>\n\n\n\n<div class=\"wp-block-media-text alignwide is-stacked-on-mobile\" style=\"grid-template-columns:25% auto\"><figure class=\"wp-block-media-text__media\"><img decoding=\"async\" src=\"https:\/\/www.interflora.it\/blog\/wp-content\/uploads\/quando-si-fa-lalbero-di-natale-famiglia.jpg\" alt=\"bambina felice che decora l'albero di Natale con la famiglia\" class=\"wp-image-6604 size-full\"\/><\/figure><div class=\"wp-block-media-text__content\">\n<p>Secondo Steve McKeown, psicologo e fondatore della McKeown Clinic, addobbare la casa in anticipo \u00e8 tipico di chi \u00e8 in grado di <strong>vivere meglio le proprie emozioni.<\/strong><\/p>\n\n\n\n<p>Il <a href=\"https:\/\/www.interflora.it\/c\/festivita\/natale\">Natale<\/a>, infatti, provoca nelle persone emozioni e sentimenti molto forti che aiutano a tornare bambini. Per questo, chi fa l\u2019albero di Natale in anticipo \u00e8 una persona pi\u00f9 felice della media.<\/p>\n\n\n\n<p>Ognuno comunque ha la sua concezione e tradizione: sta perci\u00f2 a te scegliere quale albero di Natale comprare, quando e come decorarlo: luci, palline, fiocchi, pupazzetti, trenini, orsetti e Schiaccianoci, esistono tante idee per decorare l\u2019albero di Natale e colorare di allegria salotti e terrazzi. A te non resta che divertirti!&nbsp;<\/p>\n<\/div><\/div>\n\n\n<div class=\"lp-produits-grid\"><div class=\"lp-produit\"><div class=\"lp-thumbnail-wrapper\"><img loading=\"lazy\" decoding=\"async\" width=\"300\" height=\"300\" src=\"https:\/\/prodblog.interflora.it\/blog\/wp-content\/uploads\/2025\/04\/1702375634-xxxx-hd-1-m-300x300.jpg\" class=\"attachment-medium size-medium wp-post-image\" alt=\"\" srcset=\"https:\/\/prodblog.interflora.it\/blog\/wp-content\/uploads\/2025\/04\/1702375634-xxxx-hd-1-m-300x300.jpg 300w, https:\/\/prodblog.interflora.it\/blog\/wp-content\/uploads\/2025\/04\/1702375634-xxxx-hd-1-m-1024x1024.jpg 1024w, https:\/\/prodblog.interflora.it\/blog\/wp-content\/uploads\/2025\/04\/1702375634-xxxx-hd-1-m-150x150.jpg 150w, https:\/\/prodblog.interflora.it\/blog\/wp-content\/uploads\/2025\/04\/1702375634-xxxx-hd-1-m-768x768.jpg 768w, https:\/\/prodblog.interflora.it\/blog\/wp-content\/uploads\/2025\/04\/1702375634-xxxx-hd-1-m-1536x1536.jpg 1536w, https:\/\/prodblog.interflora.it\/blog\/wp-content\/uploads\/2025\/04\/1702375634-xxxx-hd-1-m.jpg 1882w\" sizes=\"auto, (max-width: 300px) 100vw, 300px\" \/><img decoding=\"async\" class=\"lp-badge\" src=\"https:\/\/www.interflora.it\/blog\/wp-content\/uploads\/cropped-cropped-220221_INTERFLORA_Logo_rgb_Social_Media.png\" alt=\"Consegna in giornata\"><\/div><span>Stella di Natale grande<\/span><p>59.99 \u20ac<\/p><span class=\"obf-link lp-cta\" role=\"link\" tabindex=\"0\" data-b64=\"aHR0cHM6Ly93d3cuaW50ZXJmbG9yYS5pdC9wL3N0ZWxsYS1kaS1uYXRhbGUtZ3JhbmRlLzE\/dXRtX21lZGl1bT1vcmdhbmljJnV0bV9zb3VyY2U9YmxvZ19wcm9kdWN0cyZ1dG1fY2FtcGFpZ249UEYwMjg=\" data-target=\"_blank\"><svg xmlns=\"http:\/\/www.w3.org\/2000\/svg\" width=\"16\" height=\"16\" fill=\"currentColor\" class=\"bi bi-bag\" viewBox=\"0 0 16 16\"><path d=\"M8 1a2 2 0 0 1 2 2v1h2.5A1.5 1.5 0 0 1 14 5.5v8A1.5 1.5 0 0 1 12.5 15h-9A1.5 1.5 0 0 1 2 13.5v-8A1.5 1.5 0 0 1 3.5 3H6V2a2 2 0 0 1 2-1zm1 3V3a1 1 0 0 0-2 0v1h2z\"\/><\/svg>Scopri di pi\u00f9<\/span><p class=\"rapido\">Consegna rapida<\/p><\/div><div class=\"lp-produit\"><div class=\"lp-thumbnail-wrapper\"><img loading=\"lazy\" decoding=\"async\" width=\"300\" height=\"300\" src=\"https:\/\/prodblog.interflora.it\/blog\/wp-content\/uploads\/2025\/11\/1758204213-luci-dinverno-hd-1-1-300x300.jpg\" class=\"attachment-medium size-medium wp-post-image\" alt=\"\" srcset=\"https:\/\/prodblog.interflora.it\/blog\/wp-content\/uploads\/2025\/11\/1758204213-luci-dinverno-hd-1-1-300x300.jpg 300w, https:\/\/prodblog.interflora.it\/blog\/wp-content\/uploads\/2025\/11\/1758204213-luci-dinverno-hd-1-1-1024x1024.jpg 1024w, https:\/\/prodblog.interflora.it\/blog\/wp-content\/uploads\/2025\/11\/1758204213-luci-dinverno-hd-1-1-150x150.jpg 150w, https:\/\/prodblog.interflora.it\/blog\/wp-content\/uploads\/2025\/11\/1758204213-luci-dinverno-hd-1-1-768x768.jpg 768w, https:\/\/prodblog.interflora.it\/blog\/wp-content\/uploads\/2025\/11\/1758204213-luci-dinverno-hd-1-1-1536x1536.jpg 1536w, https:\/\/prodblog.interflora.it\/blog\/wp-content\/uploads\/2025\/11\/1758204213-luci-dinverno-hd-1-1-2048x2048.jpg 2048w\" sizes=\"auto, (max-width: 300px) 100vw, 300px\" \/><img decoding=\"async\" class=\"lp-badge\" src=\"https:\/\/www.interflora.it\/blog\/wp-content\/uploads\/cropped-cropped-220221_INTERFLORA_Logo_rgb_Social_Media.png\" alt=\"Consegna in giornata\"><\/div><span>Luci d&#8217;Inverno<\/span><p>42.99 \u20ac<\/p><span class=\"obf-link lp-cta\" role=\"link\" tabindex=\"0\" data-b64=\"aHR0cHM6Ly93d3cuaW50ZXJmbG9yYS5pdC9wL2x1Y2ktZC1pbnZlcm5vLzE\/dXRtX21lZGl1bT1vcmdhbmljJnV0bV9zb3VyY2U9YmxvZ19wcm9kdWN0cyZ1dG1fY2FtcGFpZ249WEYwNTA=\" data-target=\"_blank\"><svg xmlns=\"http:\/\/www.w3.org\/2000\/svg\" width=\"16\" height=\"16\" fill=\"currentColor\" class=\"bi bi-bag\" viewBox=\"0 0 16 16\"><path d=\"M8 1a2 2 0 0 1 2 2v1h2.5A1.5 1.5 0 0 1 14 5.5v8A1.5 1.5 0 0 1 12.5 15h-9A1.5 1.5 0 0 1 2 13.5v-8A1.5 1.5 0 0 1 3.5 3H6V2a2 2 0 0 1 2-1zm1 3V3a1 1 0 0 0-2 0v1h2z\"\/><\/svg>Scopri di pi\u00f9<\/span><p class=\"rapido\">Servizio clienti sempre disponibile<\/p><\/div><div class=\"lp-produit\"><div class=\"lp-thumbnail-wrapper\"><img loading=\"lazy\" decoding=\"async\" width=\"300\" height=\"300\" src=\"https:\/\/prodblog.interflora.it\/blog\/wp-content\/uploads\/2025\/11\/1728392451-ghirlanda-del-fiorista-hd-ok-300x300.jpg\" class=\"attachment-medium size-medium wp-post-image\" alt=\"\" srcset=\"https:\/\/prodblog.interflora.it\/blog\/wp-content\/uploads\/2025\/11\/1728392451-ghirlanda-del-fiorista-hd-ok-300x300.jpg 300w, https:\/\/prodblog.interflora.it\/blog\/wp-content\/uploads\/2025\/11\/1728392451-ghirlanda-del-fiorista-hd-ok-1024x1024.jpg 1024w, https:\/\/prodblog.interflora.it\/blog\/wp-content\/uploads\/2025\/11\/1728392451-ghirlanda-del-fiorista-hd-ok-150x150.jpg 150w, https:\/\/prodblog.interflora.it\/blog\/wp-content\/uploads\/2025\/11\/1728392451-ghirlanda-del-fiorista-hd-ok-768x768.jpg 768w, https:\/\/prodblog.interflora.it\/blog\/wp-content\/uploads\/2025\/11\/1728392451-ghirlanda-del-fiorista-hd-ok-1536x1536.jpg 1536w, https:\/\/prodblog.interflora.it\/blog\/wp-content\/uploads\/2025\/11\/1728392451-ghirlanda-del-fiorista-hd-ok.jpg 2000w\" sizes=\"auto, (max-width: 300px) 100vw, 300px\" \/><img decoding=\"async\" class=\"lp-badge\" src=\"https:\/\/www.interflora.it\/blog\/wp-content\/uploads\/cropped-cropped-220221_INTERFLORA_Logo_rgb_Social_Media.png\" alt=\"Consegna in giornata\"><\/div><span>Ghirlanda natalizia del fiorista<\/span><p>44.99 \u20ac<\/p><span class=\"obf-link lp-cta\" role=\"link\" tabindex=\"0\" data-b64=\"aHR0cHM6Ly93d3cuaW50ZXJmbG9yYS5pdC9wL2doaXJsYW5kYS1uYXRhbGl6aWEtZGVsLWZpb3Jpc3RhLzE\/dXRtX21lZGl1bT1vcmdhbmljJnV0bV9zb3VyY2U9YmxvZ19wcm9kdWN0cyZ1dG1fY2FtcGFpZ249WEYwNTU=\" data-target=\"_blank\"><svg xmlns=\"http:\/\/www.w3.org\/2000\/svg\" width=\"16\" height=\"16\" fill=\"currentColor\" class=\"bi bi-bag\" viewBox=\"0 0 16 16\"><path d=\"M8 1a2 2 0 0 1 2 2v1h2.5A1.5 1.5 0 0 1 14 5.5v8A1.5 1.5 0 0 1 12.5 15h-9A1.5 1.5 0 0 1 2 13.5v-8A1.5 1.5 0 0 1 3.5 3H6V2a2 2 0 0 1 2-1zm1 3V3a1 1 0 0 0-2 0v1h2z\"\/><\/svg>Scopri di pi\u00f9<\/span><p class=\"rapido\">Best seller<\/p><\/div><div class=\"lp-produit\"><div class=\"lp-thumbnail-wrapper\"><img loading=\"lazy\" decoding=\"async\" width=\"300\" height=\"300\" src=\"https:\/\/prodblog.interflora.it\/blog\/wp-content\/uploads\/2025\/11\/1696585770-traditions-sp-it-deco-300x300.jpg\" class=\"attachment-medium size-medium wp-post-image\" alt=\"\" srcset=\"https:\/\/prodblog.interflora.it\/blog\/wp-content\/uploads\/2025\/11\/1696585770-traditions-sp-it-deco-300x300.jpg 300w, https:\/\/prodblog.interflora.it\/blog\/wp-content\/uploads\/2025\/11\/1696585770-traditions-sp-it-deco-1024x1024.jpg 1024w, https:\/\/prodblog.interflora.it\/blog\/wp-content\/uploads\/2025\/11\/1696585770-traditions-sp-it-deco-150x150.jpg 150w, https:\/\/prodblog.interflora.it\/blog\/wp-content\/uploads\/2025\/11\/1696585770-traditions-sp-it-deco-768x768.jpg 768w, https:\/\/prodblog.interflora.it\/blog\/wp-content\/uploads\/2025\/11\/1696585770-traditions-sp-it-deco.jpg 1142w\" sizes=\"auto, (max-width: 300px) 100vw, 300px\" \/><img decoding=\"async\" class=\"lp-badge\" src=\"https:\/\/www.interflora.it\/blog\/wp-content\/uploads\/cropped-cropped-220221_INTERFLORA_Logo_rgb_Social_Media.png\" alt=\"Consegna in giornata\"><\/div><span>Luci di Natale<\/span><p>49.99 \u20ac<\/p><span class=\"obf-link lp-cta\" role=\"link\" tabindex=\"0\" data-b64=\"aHR0cHM6Ly93d3cuaW50ZXJmbG9yYS5pdC9wL2x1Y2ktZGktbmF0YWxlLzE\/dXRtX21lZGl1bT1vcmdhbmljJnV0bV9zb3VyY2U9YmxvZ19wcm9kdWN0cyZ1dG1fY2FtcGFpZ249WEYwNDk=\" data-target=\"_blank\"><svg xmlns=\"http:\/\/www.w3.org\/2000\/svg\" width=\"16\" height=\"16\" fill=\"currentColor\" class=\"bi bi-bag\" viewBox=\"0 0 16 16\"><path d=\"M8 1a2 2 0 0 1 2 2v1h2.5A1.5 1.5 0 0 1 14 5.5v8A1.5 1.5 0 0 1 12.5 15h-9A1.5 1.5 0 0 1 2 13.5v-8A1.5 1.5 0 0 1 3.5 3H6V2a2 2 0 0 1 2-1zm1 3V3a1 1 0 0 0-2 0v1h2z\"\/><\/svg>Scopri di pi\u00f9<\/span><p class=\"rapido\">Spedizione veloce<\/p><\/div><\/div>\n\n\n\n<div style=\"height:10px\" aria-hidden=\"true\" class=\"wp-block-spacer\"><\/div>\n\n\n\n<h2 class=\"wp-block-heading alignwide\">Quando togliere l\u2019albero di Natale?<\/h2>\n\n\n\n<p>Non ci sono dubbi per quanto riguarda la data in cui disfare l\u2019albero di Natale: il <strong>6 gennaio<\/strong>. Fatta eccezione per alcune tradizioni regionali che rimandano al giorno della Candelora, cio\u00e8 il <strong>2 febbraio<\/strong>.<\/p>\n\n\n\n<p>\u00c8 infatti con <strong>l\u2019Epifania <\/strong>che arriva il momento di conservare l\u2019albero di natale, il presepe e le decorazioni natalizie che per quasi un mese hanno colorato e rallegrato le nostre abitazioni.&nbsp;<\/p>\n\n\n\n<p>Se desiderate ricevere le nostre <a href=\"https:\/\/www.interflora.it\/blog\/come-decorare-albero-di-natale\/\">idee per decorare Albero di Natale<\/a>, non esitate a leggere il nostro articolo dedicato.<\/p>\n\n\n\n<figure class=\"wp-block-image aligncenter size-full is-resized\"><img decoding=\"async\" src=\"https:\/\/www.interflora.it\/blog\/wp-content\/uploads\/decorazione-albero-di-natale.jpg\" alt=\"\" class=\"wp-image-8820\" style=\"width:700px\"\/><\/figure>\n","protected":false},"excerpt":{"rendered":"<p>Inizia la stagione fredda: il buio arriva prima, il freddo inizia a farsi sentire e Dicembre \u00e8 alle porte. \u00c8 [&hellip;]<\/p>\n","protected":false},"author":1,"featured_media":33856,"comment_status":"closed","ping_status":"closed","sticky":false,"template":"","format":"standard","meta":{"_uag_custom_page_level_css":"","site-sidebar-layout":"default","site-content-layout":"","ast-site-content-layout":"default","site-content-style":"default","site-sidebar-style":"default","ast-global-header-display":"","ast-banner-title-visibility":"","ast-main-header-display":"","ast-hfb-above-header-display":"","ast-hfb-below-header-display":"","ast-hfb-mobile-header-display":"","site-post-title":"","ast-breadcrumbs-content":"","ast-featured-img":"","footer-sml-layout":"","ast-disable-related-posts":"","theme-transparent-header-meta":"","adv-header-id-meta":"","stick-header-meta":"","header-above-stick-meta":"","header-main-stick-meta":"","header-below-stick-meta":"","astra-migrate-meta-layouts":"set","ast-page-background-enabled":"default","ast-page-background-meta":{"desktop":{"background-color":"var(--ast-global-color-4)","background-image":"","background-repeat":"repeat","background-position":"center center","background-size":"auto","background-attachment":"scroll","background-type":"","background-media":"","overlay-type":"","overlay-color":"","overlay-opacity":"","overlay-gradient":""},"tablet":{"background-color":"","background-image":"","background-repeat":"repeat","background-position":"center center","background-size":"auto","background-attachment":"scroll","background-type":"","background-media":"","overlay-type":"","overlay-color":"","overlay-opacity":"","overlay-gradient":""},"mobile":{"background-color":"","background-image":"","background-repeat":"repeat","background-position":"center center","background-size":"auto","background-attachment":"scroll","background-type":"","background-media":"","overlay-type":"","overlay-color":"","overlay-opacity":"","overlay-gradient":""}},"ast-content-background-meta":{"desktop":{"background-color":"var(--ast-global-color-5)","background-image":"","background-repeat":"repeat","background-position":"center center","background-size":"auto","background-attachment":"scroll","background-type":"","background-media":"","overlay-type":"","overlay-color":"","overlay-opacity":"","overlay-gradient":""},"tablet":{"background-color":"var(--ast-global-color-5)","background-image":"","background-repeat":"repeat","background-position":"center center","background-size":"auto","background-attachment":"scroll","background-type":"","background-media":"","overlay-type":"","overlay-color":"","overlay-opacity":"","overlay-gradient":""},"mobile":{"background-color":"var(--ast-global-color-5)","background-image":"","background-repeat":"repeat","background-position":"center center","background-size":"auto","background-attachment":"scroll","background-type":"","background-media":"","overlay-type":"","overlay-color":"","overlay-opacity":"","overlay-gradient":""}},"footnotes":""},"categories":[235,169,173],"tags":[234],"class_list":["post-2487","post","type-post","status-publish","format-standard","has-post-thumbnail","hentry","category-albero-di-natale","category-natale","category-occasioni","tag-alberi-di-natale"],"yoast_head":"<!-- This site is optimized with the Yoast SEO plugin v26.4 - https:\/\/yoast.com\/wordpress\/plugins\/seo\/ -->\n<title>Quando si inizia a fare l&#039;albero di Natale? | Interflora<\/title>\n<meta name=\"description\" content=\"Quando si inizia a fare l\u2019albero di Natale? Scopriamo insieme quali sono le date esatte in cui fare e disfare l\u2019albero per conservarlo.\" \/>\n<meta name=\"robots\" content=\"index, follow, max-snippet:-1, max-image-preview:large, max-video-preview:-1\" \/>\n<link rel=\"canonical\" href=\"https:\/\/www.interflora.it\/blog\/quando-si-inizia-a-fare-albero-di-natale\/\" \/>\n<meta property=\"og:locale\" content=\"it_IT\" \/>\n<meta property=\"og:type\" content=\"article\" \/>\n<meta property=\"og:title\" content=\"Quando si inizia a fare l&#039;albero di Natale? | Interflora\" \/>\n<meta property=\"og:description\" content=\"Quando si inizia a fare l\u2019albero di Natale? Scopriamo insieme quali sono le date esatte in cui fare e disfare l\u2019albero per conservarlo.\" \/>\n<meta property=\"og:url\" content=\"https:\/\/www.interflora.it\/blog\/quando-si-inizia-a-fare-albero-di-natale\/\" \/>\n<meta property=\"og:site_name\" content=\"Il blog di Interflora: consigli, idee e ispirazione per godersi fiori e piante\" \/>\n<meta property=\"article:published_time\" content=\"2025-11-22T13:21:52+00:00\" \/>\n<meta property=\"article:modified_time\" content=\"2025-11-28T13:23:32+00:00\" \/>\n<meta property=\"og:image\" content=\"https:\/\/www.interflora.it\/blog\/wp-content\/uploads\/2024\/11\/albero-di-natale-natural.jpg\" \/>\n\t<meta property=\"og:image:width\" content=\"800\" \/>\n\t<meta property=\"og:image:height\" content=\"449\" \/>\n\t<meta property=\"og:image:type\" content=\"image\/jpeg\" \/>\n<meta name=\"author\" content=\"admin\" \/>\n<meta name=\"twitter:card\" content=\"summary_large_image\" \/>\n<script type=\"application\/ld+json\" class=\"yoast-schema-graph\">{\"@context\":\"https:\/\/schema.org\",\"@graph\":[{\"@type\":\"Article\",\"@id\":\"https:\/\/www.interflora.it\/blog\/quando-si-inizia-a-fare-albero-di-natale\/#article\",\"isPartOf\":{\"@id\":\"https:\/\/www.interflora.it\/blog\/quando-si-inizia-a-fare-albero-di-natale\/\"},\"author\":{\"name\":\"admin\",\"@id\":\"https:\/\/www.interflora.it\/blog\/#\/schema\/person\/dbbd1ad45e05409c356dc639597669f2\"},\"headline\":\"Quando si inizia a fare l&#8217;albero di Natale?\",\"datePublished\":\"2025-11-22T13:21:52+00:00\",\"dateModified\":\"2025-11-28T13:23:32+00:00\",\"mainEntityOfPage\":{\"@id\":\"https:\/\/www.interflora.it\/blog\/quando-si-inizia-a-fare-albero-di-natale\/\"},\"wordCount\":822,\"publisher\":{\"@id\":\"https:\/\/www.interflora.it\/blog\/#organization\"},\"image\":{\"@id\":\"https:\/\/www.interflora.it\/blog\/quando-si-inizia-a-fare-albero-di-natale\/#primaryimage\"},\"thumbnailUrl\":\"https:\/\/prodblog.interflora.it\/blog\/wp-content\/uploads\/2024\/11\/albero-di-natale-natural.jpg\",\"keywords\":[\"Alberi di Natale\"],\"articleSection\":[\"Albero di Natale\",\"Natale\",\"Occasioni\"],\"inLanguage\":\"it-IT\"},{\"@type\":\"WebPage\",\"@id\":\"https:\/\/www.interflora.it\/blog\/quando-si-inizia-a-fare-albero-di-natale\/\",\"url\":\"https:\/\/www.interflora.it\/blog\/quando-si-inizia-a-fare-albero-di-natale\/\",\"name\":\"Quando si inizia a fare l'albero di Natale? | Interflora\",\"isPartOf\":{\"@id\":\"https:\/\/www.interflora.it\/blog\/#website\"},\"primaryImageOfPage\":{\"@id\":\"https:\/\/www.interflora.it\/blog\/quando-si-inizia-a-fare-albero-di-natale\/#primaryimage\"},\"image\":{\"@id\":\"https:\/\/www.interflora.it\/blog\/quando-si-inizia-a-fare-albero-di-natale\/#primaryimage\"},\"thumbnailUrl\":\"https:\/\/prodblog.interflora.it\/blog\/wp-content\/uploads\/2024\/11\/albero-di-natale-natural.jpg\",\"datePublished\":\"2025-11-22T13:21:52+00:00\",\"dateModified\":\"2025-11-28T13:23:32+00:00\",\"description\":\"Quando si inizia a fare l\u2019albero di Natale? Scopriamo insieme quali sono le date esatte in cui fare e disfare l\u2019albero per conservarlo.\",\"breadcrumb\":{\"@id\":\"https:\/\/www.interflora.it\/blog\/quando-si-inizia-a-fare-albero-di-natale\/#breadcrumb\"},\"inLanguage\":\"it-IT\",\"potentialAction\":[{\"@type\":\"ReadAction\",\"target\":[\"https:\/\/www.interflora.it\/blog\/quando-si-inizia-a-fare-albero-di-natale\/\"]}]},{\"@type\":\"ImageObject\",\"inLanguage\":\"it-IT\",\"@id\":\"https:\/\/www.interflora.it\/blog\/quando-si-inizia-a-fare-albero-di-natale\/#primaryimage\",\"url\":\"https:\/\/prodblog.interflora.it\/blog\/wp-content\/uploads\/2024\/11\/albero-di-natale-natural.jpg\",\"contentUrl\":\"https:\/\/prodblog.interflora.it\/blog\/wp-content\/uploads\/2024\/11\/albero-di-natale-natural.jpg\",\"width\":800,\"height\":449,\"caption\":\"Albero di natale natural\"},{\"@type\":\"BreadcrumbList\",\"@id\":\"https:\/\/www.interflora.it\/blog\/quando-si-inizia-a-fare-albero-di-natale\/#breadcrumb\",\"itemListElement\":[{\"@type\":\"ListItem\",\"position\":1,\"name\":\"Home\",\"item\":\"https:\/\/www.interflora.it\/blog\/\"},{\"@type\":\"ListItem\",\"position\":2,\"name\":\"Quando si inizia a fare l&#8217;albero di Natale?\"}]},{\"@type\":\"WebSite\",\"@id\":\"https:\/\/www.interflora.it\/blog\/#website\",\"url\":\"https:\/\/www.interflora.it\/blog\/\",\"name\":\"Il blog di Interflora: consigli, idee e ispirazione per godersi fiori e piante\",\"description\":\"\",\"publisher\":{\"@id\":\"https:\/\/www.interflora.it\/blog\/#organization\"},\"potentialAction\":[{\"@type\":\"SearchAction\",\"target\":{\"@type\":\"EntryPoint\",\"urlTemplate\":\"https:\/\/www.interflora.it\/blog\/?s={search_term_string}\"},\"query-input\":{\"@type\":\"PropertyValueSpecification\",\"valueRequired\":true,\"valueName\":\"search_term_string\"}}],\"inLanguage\":\"it-IT\"},{\"@type\":\"Organization\",\"@id\":\"https:\/\/www.interflora.it\/blog\/#organization\",\"name\":\"Il blog di Interflora: consigli, idee e ispirazione per godersi fiori e piante\",\"url\":\"https:\/\/www.interflora.it\/blog\/\",\"logo\":{\"@type\":\"ImageObject\",\"inLanguage\":\"it-IT\",\"@id\":\"https:\/\/www.interflora.it\/blog\/#\/schema\/logo\/image\/\",\"url\":\"https:\/\/prodblog.interflora.it\/blog\/wp-content\/uploads\/2025\/04\/220221_INTERFLORA_Logo_rgb_Half_Circle-e1670413381661.png\",\"contentUrl\":\"https:\/\/prodblog.interflora.it\/blog\/wp-content\/uploads\/2025\/04\/220221_INTERFLORA_Logo_rgb_Half_Circle-e1670413381661.png\",\"width\":1351,\"height\":656,\"caption\":\"Il blog di Interflora: consigli, idee e ispirazione per godersi fiori e piante\"},\"image\":{\"@id\":\"https:\/\/www.interflora.it\/blog\/#\/schema\/logo\/image\/\"}},{\"@type\":\"Person\",\"@id\":\"https:\/\/www.interflora.it\/blog\/#\/schema\/person\/dbbd1ad45e05409c356dc639597669f2\",\"name\":\"admin\",\"image\":{\"@type\":\"ImageObject\",\"inLanguage\":\"it-IT\",\"@id\":\"https:\/\/www.interflora.it\/blog\/#\/schema\/person\/image\/\",\"url\":\"https:\/\/secure.gravatar.com\/avatar\/42ef4147e700c5be2e3fd1dfd99731af107e05f321b9a482783ec3515451fc63?s=96&d=mm&r=g\",\"contentUrl\":\"https:\/\/secure.gravatar.com\/avatar\/42ef4147e700c5be2e3fd1dfd99731af107e05f321b9a482783ec3515451fc63?s=96&d=mm&r=g\",\"caption\":\"admin\"},\"sameAs\":[\"http:\/\/prewww.interflora.se\/blog\"]}]}<\/script>\n<!-- \/ Yoast SEO plugin. -->","yoast_head_json":{"title":"Quando si inizia a fare l'albero di Natale? | Interflora","description":"Quando si inizia a fare l\u2019albero di Natale? Scopriamo insieme quali sono le date esatte in cui fare e disfare l\u2019albero per conservarlo.","robots":{"index":"index","follow":"follow","max-snippet":"max-snippet:-1","max-image-preview":"max-image-preview:large","max-video-preview":"max-video-preview:-1"},"canonical":"https:\/\/www.interflora.it\/blog\/quando-si-inizia-a-fare-albero-di-natale\/","og_locale":"it_IT","og_type":"article","og_title":"Quando si inizia a fare l'albero di Natale? | Interflora","og_description":"Quando si inizia a fare l\u2019albero di Natale? Scopriamo insieme quali sono le date esatte in cui fare e disfare l\u2019albero per conservarlo.","og_url":"https:\/\/www.interflora.it\/blog\/quando-si-inizia-a-fare-albero-di-natale\/","og_site_name":"Il blog di Interflora: consigli, idee e ispirazione per godersi fiori e piante","article_published_time":"2025-11-22T13:21:52+00:00","article_modified_time":"2025-11-28T13:23:32+00:00","og_image":[{"width":800,"height":449,"url":"https:\/\/www.interflora.it\/blog\/wp-content\/uploads\/2024\/11\/albero-di-natale-natural.jpg","type":"image\/jpeg"}],"author":"admin","twitter_card":"summary_large_image","schema":{"@context":"https:\/\/schema.org","@graph":[{"@type":"Article","@id":"https:\/\/www.interflora.it\/blog\/quando-si-inizia-a-fare-albero-di-natale\/#article","isPartOf":{"@id":"https:\/\/www.interflora.it\/blog\/quando-si-inizia-a-fare-albero-di-natale\/"},"author":{"name":"admin","@id":"https:\/\/www.interflora.it\/blog\/#\/schema\/person\/dbbd1ad45e05409c356dc639597669f2"},"headline":"Quando si inizia a fare l&#8217;albero di Natale?","datePublished":"2025-11-22T13:21:52+00:00","dateModified":"2025-11-28T13:23:32+00:00","mainEntityOfPage":{"@id":"https:\/\/www.interflora.it\/blog\/quando-si-inizia-a-fare-albero-di-natale\/"},"wordCount":822,"publisher":{"@id":"https:\/\/www.interflora.it\/blog\/#organization"},"image":{"@id":"https:\/\/www.interflora.it\/blog\/quando-si-inizia-a-fare-albero-di-natale\/#primaryimage"},"thumbnailUrl":"https:\/\/prodblog.interflora.it\/blog\/wp-content\/uploads\/2024\/11\/albero-di-natale-natural.jpg","keywords":["Alberi di Natale"],"articleSection":["Albero di Natale","Natale","Occasioni"],"inLanguage":"it-IT"},{"@type":"WebPage","@id":"https:\/\/www.interflora.it\/blog\/quando-si-inizia-a-fare-albero-di-natale\/","url":"https:\/\/www.interflora.it\/blog\/quando-si-inizia-a-fare-albero-di-natale\/","name":"Quando si inizia a fare l'albero di Natale? | Interflora","isPartOf":{"@id":"https:\/\/www.interflora.it\/blog\/#website"},"primaryImageOfPage":{"@id":"https:\/\/www.interflora.it\/blog\/quando-si-inizia-a-fare-albero-di-natale\/#primaryimage"},"image":{"@id":"https:\/\/www.interflora.it\/blog\/quando-si-inizia-a-fare-albero-di-natale\/#primaryimage"},"thumbnailUrl":"https:\/\/prodblog.interflora.it\/blog\/wp-content\/uploads\/2024\/11\/albero-di-natale-natural.jpg","datePublished":"2025-11-22T13:21:52+00:00","dateModified":"2025-11-28T13:23:32+00:00","description":"Quando si inizia a fare l\u2019albero di Natale? Scopriamo insieme quali sono le date esatte in cui fare e disfare l\u2019albero per conservarlo.","breadcrumb":{"@id":"https:\/\/www.interflora.it\/blog\/quando-si-inizia-a-fare-albero-di-natale\/#breadcrumb"},"inLanguage":"it-IT","potentialAction":[{"@type":"ReadAction","target":["https:\/\/www.interflora.it\/blog\/quando-si-inizia-a-fare-albero-di-natale\/"]}]},{"@type":"ImageObject","inLanguage":"it-IT","@id":"https:\/\/www.interflora.it\/blog\/quando-si-inizia-a-fare-albero-di-natale\/#primaryimage","url":"https:\/\/prodblog.interflora.it\/blog\/wp-content\/uploads\/2024\/11\/albero-di-natale-natural.jpg","contentUrl":"https:\/\/prodblog.interflora.it\/blog\/wp-content\/uploads\/2024\/11\/albero-di-natale-natural.jpg","width":800,"height":449,"caption":"Albero di natale natural"},{"@type":"BreadcrumbList","@id":"https:\/\/www.interflora.it\/blog\/quando-si-inizia-a-fare-albero-di-natale\/#breadcrumb","itemListElement":[{"@type":"ListItem","position":1,"name":"Home","item":"https:\/\/www.interflora.it\/blog\/"},{"@type":"ListItem","position":2,"name":"Quando si inizia a fare l&#8217;albero di Natale?"}]},{"@type":"WebSite","@id":"https:\/\/www.interflora.it\/blog\/#website","url":"https:\/\/www.interflora.it\/blog\/","name":"Il blog di Interflora: consigli, idee e ispirazione per godersi fiori e piante","description":"","publisher":{"@id":"https:\/\/www.interflora.it\/blog\/#organization"},"potentialAction":[{"@type":"SearchAction","target":{"@type":"EntryPoint","urlTemplate":"https:\/\/www.interflora.it\/blog\/?s={search_term_string}"},"query-input":{"@type":"PropertyValueSpecification","valueRequired":true,"valueName":"search_term_string"}}],"inLanguage":"it-IT"},{"@type":"Organization","@id":"https:\/\/www.interflora.it\/blog\/#organization","name":"Il blog di Interflora: consigli, idee e ispirazione per godersi fiori e piante","url":"https:\/\/www.interflora.it\/blog\/","logo":{"@type":"ImageObject","inLanguage":"it-IT","@id":"https:\/\/www.interflora.it\/blog\/#\/schema\/logo\/image\/","url":"https:\/\/prodblog.interflora.it\/blog\/wp-content\/uploads\/2025\/04\/220221_INTERFLORA_Logo_rgb_Half_Circle-e1670413381661.png","contentUrl":"https:\/\/prodblog.interflora.it\/blog\/wp-content\/uploads\/2025\/04\/220221_INTERFLORA_Logo_rgb_Half_Circle-e1670413381661.png","width":1351,"height":656,"caption":"Il blog di Interflora: consigli, idee e ispirazione per godersi fiori e piante"},"image":{"@id":"https:\/\/www.interflora.it\/blog\/#\/schema\/logo\/image\/"}},{"@type":"Person","@id":"https:\/\/www.interflora.it\/blog\/#\/schema\/person\/dbbd1ad45e05409c356dc639597669f2","name":"admin","image":{"@type":"ImageObject","inLanguage":"it-IT","@id":"https:\/\/www.interflora.it\/blog\/#\/schema\/person\/image\/","url":"https:\/\/secure.gravatar.com\/avatar\/42ef4147e700c5be2e3fd1dfd99731af107e05f321b9a482783ec3515451fc63?s=96&d=mm&r=g","contentUrl":"https:\/\/secure.gravatar.com\/avatar\/42ef4147e700c5be2e3fd1dfd99731af107e05f321b9a482783ec3515451fc63?s=96&d=mm&r=g","caption":"admin"},"sameAs":["http:\/\/prewww.interflora.se\/blog"]}]}},"uagb_featured_image_src":{"full":["https:\/\/prodblog.interflora.it\/blog\/wp-content\/uploads\/2024\/11\/albero-di-natale-natural.jpg",800,449,false],"thumbnail":["https:\/\/prodblog.interflora.it\/blog\/wp-content\/uploads\/2024\/11\/albero-di-natale-natural-150x150.jpg",150,150,true],"medium":["https:\/\/prodblog.interflora.it\/blog\/wp-content\/uploads\/2024\/11\/albero-di-natale-natural-300x168.jpg",300,168,true],"medium_large":["https:\/\/prodblog.interflora.it\/blog\/wp-content\/uploads\/2024\/11\/albero-di-natale-natural-768x431.jpg",768,431,true],"large":["https:\/\/prodblog.interflora.it\/blog\/wp-content\/uploads\/2024\/11\/albero-di-natale-natural.jpg",800,449,false],"1536x1536":["https:\/\/prodblog.interflora.it\/blog\/wp-content\/uploads\/2024\/11\/albero-di-natale-natural.jpg",800,449,false],"2048x2048":["https:\/\/prodblog.interflora.it\/blog\/wp-content\/uploads\/2024\/11\/albero-di-natale-natural.jpg",800,449,false]},"uagb_author_info":{"display_name":"admin","author_link":"https:\/\/prodblog.interflora.it\/blog\/author\/admin\/"},"uagb_comment_info":0,"uagb_excerpt":"Inizia la stagione fredda: il buio arriva prima, il freddo inizia a farsi sentire e Dicembre \u00e8 alle porte. \u00c8 [&hellip;]","_links":{"self":[{"href":"https:\/\/prodblog.interflora.it\/blog\/wp-json\/wp\/v2\/posts\/2487","targetHints":{"allow":["GET"]}}],"collection":[{"href":"https:\/\/prodblog.interflora.it\/blog\/wp-json\/wp\/v2\/posts"}],"about":[{"href":"https:\/\/prodblog.interflora.it\/blog\/wp-json\/wp\/v2\/types\/post"}],"author":[{"embeddable":true,"href":"https:\/\/prodblog.interflora.it\/blog\/wp-json\/wp\/v2\/users\/1"}],"replies":[{"embeddable":true,"href":"https:\/\/prodblog.interflora.it\/blog\/wp-json\/wp\/v2\/comments?post=2487"}],"version-history":[{"count":1,"href":"https:\/\/prodblog.interflora.it\/blog\/wp-json\/wp\/v2\/posts\/2487\/revisions"}],"predecessor-version":[{"id":33858,"href":"https:\/\/prodblog.interflora.it\/blog\/wp-json\/wp\/v2\/posts\/2487\/revisions\/33858"}],"wp:featuredmedia":[{"embeddable":true,"href":"https:\/\/prodblog.interflora.it\/blog\/wp-json\/wp\/v2\/media\/33856"}],"wp:attachment":[{"href":"https:\/\/prodblog.interflora.it\/blog\/wp-json\/wp\/v2\/media?parent=2487"}],"wp:term":[{"taxonomy":"category","embeddable":true,"href":"https:\/\/prodblog.interflora.it\/blog\/wp-json\/wp\/v2\/categories?post=2487"},{"taxonomy":"post_tag","embeddable":true,"href":"https:\/\/prodblog.interflora.it\/blog\/wp-json\/wp\/v2\/tags?post=2487"}],"curies":[{"name":"wp","href":"https:\/\/api.w.org\/{rel}","templated":true}]}}