{"id":268,"date":"2019-06-25T08:52:26","date_gmt":"2019-06-25T08:52:26","guid":{"rendered":"https:\/\/blog.interflora.it\/?p=268"},"modified":"2025-08-11T16:02:28","modified_gmt":"2025-08-11T14:02:28","slug":"rome-fashion-week-2019-rose-e-peonie-a-durso-yespica-e-arcuri","status":"publish","type":"post","link":"https:\/\/prodblog.interflora.it\/blog\/rome-fashion-week-2019-rose-e-peonie-a-durso-yespica-e-arcuri\/","title":{"rendered":"Rome fashion week: Rose e Peonie a D&#8217;Urso, Yespica e Arcuri"},"content":{"rendered":"\n<p>Hanno sfidato l&#8217;afa con trentaquattro gradi all&#8217;ombra gli oltre duemila buyers della <strong>Rome Fashion Week 2019<\/strong> provenienti da tutto il mondo, curiosi di conoscere le ultime tendenze per la sera e la cerimonia del 2020. La tre giorni di Alta Moda nei dodicimila metri quadri del primo padiglione della Fiera di Roma &#8211; aperta ai soli addetti ai lavori &#8211; ha svelato novit\u00e0 e grandi ritorni dell&#8217;haute couture e ha visto la presenza di tanti volti dello spettacolo, ospiti di couturier ed imprenditori del lusso.<\/p>\n\n\n\n<p>Primo ad arrivare nello stand della <strong>Maison Romeo Gigli <\/strong>dell&#8217;imprenditore <strong>Paolo Vitale<\/strong>, l&#8217;attore e show man <strong>Massimo Boldi<\/strong>, in completo blu, cravatta in seta arancione e occhiali da sole, che scherza con le indossatrici avvolte in sinuosi abiti laminati.<\/p>\n\n\n\n<p>Ecco <strong>Barbara D&#8217;Urso<\/strong>, in elegante tailleur gilet pantalone in micro-paillettes argento, scortata da bodyguard e accolta al suo ingresso con un coloratissimo bouquet di rose e peonie nei toni del rosa, omaggio dell&#8217;Amministratore Delegato di Interflora, <strong>Luca Iannarone<\/strong>. La pioggia di flash sulla regina del pomeriggio di Canale 5 accompagna lentamente la rassegna di D&#8217;Urso e Vitale sull&#8217;ultima collezione da sera, mentre i tanti fans si accalcano in trepidante attesa per un selfie con la loro beniamina.<\/p>\n\n\n\n<figure class=\"wp-block-gallery has-nested-images columns-3 is-cropped wp-block-gallery-1 is-layout-flex wp-block-gallery-is-layout-flex\">\n<figure class=\"wp-block-image size-large\"><a href=\"https:\/\/www.interflora.it\/blog\/wp-content\/uploads\/2019\/06\/Barbara-DUrso-3-scaled.jpg\"><img decoding=\"async\" data-id=\"275\" src=\"https:\/\/www.interflora.it\/blog\/wp-content\/uploads\/2019\/06\/Barbara-DUrso-3-682x1024.jpg\" alt=\"\" class=\"wp-image-275\"\/><\/a><\/figure>\n\n\n\n<figure class=\"wp-block-image size-large\"><a href=\"https:\/\/www.interflora.it\/blog\/wp-content\/uploads\/2019\/06\/Barbara-DUrso-2-1-scaled.jpg\"><img decoding=\"async\" data-id=\"274\" src=\"https:\/\/www.interflora.it\/blog\/wp-content\/uploads\/2019\/06\/Barbara-DUrso-2-1-682x1024.jpg\" alt=\"\" class=\"wp-image-274\"\/><\/a><\/figure>\n\n\n\n<figure class=\"wp-block-image size-large\"><a href=\"https:\/\/www.interflora.it\/blog\/wp-content\/uploads\/2019\/06\/Barbara-DUrso-scaled.jpg\"><img decoding=\"async\" data-id=\"277\" src=\"https:\/\/www.interflora.it\/blog\/wp-content\/uploads\/2019\/06\/Barbara-DUrso-683x1024.jpg\" alt=\"\" class=\"wp-image-277\"\/><\/a><\/figure>\n<\/figure>\n\n\n\n<p>Contemporaneamente, nell&#8217;area opposta del padiglione, si consuma il d\u00e9fil\u00e9 di <strong>Aida Yespica<\/strong> &#8211; giunta alla <strong>Rome Fashion Week<\/strong> con il fidanzato <strong>Geppy Lama &#8211;<\/strong> avvolta da un sensuale abito a sirena in seta e ricami nelle tinte smeraldo e turchese. La bella venezuelana &#8211; ospite dell&#8217;imprenditore campano <strong>Giuseppe Forino &#8211; <\/strong>chiude la sfilata <strong>Kuea<\/strong> tra gli applausi dei fans che la trattengono per uno scatto, prima del taglio della grande torta sulla passerella appena calcata.<\/p>\n\n\n\n<p>Gran via vai nello stand di Vitale, dove arrivano in successione <strong>Manuela Arcuri<\/strong>, in <em>lam\u00e9<\/em> azzurro, e la coppia <strong>Alex Belli <\/strong>e <strong>Delia Duran<\/strong>, stretta in un miniabito total black con grandi bottoni dorati. Anche per loro, rassegna sulle collezioni prima del brindisi finale e omaggio floreale creato dai maestri fioristi di <strong>Interflora<\/strong>.<\/p>\n\n\n\n<p>Oltre novanta gli espositori provenienti da tutto il mondo &#8211; con pi\u00f9 di duecentocinquanta collezioni per il 2020 presentate in passerella &#8211; hanno anticipato le nuove tendenze in tre giornate di sfilate no stop.<\/p>\n\n\n\n<p>&#8220;<em>Un mercato, quello dell\u2019Alta Moda<\/em>&#8221; &#8211; dicono gli organizzatori di&nbsp;<strong>RFW2019 Fabio Ridolfi&nbsp;<\/strong>e<strong>&nbsp;Andrew Lookman<\/strong> &#8211; &#8220;<em>che non sembra subire flessioni ed \u00e8 in continua evoluzione grazie alla creativit\u00e0 degli stilisti e alla caparbiet\u00e0 di imprenditori del settore<\/em>&#8220;.<\/p>\n\n\n\n<p>In uno stand <strong>Georgia Viero <\/strong>posa per lo shooting, mentre <strong>Andreea Duma<\/strong> e Miss Universe Italy <strong>Erica De Matteis<\/strong> si preparano per le sfilate. Nell&#8217;area lounge <strong>Sandra Milo<\/strong> non si sottrare ai selfie e alle domande dei giornalisti.<\/p>\n\n\n\n<p><em>&#8220;Non ci aspettavamo una simile affluenza<\/em>&#8221; &#8211; affermano, soddisfatti, i patron <strong>Ridolfi<\/strong> e <strong>Lookman<\/strong>&nbsp;<strong> \u2013&nbsp;<\/strong><em>\u201cAperta ai soli operatori del settore, questa manifestazione permette di vedere in anticipo le nuove collezioni del 2020 durante sfilate dedicate. Ma non tutto quello che \u00e8 esposto sar\u00e0, di fatto, messo in commercio, per via del vaglio dei tantissimi compratori internazionali che ogni anno si accreditano. La RFW \u00e8, senza alcun dubbio, il miglior centro di acquisto del Sud Europa; un mix di aziende, design e collezioni di alta gamma provenienti da ogni parte del mondo, rivolto a compratori italiani e stranieri<\/em>\u201d.<\/p>\n\n\n\n<p>Nei tre giorni di esposizione e passerelle presso la Fiera di Roma, maison di moda, stilisti e produttori hanno avuto la possibilit\u00e0 di creare la loro vetrina per accogliere buyer provenienti da oltre 40 paesi del mondo. Si tratta, soprattutto, di compratori e addetti stampa che arrivano da Stati Uniti, Germania, Austria, Svizzera, Francia, Danimarca, Finlandia, Norvegia, Svezia, Regno Unito, Italia, Grecia, Polonia, Federazione Russa, Bielorussia, Repubblica Ceca, Estonia, Croazia, Lituania, Romania, Serbia, Ucraina, Brasile, Dubai, Giordania e Arabia Saudita.<\/p>\n\n\n\n<p>Tra gli espositori:&nbsp;<strong>Musani, Nicole, Pronovias, Notaro, As Seleccion, Frank Lyman, Gattinoni, Gai Mattiolo, Maria Vittoria Vinci, Bianca Brandi, Maestri Group, Magia Moda, Christian Koehlert, Carla Ruiz <\/strong>e molti altri.<\/p>\n\n\n\n<p>La&nbsp;<strong>RFW2019<\/strong>&nbsp;rientra in un progetto internazionale di fiere dedicata all\u2019Alta Moda Sera, Cerimonia e Sposa, con un occhio attento alle tendenze specifiche dei compratori nordeuropei.<\/p>\n","protected":false},"excerpt":{"rendered":"<p>Hanno sfidato l&#8217;afa con trentaquattro gradi all&#8217;ombra gli oltre duemila buyers della Rome Fashion Week 2019 provenienti da tutto il [&hellip;]<\/p>\n","protected":false},"author":1,"featured_media":30963,"comment_status":"closed","ping_status":"closed","sticky":false,"template":"","format":"gallery","meta":{"_uag_custom_page_level_css":"","site-sidebar-layout":"default","site-content-layout":"","ast-site-content-layout":"default","site-content-style":"default","site-sidebar-style":"default","ast-global-header-display":"","ast-banner-title-visibility":"","ast-main-header-display":"","ast-hfb-above-header-display":"","ast-hfb-below-header-display":"","ast-hfb-mobile-header-display":"","site-post-title":"","ast-breadcrumbs-content":"","ast-featured-img":"","footer-sml-layout":"","ast-disable-related-posts":"","theme-transparent-header-meta":"","adv-header-id-meta":"","stick-header-meta":"","header-above-stick-meta":"","header-main-stick-meta":"","header-below-stick-meta":"","astra-migrate-meta-layouts":"default","ast-page-background-enabled":"default","ast-page-background-meta":{"desktop":{"background-color":"var(--ast-global-color-5)","background-image":"","background-repeat":"repeat","background-position":"center center","background-size":"auto","background-attachment":"scroll","background-type":"","background-media":"","overlay-type":"","overlay-color":"","overlay-opacity":"","overlay-gradient":""},"tablet":{"background-color":"","background-image":"","background-repeat":"repeat","background-position":"center center","background-size":"auto","background-attachment":"scroll","background-type":"","background-media":"","overlay-type":"","overlay-color":"","overlay-opacity":"","overlay-gradient":""},"mobile":{"background-color":"","background-image":"","background-repeat":"repeat","background-position":"center center","background-size":"auto","background-attachment":"scroll","background-type":"","background-media":"","overlay-type":"","overlay-color":"","overlay-opacity":"","overlay-gradient":""}},"ast-content-background-meta":{"desktop":{"background-color":"var(--ast-global-color-4)","background-image":"","background-repeat":"repeat","background-position":"center center","background-size":"auto","background-attachment":"scroll","background-type":"","background-media":"","overlay-type":"","overlay-color":"","overlay-opacity":"","overlay-gradient":""},"tablet":{"background-color":"var(--ast-global-color-4)","background-image":"","background-repeat":"repeat","background-position":"center center","background-size":"auto","background-attachment":"scroll","background-type":"","background-media":"","overlay-type":"","overlay-color":"","overlay-opacity":"","overlay-gradient":""},"mobile":{"background-color":"var(--ast-global-color-4)","background-image":"","background-repeat":"repeat","background-position":"center center","background-size":"auto","background-attachment":"scroll","background-type":"","background-media":"","overlay-type":"","overlay-color":"","overlay-opacity":"","overlay-gradient":""}},"footnotes":""},"categories":[166],"tags":[35],"class_list":["post-268","post","type-post","status-publish","format-gallery","has-post-thumbnail","hentry","category-tendenze","tag-interflora","post_format-post-format-gallery"],"yoast_head":"<!-- This site is optimized with the Yoast SEO plugin v26.4 - https:\/\/yoast.com\/wordpress\/plugins\/seo\/ -->\n<title>Rome Fashion Week | Interflora<\/title>\n<meta name=\"description\" content=\"Hanno sfidato l&#039;afa con trentaquattro gradi all&#039;ombra gli oltre duemila buyers della Rome Fashion Week 2019 provenienti da tutto il mondo, curiosi di conoscere le ultime tendenze per la sera e la cerimonia del 2020. La tre giorni di Alta Moda nei dodicimila metri quadri del primo padiglione della Fiera di Roma - aperta ai soli addetti ai lavori - ha svelato novit\u00e0 e grandi ritorni dell&#039;haute couture e ha visto la presenza di tanti volti dello spettacolo, ospiti di couturier ed imprenditori del lusso.\" \/>\n<meta name=\"robots\" content=\"index, follow, max-snippet:-1, max-image-preview:large, max-video-preview:-1\" \/>\n<link rel=\"canonical\" href=\"https:\/\/www.interflora.it\/blog\/rome-fashion-week-2019-rose-e-peonie-a-durso-yespica-e-arcuri\/\" \/>\n<meta property=\"og:locale\" content=\"it_IT\" \/>\n<meta property=\"og:type\" content=\"article\" \/>\n<meta property=\"og:title\" content=\"Rome Fashion Week | Interflora\" \/>\n<meta property=\"og:description\" content=\"Hanno sfidato l&#039;afa con trentaquattro gradi all&#039;ombra gli oltre duemila buyers della Rome Fashion Week 2019 provenienti da tutto il mondo, curiosi di conoscere le ultime tendenze per la sera e la cerimonia del 2020. La tre giorni di Alta Moda nei dodicimila metri quadri del primo padiglione della Fiera di Roma - aperta ai soli addetti ai lavori - ha svelato novit\u00e0 e grandi ritorni dell&#039;haute couture e ha visto la presenza di tanti volti dello spettacolo, ospiti di couturier ed imprenditori del lusso.\" \/>\n<meta property=\"og:url\" content=\"https:\/\/www.interflora.it\/blog\/rome-fashion-week-2019-rose-e-peonie-a-durso-yespica-e-arcuri\/\" \/>\n<meta property=\"og:site_name\" content=\"Il blog di Interflora: consigli, idee e ispirazione per godersi fiori e piante\" \/>\n<meta property=\"article:published_time\" content=\"2019-06-25T08:52:26+00:00\" \/>\n<meta property=\"article:modified_time\" content=\"2025-08-11T14:02:28+00:00\" \/>\n<meta property=\"og:image\" content=\"https:\/\/www.interflora.it\/blog\/wp-content\/uploads\/2019\/07\/YESPICA___1200_1.jpg\" \/>\n\t<meta property=\"og:image:width\" content=\"1200\" \/>\n\t<meta property=\"og:image:height\" content=\"450\" \/>\n\t<meta property=\"og:image:type\" content=\"image\/jpeg\" \/>\n<meta name=\"author\" content=\"admin\" \/>\n<meta name=\"twitter:card\" content=\"summary_large_image\" \/>\n<script type=\"application\/ld+json\" class=\"yoast-schema-graph\">{\"@context\":\"https:\/\/schema.org\",\"@graph\":[{\"@type\":\"Article\",\"@id\":\"https:\/\/www.interflora.it\/blog\/rome-fashion-week-2019-rose-e-peonie-a-durso-yespica-e-arcuri\/#article\",\"isPartOf\":{\"@id\":\"https:\/\/www.interflora.it\/blog\/rome-fashion-week-2019-rose-e-peonie-a-durso-yespica-e-arcuri\/\"},\"author\":{\"name\":\"admin\",\"@id\":\"https:\/\/www.interflora.it\/blog\/#\/schema\/person\/dbbd1ad45e05409c356dc639597669f2\"},\"headline\":\"Rome fashion week: Rose e Peonie a D&#8217;Urso, Yespica e Arcuri\",\"datePublished\":\"2019-06-25T08:52:26+00:00\",\"dateModified\":\"2025-08-11T14:02:28+00:00\",\"mainEntityOfPage\":{\"@id\":\"https:\/\/www.interflora.it\/blog\/rome-fashion-week-2019-rose-e-peonie-a-durso-yespica-e-arcuri\/\"},\"wordCount\":699,\"publisher\":{\"@id\":\"https:\/\/www.interflora.it\/blog\/#organization\"},\"image\":{\"@id\":\"https:\/\/www.interflora.it\/blog\/rome-fashion-week-2019-rose-e-peonie-a-durso-yespica-e-arcuri\/#primaryimage\"},\"thumbnailUrl\":\"https:\/\/prodblog.interflora.it\/blog\/wp-content\/uploads\/2019\/07\/YESPICA___1200_1.jpg\",\"keywords\":[\"interflora\"],\"articleSection\":[\"Tendenze\"],\"inLanguage\":\"it-IT\"},{\"@type\":\"WebPage\",\"@id\":\"https:\/\/www.interflora.it\/blog\/rome-fashion-week-2019-rose-e-peonie-a-durso-yespica-e-arcuri\/\",\"url\":\"https:\/\/www.interflora.it\/blog\/rome-fashion-week-2019-rose-e-peonie-a-durso-yespica-e-arcuri\/\",\"name\":\"Rome Fashion Week | Interflora\",\"isPartOf\":{\"@id\":\"https:\/\/www.interflora.it\/blog\/#website\"},\"primaryImageOfPage\":{\"@id\":\"https:\/\/www.interflora.it\/blog\/rome-fashion-week-2019-rose-e-peonie-a-durso-yespica-e-arcuri\/#primaryimage\"},\"image\":{\"@id\":\"https:\/\/www.interflora.it\/blog\/rome-fashion-week-2019-rose-e-peonie-a-durso-yespica-e-arcuri\/#primaryimage\"},\"thumbnailUrl\":\"https:\/\/prodblog.interflora.it\/blog\/wp-content\/uploads\/2019\/07\/YESPICA___1200_1.jpg\",\"datePublished\":\"2019-06-25T08:52:26+00:00\",\"dateModified\":\"2025-08-11T14:02:28+00:00\",\"description\":\"Hanno sfidato l'afa con trentaquattro gradi all'ombra gli oltre duemila buyers della Rome Fashion Week 2019 provenienti da tutto il mondo, curiosi di conoscere le ultime tendenze per la sera e la cerimonia del 2020. La tre giorni di Alta Moda nei dodicimila metri quadri del primo padiglione della Fiera di Roma - aperta ai soli addetti ai lavori - ha svelato novit\u00e0 e grandi ritorni dell'haute couture e ha visto la presenza di tanti volti dello spettacolo, ospiti di couturier ed imprenditori del lusso.\",\"breadcrumb\":{\"@id\":\"https:\/\/www.interflora.it\/blog\/rome-fashion-week-2019-rose-e-peonie-a-durso-yespica-e-arcuri\/#breadcrumb\"},\"inLanguage\":\"it-IT\",\"potentialAction\":[{\"@type\":\"ReadAction\",\"target\":[\"https:\/\/www.interflora.it\/blog\/rome-fashion-week-2019-rose-e-peonie-a-durso-yespica-e-arcuri\/\"]}]},{\"@type\":\"ImageObject\",\"inLanguage\":\"it-IT\",\"@id\":\"https:\/\/www.interflora.it\/blog\/rome-fashion-week-2019-rose-e-peonie-a-durso-yespica-e-arcuri\/#primaryimage\",\"url\":\"https:\/\/prodblog.interflora.it\/blog\/wp-content\/uploads\/2019\/07\/YESPICA___1200_1.jpg\",\"contentUrl\":\"https:\/\/prodblog.interflora.it\/blog\/wp-content\/uploads\/2019\/07\/YESPICA___1200_1.jpg\",\"width\":1200,\"height\":450},{\"@type\":\"BreadcrumbList\",\"@id\":\"https:\/\/www.interflora.it\/blog\/rome-fashion-week-2019-rose-e-peonie-a-durso-yespica-e-arcuri\/#breadcrumb\",\"itemListElement\":[{\"@type\":\"ListItem\",\"position\":1,\"name\":\"Home\",\"item\":\"https:\/\/prodblog.interflora.it\/blog\/\"},{\"@type\":\"ListItem\",\"position\":2,\"name\":\"Rome fashion week: Rose e Peonie a D&#8217;Urso, Yespica e Arcuri\"}]},{\"@type\":\"WebSite\",\"@id\":\"https:\/\/www.interflora.it\/blog\/#website\",\"url\":\"https:\/\/www.interflora.it\/blog\/\",\"name\":\"Il blog di Interflora: consigli, idee e ispirazione per godersi fiori e piante\",\"description\":\"\",\"publisher\":{\"@id\":\"https:\/\/www.interflora.it\/blog\/#organization\"},\"potentialAction\":[{\"@type\":\"SearchAction\",\"target\":{\"@type\":\"EntryPoint\",\"urlTemplate\":\"https:\/\/www.interflora.it\/blog\/?s={search_term_string}\"},\"query-input\":{\"@type\":\"PropertyValueSpecification\",\"valueRequired\":true,\"valueName\":\"search_term_string\"}}],\"inLanguage\":\"it-IT\"},{\"@type\":\"Organization\",\"@id\":\"https:\/\/www.interflora.it\/blog\/#organization\",\"name\":\"Il blog di Interflora: consigli, idee e ispirazione per godersi fiori e piante\",\"url\":\"https:\/\/www.interflora.it\/blog\/\",\"logo\":{\"@type\":\"ImageObject\",\"inLanguage\":\"it-IT\",\"@id\":\"https:\/\/www.interflora.it\/blog\/#\/schema\/logo\/image\/\",\"url\":\"https:\/\/prodblog.interflora.it\/blog\/wp-content\/uploads\/2025\/04\/220221_INTERFLORA_Logo_rgb_Half_Circle-e1670413381661.png\",\"contentUrl\":\"https:\/\/prodblog.interflora.it\/blog\/wp-content\/uploads\/2025\/04\/220221_INTERFLORA_Logo_rgb_Half_Circle-e1670413381661.png\",\"width\":1351,\"height\":656,\"caption\":\"Il blog di Interflora: consigli, idee e ispirazione per godersi fiori e piante\"},\"image\":{\"@id\":\"https:\/\/www.interflora.it\/blog\/#\/schema\/logo\/image\/\"}},{\"@type\":\"Person\",\"@id\":\"https:\/\/www.interflora.it\/blog\/#\/schema\/person\/dbbd1ad45e05409c356dc639597669f2\",\"name\":\"admin\",\"image\":{\"@type\":\"ImageObject\",\"inLanguage\":\"it-IT\",\"@id\":\"https:\/\/www.interflora.it\/blog\/#\/schema\/person\/image\/\",\"url\":\"https:\/\/secure.gravatar.com\/avatar\/42ef4147e700c5be2e3fd1dfd99731af107e05f321b9a482783ec3515451fc63?s=96&d=mm&r=g\",\"contentUrl\":\"https:\/\/secure.gravatar.com\/avatar\/42ef4147e700c5be2e3fd1dfd99731af107e05f321b9a482783ec3515451fc63?s=96&d=mm&r=g\",\"caption\":\"admin\"},\"sameAs\":[\"http:\/\/prewww.interflora.se\/blog\"]}]}<\/script>\n<!-- \/ Yoast SEO plugin. -->","yoast_head_json":{"title":"Rome Fashion Week | Interflora","description":"Hanno sfidato l'afa con trentaquattro gradi all'ombra gli oltre duemila buyers della Rome Fashion Week 2019 provenienti da tutto il mondo, curiosi di conoscere le ultime tendenze per la sera e la cerimonia del 2020. La tre giorni di Alta Moda nei dodicimila metri quadri del primo padiglione della Fiera di Roma - aperta ai soli addetti ai lavori - ha svelato novit\u00e0 e grandi ritorni dell'haute couture e ha visto la presenza di tanti volti dello spettacolo, ospiti di couturier ed imprenditori del lusso.","robots":{"index":"index","follow":"follow","max-snippet":"max-snippet:-1","max-image-preview":"max-image-preview:large","max-video-preview":"max-video-preview:-1"},"canonical":"https:\/\/www.interflora.it\/blog\/rome-fashion-week-2019-rose-e-peonie-a-durso-yespica-e-arcuri\/","og_locale":"it_IT","og_type":"article","og_title":"Rome Fashion Week | Interflora","og_description":"Hanno sfidato l'afa con trentaquattro gradi all'ombra gli oltre duemila buyers della Rome Fashion Week 2019 provenienti da tutto il mondo, curiosi di conoscere le ultime tendenze per la sera e la cerimonia del 2020. La tre giorni di Alta Moda nei dodicimila metri quadri del primo padiglione della Fiera di Roma - aperta ai soli addetti ai lavori - ha svelato novit\u00e0 e grandi ritorni dell'haute couture e ha visto la presenza di tanti volti dello spettacolo, ospiti di couturier ed imprenditori del lusso.","og_url":"https:\/\/www.interflora.it\/blog\/rome-fashion-week-2019-rose-e-peonie-a-durso-yespica-e-arcuri\/","og_site_name":"Il blog di Interflora: consigli, idee e ispirazione per godersi fiori e piante","article_published_time":"2019-06-25T08:52:26+00:00","article_modified_time":"2025-08-11T14:02:28+00:00","og_image":[{"width":1200,"height":450,"url":"https:\/\/www.interflora.it\/blog\/wp-content\/uploads\/2019\/07\/YESPICA___1200_1.jpg","type":"image\/jpeg"}],"author":"admin","twitter_card":"summary_large_image","schema":{"@context":"https:\/\/schema.org","@graph":[{"@type":"Article","@id":"https:\/\/www.interflora.it\/blog\/rome-fashion-week-2019-rose-e-peonie-a-durso-yespica-e-arcuri\/#article","isPartOf":{"@id":"https:\/\/www.interflora.it\/blog\/rome-fashion-week-2019-rose-e-peonie-a-durso-yespica-e-arcuri\/"},"author":{"name":"admin","@id":"https:\/\/www.interflora.it\/blog\/#\/schema\/person\/dbbd1ad45e05409c356dc639597669f2"},"headline":"Rome fashion week: Rose e Peonie a D&#8217;Urso, Yespica e Arcuri","datePublished":"2019-06-25T08:52:26+00:00","dateModified":"2025-08-11T14:02:28+00:00","mainEntityOfPage":{"@id":"https:\/\/www.interflora.it\/blog\/rome-fashion-week-2019-rose-e-peonie-a-durso-yespica-e-arcuri\/"},"wordCount":699,"publisher":{"@id":"https:\/\/www.interflora.it\/blog\/#organization"},"image":{"@id":"https:\/\/www.interflora.it\/blog\/rome-fashion-week-2019-rose-e-peonie-a-durso-yespica-e-arcuri\/#primaryimage"},"thumbnailUrl":"https:\/\/prodblog.interflora.it\/blog\/wp-content\/uploads\/2019\/07\/YESPICA___1200_1.jpg","keywords":["interflora"],"articleSection":["Tendenze"],"inLanguage":"it-IT"},{"@type":"WebPage","@id":"https:\/\/www.interflora.it\/blog\/rome-fashion-week-2019-rose-e-peonie-a-durso-yespica-e-arcuri\/","url":"https:\/\/www.interflora.it\/blog\/rome-fashion-week-2019-rose-e-peonie-a-durso-yespica-e-arcuri\/","name":"Rome Fashion Week | Interflora","isPartOf":{"@id":"https:\/\/www.interflora.it\/blog\/#website"},"primaryImageOfPage":{"@id":"https:\/\/www.interflora.it\/blog\/rome-fashion-week-2019-rose-e-peonie-a-durso-yespica-e-arcuri\/#primaryimage"},"image":{"@id":"https:\/\/www.interflora.it\/blog\/rome-fashion-week-2019-rose-e-peonie-a-durso-yespica-e-arcuri\/#primaryimage"},"thumbnailUrl":"https:\/\/prodblog.interflora.it\/blog\/wp-content\/uploads\/2019\/07\/YESPICA___1200_1.jpg","datePublished":"2019-06-25T08:52:26+00:00","dateModified":"2025-08-11T14:02:28+00:00","description":"Hanno sfidato l'afa con trentaquattro gradi all'ombra gli oltre duemila buyers della Rome Fashion Week 2019 provenienti da tutto il mondo, curiosi di conoscere le ultime tendenze per la sera e la cerimonia del 2020. La tre giorni di Alta Moda nei dodicimila metri quadri del primo padiglione della Fiera di Roma - aperta ai soli addetti ai lavori - ha svelato novit\u00e0 e grandi ritorni dell'haute couture e ha visto la presenza di tanti volti dello spettacolo, ospiti di couturier ed imprenditori del lusso.","breadcrumb":{"@id":"https:\/\/www.interflora.it\/blog\/rome-fashion-week-2019-rose-e-peonie-a-durso-yespica-e-arcuri\/#breadcrumb"},"inLanguage":"it-IT","potentialAction":[{"@type":"ReadAction","target":["https:\/\/www.interflora.it\/blog\/rome-fashion-week-2019-rose-e-peonie-a-durso-yespica-e-arcuri\/"]}]},{"@type":"ImageObject","inLanguage":"it-IT","@id":"https:\/\/www.interflora.it\/blog\/rome-fashion-week-2019-rose-e-peonie-a-durso-yespica-e-arcuri\/#primaryimage","url":"https:\/\/prodblog.interflora.it\/blog\/wp-content\/uploads\/2019\/07\/YESPICA___1200_1.jpg","contentUrl":"https:\/\/prodblog.interflora.it\/blog\/wp-content\/uploads\/2019\/07\/YESPICA___1200_1.jpg","width":1200,"height":450},{"@type":"BreadcrumbList","@id":"https:\/\/www.interflora.it\/blog\/rome-fashion-week-2019-rose-e-peonie-a-durso-yespica-e-arcuri\/#breadcrumb","itemListElement":[{"@type":"ListItem","position":1,"name":"Home","item":"https:\/\/prodblog.interflora.it\/blog\/"},{"@type":"ListItem","position":2,"name":"Rome fashion week: Rose e Peonie a D&#8217;Urso, Yespica e Arcuri"}]},{"@type":"WebSite","@id":"https:\/\/www.interflora.it\/blog\/#website","url":"https:\/\/www.interflora.it\/blog\/","name":"Il blog di Interflora: consigli, idee e ispirazione per godersi fiori e piante","description":"","publisher":{"@id":"https:\/\/www.interflora.it\/blog\/#organization"},"potentialAction":[{"@type":"SearchAction","target":{"@type":"EntryPoint","urlTemplate":"https:\/\/www.interflora.it\/blog\/?s={search_term_string}"},"query-input":{"@type":"PropertyValueSpecification","valueRequired":true,"valueName":"search_term_string"}}],"inLanguage":"it-IT"},{"@type":"Organization","@id":"https:\/\/www.interflora.it\/blog\/#organization","name":"Il blog di Interflora: consigli, idee e ispirazione per godersi fiori e piante","url":"https:\/\/www.interflora.it\/blog\/","logo":{"@type":"ImageObject","inLanguage":"it-IT","@id":"https:\/\/www.interflora.it\/blog\/#\/schema\/logo\/image\/","url":"https:\/\/prodblog.interflora.it\/blog\/wp-content\/uploads\/2025\/04\/220221_INTERFLORA_Logo_rgb_Half_Circle-e1670413381661.png","contentUrl":"https:\/\/prodblog.interflora.it\/blog\/wp-content\/uploads\/2025\/04\/220221_INTERFLORA_Logo_rgb_Half_Circle-e1670413381661.png","width":1351,"height":656,"caption":"Il blog di Interflora: consigli, idee e ispirazione per godersi fiori e piante"},"image":{"@id":"https:\/\/www.interflora.it\/blog\/#\/schema\/logo\/image\/"}},{"@type":"Person","@id":"https:\/\/www.interflora.it\/blog\/#\/schema\/person\/dbbd1ad45e05409c356dc639597669f2","name":"admin","image":{"@type":"ImageObject","inLanguage":"it-IT","@id":"https:\/\/www.interflora.it\/blog\/#\/schema\/person\/image\/","url":"https:\/\/secure.gravatar.com\/avatar\/42ef4147e700c5be2e3fd1dfd99731af107e05f321b9a482783ec3515451fc63?s=96&d=mm&r=g","contentUrl":"https:\/\/secure.gravatar.com\/avatar\/42ef4147e700c5be2e3fd1dfd99731af107e05f321b9a482783ec3515451fc63?s=96&d=mm&r=g","caption":"admin"},"sameAs":["http:\/\/prewww.interflora.se\/blog"]}]}},"uagb_featured_image_src":{"full":["https:\/\/prodblog.interflora.it\/blog\/wp-content\/uploads\/2019\/07\/YESPICA___1200_1.jpg",1200,450,false],"thumbnail":["https:\/\/prodblog.interflora.it\/blog\/wp-content\/uploads\/2019\/07\/YESPICA___1200_1-150x150.jpg",150,150,true],"medium":["https:\/\/prodblog.interflora.it\/blog\/wp-content\/uploads\/2019\/07\/YESPICA___1200_1-300x113.jpg",300,113,true],"medium_large":["https:\/\/prodblog.interflora.it\/blog\/wp-content\/uploads\/2019\/07\/YESPICA___1200_1-768x288.jpg",768,288,true],"large":["https:\/\/prodblog.interflora.it\/blog\/wp-content\/uploads\/2019\/07\/YESPICA___1200_1-1024x384.jpg",1024,384,true],"1536x1536":["https:\/\/prodblog.interflora.it\/blog\/wp-content\/uploads\/2019\/07\/YESPICA___1200_1.jpg",1200,450,false],"2048x2048":["https:\/\/prodblog.interflora.it\/blog\/wp-content\/uploads\/2019\/07\/YESPICA___1200_1.jpg",1200,450,false]},"uagb_author_info":{"display_name":"admin","author_link":"https:\/\/prodblog.interflora.it\/blog\/author\/admin\/"},"uagb_comment_info":0,"uagb_excerpt":"Hanno sfidato l&#8217;afa con trentaquattro gradi all&#8217;ombra gli oltre duemila buyers della Rome Fashion Week 2019 provenienti da tutto il [&hellip;]","_links":{"self":[{"href":"https:\/\/prodblog.interflora.it\/blog\/wp-json\/wp\/v2\/posts\/268","targetHints":{"allow":["GET"]}}],"collection":[{"href":"https:\/\/prodblog.interflora.it\/blog\/wp-json\/wp\/v2\/posts"}],"about":[{"href":"https:\/\/prodblog.interflora.it\/blog\/wp-json\/wp\/v2\/types\/post"}],"author":[{"embeddable":true,"href":"https:\/\/prodblog.interflora.it\/blog\/wp-json\/wp\/v2\/users\/1"}],"replies":[{"embeddable":true,"href":"https:\/\/prodblog.interflora.it\/blog\/wp-json\/wp\/v2\/comments?post=268"}],"version-history":[{"count":0,"href":"https:\/\/prodblog.interflora.it\/blog\/wp-json\/wp\/v2\/posts\/268\/revisions"}],"wp:featuredmedia":[{"embeddable":true,"href":"https:\/\/prodblog.interflora.it\/blog\/wp-json\/wp\/v2\/media\/30963"}],"wp:attachment":[{"href":"https:\/\/prodblog.interflora.it\/blog\/wp-json\/wp\/v2\/media?parent=268"}],"wp:term":[{"taxonomy":"category","embeddable":true,"href":"https:\/\/prodblog.interflora.it\/blog\/wp-json\/wp\/v2\/categories?post=268"},{"taxonomy":"post_tag","embeddable":true,"href":"https:\/\/prodblog.interflora.it\/blog\/wp-json\/wp\/v2\/tags?post=268"}],"curies":[{"name":"wp","href":"https:\/\/api.w.org\/{rel}","templated":true}]}}