{"id":2978,"date":"2026-04-17T15:50:57","date_gmt":"2026-04-17T13:50:57","guid":{"rendered":"https:\/\/blog.interflora.it\/?p=2978"},"modified":"2026-04-17T15:54:08","modified_gmt":"2026-04-17T13:54:08","slug":"idee-regalo-festa-della-mamma","status":"publish","type":"post","link":"https:\/\/prodblog.interflora.it\/blog\/idee-regalo-festa-della-mamma\/","title":{"rendered":"10 idee regalo per la Festa della Mamma"},"content":{"rendered":"\n<p>La\u00a0<strong>Festa della Mamma\u00a0<\/strong>\u00e8 alle porte! Non c\u2019\u00e8 una data esatta per la ricorrenza, che varia a seconda del Paese e delle tradizioni. In Italia viene fatta cadere la seconda domenica di maggio: quest\u2019anno, infatti, si festegger\u00e0 il\u00a0<strong>10 maggio 2026<\/strong>.<\/p>\n\n\n\n<p>Nonostante abbia un\u2019origine molto antica, \u00e8 sempre stata celebrata nel mese di maggio anche al tempo dei Greci e dei Romani, dove era legata al culto delle divinit\u00e0 femminili e della fertilit\u00e0. Lo scopo di questa festivit\u00e0 \u00e8 sempre stato lo stesso: celebrare la donna e la&nbsp;<strong>maternit\u00e0<\/strong>. Nel 1914 il presidente americano Wilson decise di dedicare la&nbsp;<strong>seconda domenica di maggio&nbsp;<\/strong>alla manifestazione pubblica in onore di tutte le madri dei soldati, dando le prime origini a questa meravigliosa ricorrenza.<\/p>\n\n\n\n<p>Anche quest\u2019anno \u00e8 arrivato il momento di dire grazie a colei che ci ha cresciuto ed \u00e8 stata sempre al nostro fianco oppure per augurare un in bocca al lupo a chi sta per diventare madre, con il&nbsp;<strong>miglior regalo per la Festa della Mamma<\/strong>.<\/p>\n\n\n<div class=\"lp-produits-grid\"><div class=\"lp-produit\"><div class=\"lp-thumbnail-wrapper\"><img loading=\"lazy\" decoding=\"async\" width=\"300\" height=\"300\" src=\"https:\/\/prodblog.interflora.it\/blog\/wp-content\/uploads\/2026\/03\/1773757970-ff037-s-melodia-bouquet-300x300.jpg\" class=\"attachment-medium size-medium wp-post-image\" alt=\"\" srcset=\"https:\/\/prodblog.interflora.it\/blog\/wp-content\/uploads\/2026\/03\/1773757970-ff037-s-melodia-bouquet-300x300.jpg 300w, https:\/\/prodblog.interflora.it\/blog\/wp-content\/uploads\/2026\/03\/1773757970-ff037-s-melodia-bouquet-1024x1024.jpg 1024w, https:\/\/prodblog.interflora.it\/blog\/wp-content\/uploads\/2026\/03\/1773757970-ff037-s-melodia-bouquet-150x150.jpg 150w, https:\/\/prodblog.interflora.it\/blog\/wp-content\/uploads\/2026\/03\/1773757970-ff037-s-melodia-bouquet-768x768.jpg 768w, https:\/\/prodblog.interflora.it\/blog\/wp-content\/uploads\/2026\/03\/1773757970-ff037-s-melodia-bouquet-1536x1536.jpg 1536w, https:\/\/prodblog.interflora.it\/blog\/wp-content\/uploads\/2026\/03\/1773757970-ff037-s-melodia-bouquet-2048x2048.jpg 2048w\" sizes=\"auto, (max-width: 300px) 100vw, 300px\" \/><img decoding=\"async\" class=\"lp-badge\" src=\"https:\/\/www.interflora.it\/blog\/wp-content\/uploads\/cropped-cropped-220221_INTERFLORA_Logo_rgb_Social_Media.png\" alt=\"Consegna in giornata\"><\/div><span>Melodia<\/span><p>47.99 \u20ac<\/p><span class=\"obf-link lp-cta\" role=\"link\" tabindex=\"0\" data-b64=\"aHR0cHM6Ly93d3cuaW50ZXJmbG9yYS5pdC9wL21lbG9kaWEvMT91dG1fbWVkaXVtPW9yZ2FuaWMmdXRtX3NvdXJjZT1ibG9nX3Byb2R1Y3RzJnV0bV9jYW1wYWlnbj1GRjAzNw==\" data-target=\"_blank\"><svg xmlns=\"http:\/\/www.w3.org\/2000\/svg\" width=\"16\" height=\"16\" fill=\"currentColor\" class=\"bi bi-bag\" viewBox=\"0 0 16 16\"><path d=\"M8 1a2 2 0 0 1 2 2v1h2.5A1.5 1.5 0 0 1 14 5.5v8A1.5 1.5 0 0 1 12.5 15h-9A1.5 1.5 0 0 1 2 13.5v-8A1.5 1.5 0 0 1 3.5 3H6V2a2 2 0 0 1 2-1zm1 3V3a1 1 0 0 0-2 0v1h2z\"\/><\/svg>Scopri di pi\u00f9<\/span><p class=\"rapido\">Best seller<\/p><\/div><div class=\"lp-produit\"><div class=\"lp-thumbnail-wrapper\"><img loading=\"lazy\" decoding=\"async\" width=\"300\" height=\"300\" src=\"https:\/\/prodblog.interflora.it\/blog\/wp-content\/uploads\/2026\/03\/1773652650-ff038-s-legame-fiorito-zoom_v3-300x300.jpg\" class=\"attachment-medium size-medium wp-post-image\" alt=\"\" srcset=\"https:\/\/prodblog.interflora.it\/blog\/wp-content\/uploads\/2026\/03\/1773652650-ff038-s-legame-fiorito-zoom_v3-300x300.jpg 300w, https:\/\/prodblog.interflora.it\/blog\/wp-content\/uploads\/2026\/03\/1773652650-ff038-s-legame-fiorito-zoom_v3-1024x1024.jpg 1024w, https:\/\/prodblog.interflora.it\/blog\/wp-content\/uploads\/2026\/03\/1773652650-ff038-s-legame-fiorito-zoom_v3-150x150.jpg 150w, https:\/\/prodblog.interflora.it\/blog\/wp-content\/uploads\/2026\/03\/1773652650-ff038-s-legame-fiorito-zoom_v3-768x768.jpg 768w, https:\/\/prodblog.interflora.it\/blog\/wp-content\/uploads\/2026\/03\/1773652650-ff038-s-legame-fiorito-zoom_v3-1536x1536.jpg 1536w, https:\/\/prodblog.interflora.it\/blog\/wp-content\/uploads\/2026\/03\/1773652650-ff038-s-legame-fiorito-zoom_v3.jpg 2000w\" sizes=\"auto, (max-width: 300px) 100vw, 300px\" \/><img decoding=\"async\" class=\"lp-badge\" src=\"https:\/\/www.interflora.it\/blog\/wp-content\/uploads\/cropped-cropped-220221_INTERFLORA_Logo_rgb_Social_Media.png\" alt=\"Consegna in giornata\"><\/div><span>Legame fiorito<\/span><p>49.99 \u20ac<\/p><span class=\"obf-link lp-cta\" role=\"link\" tabindex=\"0\" data-b64=\"aHR0cHM6Ly93d3cuaW50ZXJmbG9yYS5pdC9wL2xlZ2FtZS1maW9yaXRvLzE\/dXRtX21lZGl1bT1vcmdhbmljJnV0bV9zb3VyY2U9YmxvZ19wcm9kdWN0cyZ1dG1fY2FtcGFpZ249RkYwMzg=\" data-target=\"_blank\"><svg xmlns=\"http:\/\/www.w3.org\/2000\/svg\" width=\"16\" height=\"16\" fill=\"currentColor\" class=\"bi bi-bag\" viewBox=\"0 0 16 16\"><path d=\"M8 1a2 2 0 0 1 2 2v1h2.5A1.5 1.5 0 0 1 14 5.5v8A1.5 1.5 0 0 1 12.5 15h-9A1.5 1.5 0 0 1 2 13.5v-8A1.5 1.5 0 0 1 3.5 3H6V2a2 2 0 0 1 2-1zm1 3V3a1 1 0 0 0-2 0v1h2z\"\/><\/svg>Scopri di pi\u00f9<\/span><p class=\"rapido\">Spedizione veloce<\/p><\/div><div class=\"lp-produit\"><div class=\"lp-thumbnail-wrapper\"><img loading=\"lazy\" decoding=\"async\" width=\"300\" height=\"300\" src=\"https:\/\/prodblog.interflora.it\/blog\/wp-content\/uploads\/2026\/03\/1698227723-6jo-hd-1-300x300.jpg\" class=\"attachment-medium size-medium wp-post-image\" alt=\"\" srcset=\"https:\/\/prodblog.interflora.it\/blog\/wp-content\/uploads\/2026\/03\/1698227723-6jo-hd-1-300x300.jpg 300w, https:\/\/prodblog.interflora.it\/blog\/wp-content\/uploads\/2026\/03\/1698227723-6jo-hd-1-1024x1024.jpg 1024w, https:\/\/prodblog.interflora.it\/blog\/wp-content\/uploads\/2026\/03\/1698227723-6jo-hd-1-150x150.jpg 150w, https:\/\/prodblog.interflora.it\/blog\/wp-content\/uploads\/2026\/03\/1698227723-6jo-hd-1-768x768.jpg 768w, https:\/\/prodblog.interflora.it\/blog\/wp-content\/uploads\/2026\/03\/1698227723-6jo-hd-1.jpg 1200w\" sizes=\"auto, (max-width: 300px) 100vw, 300px\" \/><img decoding=\"async\" class=\"lp-badge\" src=\"https:\/\/www.interflora.it\/blog\/wp-content\/uploads\/cropped-cropped-220221_INTERFLORA_Logo_rgb_Social_Media.png\" alt=\"Consegna in giornata\"><\/div><span>Radici del Ricordo<\/span><p>39.99 \u20ac<\/p><span class=\"obf-link lp-cta\" role=\"link\" tabindex=\"0\" data-b64=\"aHR0cHM6Ly93d3cuaW50ZXJmbG9yYS5pdC9wL3JhZGljaS1kZWwtcmljb3Jkby8xP3V0bV9tZWRpdW09b3JnYW5pYyZ1dG1fc291cmNlPWJsb2dfcHJvZHVjdHMmdXRtX2NhbXBhaWduPUMwMTc1\" data-target=\"_blank\"><svg xmlns=\"http:\/\/www.w3.org\/2000\/svg\" width=\"16\" height=\"16\" fill=\"currentColor\" class=\"bi bi-bag\" viewBox=\"0 0 16 16\"><path d=\"M8 1a2 2 0 0 1 2 2v1h2.5A1.5 1.5 0 0 1 14 5.5v8A1.5 1.5 0 0 1 12.5 15h-9A1.5 1.5 0 0 1 2 13.5v-8A1.5 1.5 0 0 1 3.5 3H6V2a2 2 0 0 1 2-1zm1 3V3a1 1 0 0 0-2 0v1h2z\"\/><\/svg>Scopri di pi\u00f9<\/span><p class=\"rapido\">Spedizione veloce<\/p><\/div><div class=\"lp-produit\"><div class=\"lp-thumbnail-wrapper\"><img loading=\"lazy\" decoding=\"async\" width=\"300\" height=\"300\" src=\"https:\/\/prodblog.interflora.it\/blog\/wp-content\/uploads\/2025\/04\/1744789659-xf060-cesto-di-azalee-key-300x300.png\" class=\"attachment-medium size-medium wp-post-image\" alt=\"\" srcset=\"https:\/\/prodblog.interflora.it\/blog\/wp-content\/uploads\/2025\/04\/1744789659-xf060-cesto-di-azalee-key-300x300.png 300w, https:\/\/prodblog.interflora.it\/blog\/wp-content\/uploads\/2025\/04\/1744789659-xf060-cesto-di-azalee-key-1024x1024.png 1024w, https:\/\/prodblog.interflora.it\/blog\/wp-content\/uploads\/2025\/04\/1744789659-xf060-cesto-di-azalee-key-150x150.png 150w, https:\/\/prodblog.interflora.it\/blog\/wp-content\/uploads\/2025\/04\/1744789659-xf060-cesto-di-azalee-key-768x768.png 768w, https:\/\/prodblog.interflora.it\/blog\/wp-content\/uploads\/2025\/04\/1744789659-xf060-cesto-di-azalee-key-1536x1536.png 1536w, https:\/\/prodblog.interflora.it\/blog\/wp-content\/uploads\/2025\/04\/1744789659-xf060-cesto-di-azalee-key-2048x2048.png 2048w\" sizes=\"auto, (max-width: 300px) 100vw, 300px\" \/><img decoding=\"async\" class=\"lp-badge\" src=\"https:\/\/www.interflora.it\/blog\/wp-content\/uploads\/cropped-cropped-220221_INTERFLORA_Logo_rgb_Social_Media.png\" alt=\"Consegna in giornata\"><\/div><span>Cesto di azalee<\/span><p>79.99 \u20ac<\/p><span class=\"obf-link lp-cta\" role=\"link\" tabindex=\"0\" data-b64=\"aHR0cHM6Ly93d3cuaW50ZXJmbG9yYS5pdC9wL2Nlc3RvLWRpLWF6YWxlZS8xP3V0bV9tZWRpdW09b3JnYW5pYyZ1dG1fc291cmNlPWJsb2dfcHJvZHVjdHMmdXRtX2NhbXBhaWduPVhGMDYw\" data-target=\"_blank\"><svg xmlns=\"http:\/\/www.w3.org\/2000\/svg\" width=\"16\" height=\"16\" fill=\"currentColor\" class=\"bi bi-bag\" viewBox=\"0 0 16 16\"><path d=\"M8 1a2 2 0 0 1 2 2v1h2.5A1.5 1.5 0 0 1 14 5.5v8A1.5 1.5 0 0 1 12.5 15h-9A1.5 1.5 0 0 1 2 13.5v-8A1.5 1.5 0 0 1 3.5 3H6V2a2 2 0 0 1 2-1zm1 3V3a1 1 0 0 0-2 0v1h2z\"\/><\/svg>Scopri di pi\u00f9<\/span><p class=\"rapido\">Best seller<\/p><\/div><\/div>\n\n\n\n<div style=\"height:10px\" aria-hidden=\"true\" class=\"wp-block-spacer\"><\/div>\n\n\n\n<h2 class=\"wp-block-heading alignwide\">Idee regalo per la Festa della Mamma<\/h2>\n\n\n\n<p>Non sai cosa regalare a una persona cos\u00ec speciale? Affidati alle nostre&nbsp;<strong>idee per la Festa della Mamma<\/strong>. Per scegliere il regalo giusto dovrai solo pensare a lei, ai suoi interessi e magari al suo lavoro.<\/p>\n\n\n\n<h2 class=\"wp-block-heading alignwide\">Bouquet di fiori per la Festa della Mamma<\/h2>\n\n\n\n<p>Regalare un mazzo di fiori, una delle nostre composizioni floreali o una pianta fiorita alla mamma per la sua festa \u00e8 il modo migliore per esprimere il proprio amore. Possiamo anche decidere di stupirla&nbsp;<strong>spedendo un bouquet di fiori&nbsp;<\/strong>direttamente a casa o in ufficio.<\/p>\n\n\n\n<p>Per scegliere al meglio i fiori e i regali per farle gli auguri, la maggior parte di noi ha un\u2019idea su quali possano essere i fiori o i colori preferiti delle nostre mamme, ma \u00e8 possibile anche scegliere una composizione floreale insolita.<\/p>\n\n\n\n<div class=\"wp-block-media-text is-stacked-on-mobile\" style=\"grid-template-columns:30% auto\"><figure class=\"wp-block-media-text__media\"><img loading=\"lazy\" decoding=\"async\" width=\"667\" height=\"1000\" src=\"https:\/\/prodblog.interflora.it\/blog\/wp-content\/uploads\/2026\/04\/festa-della-mamma-17.jpg\" alt=\"\" class=\"wp-image-35320 size-full\" srcset=\"https:\/\/prodblog.interflora.it\/blog\/wp-content\/uploads\/2026\/04\/festa-della-mamma-17.jpg 667w, https:\/\/prodblog.interflora.it\/blog\/wp-content\/uploads\/2026\/04\/festa-della-mamma-17-200x300.jpg 200w\" sizes=\"auto, (max-width: 667px) 100vw, 667px\" \/><\/figure><div class=\"wp-block-media-text__content\">\n<h3 class=\"wp-block-heading\">Peonia: fiore simbolo della Festa della Mamma<\/h3>\n\n\n\n<p>Tra i fiori per la festa della mamma la&nbsp;<strong>Peonia&nbsp;<\/strong>\u00e8, insieme alla&nbsp;<strong>Potentilla<\/strong>, il fiore per eccellenza in quanto \u00e8 simbolo di amore e affetto ma anche prosperit\u00e0, onore, valore, nobilt\u00e0 d\u2019animo e, in piena fioritura, pace.<\/p>\n\n\n\n<h3 class=\"wp-block-heading\">Fiori classici dell\u2019amore: le rose<\/h3>\n\n\n\n<p>Rose, tulipani, gerbere, peonie e orchidee sono i pi\u00f9 classici&nbsp;<a href=\"https:\/\/www.interflora.it\/c\/festivita\/festa-della-mamma?utm_source=blog&amp;utm_medium=organic&amp;utm_campaign=post-cta\">fiori per la festa della mamma<\/a>. Soprattutto le rose rosse sono i fiori pi\u00f9 classici da regalare e per esprimere il proprio amore, perch\u00e9 simbolo di affetto duraturo. In merito, un&nbsp;<strong>rosa stabilizzata<\/strong>, che grazie alla tecnica della stabilizzazione potr\u00e0 durare pi\u00f9 di 1 anno, \u00e8 il regalo perfetto per rappresentare un amore duraturo nel tempo.<\/p>\n<\/div><\/div>\n\n\n\n<div class=\"wp-block-media-text is-stacked-on-mobile\" style=\"grid-template-columns:30% auto\"><figure class=\"wp-block-media-text__media\"><img loading=\"lazy\" decoding=\"async\" width=\"667\" height=\"1000\" src=\"https:\/\/prodblog.interflora.it\/blog\/wp-content\/uploads\/2026\/04\/festa-della-mamma-16.jpg\" alt=\"\" class=\"wp-image-35321 size-full\" srcset=\"https:\/\/prodblog.interflora.it\/blog\/wp-content\/uploads\/2026\/04\/festa-della-mamma-16.jpg 667w, https:\/\/prodblog.interflora.it\/blog\/wp-content\/uploads\/2026\/04\/festa-della-mamma-16-200x300.jpg 200w\" sizes=\"auto, (max-width: 667px) 100vw, 667px\" \/><\/figure><div class=\"wp-block-media-text__content\">\n<h3 class=\"wp-block-heading\">Fiori per una futura mamma<\/h3>\n\n\n\n<p>Per una mamma in attesa, regalare un mazzo di&nbsp;<strong>fiori di sambuco&nbsp;<\/strong>pu\u00f2 essere la scelta pi\u00f9 indicata. Secondo il linguaggio dei fiori \u00e8, infatti, simbolo di fertilit\u00e0 e sono associati alla gravidanza. <br>Un\u2019altra opzione interessante \u00e8&nbsp;<strong>l\u2019azalea<\/strong>. Simbolo di amore profondo e femminilit\u00e0, questa pianta potrebbe essere l\u2019idea per esaltare la bellezza della maternit\u00e0 e la bellezza della donna, oltre che della mamma.<\/p>\n\n\n\n<h3 class=\"wp-block-heading\">Fiori per chiedere scusa o per superare le difficolt\u00e0<\/h3>\n\n\n\n<p>Simbolo di positivit\u00e0, speranza e comunicazione, un&nbsp;<strong>bouquet di iris<\/strong>&nbsp;\u00e8 il regalo migliore per riflettere insieme sulla banalit\u00e0 delle incomprensioni e la forza del nostro legame.<\/p>\n<\/div><\/div>\n\n\n\n<div style=\"height:30px\" aria-hidden=\"true\" class=\"wp-block-spacer\"><\/div>\n\n\n\n<h2 class=\"wp-block-heading alignwide\">Piante per la Festa della Mamma<\/h2>\n\n\n\n<p>Non solo fiori, ma anche una pianta fiorita pu\u00f2 essere un regalo gradito. Se la tua mamma \u00e8 il tipo che ama il colore e la vivacit\u00e0, dei vasetti colorati per piantine aggiungeranno un tocco di personalit\u00e0 a qualsiasi stanza: i vasetti possono anche essere utilizzati come fermacarte o come decorazione. Ma quali <a href=\"https:\/\/www.interflora.it\/blog\/piante-da-regalare-alla-mamma\/?utm_source=blog&amp;utm_medium=organic&amp;utm_campaign=post-cta\">piante regalare alla mamma<\/a>?<\/p>\n\n\n\n<p><strong>L\u2019ortensia&nbsp;<\/strong>\u00e8 una pianta ornamentale usata spesso nei bouquet perch\u00e9 simboleggia la nascita di un amore, per questo pu\u00f2 essere regalata anche a una futura mamma. Richiede poche attenzioni per una fioritura rigogliosa.<\/p>\n\n\n\n<p>Abbiamo poi&nbsp;<strong>l\u2019orchidea&nbsp;<\/strong>che simboleggia un legame forte e profondo, proprio come quello che c\u2019\u00e8 tra un figli e una madre. Non solo, ma la variet\u00e0 viola \u00e8 esattamente il fiore pi\u00f9 indicato per questo giorno speciale, in quanto viene associato a una femminilit\u00e0 forte e aggraziata.<\/p>\n\n\n\n<figure class=\"wp-block-gallery alignwide has-nested-images columns-default is-cropped wp-block-gallery-1 is-layout-flex wp-block-gallery-is-layout-flex\">\n<figure class=\"wp-block-image size-large\"><img loading=\"lazy\" decoding=\"async\" width=\"512\" height=\"512\" data-id=\"2983\" src=\"https:\/\/www.interflora.it\/blog\/wp-content\/uploads\/2023\/04\/ortensia-rosa.jpg\" alt=\"Ortensia rosa\" class=\"wp-image-2983\" srcset=\"https:\/\/prodblog.interflora.it\/blog\/wp-content\/uploads\/2023\/04\/ortensia-rosa.jpg 512w, https:\/\/prodblog.interflora.it\/blog\/wp-content\/uploads\/2023\/04\/ortensia-rosa-300x300.jpg 300w, https:\/\/prodblog.interflora.it\/blog\/wp-content\/uploads\/2023\/04\/ortensia-rosa-150x150.jpg 150w\" sizes=\"auto, (max-width: 512px) 100vw, 512px\" \/><\/figure>\n\n\n\n<figure class=\"wp-block-image size-large\"><img decoding=\"async\" data-id=\"2862\" src=\"https:\/\/www.interflora.it\/blog\/wp-content\/uploads\/orchidea-rosa.jpg\" alt=\"Orchidea rosa\" class=\"wp-image-2862\"\/><\/figure>\n\n\n\n<figure class=\"wp-block-image size-large\"><img loading=\"lazy\" decoding=\"async\" width=\"450\" height=\"550\" data-id=\"1389\" src=\"https:\/\/www.interflora.it\/blog\/wp-content\/uploads\/2022\/04\/azalea-bouquet-1.jpg\" alt=\"Azalea bouquet\" class=\"wp-image-1389\" srcset=\"https:\/\/prodblog.interflora.it\/blog\/wp-content\/uploads\/2022\/04\/azalea-bouquet-1.jpg 450w, https:\/\/prodblog.interflora.it\/blog\/wp-content\/uploads\/2022\/04\/azalea-bouquet-1-245x300.jpg 245w\" sizes=\"auto, (max-width: 450px) 100vw, 450px\" \/><\/figure>\n<\/figure>\n\n\n\n<div style=\"height:30px\" aria-hidden=\"true\" class=\"wp-block-spacer\"><\/div>\n\n\n\n<p>Possiamo poi anche decidere di abbinare la composizione floreale o alla pianta a un regalo pensato appositamente per lei: siete pronti a scoprire i nostri consigli?<\/p>\n\n\n\n<h2 class=\"wp-block-heading alignwide\">Libri per la Festa della Mamma<\/h2>\n\n\n\n<p>Se la tua mamma \u00e8 un\u2019appassionata di letteratura puoi comprarle un libro abbinato a un segnalibro speciale per la Festa della Mamma. Ecco alcuni titoli per una madre o futura mamma:<\/p>\n\n\n\n<ul class=\"wp-block-list\">\n<li>\u201cKeep calm and fai la mamma\u201d di Alessia Gilardo;<\/li>\n\n\n\n<li>\u201cLe mani della madre\u201d di Massimo Recalcati;<\/li>\n\n\n\n<li>\u201cQuello che le mamme non dicono\u201d di Chiara Cecilia Santamaria;<\/li>\n\n\n\n<li>\u201cMamme coraggiose per figli ribelli\u201d di Giada Sundas;<\/li>\n\n\n\n<li>\u201cUn gin tonic per la mamma. Diario di una madre sfinita\u201c di Gill Sims;<\/li>\n\n\n\n<li>\u201cDiario semiserio della mamma e del beb\u00e8. Come sopravvivere al primo anno di vita di tuo figlio\u201d di Shannon Cullen.<\/li>\n<\/ul>\n\n\n\n<h2 class=\"wp-block-heading alignwide\">Un oggetto personalizzato per la Festa della Mamma<\/h2>\n\n\n\n<p>Una tazza, una maglia, un quadro o un puzzle con la vostra frase, foto o data preferita sar\u00e0 un altro regalo sicuramente d\u2019impatto.<\/p>\n\n\n\n<div style=\"height:10px\" aria-hidden=\"true\" class=\"wp-block-spacer\"><\/div>\n\n\n\n<h2 class=\"wp-block-heading alignwide\">Un gioiello per la Festa della Mamma<\/h2>\n\n\n\n<p>Un bracciale, un anello oppure una collana. Per la Festa della Mamma puoi scegliere un prezioso gioiello che richiami tutto il vostro affetto.<\/p>\n\n\n\n<h2 class=\"wp-block-heading alignwide\">Un buono relax per la Festa della Mamma<\/h2>\n\n\n\n<p>Cosa c\u2019\u00e8 di meglio di un buono per la Spa per far rilassare la propria mamma? Rendi felice chi ami con un regalo pensato apposta per il suo benessere.<\/p>\n\n\n\n<figure class=\"wp-block-image aligncenter size-full is-resized\"><img loading=\"lazy\" decoding=\"async\" width=\"1000\" height=\"667\" src=\"https:\/\/prodblog.interflora.it\/blog\/wp-content\/uploads\/2026\/04\/festa-della-mamma-36.jpg\" alt=\"\" class=\"wp-image-35301\" style=\"width:700px\" srcset=\"https:\/\/prodblog.interflora.it\/blog\/wp-content\/uploads\/2026\/04\/festa-della-mamma-36.jpg 1000w, https:\/\/prodblog.interflora.it\/blog\/wp-content\/uploads\/2026\/04\/festa-della-mamma-36-300x200.jpg 300w, https:\/\/prodblog.interflora.it\/blog\/wp-content\/uploads\/2026\/04\/festa-della-mamma-36-768x512.jpg 768w\" sizes=\"auto, (max-width: 1000px) 100vw, 1000px\" \/><\/figure>\n\n\n\n<h2 class=\"wp-block-heading alignwide\">Un viaggio per la Festa della Mamma<\/h2>\n\n\n\n<p>Il 12 maggio \u00e8 una data perfetta per una vacanza: regala alla tua mamma un viaggio tra parenti, con amiche, con la propria met\u00e0 o con una sorella.<\/p>\n\n\n<div class=\"lp-produits-grid\"><div class=\"lp-produit\"><div class=\"lp-thumbnail-wrapper\"><img loading=\"lazy\" decoding=\"async\" width=\"300\" height=\"300\" src=\"https:\/\/prodblog.interflora.it\/blog\/wp-content\/uploads\/2026\/03\/1698227723-6jo-hd-1-300x300.jpg\" class=\"attachment-medium size-medium wp-post-image\" alt=\"\" srcset=\"https:\/\/prodblog.interflora.it\/blog\/wp-content\/uploads\/2026\/03\/1698227723-6jo-hd-1-300x300.jpg 300w, https:\/\/prodblog.interflora.it\/blog\/wp-content\/uploads\/2026\/03\/1698227723-6jo-hd-1-1024x1024.jpg 1024w, https:\/\/prodblog.interflora.it\/blog\/wp-content\/uploads\/2026\/03\/1698227723-6jo-hd-1-150x150.jpg 150w, https:\/\/prodblog.interflora.it\/blog\/wp-content\/uploads\/2026\/03\/1698227723-6jo-hd-1-768x768.jpg 768w, https:\/\/prodblog.interflora.it\/blog\/wp-content\/uploads\/2026\/03\/1698227723-6jo-hd-1.jpg 1200w\" sizes=\"auto, (max-width: 300px) 100vw, 300px\" \/><img decoding=\"async\" class=\"lp-badge\" src=\"https:\/\/www.interflora.it\/blog\/wp-content\/uploads\/cropped-cropped-220221_INTERFLORA_Logo_rgb_Social_Media.png\" alt=\"Consegna in giornata\"><\/div><span>Radici del Ricordo<\/span><p>39.99 \u20ac<\/p><span class=\"obf-link lp-cta\" role=\"link\" tabindex=\"0\" data-b64=\"aHR0cHM6Ly93d3cuaW50ZXJmbG9yYS5pdC9wL3JhZGljaS1kZWwtcmljb3Jkby8xP3V0bV9tZWRpdW09b3JnYW5pYyZ1dG1fc291cmNlPWJsb2dfcHJvZHVjdHMmdXRtX2NhbXBhaWduPUMwMTc1\" data-target=\"_blank\"><svg xmlns=\"http:\/\/www.w3.org\/2000\/svg\" width=\"16\" height=\"16\" fill=\"currentColor\" class=\"bi bi-bag\" viewBox=\"0 0 16 16\"><path d=\"M8 1a2 2 0 0 1 2 2v1h2.5A1.5 1.5 0 0 1 14 5.5v8A1.5 1.5 0 0 1 12.5 15h-9A1.5 1.5 0 0 1 2 13.5v-8A1.5 1.5 0 0 1 3.5 3H6V2a2 2 0 0 1 2-1zm1 3V3a1 1 0 0 0-2 0v1h2z\"\/><\/svg>Scopri di pi\u00f9<\/span><p class=\"rapido\">Consegna rapida<\/p><\/div><div class=\"lp-produit\"><div class=\"lp-thumbnail-wrapper\"><img loading=\"lazy\" decoding=\"async\" width=\"300\" height=\"300\" src=\"https:\/\/prodblog.interflora.it\/blog\/wp-content\/uploads\/2026\/03\/1773757970-ff037-s-melodia-bouquet-300x300.jpg\" class=\"attachment-medium size-medium wp-post-image\" alt=\"\" srcset=\"https:\/\/prodblog.interflora.it\/blog\/wp-content\/uploads\/2026\/03\/1773757970-ff037-s-melodia-bouquet-300x300.jpg 300w, https:\/\/prodblog.interflora.it\/blog\/wp-content\/uploads\/2026\/03\/1773757970-ff037-s-melodia-bouquet-1024x1024.jpg 1024w, https:\/\/prodblog.interflora.it\/blog\/wp-content\/uploads\/2026\/03\/1773757970-ff037-s-melodia-bouquet-150x150.jpg 150w, https:\/\/prodblog.interflora.it\/blog\/wp-content\/uploads\/2026\/03\/1773757970-ff037-s-melodia-bouquet-768x768.jpg 768w, https:\/\/prodblog.interflora.it\/blog\/wp-content\/uploads\/2026\/03\/1773757970-ff037-s-melodia-bouquet-1536x1536.jpg 1536w, https:\/\/prodblog.interflora.it\/blog\/wp-content\/uploads\/2026\/03\/1773757970-ff037-s-melodia-bouquet-2048x2048.jpg 2048w\" sizes=\"auto, (max-width: 300px) 100vw, 300px\" \/><img decoding=\"async\" class=\"lp-badge\" src=\"https:\/\/www.interflora.it\/blog\/wp-content\/uploads\/cropped-cropped-220221_INTERFLORA_Logo_rgb_Social_Media.png\" alt=\"Consegna in giornata\"><\/div><span>Melodia<\/span><p>47.99 \u20ac<\/p><span class=\"obf-link lp-cta\" role=\"link\" tabindex=\"0\" data-b64=\"aHR0cHM6Ly93d3cuaW50ZXJmbG9yYS5pdC9wL21lbG9kaWEvMT91dG1fbWVkaXVtPW9yZ2FuaWMmdXRtX3NvdXJjZT1ibG9nX3Byb2R1Y3RzJnV0bV9jYW1wYWlnbj1GRjAzNw==\" data-target=\"_blank\"><svg xmlns=\"http:\/\/www.w3.org\/2000\/svg\" width=\"16\" height=\"16\" fill=\"currentColor\" class=\"bi bi-bag\" viewBox=\"0 0 16 16\"><path d=\"M8 1a2 2 0 0 1 2 2v1h2.5A1.5 1.5 0 0 1 14 5.5v8A1.5 1.5 0 0 1 12.5 15h-9A1.5 1.5 0 0 1 2 13.5v-8A1.5 1.5 0 0 1 3.5 3H6V2a2 2 0 0 1 2-1zm1 3V3a1 1 0 0 0-2 0v1h2z\"\/><\/svg>Scopri di pi\u00f9<\/span><p class=\"rapido\">Spedizione veloce<\/p><\/div><div class=\"lp-produit\"><div class=\"lp-thumbnail-wrapper\"><img loading=\"lazy\" decoding=\"async\" width=\"300\" height=\"300\" src=\"https:\/\/prodblog.interflora.it\/blog\/wp-content\/uploads\/2025\/04\/1744789659-xf060-cesto-di-azalee-key-300x300.png\" class=\"attachment-medium size-medium wp-post-image\" alt=\"\" srcset=\"https:\/\/prodblog.interflora.it\/blog\/wp-content\/uploads\/2025\/04\/1744789659-xf060-cesto-di-azalee-key-300x300.png 300w, https:\/\/prodblog.interflora.it\/blog\/wp-content\/uploads\/2025\/04\/1744789659-xf060-cesto-di-azalee-key-1024x1024.png 1024w, https:\/\/prodblog.interflora.it\/blog\/wp-content\/uploads\/2025\/04\/1744789659-xf060-cesto-di-azalee-key-150x150.png 150w, https:\/\/prodblog.interflora.it\/blog\/wp-content\/uploads\/2025\/04\/1744789659-xf060-cesto-di-azalee-key-768x768.png 768w, https:\/\/prodblog.interflora.it\/blog\/wp-content\/uploads\/2025\/04\/1744789659-xf060-cesto-di-azalee-key-1536x1536.png 1536w, https:\/\/prodblog.interflora.it\/blog\/wp-content\/uploads\/2025\/04\/1744789659-xf060-cesto-di-azalee-key-2048x2048.png 2048w\" sizes=\"auto, (max-width: 300px) 100vw, 300px\" \/><img decoding=\"async\" class=\"lp-badge\" src=\"https:\/\/www.interflora.it\/blog\/wp-content\/uploads\/cropped-cropped-220221_INTERFLORA_Logo_rgb_Social_Media.png\" alt=\"Consegna in giornata\"><\/div><span>Cesto di azalee<\/span><p>79.99 \u20ac<\/p><span class=\"obf-link lp-cta\" role=\"link\" tabindex=\"0\" data-b64=\"aHR0cHM6Ly93d3cuaW50ZXJmbG9yYS5pdC9wL2Nlc3RvLWRpLWF6YWxlZS8xP3V0bV9tZWRpdW09b3JnYW5pYyZ1dG1fc291cmNlPWJsb2dfcHJvZHVjdHMmdXRtX2NhbXBhaWduPVhGMDYw\" data-target=\"_blank\"><svg xmlns=\"http:\/\/www.w3.org\/2000\/svg\" width=\"16\" height=\"16\" fill=\"currentColor\" class=\"bi bi-bag\" viewBox=\"0 0 16 16\"><path d=\"M8 1a2 2 0 0 1 2 2v1h2.5A1.5 1.5 0 0 1 14 5.5v8A1.5 1.5 0 0 1 12.5 15h-9A1.5 1.5 0 0 1 2 13.5v-8A1.5 1.5 0 0 1 3.5 3H6V2a2 2 0 0 1 2-1zm1 3V3a1 1 0 0 0-2 0v1h2z\"\/><\/svg>Scopri di pi\u00f9<\/span><p class=\"rapido\">Spedizione veloce<\/p><\/div><div class=\"lp-produit\"><div class=\"lp-thumbnail-wrapper\"><img loading=\"lazy\" decoding=\"async\" width=\"300\" height=\"300\" src=\"https:\/\/prodblog.interflora.it\/blog\/wp-content\/uploads\/2026\/03\/1773652650-ff038-s-legame-fiorito-zoom_v3-300x300.jpg\" class=\"attachment-medium size-medium wp-post-image\" alt=\"\" srcset=\"https:\/\/prodblog.interflora.it\/blog\/wp-content\/uploads\/2026\/03\/1773652650-ff038-s-legame-fiorito-zoom_v3-300x300.jpg 300w, https:\/\/prodblog.interflora.it\/blog\/wp-content\/uploads\/2026\/03\/1773652650-ff038-s-legame-fiorito-zoom_v3-1024x1024.jpg 1024w, https:\/\/prodblog.interflora.it\/blog\/wp-content\/uploads\/2026\/03\/1773652650-ff038-s-legame-fiorito-zoom_v3-150x150.jpg 150w, https:\/\/prodblog.interflora.it\/blog\/wp-content\/uploads\/2026\/03\/1773652650-ff038-s-legame-fiorito-zoom_v3-768x768.jpg 768w, https:\/\/prodblog.interflora.it\/blog\/wp-content\/uploads\/2026\/03\/1773652650-ff038-s-legame-fiorito-zoom_v3-1536x1536.jpg 1536w, https:\/\/prodblog.interflora.it\/blog\/wp-content\/uploads\/2026\/03\/1773652650-ff038-s-legame-fiorito-zoom_v3.jpg 2000w\" sizes=\"auto, (max-width: 300px) 100vw, 300px\" \/><img decoding=\"async\" class=\"lp-badge\" src=\"https:\/\/www.interflora.it\/blog\/wp-content\/uploads\/cropped-cropped-220221_INTERFLORA_Logo_rgb_Social_Media.png\" alt=\"Consegna in giornata\"><\/div><span>Legame fiorito<\/span><p>49.99 \u20ac<\/p><span class=\"obf-link lp-cta\" role=\"link\" tabindex=\"0\" data-b64=\"aHR0cHM6Ly93d3cuaW50ZXJmbG9yYS5pdC9wL2xlZ2FtZS1maW9yaXRvLzE\/dXRtX21lZGl1bT1vcmdhbmljJnV0bV9zb3VyY2U9YmxvZ19wcm9kdWN0cyZ1dG1fY2FtcGFpZ249RkYwMzg=\" data-target=\"_blank\"><svg xmlns=\"http:\/\/www.w3.org\/2000\/svg\" width=\"16\" height=\"16\" fill=\"currentColor\" class=\"bi bi-bag\" viewBox=\"0 0 16 16\"><path d=\"M8 1a2 2 0 0 1 2 2v1h2.5A1.5 1.5 0 0 1 14 5.5v8A1.5 1.5 0 0 1 12.5 15h-9A1.5 1.5 0 0 1 2 13.5v-8A1.5 1.5 0 0 1 3.5 3H6V2a2 2 0 0 1 2-1zm1 3V3a1 1 0 0 0-2 0v1h2z\"\/><\/svg>Scopri di pi\u00f9<\/span><p class=\"rapido\">Best seller<\/p><\/div><\/div>\n\n\n\n<p><a href=\"https:\/\/www.interflora.it\/blog\/idee-regalo-festa-della-mamma\/#\"><\/a><\/p>\n","protected":false},"excerpt":{"rendered":"<p>La\u00a0Festa della Mamma\u00a0\u00e8 alle porte! Non c\u2019\u00e8 una data esatta per la ricorrenza, che varia a seconda del Paese e [&hellip;]<\/p>\n","protected":false},"author":8,"featured_media":35328,"comment_status":"open","ping_status":"open","sticky":false,"template":"","format":"standard","meta":{"_uag_custom_page_level_css":"","site-sidebar-layout":"default","site-content-layout":"","ast-site-content-layout":"default","site-content-style":"default","site-sidebar-style":"default","ast-global-header-display":"","ast-banner-title-visibility":"","ast-main-header-display":"","ast-hfb-above-header-display":"","ast-hfb-below-header-display":"","ast-hfb-mobile-header-display":"","site-post-title":"","ast-breadcrumbs-content":"","ast-featured-img":"","footer-sml-layout":"","ast-disable-related-posts":"","theme-transparent-header-meta":"","adv-header-id-meta":"","stick-header-meta":"","header-above-stick-meta":"","header-main-stick-meta":"","header-below-stick-meta":"","astra-migrate-meta-layouts":"set","ast-page-background-enabled":"default","ast-page-background-meta":{"desktop":{"background-color":"var(--ast-global-color-5)","background-image":"","background-repeat":"repeat","background-position":"center center","background-size":"auto","background-attachment":"scroll","background-type":"","background-media":"","overlay-type":"","overlay-color":"","overlay-opacity":"","overlay-gradient":""},"tablet":{"background-color":"","background-image":"","background-repeat":"repeat","background-position":"center center","background-size":"auto","background-attachment":"scroll","background-type":"","background-media":"","overlay-type":"","overlay-color":"","overlay-opacity":"","overlay-gradient":""},"mobile":{"background-color":"","background-image":"","background-repeat":"repeat","background-position":"center center","background-size":"auto","background-attachment":"scroll","background-type":"","background-media":"","overlay-type":"","overlay-color":"","overlay-opacity":"","overlay-gradient":""}},"ast-content-background-meta":{"desktop":{"background-color":"var(--ast-global-color-4)","background-image":"","background-repeat":"repeat","background-position":"center center","background-size":"auto","background-attachment":"scroll","background-type":"","background-media":"","overlay-type":"","overlay-color":"","overlay-opacity":"","overlay-gradient":""},"tablet":{"background-color":"var(--ast-global-color-4)","background-image":"","background-repeat":"repeat","background-position":"center center","background-size":"auto","background-attachment":"scroll","background-type":"","background-media":"","overlay-type":"","overlay-color":"","overlay-opacity":"","overlay-gradient":""},"mobile":{"background-color":"var(--ast-global-color-4)","background-image":"","background-repeat":"repeat","background-position":"center center","background-size":"auto","background-attachment":"scroll","background-type":"","background-media":"","overlay-type":"","overlay-color":"","overlay-opacity":"","overlay-gradient":""}},"footnotes":""},"categories":[176,202,173],"tags":[175],"class_list":["post-2978","post","type-post","status-publish","format-standard","has-post-thumbnail","hentry","category-festa-della-mamma","category-idee-regalo","category-occasioni","tag-festa-della-mamma"],"yoast_head":"<!-- This site is optimized with the Yoast SEO plugin v26.4 - https:\/\/yoast.com\/wordpress\/plugins\/seo\/ -->\n<title>10 idee regalo per la Festa della Mamma | Interflora<\/title>\n<meta name=\"description\" content=\"Il 14 maggio si sta avvicinando. Scopri quali sono le migliori idee regalo per la Festa della Mamma. Stupisci chi ti sta a cuore.\" \/>\n<meta name=\"robots\" content=\"index, follow, max-snippet:-1, max-image-preview:large, max-video-preview:-1\" \/>\n<link rel=\"canonical\" href=\"https:\/\/www.interflora.it\/blog\/idee-regalo-festa-della-mamma\/\" \/>\n<meta property=\"og:locale\" content=\"it_IT\" \/>\n<meta property=\"og:type\" content=\"article\" \/>\n<meta property=\"og:title\" content=\"10 idee regalo per la Festa della Mamma | Interflora\" \/>\n<meta property=\"og:description\" content=\"Il 14 maggio si sta avvicinando. Scopri quali sono le migliori idee regalo per la Festa della Mamma. Stupisci chi ti sta a cuore.\" \/>\n<meta property=\"og:url\" content=\"https:\/\/www.interflora.it\/blog\/idee-regalo-festa-della-mamma\/\" \/>\n<meta property=\"og:site_name\" content=\"Il blog di Interflora: consigli, idee e ispirazione per godersi fiori e piante\" \/>\n<meta property=\"article:published_time\" content=\"2026-04-17T13:50:57+00:00\" \/>\n<meta property=\"article:modified_time\" content=\"2026-04-17T13:54:08+00:00\" \/>\n<meta property=\"og:image\" content=\"https:\/\/www.interflora.it\/blog\/wp-content\/uploads\/2026\/04\/festa-della-mamma-9.jpg\" \/>\n\t<meta property=\"og:image:width\" content=\"667\" \/>\n\t<meta property=\"og:image:height\" content=\"1000\" \/>\n\t<meta property=\"og:image:type\" content=\"image\/jpeg\" \/>\n<meta name=\"author\" content=\"Interflora\" \/>\n<meta name=\"twitter:card\" content=\"summary_large_image\" \/>\n<script type=\"application\/ld+json\" class=\"yoast-schema-graph\">{\"@context\":\"https:\/\/schema.org\",\"@graph\":[{\"@type\":\"Article\",\"@id\":\"https:\/\/www.interflora.it\/blog\/idee-regalo-festa-della-mamma\/#article\",\"isPartOf\":{\"@id\":\"https:\/\/www.interflora.it\/blog\/idee-regalo-festa-della-mamma\/\"},\"author\":{\"name\":\"Interflora\",\"@id\":\"https:\/\/www.interflora.it\/blog\/#\/schema\/person\/37c1677fb37e37e1d52ee86644974c72\"},\"headline\":\"10 idee regalo per la Festa della Mamma\",\"datePublished\":\"2026-04-17T13:50:57+00:00\",\"dateModified\":\"2026-04-17T13:54:08+00:00\",\"mainEntityOfPage\":{\"@id\":\"https:\/\/www.interflora.it\/blog\/idee-regalo-festa-della-mamma\/\"},\"wordCount\":965,\"commentCount\":0,\"publisher\":{\"@id\":\"https:\/\/www.interflora.it\/blog\/#organization\"},\"image\":{\"@id\":\"https:\/\/www.interflora.it\/blog\/idee-regalo-festa-della-mamma\/#primaryimage\"},\"thumbnailUrl\":\"https:\/\/prodblog.interflora.it\/blog\/wp-content\/uploads\/2026\/04\/festa-della-mamma-9.jpg\",\"keywords\":[\"Festa della mamma\"],\"articleSection\":[\"Festa della mamma\",\"Idee regalo\",\"Occasioni\"],\"inLanguage\":\"it-IT\",\"potentialAction\":[{\"@type\":\"CommentAction\",\"name\":\"Comment\",\"target\":[\"https:\/\/www.interflora.it\/blog\/idee-regalo-festa-della-mamma\/#respond\"]}]},{\"@type\":\"WebPage\",\"@id\":\"https:\/\/www.interflora.it\/blog\/idee-regalo-festa-della-mamma\/\",\"url\":\"https:\/\/www.interflora.it\/blog\/idee-regalo-festa-della-mamma\/\",\"name\":\"10 idee regalo per la Festa della Mamma | Interflora\",\"isPartOf\":{\"@id\":\"https:\/\/www.interflora.it\/blog\/#website\"},\"primaryImageOfPage\":{\"@id\":\"https:\/\/www.interflora.it\/blog\/idee-regalo-festa-della-mamma\/#primaryimage\"},\"image\":{\"@id\":\"https:\/\/www.interflora.it\/blog\/idee-regalo-festa-della-mamma\/#primaryimage\"},\"thumbnailUrl\":\"https:\/\/prodblog.interflora.it\/blog\/wp-content\/uploads\/2026\/04\/festa-della-mamma-9.jpg\",\"datePublished\":\"2026-04-17T13:50:57+00:00\",\"dateModified\":\"2026-04-17T13:54:08+00:00\",\"description\":\"Il 14 maggio si sta avvicinando. Scopri quali sono le migliori idee regalo per la Festa della Mamma. Stupisci chi ti sta a cuore.\",\"breadcrumb\":{\"@id\":\"https:\/\/www.interflora.it\/blog\/idee-regalo-festa-della-mamma\/#breadcrumb\"},\"inLanguage\":\"it-IT\",\"potentialAction\":[{\"@type\":\"ReadAction\",\"target\":[\"https:\/\/www.interflora.it\/blog\/idee-regalo-festa-della-mamma\/\"]}]},{\"@type\":\"ImageObject\",\"inLanguage\":\"it-IT\",\"@id\":\"https:\/\/www.interflora.it\/blog\/idee-regalo-festa-della-mamma\/#primaryimage\",\"url\":\"https:\/\/prodblog.interflora.it\/blog\/wp-content\/uploads\/2026\/04\/festa-della-mamma-9.jpg\",\"contentUrl\":\"https:\/\/prodblog.interflora.it\/blog\/wp-content\/uploads\/2026\/04\/festa-della-mamma-9.jpg\",\"width\":667,\"height\":1000,\"caption\":\"Evoto\"},{\"@type\":\"BreadcrumbList\",\"@id\":\"https:\/\/www.interflora.it\/blog\/idee-regalo-festa-della-mamma\/#breadcrumb\",\"itemListElement\":[{\"@type\":\"ListItem\",\"position\":1,\"name\":\"Home\",\"item\":\"https:\/\/prodblog.interflora.it\/blog\/\"},{\"@type\":\"ListItem\",\"position\":2,\"name\":\"10 idee regalo per la Festa della Mamma\"}]},{\"@type\":\"WebSite\",\"@id\":\"https:\/\/www.interflora.it\/blog\/#website\",\"url\":\"https:\/\/www.interflora.it\/blog\/\",\"name\":\"Il blog di Interflora: consigli, idee e ispirazione per godersi fiori e piante\",\"description\":\"\",\"publisher\":{\"@id\":\"https:\/\/www.interflora.it\/blog\/#organization\"},\"potentialAction\":[{\"@type\":\"SearchAction\",\"target\":{\"@type\":\"EntryPoint\",\"urlTemplate\":\"https:\/\/www.interflora.it\/blog\/?s={search_term_string}\"},\"query-input\":{\"@type\":\"PropertyValueSpecification\",\"valueRequired\":true,\"valueName\":\"search_term_string\"}}],\"inLanguage\":\"it-IT\"},{\"@type\":\"Organization\",\"@id\":\"https:\/\/www.interflora.it\/blog\/#organization\",\"name\":\"Il blog di Interflora: consigli, idee e ispirazione per godersi fiori e piante\",\"url\":\"https:\/\/www.interflora.it\/blog\/\",\"logo\":{\"@type\":\"ImageObject\",\"inLanguage\":\"it-IT\",\"@id\":\"https:\/\/www.interflora.it\/blog\/#\/schema\/logo\/image\/\",\"url\":\"https:\/\/prodblog.interflora.it\/blog\/wp-content\/uploads\/2025\/04\/220221_INTERFLORA_Logo_rgb_Half_Circle-e1670413381661.png\",\"contentUrl\":\"https:\/\/prodblog.interflora.it\/blog\/wp-content\/uploads\/2025\/04\/220221_INTERFLORA_Logo_rgb_Half_Circle-e1670413381661.png\",\"width\":1351,\"height\":656,\"caption\":\"Il blog di Interflora: consigli, idee e ispirazione per godersi fiori e piante\"},\"image\":{\"@id\":\"https:\/\/www.interflora.it\/blog\/#\/schema\/logo\/image\/\"}},{\"@type\":\"Person\",\"@id\":\"https:\/\/www.interflora.it\/blog\/#\/schema\/person\/37c1677fb37e37e1d52ee86644974c72\",\"name\":\"Interflora\",\"image\":{\"@type\":\"ImageObject\",\"inLanguage\":\"it-IT\",\"@id\":\"https:\/\/www.interflora.it\/blog\/#\/schema\/person\/image\/\",\"url\":\"https:\/\/secure.gravatar.com\/avatar\/f8ee11e6b2ddd835aba806604014e0f5960629fa9ff333f1d1f0db3e39ad3bad?s=96&d=mm&r=g\",\"contentUrl\":\"https:\/\/secure.gravatar.com\/avatar\/f8ee11e6b2ddd835aba806604014e0f5960629fa9ff333f1d1f0db3e39ad3bad?s=96&d=mm&r=g\",\"caption\":\"Interflora\"}}]}<\/script>\n<!-- \/ Yoast SEO plugin. -->","yoast_head_json":{"title":"10 idee regalo per la Festa della Mamma | Interflora","description":"Il 14 maggio si sta avvicinando. Scopri quali sono le migliori idee regalo per la Festa della Mamma. Stupisci chi ti sta a cuore.","robots":{"index":"index","follow":"follow","max-snippet":"max-snippet:-1","max-image-preview":"max-image-preview:large","max-video-preview":"max-video-preview:-1"},"canonical":"https:\/\/www.interflora.it\/blog\/idee-regalo-festa-della-mamma\/","og_locale":"it_IT","og_type":"article","og_title":"10 idee regalo per la Festa della Mamma | Interflora","og_description":"Il 14 maggio si sta avvicinando. Scopri quali sono le migliori idee regalo per la Festa della Mamma. Stupisci chi ti sta a cuore.","og_url":"https:\/\/www.interflora.it\/blog\/idee-regalo-festa-della-mamma\/","og_site_name":"Il blog di Interflora: consigli, idee e ispirazione per godersi fiori e piante","article_published_time":"2026-04-17T13:50:57+00:00","article_modified_time":"2026-04-17T13:54:08+00:00","og_image":[{"width":667,"height":1000,"url":"https:\/\/www.interflora.it\/blog\/wp-content\/uploads\/2026\/04\/festa-della-mamma-9.jpg","type":"image\/jpeg"}],"author":"Interflora","twitter_card":"summary_large_image","schema":{"@context":"https:\/\/schema.org","@graph":[{"@type":"Article","@id":"https:\/\/www.interflora.it\/blog\/idee-regalo-festa-della-mamma\/#article","isPartOf":{"@id":"https:\/\/www.interflora.it\/blog\/idee-regalo-festa-della-mamma\/"},"author":{"name":"Interflora","@id":"https:\/\/www.interflora.it\/blog\/#\/schema\/person\/37c1677fb37e37e1d52ee86644974c72"},"headline":"10 idee regalo per la Festa della Mamma","datePublished":"2026-04-17T13:50:57+00:00","dateModified":"2026-04-17T13:54:08+00:00","mainEntityOfPage":{"@id":"https:\/\/www.interflora.it\/blog\/idee-regalo-festa-della-mamma\/"},"wordCount":965,"commentCount":0,"publisher":{"@id":"https:\/\/www.interflora.it\/blog\/#organization"},"image":{"@id":"https:\/\/www.interflora.it\/blog\/idee-regalo-festa-della-mamma\/#primaryimage"},"thumbnailUrl":"https:\/\/prodblog.interflora.it\/blog\/wp-content\/uploads\/2026\/04\/festa-della-mamma-9.jpg","keywords":["Festa della mamma"],"articleSection":["Festa della mamma","Idee regalo","Occasioni"],"inLanguage":"it-IT","potentialAction":[{"@type":"CommentAction","name":"Comment","target":["https:\/\/www.interflora.it\/blog\/idee-regalo-festa-della-mamma\/#respond"]}]},{"@type":"WebPage","@id":"https:\/\/www.interflora.it\/blog\/idee-regalo-festa-della-mamma\/","url":"https:\/\/www.interflora.it\/blog\/idee-regalo-festa-della-mamma\/","name":"10 idee regalo per la Festa della Mamma | Interflora","isPartOf":{"@id":"https:\/\/www.interflora.it\/blog\/#website"},"primaryImageOfPage":{"@id":"https:\/\/www.interflora.it\/blog\/idee-regalo-festa-della-mamma\/#primaryimage"},"image":{"@id":"https:\/\/www.interflora.it\/blog\/idee-regalo-festa-della-mamma\/#primaryimage"},"thumbnailUrl":"https:\/\/prodblog.interflora.it\/blog\/wp-content\/uploads\/2026\/04\/festa-della-mamma-9.jpg","datePublished":"2026-04-17T13:50:57+00:00","dateModified":"2026-04-17T13:54:08+00:00","description":"Il 14 maggio si sta avvicinando. Scopri quali sono le migliori idee regalo per la Festa della Mamma. Stupisci chi ti sta a cuore.","breadcrumb":{"@id":"https:\/\/www.interflora.it\/blog\/idee-regalo-festa-della-mamma\/#breadcrumb"},"inLanguage":"it-IT","potentialAction":[{"@type":"ReadAction","target":["https:\/\/www.interflora.it\/blog\/idee-regalo-festa-della-mamma\/"]}]},{"@type":"ImageObject","inLanguage":"it-IT","@id":"https:\/\/www.interflora.it\/blog\/idee-regalo-festa-della-mamma\/#primaryimage","url":"https:\/\/prodblog.interflora.it\/blog\/wp-content\/uploads\/2026\/04\/festa-della-mamma-9.jpg","contentUrl":"https:\/\/prodblog.interflora.it\/blog\/wp-content\/uploads\/2026\/04\/festa-della-mamma-9.jpg","width":667,"height":1000,"caption":"Evoto"},{"@type":"BreadcrumbList","@id":"https:\/\/www.interflora.it\/blog\/idee-regalo-festa-della-mamma\/#breadcrumb","itemListElement":[{"@type":"ListItem","position":1,"name":"Home","item":"https:\/\/prodblog.interflora.it\/blog\/"},{"@type":"ListItem","position":2,"name":"10 idee regalo per la Festa della Mamma"}]},{"@type":"WebSite","@id":"https:\/\/www.interflora.it\/blog\/#website","url":"https:\/\/www.interflora.it\/blog\/","name":"Il blog di Interflora: consigli, idee e ispirazione per godersi fiori e piante","description":"","publisher":{"@id":"https:\/\/www.interflora.it\/blog\/#organization"},"potentialAction":[{"@type":"SearchAction","target":{"@type":"EntryPoint","urlTemplate":"https:\/\/www.interflora.it\/blog\/?s={search_term_string}"},"query-input":{"@type":"PropertyValueSpecification","valueRequired":true,"valueName":"search_term_string"}}],"inLanguage":"it-IT"},{"@type":"Organization","@id":"https:\/\/www.interflora.it\/blog\/#organization","name":"Il blog di Interflora: consigli, idee e ispirazione per godersi fiori e piante","url":"https:\/\/www.interflora.it\/blog\/","logo":{"@type":"ImageObject","inLanguage":"it-IT","@id":"https:\/\/www.interflora.it\/blog\/#\/schema\/logo\/image\/","url":"https:\/\/prodblog.interflora.it\/blog\/wp-content\/uploads\/2025\/04\/220221_INTERFLORA_Logo_rgb_Half_Circle-e1670413381661.png","contentUrl":"https:\/\/prodblog.interflora.it\/blog\/wp-content\/uploads\/2025\/04\/220221_INTERFLORA_Logo_rgb_Half_Circle-e1670413381661.png","width":1351,"height":656,"caption":"Il blog di Interflora: consigli, idee e ispirazione per godersi fiori e piante"},"image":{"@id":"https:\/\/www.interflora.it\/blog\/#\/schema\/logo\/image\/"}},{"@type":"Person","@id":"https:\/\/www.interflora.it\/blog\/#\/schema\/person\/37c1677fb37e37e1d52ee86644974c72","name":"Interflora","image":{"@type":"ImageObject","inLanguage":"it-IT","@id":"https:\/\/www.interflora.it\/blog\/#\/schema\/person\/image\/","url":"https:\/\/secure.gravatar.com\/avatar\/f8ee11e6b2ddd835aba806604014e0f5960629fa9ff333f1d1f0db3e39ad3bad?s=96&d=mm&r=g","contentUrl":"https:\/\/secure.gravatar.com\/avatar\/f8ee11e6b2ddd835aba806604014e0f5960629fa9ff333f1d1f0db3e39ad3bad?s=96&d=mm&r=g","caption":"Interflora"}}]}},"uagb_featured_image_src":{"full":["https:\/\/prodblog.interflora.it\/blog\/wp-content\/uploads\/2026\/04\/festa-della-mamma-9.jpg",667,1000,false],"thumbnail":["https:\/\/prodblog.interflora.it\/blog\/wp-content\/uploads\/2026\/04\/festa-della-mamma-9-150x150.jpg",150,150,true],"medium":["https:\/\/prodblog.interflora.it\/blog\/wp-content\/uploads\/2026\/04\/festa-della-mamma-9-200x300.jpg",200,300,true],"medium_large":["https:\/\/prodblog.interflora.it\/blog\/wp-content\/uploads\/2026\/04\/festa-della-mamma-9.jpg",667,1000,false],"large":["https:\/\/prodblog.interflora.it\/blog\/wp-content\/uploads\/2026\/04\/festa-della-mamma-9.jpg",667,1000,false],"1536x1536":["https:\/\/prodblog.interflora.it\/blog\/wp-content\/uploads\/2026\/04\/festa-della-mamma-9.jpg",667,1000,false],"2048x2048":["https:\/\/prodblog.interflora.it\/blog\/wp-content\/uploads\/2026\/04\/festa-della-mamma-9.jpg",667,1000,false]},"uagb_author_info":{"display_name":"Interflora","author_link":"https:\/\/prodblog.interflora.it\/blog\/author\/lisa-contini\/"},"uagb_comment_info":2,"uagb_excerpt":"La\u00a0Festa della Mamma\u00a0\u00e8 alle porte! Non c\u2019\u00e8 una data esatta per la ricorrenza, che varia a seconda del Paese e [&hellip;]","_links":{"self":[{"href":"https:\/\/prodblog.interflora.it\/blog\/wp-json\/wp\/v2\/posts\/2978","targetHints":{"allow":["GET"]}}],"collection":[{"href":"https:\/\/prodblog.interflora.it\/blog\/wp-json\/wp\/v2\/posts"}],"about":[{"href":"https:\/\/prodblog.interflora.it\/blog\/wp-json\/wp\/v2\/types\/post"}],"author":[{"embeddable":true,"href":"https:\/\/prodblog.interflora.it\/blog\/wp-json\/wp\/v2\/users\/8"}],"replies":[{"embeddable":true,"href":"https:\/\/prodblog.interflora.it\/blog\/wp-json\/wp\/v2\/comments?post=2978"}],"version-history":[{"count":3,"href":"https:\/\/prodblog.interflora.it\/blog\/wp-json\/wp\/v2\/posts\/2978\/revisions"}],"predecessor-version":[{"id":35506,"href":"https:\/\/prodblog.interflora.it\/blog\/wp-json\/wp\/v2\/posts\/2978\/revisions\/35506"}],"wp:featuredmedia":[{"embeddable":true,"href":"https:\/\/prodblog.interflora.it\/blog\/wp-json\/wp\/v2\/media\/35328"}],"wp:attachment":[{"href":"https:\/\/prodblog.interflora.it\/blog\/wp-json\/wp\/v2\/media?parent=2978"}],"wp:term":[{"taxonomy":"category","embeddable":true,"href":"https:\/\/prodblog.interflora.it\/blog\/wp-json\/wp\/v2\/categories?post=2978"},{"taxonomy":"post_tag","embeddable":true,"href":"https:\/\/prodblog.interflora.it\/blog\/wp-json\/wp\/v2\/tags?post=2978"}],"curies":[{"name":"wp","href":"https:\/\/api.w.org\/{rel}","templated":true}]}}