{"id":3331,"date":"2023-04-18T17:16:26","date_gmt":"2023-04-18T15:16:26","guid":{"rendered":"https:\/\/blog.interflora.it\/?p=3331"},"modified":"2026-01-14T14:59:28","modified_gmt":"2026-01-14T13:59:28","slug":"rosa-bianca-significato-quando-regalarla","status":"publish","type":"post","link":"https:\/\/prodblog.interflora.it\/blog\/rosa-bianca-significato-quando-regalarla\/","title":{"rendered":"La rosa bianca: il suo significato e quando regalarla"},"content":{"rendered":"\n<p>Bouquet total white oppure con rose bianche abbinate a colori pi\u00f9 tenui, come il rosa e il viola: parliamo di un classico intramontabile, il bouquet da sposa per eccellenza. Non a caso, il bianco \u00e8 il colore simbolo del matrimonio mentre le&nbsp;Rose, col loro significato di dolcezza e amore, rappresentano l\u2019ospite speciale di questo evento indimenticabile.<\/p>\n\n\n\n<p>Ma,&nbsp;<strong>qual \u00e8 il significato della rosa bianca e quando sceglierla oppure regalarla?&nbsp;<\/strong>Scopriamolo insieme in questo approfondimento.<\/p>\n\n\n\n<h2 class=\"wp-block-heading alignwide\">Leggende sulla rosa bianca<\/h2>\n\n\n\n<p>Per capirne meglio il significato vediamo le&nbsp;<strong>leggende&nbsp;<\/strong>sulla rosa bianca, come quella narrata da Anacreonte, poeta greco antico vissuto intorno al VI secolo a.C., secondo cui la rosa bianca fosse comparsa durante la nascita di Afrodite, dea della bellezza.<\/p>\n\n\n\n<p>Quando ella, al momento di venire al mondo, cadde in mare, dalla schiuma marina che tocc\u00f2 le rive nacquero delle splendide rose bianche.<\/p>\n\n\n\n<h3 class=\"wp-block-heading alignwide has-text-align-left\">Scegliete il bouquet di rose bianche perfetto <\/h3>\n\n\n\n<div class=\"wp-block-columns alignwide is-layout-flex wp-container-core-columns-is-layout-28f84493 wp-block-columns-is-layout-flex\">\n<div class=\"wp-block-column is-layout-flow wp-block-column-is-layout-flow\" style=\"flex-basis:100%\"><div class=\"lp-produits-grid\"><div class=\"lp-produit\"><div class=\"lp-thumbnail-wrapper\"><img loading=\"lazy\" decoding=\"async\" width=\"300\" height=\"300\" src=\"https:\/\/prodblog.interflora.it\/blog\/wp-content\/uploads\/2025\/11\/1726480771-pettirosso-hd-1-300x300.jpg\" class=\"attachment-medium size-medium wp-post-image\" alt=\"\" srcset=\"https:\/\/prodblog.interflora.it\/blog\/wp-content\/uploads\/2025\/11\/1726480771-pettirosso-hd-1-300x300.jpg 300w, https:\/\/prodblog.interflora.it\/blog\/wp-content\/uploads\/2025\/11\/1726480771-pettirosso-hd-1-1024x1024.jpg 1024w, https:\/\/prodblog.interflora.it\/blog\/wp-content\/uploads\/2025\/11\/1726480771-pettirosso-hd-1-150x150.jpg 150w, https:\/\/prodblog.interflora.it\/blog\/wp-content\/uploads\/2025\/11\/1726480771-pettirosso-hd-1-768x768.jpg 768w, https:\/\/prodblog.interflora.it\/blog\/wp-content\/uploads\/2025\/11\/1726480771-pettirosso-hd-1-1536x1536.jpg 1536w, https:\/\/prodblog.interflora.it\/blog\/wp-content\/uploads\/2025\/11\/1726480771-pettirosso-hd-1-2048x2048.jpg 2048w\" sizes=\"auto, (max-width: 300px) 100vw, 300px\" \/><img decoding=\"async\" class=\"lp-badge\" src=\"https:\/\/www.interflora.it\/blog\/wp-content\/uploads\/cropped-cropped-220221_INTERFLORA_Logo_rgb_Social_Media.png\" alt=\"Consegna in giornata\"><\/div><span>Emozione<\/span><p>54.99 \u20ac<\/p><span class=\"obf-link lp-cta\" role=\"link\" tabindex=\"0\" data-b64=\"aHR0cHM6Ly93d3cuaW50ZXJmbG9yYS5pdC9wL2Vtb3ppb25lLzE\/dXRtX21lZGl1bT1vcmdhbmljJnV0bV9zb3VyY2U9YmxvZ19wcm9kdWN0cyZ1dG1fY2FtcGFpZ249RkYxMTk=\" data-target=\"_blank\"><svg xmlns=\"http:\/\/www.w3.org\/2000\/svg\" width=\"16\" height=\"16\" fill=\"currentColor\" class=\"bi bi-bag\" viewBox=\"0 0 16 16\"><path d=\"M8 1a2 2 0 0 1 2 2v1h2.5A1.5 1.5 0 0 1 14 5.5v8A1.5 1.5 0 0 1 12.5 15h-9A1.5 1.5 0 0 1 2 13.5v-8A1.5 1.5 0 0 1 3.5 3H6V2a2 2 0 0 1 2-1zm1 3V3a1 1 0 0 0-2 0v1h2z\"\/><\/svg>Scopri di pi\u00f9<\/span><p class=\"rapido\">Spedizione veloce<\/p><\/div><div class=\"lp-produit\"><div class=\"lp-thumbnail-wrapper\"><img loading=\"lazy\" decoding=\"async\" width=\"300\" height=\"300\" src=\"https:\/\/prodblog.interflora.it\/blog\/wp-content\/uploads\/2025\/11\/1758202790-ff168-allegria-natalizia-key-300x300.jpg\" class=\"attachment-medium size-medium wp-post-image\" alt=\"\" srcset=\"https:\/\/prodblog.interflora.it\/blog\/wp-content\/uploads\/2025\/11\/1758202790-ff168-allegria-natalizia-key-300x300.jpg 300w, https:\/\/prodblog.interflora.it\/blog\/wp-content\/uploads\/2025\/11\/1758202790-ff168-allegria-natalizia-key-1024x1024.jpg 1024w, https:\/\/prodblog.interflora.it\/blog\/wp-content\/uploads\/2025\/11\/1758202790-ff168-allegria-natalizia-key-150x150.jpg 150w, https:\/\/prodblog.interflora.it\/blog\/wp-content\/uploads\/2025\/11\/1758202790-ff168-allegria-natalizia-key-768x768.jpg 768w, https:\/\/prodblog.interflora.it\/blog\/wp-content\/uploads\/2025\/11\/1758202790-ff168-allegria-natalizia-key-1536x1536.jpg 1536w, https:\/\/prodblog.interflora.it\/blog\/wp-content\/uploads\/2025\/11\/1758202790-ff168-allegria-natalizia-key-2048x2048.jpg 2048w\" sizes=\"auto, (max-width: 300px) 100vw, 300px\" \/><img decoding=\"async\" class=\"lp-badge\" src=\"https:\/\/www.interflora.it\/blog\/wp-content\/uploads\/cropped-cropped-220221_INTERFLORA_Logo_rgb_Social_Media.png\" alt=\"Consegna in giornata\"><\/div><span>Liete Feste<\/span><p>39.99 \u20ac<\/p><span class=\"obf-link lp-cta\" role=\"link\" tabindex=\"0\" data-b64=\"aHR0cHM6Ly93d3cuaW50ZXJmbG9yYS5pdC9wL2xpZXRlLWZlc3RlLzE\/dXRtX21lZGl1bT1vcmdhbmljJnV0bV9zb3VyY2U9YmxvZ19wcm9kdWN0cyZ1dG1fY2FtcGFpZ249RkYxNjg=\" data-target=\"_blank\"><svg xmlns=\"http:\/\/www.w3.org\/2000\/svg\" width=\"16\" height=\"16\" fill=\"currentColor\" class=\"bi bi-bag\" viewBox=\"0 0 16 16\"><path d=\"M8 1a2 2 0 0 1 2 2v1h2.5A1.5 1.5 0 0 1 14 5.5v8A1.5 1.5 0 0 1 12.5 15h-9A1.5 1.5 0 0 1 2 13.5v-8A1.5 1.5 0 0 1 3.5 3H6V2a2 2 0 0 1 2-1zm1 3V3a1 1 0 0 0-2 0v1h2z\"\/><\/svg>Scopri di pi\u00f9<\/span><p class=\"rapido\">Servizio clienti sempre disponibile<\/p><\/div><div class=\"lp-produit\"><div class=\"lp-thumbnail-wrapper\"><img loading=\"lazy\" decoding=\"async\" width=\"300\" height=\"300\" src=\"https:\/\/prodblog.interflora.it\/blog\/wp-content\/uploads\/2025\/04\/1687785636-roses-rouges-unite-it-1-300x300.jpg\" class=\"attachment-medium size-medium wp-post-image\" alt=\"\" srcset=\"https:\/\/prodblog.interflora.it\/blog\/wp-content\/uploads\/2025\/04\/1687785636-roses-rouges-unite-it-1-300x300.jpg 300w, https:\/\/prodblog.interflora.it\/blog\/wp-content\/uploads\/2025\/04\/1687785636-roses-rouges-unite-it-1-1024x1024.jpg 1024w, https:\/\/prodblog.interflora.it\/blog\/wp-content\/uploads\/2025\/04\/1687785636-roses-rouges-unite-it-1-150x150.jpg 150w, https:\/\/prodblog.interflora.it\/blog\/wp-content\/uploads\/2025\/04\/1687785636-roses-rouges-unite-it-1-768x768.jpg 768w, https:\/\/prodblog.interflora.it\/blog\/wp-content\/uploads\/2025\/04\/1687785636-roses-rouges-unite-it-1-1536x1536.jpg 1536w, https:\/\/prodblog.interflora.it\/blog\/wp-content\/uploads\/2025\/04\/1687785636-roses-rouges-unite-it-1-2048x2048.jpg 2048w\" sizes=\"auto, (max-width: 300px) 100vw, 300px\" \/><img decoding=\"async\" class=\"lp-badge\" src=\"https:\/\/www.interflora.it\/blog\/wp-content\/uploads\/cropped-cropped-220221_INTERFLORA_Logo_rgb_Social_Media.png\" alt=\"Consegna in giornata\"><\/div><span>Rose Rosse Premium<\/span><p>42 \u20ac<\/p><span class=\"obf-link lp-cta\" role=\"link\" tabindex=\"0\" data-b64=\"aHR0cHM6Ly93d3cuaW50ZXJmbG9yYS5pdC9wL3Jvc2Utcm9zc2UtcHJlbWl1bS8xP3V0bV9tZWRpdW09b3JnYW5pYyZ1dG1fc291cmNlPWJsb2dfcHJvZHVjdHMmdXRtX2NhbXBhaWduPVJPU0VRVEE=\" data-target=\"_blank\"><svg xmlns=\"http:\/\/www.w3.org\/2000\/svg\" width=\"16\" height=\"16\" fill=\"currentColor\" class=\"bi bi-bag\" viewBox=\"0 0 16 16\"><path d=\"M8 1a2 2 0 0 1 2 2v1h2.5A1.5 1.5 0 0 1 14 5.5v8A1.5 1.5 0 0 1 12.5 15h-9A1.5 1.5 0 0 1 2 13.5v-8A1.5 1.5 0 0 1 3.5 3H6V2a2 2 0 0 1 2-1zm1 3V3a1 1 0 0 0-2 0v1h2z\"\/><\/svg>Scopri di pi\u00f9<\/span><p class=\"rapido\">Best seller<\/p><\/div><div class=\"lp-produit\"><div class=\"lp-thumbnail-wrapper\"><img loading=\"lazy\" decoding=\"async\" width=\"300\" height=\"300\" src=\"https:\/\/prodblog.interflora.it\/blog\/wp-content\/uploads\/2025\/04\/1705044947-deco_tempus-r-300x300.jpg\" class=\"attachment-medium size-medium wp-post-image\" alt=\"\" srcset=\"https:\/\/prodblog.interflora.it\/blog\/wp-content\/uploads\/2025\/04\/1705044947-deco_tempus-r-300x300.jpg 300w, https:\/\/prodblog.interflora.it\/blog\/wp-content\/uploads\/2025\/04\/1705044947-deco_tempus-r-1024x1024.jpg 1024w, https:\/\/prodblog.interflora.it\/blog\/wp-content\/uploads\/2025\/04\/1705044947-deco_tempus-r-150x150.jpg 150w, https:\/\/prodblog.interflora.it\/blog\/wp-content\/uploads\/2025\/04\/1705044947-deco_tempus-r-768x768.jpg 768w, https:\/\/prodblog.interflora.it\/blog\/wp-content\/uploads\/2025\/04\/1705044947-deco_tempus-r.jpg 1400w\" sizes=\"auto, (max-width: 300px) 100vw, 300px\" \/><img decoding=\"async\" class=\"lp-badge\" src=\"https:\/\/www.interflora.it\/blog\/wp-content\/uploads\/cropped-cropped-220221_INTERFLORA_Logo_rgb_Social_Media.png\" alt=\"Consegna in giornata\"><\/div><span>Musa<\/span><p>39.99 \u20ac<\/p><span class=\"obf-link lp-cta\" role=\"link\" tabindex=\"0\" data-b64=\"aHR0cHM6Ly93d3cuaW50ZXJmbG9yYS5pdC9wL2VyYS8xP3V0bV9tZWRpdW09b3JnYW5pYyZ1dG1fc291cmNlPWJsb2dfcHJvZHVjdHMmdXRtX2NhbXBhaWduPUJNNDk1\" data-target=\"_blank\"><svg xmlns=\"http:\/\/www.w3.org\/2000\/svg\" width=\"16\" height=\"16\" fill=\"currentColor\" class=\"bi bi-bag\" viewBox=\"0 0 16 16\"><path d=\"M8 1a2 2 0 0 1 2 2v1h2.5A1.5 1.5 0 0 1 14 5.5v8A1.5 1.5 0 0 1 12.5 15h-9A1.5 1.5 0 0 1 2 13.5v-8A1.5 1.5 0 0 1 3.5 3H6V2a2 2 0 0 1 2-1zm1 3V3a1 1 0 0 0-2 0v1h2z\"\/><\/svg>Scopri di pi\u00f9<\/span><p class=\"rapido\">Consegna rapida<\/p><\/div><\/div>\n<\/div>\n<\/div>\n\n\n\n<div style=\"height:30px\" aria-hidden=\"true\" class=\"wp-block-spacer\"><\/div>\n\n\n\n<div class=\"wp-block-media-text alignwide is-stacked-on-mobile\" style=\"grid-template-columns:30% auto\"><figure class=\"wp-block-media-text__media\"><img loading=\"lazy\" decoding=\"async\" width=\"1000\" height=\"1000\" src=\"https:\/\/www.interflora.it\/blog\/wp-content\/uploads\/2023\/04\/rosa-bianca.jpg\" alt=\"\" class=\"wp-image-34244 size-full\" srcset=\"https:\/\/prodblog.interflora.it\/blog\/wp-content\/uploads\/2023\/04\/rosa-bianca.jpg 1000w, https:\/\/prodblog.interflora.it\/blog\/wp-content\/uploads\/2023\/04\/rosa-bianca-300x300.jpg 300w, https:\/\/prodblog.interflora.it\/blog\/wp-content\/uploads\/2023\/04\/rosa-bianca-150x150.jpg 150w, https:\/\/prodblog.interflora.it\/blog\/wp-content\/uploads\/2023\/04\/rosa-bianca-768x768.jpg 768w\" sizes=\"auto, (max-width: 1000px) 100vw, 1000px\" \/><\/figure><div class=\"wp-block-media-text__content\">\n<h2 class=\"wp-block-heading alignwide\">Il significato della rosa bianca<\/h2>\n\n\n\n<p>La rosa in s\u00e9 esprime bellezza, amore e forza, ma cosa significa regalare, ricevere o utilizzare una rosa di colore bianco?<\/p>\n\n\n\n<p>Secondo il&nbsp;<a href=\"https:\/\/www.interflora.it\/linguaggio\">linguaggio dei fiori<\/a>, il<strong>&nbsp;significato della rosa bianca<\/strong>&nbsp;si ricollega all\u2019amore platonico ed incondizionato ma anche alla purezza, luce, gioia, innocenza e a nuovo inizio. \u00c8 possibile ricondurre il significato delle rose bianche anche alla crescita spirituale, facendo riferimento ai concetti di consapevolezza e introspezione.<\/p>\n\n\n\n<p>In un trattato sul linguaggio dei fiori, rinvenuto in Germania e datato 1899, sul&nbsp;<strong>significato della rosa bianca<\/strong>&nbsp;\u00e8 scritto che&nbsp;<em>\u00abi suoi petali indicano la fortuna dell\u2019<\/em><strong><em>amore eterno e puro<\/em><\/strong><em>, libero dalla passione terrena\u00bb.<\/em><\/p>\n\n\n\n<p>Il significato di questi fiori va per\u00f2 oltre il legame amoroso, per questo motivo sono molto versatili e adatti a diverse occasioni.<\/p>\n<\/div><\/div>\n\n\n\n<div style=\"height:30px\" aria-hidden=\"true\" class=\"wp-block-spacer\"><\/div>\n\n\n\n<div class=\"wp-block-media-text alignwide has-media-on-the-right is-stacked-on-mobile\" style=\"grid-template-columns:auto 30%\"><div class=\"wp-block-media-text__content\">\n<h2 class=\"wp-block-heading alignwide\">Perch\u00e9 e quando regalare rose bianche?<\/h2>\n\n\n\n<p>Con il suo fascino sempre attuale e la sua estrema eleganza, la rosa \u00e8 il regalo perfetto per&nbsp;<strong>stupire le persone a cui vogliamo pi\u00f9 bene<\/strong>. Sicuramente ci\u00f2 che la fa preferire rispetto ad altri fiori \u00e8 la sua reperibilit\u00e0 durante tutto l\u2019anno ma anche la sua bellezza.<\/p>\n\n\n\n<p>Tuttavia, non bisogna trascurare il fatto che la rosa si presenta con un\u2019ampia gamma di colori ognuno dei quali ha un significato ben preciso. Regalare rose bianche conoscendone i vari significati, pu\u00f2 essere un gesto intenso e profondo che esprime la purezza e il candore della persona che la riceve.<\/p>\n<\/div><figure class=\"wp-block-media-text__media\"><img decoding=\"async\" src=\"https:\/\/www.interflora.it\/blog\/wp-content\/uploads\/regalare-rose-bianche.jpg\" alt=\"Mazzo di rose bianche\" class=\"wp-image-2819 size-full\"\/><\/figure><\/div>\n\n\n\n<div style=\"height:30px\" aria-hidden=\"true\" class=\"wp-block-spacer\"><\/div>\n\n\n\n<div class=\"wp-block-media-text alignwide is-stacked-on-mobile\" style=\"grid-template-columns:30% auto\"><figure class=\"wp-block-media-text__media\"><img decoding=\"async\" src=\"https:\/\/www.interflora.it\/blog\/wp-content\/uploads\/rose-bianche.jpg\" alt=\"rose bianche\" class=\"wp-image-2796 size-full\"\/><\/figure><div class=\"wp-block-media-text__content\">\n<h3 class=\"wp-block-heading alignwide\">La rosa bianca oltre all\u2019amore passionale<\/h3>\n\n\n\n<p>Le rose bianche si prestano molto bene anche per&nbsp;<strong>celebrare rapporti di amicizia<\/strong>&nbsp;e di&nbsp;<strong>parentela molto stretti<\/strong>, che non presentano una connotazione di passione amorosa ma richiamano l\u2019animo puro della persona a cui le regaliamo.<\/p>\n\n\n\n<p>Ad esempio, vengono spesso scelte come regalo per la&nbsp;<strong>Festa della Mamma<\/strong>&nbsp;oppure in occasione di un compleanno speciale. In merito, potrebbe interessarti il nostro approfondimento sui&nbsp;<a href=\"https:\/\/www.interflora.it\/blog\/colori-di-rose-da-regalare-alla-mamma\/\">colori di rose da regalare alla mamma<\/a>.<\/p>\n<\/div><\/div>\n\n\n\n<div style=\"height:30px\" aria-hidden=\"true\" class=\"wp-block-spacer\"><\/div>\n\n\n\n<h3 class=\"wp-block-heading alignwide\">La rosa bianca per le cerimonie religiose<\/h3>\n\n\n\n<p>Se ci pensiamo, spessissimo sono usate nelle<strong>&nbsp;cerimonie religiose<\/strong>, proprio come il matrimonio. Nell\u2019iconografia cristiana la rosa bianca \u00e8 il fiore che rappresenta la Vergine Maria e, in quanto simbolo di purezza ed innocenza, indica anche l\u2019accesso al paradiso.<\/p>\n\n\n\n<p>Quella bianca \u00e8 una delle colorazioni pi\u00f9 delicate, pura e incontaminata, perfetta per molteplici ricorrenze e celebrazioni: le rose bianche vengono utilizzate, infatti, dalle future&nbsp;<strong>spose&nbsp;<\/strong>per comporre il loro bouquet che, oltre ad abbinarsi perfettamente al colore dell\u2019abito, rappresenta anche l\u2019inizio di un amore destinato a durare per sempre.<\/p>\n\n\n\n<p>Questa usanza risale al 1840, quando a sposarsi fu la regina Vittoria, da quel momento essa \u00e8 divenuto il fiore pi\u00f9 utilizzato nei bouquet da sposa.<\/p>\n\n\n\n<div class=\"wp-block-media-text alignwide has-media-on-the-right is-stacked-on-mobile\" style=\"grid-template-columns:auto 30%\"><div class=\"wp-block-media-text__content\">\n<h2 class=\"wp-block-heading alignwide\">Composizioni con le rose bianche<\/h2>\n\n\n\n<p>Un <a href=\"https:\/\/www.interflora.it\/c\/rose\">bouquet di rose<\/a> \u00e8 certamente una delle composizioni pi\u00f9 belle per un matrimonio romantico ed elegante. Tuttavia, possiamo dare vita a composizioni uniche abbinando le rose bianche a fiori di tipologie e colori diversi.<\/p>\n\n\n\n<p>Pensiamo a un bouquet di rose bianche e&nbsp;<strong>girasoli&nbsp;<\/strong>oppure a un bouquet con rose bianche e&nbsp;<strong>mughetto<\/strong>, in cui sar\u00e0 la disposizione dei fiori a creare un effetto pi\u00f9 o meno originale.<\/p>\n\n\n\n<p>Possiamo anche scegliere il bouquet con rose bianche e&nbsp;<strong>lavanda&nbsp;<\/strong>oppure&nbsp;<a href=\"https:\/\/www.interflora.it\/c\/rose\/rose-rosse\">Rose rosse<\/a>&nbsp;che giocher\u00e0 tutto sul contrasto dei colori.<\/p>\n<\/div><figure class=\"wp-block-media-text__media\"><img decoding=\"async\" src=\"https:\/\/www.interflora.it\/blog\/wp-content\/uploads\/composizioni-con-rose-bianche.jpg\" alt=\"composizioni con rose bianche\" class=\"wp-image-3335 size-full\"\/><\/figure><\/div>\n\n\n\n<div class=\"wp-block-columns alignwide is-layout-flex wp-container-core-columns-is-layout-28f84493 wp-block-columns-is-layout-flex\">\n<div class=\"wp-block-column is-layout-flow wp-block-column-is-layout-flow\" style=\"flex-basis:100%\"><div class=\"lp-produits-grid\"><div class=\"lp-produit\"><div class=\"lp-thumbnail-wrapper\"><img loading=\"lazy\" decoding=\"async\" width=\"300\" height=\"300\" src=\"https:\/\/prodblog.interflora.it\/blog\/wp-content\/uploads\/2025\/04\/1705044947-deco_tempus-r-300x300.jpg\" class=\"attachment-medium size-medium wp-post-image\" alt=\"\" srcset=\"https:\/\/prodblog.interflora.it\/blog\/wp-content\/uploads\/2025\/04\/1705044947-deco_tempus-r-300x300.jpg 300w, https:\/\/prodblog.interflora.it\/blog\/wp-content\/uploads\/2025\/04\/1705044947-deco_tempus-r-1024x1024.jpg 1024w, https:\/\/prodblog.interflora.it\/blog\/wp-content\/uploads\/2025\/04\/1705044947-deco_tempus-r-150x150.jpg 150w, https:\/\/prodblog.interflora.it\/blog\/wp-content\/uploads\/2025\/04\/1705044947-deco_tempus-r-768x768.jpg 768w, https:\/\/prodblog.interflora.it\/blog\/wp-content\/uploads\/2025\/04\/1705044947-deco_tempus-r.jpg 1400w\" sizes=\"auto, (max-width: 300px) 100vw, 300px\" \/><img decoding=\"async\" class=\"lp-badge\" src=\"https:\/\/www.interflora.it\/blog\/wp-content\/uploads\/cropped-cropped-220221_INTERFLORA_Logo_rgb_Social_Media.png\" alt=\"Consegna in giornata\"><\/div><span>Musa<\/span><p>39.99 \u20ac<\/p><span class=\"obf-link lp-cta\" role=\"link\" tabindex=\"0\" data-b64=\"aHR0cHM6Ly93d3cuaW50ZXJmbG9yYS5pdC9wL2VyYS8xP3V0bV9tZWRpdW09b3JnYW5pYyZ1dG1fc291cmNlPWJsb2dfcHJvZHVjdHMmdXRtX2NhbXBhaWduPUJNNDk1\" data-target=\"_blank\"><svg xmlns=\"http:\/\/www.w3.org\/2000\/svg\" width=\"16\" height=\"16\" fill=\"currentColor\" class=\"bi bi-bag\" viewBox=\"0 0 16 16\"><path d=\"M8 1a2 2 0 0 1 2 2v1h2.5A1.5 1.5 0 0 1 14 5.5v8A1.5 1.5 0 0 1 12.5 15h-9A1.5 1.5 0 0 1 2 13.5v-8A1.5 1.5 0 0 1 3.5 3H6V2a2 2 0 0 1 2-1zm1 3V3a1 1 0 0 0-2 0v1h2z\"\/><\/svg>Scopri di pi\u00f9<\/span><p class=\"rapido\">Consegna rapida<\/p><\/div><div class=\"lp-produit\"><div class=\"lp-thumbnail-wrapper\"><img loading=\"lazy\" decoding=\"async\" width=\"300\" height=\"300\" src=\"https:\/\/prodblog.interflora.it\/blog\/wp-content\/uploads\/2025\/04\/1706255669-batticuore-hd-1-300x300.jpg\" class=\"attachment-medium size-medium wp-post-image\" alt=\"\" srcset=\"https:\/\/prodblog.interflora.it\/blog\/wp-content\/uploads\/2025\/04\/1706255669-batticuore-hd-1-300x300.jpg 300w, https:\/\/prodblog.interflora.it\/blog\/wp-content\/uploads\/2025\/04\/1706255669-batticuore-hd-1-1024x1024.jpg 1024w, https:\/\/prodblog.interflora.it\/blog\/wp-content\/uploads\/2025\/04\/1706255669-batticuore-hd-1-150x150.jpg 150w, https:\/\/prodblog.interflora.it\/blog\/wp-content\/uploads\/2025\/04\/1706255669-batticuore-hd-1-768x768.jpg 768w, https:\/\/prodblog.interflora.it\/blog\/wp-content\/uploads\/2025\/04\/1706255669-batticuore-hd-1.jpg 1400w\" sizes=\"auto, (max-width: 300px) 100vw, 300px\" \/><img decoding=\"async\" class=\"lp-badge\" src=\"https:\/\/www.interflora.it\/blog\/wp-content\/uploads\/cropped-cropped-220221_INTERFLORA_Logo_rgb_Social_Media.png\" alt=\"Consegna in giornata\"><\/div><span>Batticuore<\/span><p>44.99 \u20ac<\/p><span class=\"obf-link lp-cta\" role=\"link\" tabindex=\"0\" data-b64=\"aHR0cHM6Ly93d3cuaW50ZXJmbG9yYS5pdC9wL2JhdHRpY3VvcmUvMT91dG1fbWVkaXVtPW9yZ2FuaWMmdXRtX3NvdXJjZT1ibG9nX3Byb2R1Y3RzJnV0bV9jYW1wYWlnbj1CTTUyNQ==\" data-target=\"_blank\"><svg xmlns=\"http:\/\/www.w3.org\/2000\/svg\" width=\"16\" height=\"16\" fill=\"currentColor\" class=\"bi bi-bag\" viewBox=\"0 0 16 16\"><path d=\"M8 1a2 2 0 0 1 2 2v1h2.5A1.5 1.5 0 0 1 14 5.5v8A1.5 1.5 0 0 1 12.5 15h-9A1.5 1.5 0 0 1 2 13.5v-8A1.5 1.5 0 0 1 3.5 3H6V2a2 2 0 0 1 2-1zm1 3V3a1 1 0 0 0-2 0v1h2z\"\/><\/svg>Scopri di pi\u00f9<\/span><p class=\"rapido\">Consegna rapida<\/p><\/div><div class=\"lp-produit\"><div class=\"lp-thumbnail-wrapper\"><img loading=\"lazy\" decoding=\"async\" width=\"300\" height=\"300\" src=\"https:\/\/prodblog.interflora.it\/blog\/wp-content\/uploads\/2025\/04\/1706254067-treroserosse-hd-1-300x300.jpg\" class=\"attachment-medium size-medium wp-post-image\" alt=\"\" srcset=\"https:\/\/prodblog.interflora.it\/blog\/wp-content\/uploads\/2025\/04\/1706254067-treroserosse-hd-1-300x300.jpg 300w, https:\/\/prodblog.interflora.it\/blog\/wp-content\/uploads\/2025\/04\/1706254067-treroserosse-hd-1-1024x1024.jpg 1024w, https:\/\/prodblog.interflora.it\/blog\/wp-content\/uploads\/2025\/04\/1706254067-treroserosse-hd-1-150x150.jpg 150w, https:\/\/prodblog.interflora.it\/blog\/wp-content\/uploads\/2025\/04\/1706254067-treroserosse-hd-1-768x768.jpg 768w, https:\/\/prodblog.interflora.it\/blog\/wp-content\/uploads\/2025\/04\/1706254067-treroserosse-hd-1.jpg 1400w\" sizes=\"auto, (max-width: 300px) 100vw, 300px\" \/><img decoding=\"async\" class=\"lp-badge\" src=\"https:\/\/www.interflora.it\/blog\/wp-content\/uploads\/cropped-cropped-220221_INTERFLORA_Logo_rgb_Social_Media.png\" alt=\"Consegna in giornata\"><\/div><span>Tre rose rosse<\/span><p>29.99 \u20ac<\/p><span class=\"obf-link lp-cta\" role=\"link\" tabindex=\"0\" data-b64=\"aHR0cHM6Ly93d3cuaW50ZXJmbG9yYS5pdC9wL3RyZS1yb3NlLXJvc3NlLzE\/dXRtX21lZGl1bT1vcmdhbmljJnV0bV9zb3VyY2U9YmxvZ19wcm9kdWN0cyZ1dG1fY2FtcGFpZ249QlIzMA==\" data-target=\"_blank\"><svg xmlns=\"http:\/\/www.w3.org\/2000\/svg\" width=\"16\" height=\"16\" fill=\"currentColor\" class=\"bi bi-bag\" viewBox=\"0 0 16 16\"><path d=\"M8 1a2 2 0 0 1 2 2v1h2.5A1.5 1.5 0 0 1 14 5.5v8A1.5 1.5 0 0 1 12.5 15h-9A1.5 1.5 0 0 1 2 13.5v-8A1.5 1.5 0 0 1 3.5 3H6V2a2 2 0 0 1 2-1zm1 3V3a1 1 0 0 0-2 0v1h2z\"\/><\/svg>Scopri di pi\u00f9<\/span><p class=\"rapido\">Consegna rapida<\/p><\/div><div class=\"lp-produit\"><div class=\"lp-thumbnail-wrapper\"><img loading=\"lazy\" decoding=\"async\" width=\"300\" height=\"300\" src=\"https:\/\/prodblog.interflora.it\/blog\/wp-content\/uploads\/2025\/04\/1726480180-comedincanto-hd-1-300x300.jpg\" class=\"attachment-medium size-medium wp-post-image\" alt=\"\" srcset=\"https:\/\/prodblog.interflora.it\/blog\/wp-content\/uploads\/2025\/04\/1726480180-comedincanto-hd-1-300x300.jpg 300w, https:\/\/prodblog.interflora.it\/blog\/wp-content\/uploads\/2025\/04\/1726480180-comedincanto-hd-1-1024x1024.jpg 1024w, https:\/\/prodblog.interflora.it\/blog\/wp-content\/uploads\/2025\/04\/1726480180-comedincanto-hd-1-150x150.jpg 150w, https:\/\/prodblog.interflora.it\/blog\/wp-content\/uploads\/2025\/04\/1726480180-comedincanto-hd-1-768x768.jpg 768w, https:\/\/prodblog.interflora.it\/blog\/wp-content\/uploads\/2025\/04\/1726480180-comedincanto-hd-1-1536x1536.jpg 1536w, https:\/\/prodblog.interflora.it\/blog\/wp-content\/uploads\/2025\/04\/1726480180-comedincanto-hd-1-2048x2048.jpg 2048w\" sizes=\"auto, (max-width: 300px) 100vw, 300px\" \/><img decoding=\"async\" class=\"lp-badge\" src=\"https:\/\/www.interflora.it\/blog\/wp-content\/uploads\/cropped-cropped-220221_INTERFLORA_Logo_rgb_Social_Media.png\" alt=\"Consegna in giornata\"><\/div><span>Come d&#8217;Incanto<\/span><p>54.99 \u20ac<\/p><span class=\"obf-link lp-cta\" role=\"link\" tabindex=\"0\" data-b64=\"aHR0cHM6Ly93d3cuaW50ZXJmbG9yYS5pdC9wL2NvbWUtZGluY2FudG8vMT91dG1fbWVkaXVtPW9yZ2FuaWMmdXRtX3NvdXJjZT1ibG9nX3Byb2R1Y3RzJnV0bV9jYW1wYWlnbj1CTTUyMQ==\" data-target=\"_blank\"><svg xmlns=\"http:\/\/www.w3.org\/2000\/svg\" width=\"16\" height=\"16\" fill=\"currentColor\" class=\"bi bi-bag\" viewBox=\"0 0 16 16\"><path d=\"M8 1a2 2 0 0 1 2 2v1h2.5A1.5 1.5 0 0 1 14 5.5v8A1.5 1.5 0 0 1 12.5 15h-9A1.5 1.5 0 0 1 2 13.5v-8A1.5 1.5 0 0 1 3.5 3H6V2a2 2 0 0 1 2-1zm1 3V3a1 1 0 0 0-2 0v1h2z\"\/><\/svg>Scopri di pi\u00f9<\/span><p class=\"rapido\">Servizio clienti sempre disponibile<\/p><\/div><\/div>\n<\/div>\n<\/div>\n\n\n\n<div style=\"height:30px\" aria-hidden=\"true\" class=\"wp-block-spacer\"><\/div>\n","protected":false},"excerpt":{"rendered":"<p>Bouquet total white oppure con rose bianche abbinate a colori pi\u00f9 tenui, come il rosa e il viola: parliamo di [&hellip;]<\/p>\n","protected":false},"author":8,"featured_media":34154,"comment_status":"open","ping_status":"open","sticky":false,"template":"","format":"standard","meta":{"_uag_custom_page_level_css":"","site-sidebar-layout":"default","site-content-layout":"","ast-site-content-layout":"default","site-content-style":"default","site-sidebar-style":"default","ast-global-header-display":"","ast-banner-title-visibility":"","ast-main-header-display":"","ast-hfb-above-header-display":"","ast-hfb-below-header-display":"","ast-hfb-mobile-header-display":"","site-post-title":"","ast-breadcrumbs-content":"","ast-featured-img":"","footer-sml-layout":"","ast-disable-related-posts":"","theme-transparent-header-meta":"","adv-header-id-meta":"","stick-header-meta":"","header-above-stick-meta":"","header-main-stick-meta":"","header-below-stick-meta":"","astra-migrate-meta-layouts":"set","ast-page-background-enabled":"default","ast-page-background-meta":{"desktop":{"background-color":"var(--ast-global-color-5)","background-image":"","background-repeat":"repeat","background-position":"center center","background-size":"auto","background-attachment":"scroll","background-type":"","background-media":"","overlay-type":"","overlay-color":"","overlay-opacity":"","overlay-gradient":""},"tablet":{"background-color":"","background-image":"","background-repeat":"repeat","background-position":"center center","background-size":"auto","background-attachment":"scroll","background-type":"","background-media":"","overlay-type":"","overlay-color":"","overlay-opacity":"","overlay-gradient":""},"mobile":{"background-color":"","background-image":"","background-repeat":"repeat","background-position":"center center","background-size":"auto","background-attachment":"scroll","background-type":"","background-media":"","overlay-type":"","overlay-color":"","overlay-opacity":"","overlay-gradient":""}},"ast-content-background-meta":{"desktop":{"background-color":"var(--ast-global-color-4)","background-image":"","background-repeat":"repeat","background-position":"center center","background-size":"auto","background-attachment":"scroll","background-type":"","background-media":"","overlay-type":"","overlay-color":"","overlay-opacity":"","overlay-gradient":""},"tablet":{"background-color":"var(--ast-global-color-4)","background-image":"","background-repeat":"repeat","background-position":"center center","background-size":"auto","background-attachment":"scroll","background-type":"","background-media":"","overlay-type":"","overlay-color":"","overlay-opacity":"","overlay-gradient":""},"mobile":{"background-color":"var(--ast-global-color-4)","background-image":"","background-repeat":"repeat","background-position":"center center","background-size":"auto","background-attachment":"scroll","background-type":"","background-media":"","overlay-type":"","overlay-color":"","overlay-opacity":"","overlay-gradient":""}},"footnotes":""},"categories":[165,193,287],"tags":[220],"class_list":["post-3331","post","type-post","status-publish","format-standard","has-post-thumbnail","hentry","category-fiori","category-linguaggio-fiori","category-rose","tag-rose"],"yoast_head":"<!-- This site is optimized with the Yoast SEO plugin v26.4 - https:\/\/yoast.com\/wordpress\/plugins\/seo\/ -->\n<title>La rosa bianca: il suo significato e quando regalarla - Il blog di Interflora: consigli, idee e ispirazione per godersi fiori e piante<\/title>\n<meta name=\"description\" content=\"Dal significato puro e pieno d\u2019amore, scopriamo insieme tutto quello che c\u2019\u00e8 da sapere sulla rosa bianca, il suo significato e quando regalarla.\" \/>\n<meta name=\"robots\" content=\"index, follow, max-snippet:-1, max-image-preview:large, max-video-preview:-1\" \/>\n<link rel=\"canonical\" href=\"https:\/\/www.interflora.it\/blog\/rosa-bianca-significato-quando-regalarla\/\" \/>\n<meta property=\"og:locale\" content=\"it_IT\" \/>\n<meta property=\"og:type\" content=\"article\" \/>\n<meta property=\"og:title\" content=\"La rosa bianca: il suo significato e quando regalarla - Il blog di Interflora: consigli, idee e ispirazione per godersi fiori e piante\" \/>\n<meta property=\"og:description\" content=\"Dal significato puro e pieno d\u2019amore, scopriamo insieme tutto quello che c\u2019\u00e8 da sapere sulla rosa bianca, il suo significato e quando regalarla.\" \/>\n<meta property=\"og:url\" content=\"https:\/\/www.interflora.it\/blog\/rosa-bianca-significato-quando-regalarla\/\" \/>\n<meta property=\"og:site_name\" content=\"Il blog di Interflora: consigli, idee e ispirazione per godersi fiori e piante\" \/>\n<meta property=\"article:published_time\" content=\"2023-04-18T15:16:26+00:00\" \/>\n<meta property=\"article:modified_time\" content=\"2026-01-14T13:59:28+00:00\" \/>\n<meta property=\"og:image\" content=\"https:\/\/www.interflora.it\/blog\/wp-content\/uploads\/2025\/01\/san-valentino-23.jpg\" \/>\n\t<meta property=\"og:image:width\" content=\"1000\" \/>\n\t<meta property=\"og:image:height\" content=\"667\" \/>\n\t<meta property=\"og:image:type\" content=\"image\/jpeg\" \/>\n<meta name=\"author\" content=\"Interflora\" \/>\n<meta name=\"twitter:card\" content=\"summary_large_image\" \/>\n<script type=\"application\/ld+json\" class=\"yoast-schema-graph\">{\"@context\":\"https:\/\/schema.org\",\"@graph\":[{\"@type\":\"Article\",\"@id\":\"https:\/\/www.interflora.it\/blog\/rosa-bianca-significato-quando-regalarla\/#article\",\"isPartOf\":{\"@id\":\"https:\/\/www.interflora.it\/blog\/rosa-bianca-significato-quando-regalarla\/\"},\"author\":{\"name\":\"Interflora\",\"@id\":\"https:\/\/www.interflora.it\/blog\/#\/schema\/person\/37c1677fb37e37e1d52ee86644974c72\"},\"headline\":\"La rosa bianca: il suo significato e quando regalarla\",\"datePublished\":\"2023-04-18T15:16:26+00:00\",\"dateModified\":\"2026-01-14T13:59:28+00:00\",\"mainEntityOfPage\":{\"@id\":\"https:\/\/www.interflora.it\/blog\/rosa-bianca-significato-quando-regalarla\/\"},\"wordCount\":725,\"commentCount\":0,\"publisher\":{\"@id\":\"https:\/\/www.interflora.it\/blog\/#organization\"},\"image\":{\"@id\":\"https:\/\/www.interflora.it\/blog\/rosa-bianca-significato-quando-regalarla\/#primaryimage\"},\"thumbnailUrl\":\"https:\/\/prodblog.interflora.it\/blog\/wp-content\/uploads\/2025\/01\/san-valentino-23.jpg\",\"keywords\":[\"Rose\"],\"articleSection\":[\"Fiori e Piante\",\"Linguaggio dei fiori\",\"Rose\"],\"inLanguage\":\"it-IT\",\"potentialAction\":[{\"@type\":\"CommentAction\",\"name\":\"Comment\",\"target\":[\"https:\/\/www.interflora.it\/blog\/rosa-bianca-significato-quando-regalarla\/#respond\"]}]},{\"@type\":\"WebPage\",\"@id\":\"https:\/\/www.interflora.it\/blog\/rosa-bianca-significato-quando-regalarla\/\",\"url\":\"https:\/\/www.interflora.it\/blog\/rosa-bianca-significato-quando-regalarla\/\",\"name\":\"La rosa bianca: il suo significato e quando regalarla - Il blog di Interflora: consigli, idee e ispirazione per godersi fiori e piante\",\"isPartOf\":{\"@id\":\"https:\/\/www.interflora.it\/blog\/#website\"},\"primaryImageOfPage\":{\"@id\":\"https:\/\/www.interflora.it\/blog\/rosa-bianca-significato-quando-regalarla\/#primaryimage\"},\"image\":{\"@id\":\"https:\/\/www.interflora.it\/blog\/rosa-bianca-significato-quando-regalarla\/#primaryimage\"},\"thumbnailUrl\":\"https:\/\/prodblog.interflora.it\/blog\/wp-content\/uploads\/2025\/01\/san-valentino-23.jpg\",\"datePublished\":\"2023-04-18T15:16:26+00:00\",\"dateModified\":\"2026-01-14T13:59:28+00:00\",\"description\":\"Dal significato puro e pieno d\u2019amore, scopriamo insieme tutto quello che c\u2019\u00e8 da sapere sulla rosa bianca, il suo significato e quando regalarla.\",\"breadcrumb\":{\"@id\":\"https:\/\/www.interflora.it\/blog\/rosa-bianca-significato-quando-regalarla\/#breadcrumb\"},\"inLanguage\":\"it-IT\",\"potentialAction\":[{\"@type\":\"ReadAction\",\"target\":[\"https:\/\/www.interflora.it\/blog\/rosa-bianca-significato-quando-regalarla\/\"]}]},{\"@type\":\"ImageObject\",\"inLanguage\":\"it-IT\",\"@id\":\"https:\/\/www.interflora.it\/blog\/rosa-bianca-significato-quando-regalarla\/#primaryimage\",\"url\":\"https:\/\/prodblog.interflora.it\/blog\/wp-content\/uploads\/2025\/01\/san-valentino-23.jpg\",\"contentUrl\":\"https:\/\/prodblog.interflora.it\/blog\/wp-content\/uploads\/2025\/01\/san-valentino-23.jpg\",\"width\":1000,\"height\":667},{\"@type\":\"BreadcrumbList\",\"@id\":\"https:\/\/www.interflora.it\/blog\/rosa-bianca-significato-quando-regalarla\/#breadcrumb\",\"itemListElement\":[{\"@type\":\"ListItem\",\"position\":1,\"name\":\"Home\",\"item\":\"https:\/\/prodblog.interflora.it\/blog\/\"},{\"@type\":\"ListItem\",\"position\":2,\"name\":\"La rosa bianca: il suo significato e quando regalarla\"}]},{\"@type\":\"WebSite\",\"@id\":\"https:\/\/www.interflora.it\/blog\/#website\",\"url\":\"https:\/\/www.interflora.it\/blog\/\",\"name\":\"Il blog di Interflora: consigli, idee e ispirazione per godersi fiori e piante\",\"description\":\"\",\"publisher\":{\"@id\":\"https:\/\/www.interflora.it\/blog\/#organization\"},\"potentialAction\":[{\"@type\":\"SearchAction\",\"target\":{\"@type\":\"EntryPoint\",\"urlTemplate\":\"https:\/\/www.interflora.it\/blog\/?s={search_term_string}\"},\"query-input\":{\"@type\":\"PropertyValueSpecification\",\"valueRequired\":true,\"valueName\":\"search_term_string\"}}],\"inLanguage\":\"it-IT\"},{\"@type\":\"Organization\",\"@id\":\"https:\/\/www.interflora.it\/blog\/#organization\",\"name\":\"Il blog di Interflora: consigli, idee e ispirazione per godersi fiori e piante\",\"url\":\"https:\/\/www.interflora.it\/blog\/\",\"logo\":{\"@type\":\"ImageObject\",\"inLanguage\":\"it-IT\",\"@id\":\"https:\/\/www.interflora.it\/blog\/#\/schema\/logo\/image\/\",\"url\":\"https:\/\/prodblog.interflora.it\/blog\/wp-content\/uploads\/2025\/04\/220221_INTERFLORA_Logo_rgb_Half_Circle-e1670413381661.png\",\"contentUrl\":\"https:\/\/prodblog.interflora.it\/blog\/wp-content\/uploads\/2025\/04\/220221_INTERFLORA_Logo_rgb_Half_Circle-e1670413381661.png\",\"width\":1351,\"height\":656,\"caption\":\"Il blog di Interflora: consigli, idee e ispirazione per godersi fiori e piante\"},\"image\":{\"@id\":\"https:\/\/www.interflora.it\/blog\/#\/schema\/logo\/image\/\"}},{\"@type\":\"Person\",\"@id\":\"https:\/\/www.interflora.it\/blog\/#\/schema\/person\/37c1677fb37e37e1d52ee86644974c72\",\"name\":\"Interflora\",\"image\":{\"@type\":\"ImageObject\",\"inLanguage\":\"it-IT\",\"@id\":\"https:\/\/www.interflora.it\/blog\/#\/schema\/person\/image\/\",\"url\":\"https:\/\/secure.gravatar.com\/avatar\/f8ee11e6b2ddd835aba806604014e0f5960629fa9ff333f1d1f0db3e39ad3bad?s=96&d=mm&r=g\",\"contentUrl\":\"https:\/\/secure.gravatar.com\/avatar\/f8ee11e6b2ddd835aba806604014e0f5960629fa9ff333f1d1f0db3e39ad3bad?s=96&d=mm&r=g\",\"caption\":\"Interflora\"}}]}<\/script>\n<!-- \/ Yoast SEO plugin. -->","yoast_head_json":{"title":"La rosa bianca: il suo significato e quando regalarla - Il blog di Interflora: consigli, idee e ispirazione per godersi fiori e piante","description":"Dal significato puro e pieno d\u2019amore, scopriamo insieme tutto quello che c\u2019\u00e8 da sapere sulla rosa bianca, il suo significato e quando regalarla.","robots":{"index":"index","follow":"follow","max-snippet":"max-snippet:-1","max-image-preview":"max-image-preview:large","max-video-preview":"max-video-preview:-1"},"canonical":"https:\/\/www.interflora.it\/blog\/rosa-bianca-significato-quando-regalarla\/","og_locale":"it_IT","og_type":"article","og_title":"La rosa bianca: il suo significato e quando regalarla - Il blog di Interflora: consigli, idee e ispirazione per godersi fiori e piante","og_description":"Dal significato puro e pieno d\u2019amore, scopriamo insieme tutto quello che c\u2019\u00e8 da sapere sulla rosa bianca, il suo significato e quando regalarla.","og_url":"https:\/\/www.interflora.it\/blog\/rosa-bianca-significato-quando-regalarla\/","og_site_name":"Il blog di Interflora: consigli, idee e ispirazione per godersi fiori e piante","article_published_time":"2023-04-18T15:16:26+00:00","article_modified_time":"2026-01-14T13:59:28+00:00","og_image":[{"width":1000,"height":667,"url":"https:\/\/www.interflora.it\/blog\/wp-content\/uploads\/2025\/01\/san-valentino-23.jpg","type":"image\/jpeg"}],"author":"Interflora","twitter_card":"summary_large_image","schema":{"@context":"https:\/\/schema.org","@graph":[{"@type":"Article","@id":"https:\/\/www.interflora.it\/blog\/rosa-bianca-significato-quando-regalarla\/#article","isPartOf":{"@id":"https:\/\/www.interflora.it\/blog\/rosa-bianca-significato-quando-regalarla\/"},"author":{"name":"Interflora","@id":"https:\/\/www.interflora.it\/blog\/#\/schema\/person\/37c1677fb37e37e1d52ee86644974c72"},"headline":"La rosa bianca: il suo significato e quando regalarla","datePublished":"2023-04-18T15:16:26+00:00","dateModified":"2026-01-14T13:59:28+00:00","mainEntityOfPage":{"@id":"https:\/\/www.interflora.it\/blog\/rosa-bianca-significato-quando-regalarla\/"},"wordCount":725,"commentCount":0,"publisher":{"@id":"https:\/\/www.interflora.it\/blog\/#organization"},"image":{"@id":"https:\/\/www.interflora.it\/blog\/rosa-bianca-significato-quando-regalarla\/#primaryimage"},"thumbnailUrl":"https:\/\/prodblog.interflora.it\/blog\/wp-content\/uploads\/2025\/01\/san-valentino-23.jpg","keywords":["Rose"],"articleSection":["Fiori e Piante","Linguaggio dei fiori","Rose"],"inLanguage":"it-IT","potentialAction":[{"@type":"CommentAction","name":"Comment","target":["https:\/\/www.interflora.it\/blog\/rosa-bianca-significato-quando-regalarla\/#respond"]}]},{"@type":"WebPage","@id":"https:\/\/www.interflora.it\/blog\/rosa-bianca-significato-quando-regalarla\/","url":"https:\/\/www.interflora.it\/blog\/rosa-bianca-significato-quando-regalarla\/","name":"La rosa bianca: il suo significato e quando regalarla - Il blog di Interflora: consigli, idee e ispirazione per godersi fiori e piante","isPartOf":{"@id":"https:\/\/www.interflora.it\/blog\/#website"},"primaryImageOfPage":{"@id":"https:\/\/www.interflora.it\/blog\/rosa-bianca-significato-quando-regalarla\/#primaryimage"},"image":{"@id":"https:\/\/www.interflora.it\/blog\/rosa-bianca-significato-quando-regalarla\/#primaryimage"},"thumbnailUrl":"https:\/\/prodblog.interflora.it\/blog\/wp-content\/uploads\/2025\/01\/san-valentino-23.jpg","datePublished":"2023-04-18T15:16:26+00:00","dateModified":"2026-01-14T13:59:28+00:00","description":"Dal significato puro e pieno d\u2019amore, scopriamo insieme tutto quello che c\u2019\u00e8 da sapere sulla rosa bianca, il suo significato e quando regalarla.","breadcrumb":{"@id":"https:\/\/www.interflora.it\/blog\/rosa-bianca-significato-quando-regalarla\/#breadcrumb"},"inLanguage":"it-IT","potentialAction":[{"@type":"ReadAction","target":["https:\/\/www.interflora.it\/blog\/rosa-bianca-significato-quando-regalarla\/"]}]},{"@type":"ImageObject","inLanguage":"it-IT","@id":"https:\/\/www.interflora.it\/blog\/rosa-bianca-significato-quando-regalarla\/#primaryimage","url":"https:\/\/prodblog.interflora.it\/blog\/wp-content\/uploads\/2025\/01\/san-valentino-23.jpg","contentUrl":"https:\/\/prodblog.interflora.it\/blog\/wp-content\/uploads\/2025\/01\/san-valentino-23.jpg","width":1000,"height":667},{"@type":"BreadcrumbList","@id":"https:\/\/www.interflora.it\/blog\/rosa-bianca-significato-quando-regalarla\/#breadcrumb","itemListElement":[{"@type":"ListItem","position":1,"name":"Home","item":"https:\/\/prodblog.interflora.it\/blog\/"},{"@type":"ListItem","position":2,"name":"La rosa bianca: il suo significato e quando regalarla"}]},{"@type":"WebSite","@id":"https:\/\/www.interflora.it\/blog\/#website","url":"https:\/\/www.interflora.it\/blog\/","name":"Il blog di Interflora: consigli, idee e ispirazione per godersi fiori e piante","description":"","publisher":{"@id":"https:\/\/www.interflora.it\/blog\/#organization"},"potentialAction":[{"@type":"SearchAction","target":{"@type":"EntryPoint","urlTemplate":"https:\/\/www.interflora.it\/blog\/?s={search_term_string}"},"query-input":{"@type":"PropertyValueSpecification","valueRequired":true,"valueName":"search_term_string"}}],"inLanguage":"it-IT"},{"@type":"Organization","@id":"https:\/\/www.interflora.it\/blog\/#organization","name":"Il blog di Interflora: consigli, idee e ispirazione per godersi fiori e piante","url":"https:\/\/www.interflora.it\/blog\/","logo":{"@type":"ImageObject","inLanguage":"it-IT","@id":"https:\/\/www.interflora.it\/blog\/#\/schema\/logo\/image\/","url":"https:\/\/prodblog.interflora.it\/blog\/wp-content\/uploads\/2025\/04\/220221_INTERFLORA_Logo_rgb_Half_Circle-e1670413381661.png","contentUrl":"https:\/\/prodblog.interflora.it\/blog\/wp-content\/uploads\/2025\/04\/220221_INTERFLORA_Logo_rgb_Half_Circle-e1670413381661.png","width":1351,"height":656,"caption":"Il blog di Interflora: consigli, idee e ispirazione per godersi fiori e piante"},"image":{"@id":"https:\/\/www.interflora.it\/blog\/#\/schema\/logo\/image\/"}},{"@type":"Person","@id":"https:\/\/www.interflora.it\/blog\/#\/schema\/person\/37c1677fb37e37e1d52ee86644974c72","name":"Interflora","image":{"@type":"ImageObject","inLanguage":"it-IT","@id":"https:\/\/www.interflora.it\/blog\/#\/schema\/person\/image\/","url":"https:\/\/secure.gravatar.com\/avatar\/f8ee11e6b2ddd835aba806604014e0f5960629fa9ff333f1d1f0db3e39ad3bad?s=96&d=mm&r=g","contentUrl":"https:\/\/secure.gravatar.com\/avatar\/f8ee11e6b2ddd835aba806604014e0f5960629fa9ff333f1d1f0db3e39ad3bad?s=96&d=mm&r=g","caption":"Interflora"}}]}},"uagb_featured_image_src":{"full":["https:\/\/prodblog.interflora.it\/blog\/wp-content\/uploads\/2025\/01\/san-valentino-23.jpg",1000,667,false],"thumbnail":["https:\/\/prodblog.interflora.it\/blog\/wp-content\/uploads\/2025\/01\/san-valentino-23-150x150.jpg",150,150,true],"medium":["https:\/\/prodblog.interflora.it\/blog\/wp-content\/uploads\/2025\/01\/san-valentino-23-300x200.jpg",300,200,true],"medium_large":["https:\/\/prodblog.interflora.it\/blog\/wp-content\/uploads\/2025\/01\/san-valentino-23-768x512.jpg",768,512,true],"large":["https:\/\/prodblog.interflora.it\/blog\/wp-content\/uploads\/2025\/01\/san-valentino-23.jpg",1000,667,false],"1536x1536":["https:\/\/prodblog.interflora.it\/blog\/wp-content\/uploads\/2025\/01\/san-valentino-23.jpg",1000,667,false],"2048x2048":["https:\/\/prodblog.interflora.it\/blog\/wp-content\/uploads\/2025\/01\/san-valentino-23.jpg",1000,667,false]},"uagb_author_info":{"display_name":"Interflora","author_link":"https:\/\/prodblog.interflora.it\/blog\/author\/lisa-contini\/"},"uagb_comment_info":8,"uagb_excerpt":"Bouquet total white oppure con rose bianche abbinate a colori pi\u00f9 tenui, come il rosa e il viola: parliamo di [&hellip;]","_links":{"self":[{"href":"https:\/\/prodblog.interflora.it\/blog\/wp-json\/wp\/v2\/posts\/3331","targetHints":{"allow":["GET"]}}],"collection":[{"href":"https:\/\/prodblog.interflora.it\/blog\/wp-json\/wp\/v2\/posts"}],"about":[{"href":"https:\/\/prodblog.interflora.it\/blog\/wp-json\/wp\/v2\/types\/post"}],"author":[{"embeddable":true,"href":"https:\/\/prodblog.interflora.it\/blog\/wp-json\/wp\/v2\/users\/8"}],"replies":[{"embeddable":true,"href":"https:\/\/prodblog.interflora.it\/blog\/wp-json\/wp\/v2\/comments?post=3331"}],"version-history":[{"count":2,"href":"https:\/\/prodblog.interflora.it\/blog\/wp-json\/wp\/v2\/posts\/3331\/revisions"}],"predecessor-version":[{"id":34245,"href":"https:\/\/prodblog.interflora.it\/blog\/wp-json\/wp\/v2\/posts\/3331\/revisions\/34245"}],"wp:featuredmedia":[{"embeddable":true,"href":"https:\/\/prodblog.interflora.it\/blog\/wp-json\/wp\/v2\/media\/34154"}],"wp:attachment":[{"href":"https:\/\/prodblog.interflora.it\/blog\/wp-json\/wp\/v2\/media?parent=3331"}],"wp:term":[{"taxonomy":"category","embeddable":true,"href":"https:\/\/prodblog.interflora.it\/blog\/wp-json\/wp\/v2\/categories?post=3331"},{"taxonomy":"post_tag","embeddable":true,"href":"https:\/\/prodblog.interflora.it\/blog\/wp-json\/wp\/v2\/tags?post=3331"}],"curies":[{"name":"wp","href":"https:\/\/api.w.org\/{rel}","templated":true}]}}