{"id":33593,"date":"2025-10-10T10:05:24","date_gmt":"2025-10-10T08:05:24","guid":{"rendered":"https:\/\/www.interflora.it\/blog\/?p=33593"},"modified":"2025-11-27T16:19:12","modified_gmt":"2025-11-27T15:19:12","slug":"fiori-autunnali-da-balcone","status":"publish","type":"post","link":"https:\/\/prodblog.interflora.it\/blog\/fiori-autunnali-da-balcone\/","title":{"rendered":"Fiori autunnali da balcone che durano fino ai primi freddi"},"content":{"rendered":"\n<p>L&#8217;estate \u00e8 finita, ma questo non significa affatto che il tuo balcone debba spegnersi. Autunno non \u00e8 sinonimo di spazi esterni senza colori: anzi, \u00e8 un errore comune pensare che la tavolozza dei colori si ritiri con le prime foglie gialle.&nbsp;<\/p>\n\n\n\n<p>In realt\u00e0, questa stagione ci offre una selezione meravigliosa di fiori da balcone autunnali\u200b che hanno la capacit\u00e0 di resistere ai primi freddi, portando allegria con tinte calde e vibranti.<\/p>\n\n\n\n<p>Dimentica i vasi spogli e scopri i migliori fiori autunnali da balcone per un\u2019esplosione di colori che dura fino ai primi freddi.<\/p>\n\n\n\n<h2 class=\"wp-block-heading\">Fiori da balcone autunnali resistenti: la nostra selezione <\/h2>\n\n\n\n<p>Alcuni fiori non temono le giornate pi\u00f9 fresche e riescono a regalare fioriture spettacolari fino ai primi geli. Ecco i nostri preferiti:<\/p>\n\n\n\n<div class=\"wp-block-media-text is-stacked-on-mobile\" style=\"grid-template-columns:40% auto\"><figure class=\"wp-block-media-text__media\"><img loading=\"lazy\" decoding=\"async\" width=\"500\" height=\"500\" src=\"https:\/\/www.interflora.it\/blog\/wp-content\/uploads\/2025\/10\/mani-che-tengono-un-vaso-di-fiori-autunnali-viola-scuro.jpg\" alt=\"\" class=\"wp-image-33595 size-full\" srcset=\"https:\/\/prodblog.interflora.it\/blog\/wp-content\/uploads\/2025\/10\/mani-che-tengono-un-vaso-di-fiori-autunnali-viola-scuro.jpg 500w, https:\/\/prodblog.interflora.it\/blog\/wp-content\/uploads\/2025\/10\/mani-che-tengono-un-vaso-di-fiori-autunnali-viola-scuro-300x300.jpg 300w, https:\/\/prodblog.interflora.it\/blog\/wp-content\/uploads\/2025\/10\/mani-che-tengono-un-vaso-di-fiori-autunnali-viola-scuro-150x150.jpg 150w\" sizes=\"auto, (max-width: 500px) 100vw, 500px\" \/><\/figure><div class=\"wp-block-media-text__content\">\n<ul class=\"wp-block-list\">\n<li>i <strong>ciclamini<\/strong>: simbolo di grazia autunnale, arricchiscono gli spazi esterni con una tavolozza ricca di colori, dal bianco al fucsia;<\/li>\n\n\n\n<li>i <strong>crisantemi<\/strong>: fioriscono a lungo e regalano corolle ricche e compatte. Scegli le variet\u00e0 a fiore piccolo per un effetto pi\u00f9 naturale sul balcone;<\/li>\n\n\n\n<li>l\u2019<strong>erica<\/strong>: perfetta per composizioni autunnali un po\u2019 selvatiche, ama il freddo e regala al tuo balcone minuscoli fiori rosa, viola o bianchi;<\/li>\n\n\n\n<li>le <strong>viole del pensiero o pans\u00e8<\/strong>: scelte e amate per la loro resistenza, portano vivacit\u00e0 anche nei mesi freddi con una fioritura prolungata dall\u2019autunno fino alla primavera;<\/li>\n\n\n\n<li>il <strong>settembrino:<\/strong> come dice il nome, \u00e8 il re di settembre. Crea nuvolette di piccoli fiori simili a margherite e offre l&#8217;ultima grande fioritura prima che il freddo si faccia sentire, in tonalit\u00e0 viola, lilla e bianco.<\/li>\n<\/ul>\n<\/div><\/div>\n\n\n\n<div style=\"height:30px\" aria-hidden=\"true\" class=\"wp-block-spacer\"><\/div>\n\n\n\n<p>Scegliendo queste variet\u00e0 di <strong>fiori autunnali da balcone<\/strong>, renderai il tuo balcone scenografico e raffinato. Se vuoi altre idee, troverai ispirazione nella sezione dedicata ai <a href=\"https:\/\/www.interflora.it\/c\/fiori\/autunno\"><strong>fiori autunno<\/strong><\/a>.<\/p>\n\n\n\n<h2 class=\"wp-block-heading\">Le tipologie di fiori da balcone autunnali<\/h2>\n\n\n\n<p>Oltre alla variet\u00e0 dei fiori scelti, \u00e8 la forma a fare la differenza: alternare piante compatte, a cascata e slanciate, insieme a <strong>piante fiorite autunnali da balcone<\/strong>, rende l\u2019insieme armonioso e ricco di movimento.<\/p>\n\n\n\n<h3 class=\"wp-block-heading\">Fiori da balcone a cascata autunnali<\/h3>\n\n\n\n<p>Vuoi sfruttare al meglio ringhiere e fioriere alte? Punta su piante che scendono in modo armonioso, regalando movimento e colore. Le variet\u00e0 pendenti infatti creano un effetto naturale e accogliente, perfetto per chi desidera movimento e colore.&nbsp;<\/p>\n\n\n\n<p>Tra le scelte pi\u00f9 adatte, se ti chiedi <strong>quali fiori posso mettere sul balcone in autunno<\/strong>, ci sono le edere ornamentali, i <strong>pendenti fiori autunnali da balcone<\/strong> come i Sedum e i fiori come Bacopa e Lobelia, ideali dove il clima resta mite.<\/p>\n\n\n\n<h3 class=\"wp-block-heading\">Fiori da balcone profumati autunnali<\/h3>\n\n\n\n<p>Se oltre ai colori vuoi aggiungere una <strong>nota aromatica<\/strong>, scegli variet\u00e0 profumate.&nbsp;<\/p>\n\n\n\n<p><strong>Rosmarino fiorito e lavande tardive<\/strong> regalano insieme bellezza e profumo, arricchendo il balcone di suggestioni visive e olfattive.<\/p>\n\n\n\n<h3 class=\"wp-block-heading\">Fiori autunnali perenni<\/h3>\n\n\n\n<p>Per un balcone che non perde mai fascino, le variet\u00e0 sempreverdi sono la scelta che pu\u00f2 fare al caso tuo!&nbsp;<\/p>\n\n\n\n<p>Oltre a garantire una struttura costante, i <a href=\"https:\/\/www.interflora.it\/blog\/fiori-autunnali-perenni-per-giardino-le-nostre-scelte\/\"><strong>fiori autunnali perenni<\/strong><\/a> si abbinano con armonia alle piante autunnali da balcone, creando composizioni che durano tutto l\u2019anno.<\/p>\n\n\n\n<h3 class=\"wp-block-heading\">Fiori da balcone autunnali che amano l&#8217;ombra&nbsp;<\/h3>\n\n\n\n<p>Non tutti i balconi sono baciati dal sole, ma non disperare! Ci sono diverse opzioni autunnali che non solo tollerano l&#8217;ombra, ma la preferiscono.&nbsp;<\/p>\n\n\n\n<div class=\"wp-block-media-text is-stacked-on-mobile\"><figure class=\"wp-block-media-text__media\"><img loading=\"lazy\" decoding=\"async\" width=\"500\" height=\"500\" src=\"https:\/\/www.interflora.it\/blog\/wp-content\/uploads\/2025\/10\/fiori-rosa-ciclamini-su-vaso-bianco-con-persona-che-lavora-la-terra.jpg\" alt=\"\" class=\"wp-image-33596 size-full\" srcset=\"https:\/\/prodblog.interflora.it\/blog\/wp-content\/uploads\/2025\/10\/fiori-rosa-ciclamini-su-vaso-bianco-con-persona-che-lavora-la-terra.jpg 500w, https:\/\/prodblog.interflora.it\/blog\/wp-content\/uploads\/2025\/10\/fiori-rosa-ciclamini-su-vaso-bianco-con-persona-che-lavora-la-terra-300x300.jpg 300w, https:\/\/prodblog.interflora.it\/blog\/wp-content\/uploads\/2025\/10\/fiori-rosa-ciclamini-su-vaso-bianco-con-persona-che-lavora-la-terra-150x150.jpg 150w\" sizes=\"auto, (max-width: 500px) 100vw, 500px\" \/><\/figure><div class=\"wp-block-media-text__content\">\n<ul class=\"wp-block-list\">\n<li>I <strong>ciclamini<\/strong>, per esempio, prosperano in posizioni fresche e riparate dalla luce diretta del sole;\u00a0<\/li>\n\n\n\n<li>anche le<strong> viole del pensiero<\/strong> e l&#8217;<strong>edera<\/strong> si adattano bene a una luce pi\u00f9 diffusa o all&#8217;ombra parziale.<\/li>\n<\/ul>\n<\/div><\/div>\n\n\n\n<div style=\"height:30px\" aria-hidden=\"true\" class=\"wp-block-spacer\"><\/div>\n\n\n\n<p>La scelta di queste variet\u00e0 ti permetter\u00e0 di valorizzare anche gli angoli meno luminosi della tua casa.<\/p>\n\n\n\n<h3 class=\"wp-block-heading\">Fiori autunnali da balcone con foglie decorative&nbsp;<\/h3>\n\n\n\n<p>In molti pensano che in autunno il colore del balcone sia dato solo dai petali. In realt\u00e0, a rendere speciali balconi e terrazze \u00e8 spesso il fogliame, capace di regalare contrasti e sfumature sorprendenti.&nbsp;<\/p>\n\n\n\n<ul class=\"wp-block-list\">\n<li>Il <strong>cavolo ornamentale<\/strong> \u00e8 un esempio perfetto grazie alle sue foglie grandi e colorate disposte a rosetta;\u00a0<\/li>\n\n\n\n<li>l&#8217;<strong>heuchera<\/strong>, sorprende con tonalit\u00e0 che spaziano dal bordeaux all\u2019arancio bruciato, fino al nero profondo.<\/li>\n<\/ul>\n\n\n\n<p>Queste piante mantengono una forte presenza scenica anche quando la fioritura si attenua.<\/p>\n\n\n\n<h2 class=\"wp-block-heading\">Piante fiorite autunnali da balcone<\/h2>\n\n\n\n<p>Oltre ai classici fiori stagionali, puoi arricchire il balcone con <strong>piante fiorite autunnali da balcone<\/strong> che restano belle per settimane. Ti proponiamo alcune idee:<\/p>\n\n\n\n<ul class=\"wp-block-list\">\n<li>la <strong>begonia semperflorens<\/strong>: con fiori compatti e luminosi che resistono bene anche alle temperature autunnali. Offre tonalit\u00e0 che vanno dal rosso al rosa, fino al bianco, e continua a fiorire a lungo se posizionate in zone riparate;<\/li>\n\n\n\n<li>l\u2019<strong>ortensia tardiva<\/strong>: durante l\u2019autunno i suoi petali cambiano colore, passando dal rosa intenso al verde tenue e al borgogna;<\/li>\n\n\n\n<li>il <strong>sedum<\/strong>: pianta rustica, in autunno si ricopre di piccoli fiorellini rosa o rossi che durano a lungo, regalando un tocco naturale e vibrante al balcone.<br><\/li>\n<\/ul>\n\n\n\n<p>Queste piante si adattano bene a diverse esposizioni e richiedono cure semplici, ideali per chi vuole un balcone bello senza troppo impegno.&nbsp;<\/p>\n\n\n\n<p>Sono perfette anche come <a href=\"https:\/\/www.interflora.it\/blog\/fiori-autunnali-da-vaso\/\"><strong>fiori autunnali da vaso<\/strong><\/a>, adatte a chi ha poco spazio ma non vuole rinunciare al colore. Puoi combinarle in fioriere rettangolari oppure in grandi vasi rotondi, giocando con colori e altezze diverse.<\/p>\n\n\n\n<h2 class=\"wp-block-heading\">Come prenderti cura dei fiori autunnali da balcone<\/h2>\n\n\n\n<p>Le cure autunnali sono diverse da quelle estive, principalmente perch\u00e9 le piante rallentano il loro metabolismo.&nbsp;<\/p>\n\n\n\n<p>Per mantenere i tuoi fiori da balcone autunnali al meglio, ti consigliamo di prestare attenzione a:<\/p>\n\n\n\n<div class=\"wp-block-media-text is-stacked-on-mobile\"><figure class=\"wp-block-media-text__media\"><img loading=\"lazy\" decoding=\"async\" width=\"500\" height=\"500\" src=\"https:\/\/www.interflora.it\/blog\/wp-content\/uploads\/2025\/10\/fiori-bianchi-e-arancioni-autunnali.jpg\" alt=\"\" class=\"wp-image-33597 size-full\" srcset=\"https:\/\/prodblog.interflora.it\/blog\/wp-content\/uploads\/2025\/10\/fiori-bianchi-e-arancioni-autunnali.jpg 500w, https:\/\/prodblog.interflora.it\/blog\/wp-content\/uploads\/2025\/10\/fiori-bianchi-e-arancioni-autunnali-300x300.jpg 300w, https:\/\/prodblog.interflora.it\/blog\/wp-content\/uploads\/2025\/10\/fiori-bianchi-e-arancioni-autunnali-150x150.jpg 150w\" sizes=\"auto, (max-width: 500px) 100vw, 500px\" \/><\/figure><div class=\"wp-block-media-text__content\">\n<ul class=\"wp-block-list\">\n<li><strong>irrigazione<\/strong>: riduci la frequenza e presta attenzione a evitare ristagni che favoriscono marciumi radicali, particolarmente pericolosi con il clima umido e freddo;<\/li>\n\n\n\n<li><strong>posizione<\/strong>: proteggi le piante dai venti freddi, prediligendo zone riparate;<\/li>\n\n\n\n<li><strong>concimazione<\/strong>: opta per concimi ricchi di potassio per fioriture pi\u00f9 resistenti;<\/li>\n\n\n\n<li><strong>vasi<\/strong>: usa contenitori capienti che permettano alle radici di svilupparsi bene.<\/li>\n<\/ul>\n<\/div><\/div>\n\n\n\n<div style=\"height:30px\" aria-hidden=\"true\" class=\"wp-block-spacer\"><\/div>\n\n\n\n<p>Con i giusti accorgimenti e la scelta delle variet\u00e0 pi\u00f9 resistenti, il tuo balcone autunnale rester\u00e0 fiorito e accogliente fino ai primi freddi.&nbsp;<\/p>\n\n\n\n<p>Giocare con colori, forme e profumi render\u00e0 lo spazio unico, pronto ad accompagnarti anche nelle giornate pi\u00f9 grigie.<\/p>\n\n\n\n<p>Vuoi altre idee per rendere speciale il tuo spazio esterno? Dai un\u2019occhiata alla nostra selezione di <a href=\"https:\/\/www.interflora.it\/blog\/piante-e-fiori-per-fioriere-cosa-mettere-nelle-fioriere-in-autunno\/\"><strong>fiori per fioriere in autunno<\/strong><\/a>: piccoli tocchi di colore che trasformano ogni balcone.<\/p>\n","protected":false},"excerpt":{"rendered":"<p>L&#8217;estate \u00e8 finita, ma questo non significa affatto che il tuo balcone debba spegnersi. Autunno non \u00e8 sinonimo di spazi [&hellip;]<\/p>\n","protected":false},"author":8,"featured_media":33594,"comment_status":"open","ping_status":"open","sticky":false,"template":"","format":"standard","meta":{"_uag_custom_page_level_css":"","site-sidebar-layout":"default","site-content-layout":"","ast-site-content-layout":"default","site-content-style":"default","site-sidebar-style":"default","ast-global-header-display":"","ast-banner-title-visibility":"","ast-main-header-display":"","ast-hfb-above-header-display":"","ast-hfb-below-header-display":"","ast-hfb-mobile-header-display":"","site-post-title":"","ast-breadcrumbs-content":"","ast-featured-img":"","footer-sml-layout":"","ast-disable-related-posts":"","theme-transparent-header-meta":"","adv-header-id-meta":"","stick-header-meta":"","header-above-stick-meta":"","header-main-stick-meta":"","header-below-stick-meta":"","astra-migrate-meta-layouts":"default","ast-page-background-enabled":"default","ast-page-background-meta":{"desktop":{"background-color":"var(--ast-global-color-5)","background-image":"","background-repeat":"repeat","background-position":"center center","background-size":"auto","background-attachment":"scroll","background-type":"","background-media":"","overlay-type":"","overlay-color":"","overlay-opacity":"","overlay-gradient":""},"tablet":{"background-color":"","background-image":"","background-repeat":"repeat","background-position":"center center","background-size":"auto","background-attachment":"scroll","background-type":"","background-media":"","overlay-type":"","overlay-color":"","overlay-opacity":"","overlay-gradient":""},"mobile":{"background-color":"","background-image":"","background-repeat":"repeat","background-position":"center center","background-size":"auto","background-attachment":"scroll","background-type":"","background-media":"","overlay-type":"","overlay-color":"","overlay-opacity":"","overlay-gradient":""}},"ast-content-background-meta":{"desktop":{"background-color":"var(--ast-global-color-4)","background-image":"","background-repeat":"repeat","background-position":"center center","background-size":"auto","background-attachment":"scroll","background-type":"","background-media":"","overlay-type":"","overlay-color":"","overlay-opacity":"","overlay-gradient":""},"tablet":{"background-color":"var(--ast-global-color-4)","background-image":"","background-repeat":"repeat","background-position":"center center","background-size":"auto","background-attachment":"scroll","background-type":"","background-media":"","overlay-type":"","overlay-color":"","overlay-opacity":"","overlay-gradient":""},"mobile":{"background-color":"var(--ast-global-color-4)","background-image":"","background-repeat":"repeat","background-position":"center center","background-size":"auto","background-attachment":"scroll","background-type":"","background-media":"","overlay-type":"","overlay-color":"","overlay-opacity":"","overlay-gradient":""}},"footnotes":""},"categories":[182,165],"tags":[238],"class_list":["post-33593","post","type-post","status-publish","format-standard","has-post-thumbnail","hentry","category-autunno","category-fiori","tag-autunno"],"yoast_head":"<!-- This site is optimized with the Yoast SEO plugin v26.4 - https:\/\/yoast.com\/wordpress\/plugins\/seo\/ -->\n<title>Fiori autunnali da balcone che durano fino ai primi freddi - Il blog di Interflora: consigli, idee e ispirazione per godersi fiori e piante<\/title>\n<meta name=\"description\" content=\"Desideri un balcone colorato anche in autunno? Ecco i fiori autunnali da balcone pi\u00f9 belli che durano fino ai primi freddi.\" \/>\n<meta name=\"robots\" content=\"index, follow, max-snippet:-1, max-image-preview:large, max-video-preview:-1\" \/>\n<link rel=\"canonical\" href=\"https:\/\/www.interflora.it\/blog\/fiori-autunnali-da-balcone\/\" \/>\n<meta property=\"og:locale\" content=\"it_IT\" \/>\n<meta property=\"og:type\" content=\"article\" \/>\n<meta property=\"og:title\" content=\"Fiori autunnali da balcone che durano fino ai primi freddi - Il blog di Interflora: consigli, idee e ispirazione per godersi fiori e piante\" \/>\n<meta property=\"og:description\" content=\"Desideri un balcone colorato anche in autunno? Ecco i fiori autunnali da balcone pi\u00f9 belli che durano fino ai primi freddi.\" \/>\n<meta property=\"og:url\" content=\"https:\/\/www.interflora.it\/blog\/fiori-autunnali-da-balcone\/\" \/>\n<meta property=\"og:site_name\" content=\"Il blog di Interflora: consigli, idee e ispirazione per godersi fiori e piante\" \/>\n<meta property=\"article:published_time\" content=\"2025-10-10T08:05:24+00:00\" \/>\n<meta property=\"article:modified_time\" content=\"2025-11-27T15:19:12+00:00\" \/>\n<meta property=\"og:image\" content=\"https:\/\/www.interflora.it\/blog\/wp-content\/uploads\/2025\/10\/Fiori-autunnali-ciclamini-rosa-e-rossi.jpg\" \/>\n\t<meta property=\"og:image:width\" content=\"500\" \/>\n\t<meta property=\"og:image:height\" content=\"331\" \/>\n\t<meta property=\"og:image:type\" content=\"image\/jpeg\" \/>\n<meta name=\"author\" content=\"Interflora\" \/>\n<meta name=\"twitter:card\" content=\"summary_large_image\" \/>\n<script type=\"application\/ld+json\" class=\"yoast-schema-graph\">{\"@context\":\"https:\/\/schema.org\",\"@graph\":[{\"@type\":\"Article\",\"@id\":\"https:\/\/www.interflora.it\/blog\/fiori-autunnali-da-balcone\/#article\",\"isPartOf\":{\"@id\":\"https:\/\/www.interflora.it\/blog\/fiori-autunnali-da-balcone\/\"},\"author\":{\"name\":\"Interflora\",\"@id\":\"https:\/\/www.interflora.it\/blog\/#\/schema\/person\/37c1677fb37e37e1d52ee86644974c72\"},\"headline\":\"Fiori autunnali da balcone che durano fino ai primi freddi\",\"datePublished\":\"2025-10-10T08:05:24+00:00\",\"dateModified\":\"2025-11-27T15:19:12+00:00\",\"mainEntityOfPage\":{\"@id\":\"https:\/\/www.interflora.it\/blog\/fiori-autunnali-da-balcone\/\"},\"wordCount\":1019,\"commentCount\":0,\"publisher\":{\"@id\":\"https:\/\/www.interflora.it\/blog\/#organization\"},\"image\":{\"@id\":\"https:\/\/www.interflora.it\/blog\/fiori-autunnali-da-balcone\/#primaryimage\"},\"thumbnailUrl\":\"https:\/\/prodblog.interflora.it\/blog\/wp-content\/uploads\/2025\/10\/Fiori-autunnali-ciclamini-rosa-e-rossi.jpg\",\"keywords\":[\"autunno\"],\"articleSection\":[\"Autunno\",\"Fiori e Piante\"],\"inLanguage\":\"it-IT\",\"potentialAction\":[{\"@type\":\"CommentAction\",\"name\":\"Comment\",\"target\":[\"https:\/\/www.interflora.it\/blog\/fiori-autunnali-da-balcone\/#respond\"]}]},{\"@type\":\"WebPage\",\"@id\":\"https:\/\/www.interflora.it\/blog\/fiori-autunnali-da-balcone\/\",\"url\":\"https:\/\/www.interflora.it\/blog\/fiori-autunnali-da-balcone\/\",\"name\":\"Fiori autunnali da balcone che durano fino ai primi freddi - Il blog di Interflora: consigli, idee e ispirazione per godersi fiori e piante\",\"isPartOf\":{\"@id\":\"https:\/\/www.interflora.it\/blog\/#website\"},\"primaryImageOfPage\":{\"@id\":\"https:\/\/www.interflora.it\/blog\/fiori-autunnali-da-balcone\/#primaryimage\"},\"image\":{\"@id\":\"https:\/\/www.interflora.it\/blog\/fiori-autunnali-da-balcone\/#primaryimage\"},\"thumbnailUrl\":\"https:\/\/prodblog.interflora.it\/blog\/wp-content\/uploads\/2025\/10\/Fiori-autunnali-ciclamini-rosa-e-rossi.jpg\",\"datePublished\":\"2025-10-10T08:05:24+00:00\",\"dateModified\":\"2025-11-27T15:19:12+00:00\",\"description\":\"Desideri un balcone colorato anche in autunno? Ecco i fiori autunnali da balcone pi\u00f9 belli che durano fino ai primi freddi.\",\"breadcrumb\":{\"@id\":\"https:\/\/www.interflora.it\/blog\/fiori-autunnali-da-balcone\/#breadcrumb\"},\"inLanguage\":\"it-IT\",\"potentialAction\":[{\"@type\":\"ReadAction\",\"target\":[\"https:\/\/www.interflora.it\/blog\/fiori-autunnali-da-balcone\/\"]}]},{\"@type\":\"ImageObject\",\"inLanguage\":\"it-IT\",\"@id\":\"https:\/\/www.interflora.it\/blog\/fiori-autunnali-da-balcone\/#primaryimage\",\"url\":\"https:\/\/prodblog.interflora.it\/blog\/wp-content\/uploads\/2025\/10\/Fiori-autunnali-ciclamini-rosa-e-rossi.jpg\",\"contentUrl\":\"https:\/\/prodblog.interflora.it\/blog\/wp-content\/uploads\/2025\/10\/Fiori-autunnali-ciclamini-rosa-e-rossi.jpg\",\"width\":500,\"height\":331,\"caption\":\"Fiori autunnali da balcone dalle sfumature rosa e lilla e fiori rossi\"},{\"@type\":\"BreadcrumbList\",\"@id\":\"https:\/\/www.interflora.it\/blog\/fiori-autunnali-da-balcone\/#breadcrumb\",\"itemListElement\":[{\"@type\":\"ListItem\",\"position\":1,\"name\":\"Home\",\"item\":\"https:\/\/prodblog.interflora.it\/blog\/\"},{\"@type\":\"ListItem\",\"position\":2,\"name\":\"Fiori autunnali da balcone che durano fino ai primi freddi\"}]},{\"@type\":\"WebSite\",\"@id\":\"https:\/\/www.interflora.it\/blog\/#website\",\"url\":\"https:\/\/www.interflora.it\/blog\/\",\"name\":\"Il blog di Interflora: consigli, idee e ispirazione per godersi fiori e piante\",\"description\":\"\",\"publisher\":{\"@id\":\"https:\/\/www.interflora.it\/blog\/#organization\"},\"potentialAction\":[{\"@type\":\"SearchAction\",\"target\":{\"@type\":\"EntryPoint\",\"urlTemplate\":\"https:\/\/www.interflora.it\/blog\/?s={search_term_string}\"},\"query-input\":{\"@type\":\"PropertyValueSpecification\",\"valueRequired\":true,\"valueName\":\"search_term_string\"}}],\"inLanguage\":\"it-IT\"},{\"@type\":\"Organization\",\"@id\":\"https:\/\/www.interflora.it\/blog\/#organization\",\"name\":\"Il blog di Interflora: consigli, idee e ispirazione per godersi fiori e piante\",\"url\":\"https:\/\/www.interflora.it\/blog\/\",\"logo\":{\"@type\":\"ImageObject\",\"inLanguage\":\"it-IT\",\"@id\":\"https:\/\/www.interflora.it\/blog\/#\/schema\/logo\/image\/\",\"url\":\"https:\/\/prodblog.interflora.it\/blog\/wp-content\/uploads\/2025\/04\/220221_INTERFLORA_Logo_rgb_Half_Circle-e1670413381661.png\",\"contentUrl\":\"https:\/\/prodblog.interflora.it\/blog\/wp-content\/uploads\/2025\/04\/220221_INTERFLORA_Logo_rgb_Half_Circle-e1670413381661.png\",\"width\":1351,\"height\":656,\"caption\":\"Il blog di Interflora: consigli, idee e ispirazione per godersi fiori e piante\"},\"image\":{\"@id\":\"https:\/\/www.interflora.it\/blog\/#\/schema\/logo\/image\/\"}},{\"@type\":\"Person\",\"@id\":\"https:\/\/www.interflora.it\/blog\/#\/schema\/person\/37c1677fb37e37e1d52ee86644974c72\",\"name\":\"Interflora\",\"image\":{\"@type\":\"ImageObject\",\"inLanguage\":\"it-IT\",\"@id\":\"https:\/\/www.interflora.it\/blog\/#\/schema\/person\/image\/\",\"url\":\"https:\/\/secure.gravatar.com\/avatar\/f8ee11e6b2ddd835aba806604014e0f5960629fa9ff333f1d1f0db3e39ad3bad?s=96&d=mm&r=g\",\"contentUrl\":\"https:\/\/secure.gravatar.com\/avatar\/f8ee11e6b2ddd835aba806604014e0f5960629fa9ff333f1d1f0db3e39ad3bad?s=96&d=mm&r=g\",\"caption\":\"Interflora\"}}]}<\/script>\n<!-- \/ Yoast SEO plugin. -->","yoast_head_json":{"title":"Fiori autunnali da balcone che durano fino ai primi freddi - Il blog di Interflora: consigli, idee e ispirazione per godersi fiori e piante","description":"Desideri un balcone colorato anche in autunno? Ecco i fiori autunnali da balcone pi\u00f9 belli che durano fino ai primi freddi.","robots":{"index":"index","follow":"follow","max-snippet":"max-snippet:-1","max-image-preview":"max-image-preview:large","max-video-preview":"max-video-preview:-1"},"canonical":"https:\/\/www.interflora.it\/blog\/fiori-autunnali-da-balcone\/","og_locale":"it_IT","og_type":"article","og_title":"Fiori autunnali da balcone che durano fino ai primi freddi - Il blog di Interflora: consigli, idee e ispirazione per godersi fiori e piante","og_description":"Desideri un balcone colorato anche in autunno? Ecco i fiori autunnali da balcone pi\u00f9 belli che durano fino ai primi freddi.","og_url":"https:\/\/www.interflora.it\/blog\/fiori-autunnali-da-balcone\/","og_site_name":"Il blog di Interflora: consigli, idee e ispirazione per godersi fiori e piante","article_published_time":"2025-10-10T08:05:24+00:00","article_modified_time":"2025-11-27T15:19:12+00:00","og_image":[{"width":500,"height":331,"url":"https:\/\/www.interflora.it\/blog\/wp-content\/uploads\/2025\/10\/Fiori-autunnali-ciclamini-rosa-e-rossi.jpg","type":"image\/jpeg"}],"author":"Interflora","twitter_card":"summary_large_image","schema":{"@context":"https:\/\/schema.org","@graph":[{"@type":"Article","@id":"https:\/\/www.interflora.it\/blog\/fiori-autunnali-da-balcone\/#article","isPartOf":{"@id":"https:\/\/www.interflora.it\/blog\/fiori-autunnali-da-balcone\/"},"author":{"name":"Interflora","@id":"https:\/\/www.interflora.it\/blog\/#\/schema\/person\/37c1677fb37e37e1d52ee86644974c72"},"headline":"Fiori autunnali da balcone che durano fino ai primi freddi","datePublished":"2025-10-10T08:05:24+00:00","dateModified":"2025-11-27T15:19:12+00:00","mainEntityOfPage":{"@id":"https:\/\/www.interflora.it\/blog\/fiori-autunnali-da-balcone\/"},"wordCount":1019,"commentCount":0,"publisher":{"@id":"https:\/\/www.interflora.it\/blog\/#organization"},"image":{"@id":"https:\/\/www.interflora.it\/blog\/fiori-autunnali-da-balcone\/#primaryimage"},"thumbnailUrl":"https:\/\/prodblog.interflora.it\/blog\/wp-content\/uploads\/2025\/10\/Fiori-autunnali-ciclamini-rosa-e-rossi.jpg","keywords":["autunno"],"articleSection":["Autunno","Fiori e Piante"],"inLanguage":"it-IT","potentialAction":[{"@type":"CommentAction","name":"Comment","target":["https:\/\/www.interflora.it\/blog\/fiori-autunnali-da-balcone\/#respond"]}]},{"@type":"WebPage","@id":"https:\/\/www.interflora.it\/blog\/fiori-autunnali-da-balcone\/","url":"https:\/\/www.interflora.it\/blog\/fiori-autunnali-da-balcone\/","name":"Fiori autunnali da balcone che durano fino ai primi freddi - Il blog di Interflora: consigli, idee e ispirazione per godersi fiori e piante","isPartOf":{"@id":"https:\/\/www.interflora.it\/blog\/#website"},"primaryImageOfPage":{"@id":"https:\/\/www.interflora.it\/blog\/fiori-autunnali-da-balcone\/#primaryimage"},"image":{"@id":"https:\/\/www.interflora.it\/blog\/fiori-autunnali-da-balcone\/#primaryimage"},"thumbnailUrl":"https:\/\/prodblog.interflora.it\/blog\/wp-content\/uploads\/2025\/10\/Fiori-autunnali-ciclamini-rosa-e-rossi.jpg","datePublished":"2025-10-10T08:05:24+00:00","dateModified":"2025-11-27T15:19:12+00:00","description":"Desideri un balcone colorato anche in autunno? Ecco i fiori autunnali da balcone pi\u00f9 belli che durano fino ai primi freddi.","breadcrumb":{"@id":"https:\/\/www.interflora.it\/blog\/fiori-autunnali-da-balcone\/#breadcrumb"},"inLanguage":"it-IT","potentialAction":[{"@type":"ReadAction","target":["https:\/\/www.interflora.it\/blog\/fiori-autunnali-da-balcone\/"]}]},{"@type":"ImageObject","inLanguage":"it-IT","@id":"https:\/\/www.interflora.it\/blog\/fiori-autunnali-da-balcone\/#primaryimage","url":"https:\/\/prodblog.interflora.it\/blog\/wp-content\/uploads\/2025\/10\/Fiori-autunnali-ciclamini-rosa-e-rossi.jpg","contentUrl":"https:\/\/prodblog.interflora.it\/blog\/wp-content\/uploads\/2025\/10\/Fiori-autunnali-ciclamini-rosa-e-rossi.jpg","width":500,"height":331,"caption":"Fiori autunnali da balcone dalle sfumature rosa e lilla e fiori rossi"},{"@type":"BreadcrumbList","@id":"https:\/\/www.interflora.it\/blog\/fiori-autunnali-da-balcone\/#breadcrumb","itemListElement":[{"@type":"ListItem","position":1,"name":"Home","item":"https:\/\/prodblog.interflora.it\/blog\/"},{"@type":"ListItem","position":2,"name":"Fiori autunnali da balcone che durano fino ai primi freddi"}]},{"@type":"WebSite","@id":"https:\/\/www.interflora.it\/blog\/#website","url":"https:\/\/www.interflora.it\/blog\/","name":"Il blog di Interflora: consigli, idee e ispirazione per godersi fiori e piante","description":"","publisher":{"@id":"https:\/\/www.interflora.it\/blog\/#organization"},"potentialAction":[{"@type":"SearchAction","target":{"@type":"EntryPoint","urlTemplate":"https:\/\/www.interflora.it\/blog\/?s={search_term_string}"},"query-input":{"@type":"PropertyValueSpecification","valueRequired":true,"valueName":"search_term_string"}}],"inLanguage":"it-IT"},{"@type":"Organization","@id":"https:\/\/www.interflora.it\/blog\/#organization","name":"Il blog di Interflora: consigli, idee e ispirazione per godersi fiori e piante","url":"https:\/\/www.interflora.it\/blog\/","logo":{"@type":"ImageObject","inLanguage":"it-IT","@id":"https:\/\/www.interflora.it\/blog\/#\/schema\/logo\/image\/","url":"https:\/\/prodblog.interflora.it\/blog\/wp-content\/uploads\/2025\/04\/220221_INTERFLORA_Logo_rgb_Half_Circle-e1670413381661.png","contentUrl":"https:\/\/prodblog.interflora.it\/blog\/wp-content\/uploads\/2025\/04\/220221_INTERFLORA_Logo_rgb_Half_Circle-e1670413381661.png","width":1351,"height":656,"caption":"Il blog di Interflora: consigli, idee e ispirazione per godersi fiori e piante"},"image":{"@id":"https:\/\/www.interflora.it\/blog\/#\/schema\/logo\/image\/"}},{"@type":"Person","@id":"https:\/\/www.interflora.it\/blog\/#\/schema\/person\/37c1677fb37e37e1d52ee86644974c72","name":"Interflora","image":{"@type":"ImageObject","inLanguage":"it-IT","@id":"https:\/\/www.interflora.it\/blog\/#\/schema\/person\/image\/","url":"https:\/\/secure.gravatar.com\/avatar\/f8ee11e6b2ddd835aba806604014e0f5960629fa9ff333f1d1f0db3e39ad3bad?s=96&d=mm&r=g","contentUrl":"https:\/\/secure.gravatar.com\/avatar\/f8ee11e6b2ddd835aba806604014e0f5960629fa9ff333f1d1f0db3e39ad3bad?s=96&d=mm&r=g","caption":"Interflora"}}]}},"uagb_featured_image_src":{"full":["https:\/\/prodblog.interflora.it\/blog\/wp-content\/uploads\/2025\/10\/Fiori-autunnali-ciclamini-rosa-e-rossi.jpg",500,331,false],"thumbnail":["https:\/\/prodblog.interflora.it\/blog\/wp-content\/uploads\/2025\/10\/Fiori-autunnali-ciclamini-rosa-e-rossi-150x150.jpg",150,150,true],"medium":["https:\/\/prodblog.interflora.it\/blog\/wp-content\/uploads\/2025\/10\/Fiori-autunnali-ciclamini-rosa-e-rossi-300x199.jpg",300,199,true],"medium_large":["https:\/\/prodblog.interflora.it\/blog\/wp-content\/uploads\/2025\/10\/Fiori-autunnali-ciclamini-rosa-e-rossi.jpg",500,331,false],"large":["https:\/\/prodblog.interflora.it\/blog\/wp-content\/uploads\/2025\/10\/Fiori-autunnali-ciclamini-rosa-e-rossi.jpg",500,331,false],"1536x1536":["https:\/\/prodblog.interflora.it\/blog\/wp-content\/uploads\/2025\/10\/Fiori-autunnali-ciclamini-rosa-e-rossi.jpg",500,331,false],"2048x2048":["https:\/\/prodblog.interflora.it\/blog\/wp-content\/uploads\/2025\/10\/Fiori-autunnali-ciclamini-rosa-e-rossi.jpg",500,331,false]},"uagb_author_info":{"display_name":"Interflora","author_link":"https:\/\/prodblog.interflora.it\/blog\/author\/lisa-contini\/"},"uagb_comment_info":1,"uagb_excerpt":"L&#8217;estate \u00e8 finita, ma questo non significa affatto che il tuo balcone debba spegnersi. Autunno non \u00e8 sinonimo di spazi [&hellip;]","_links":{"self":[{"href":"https:\/\/prodblog.interflora.it\/blog\/wp-json\/wp\/v2\/posts\/33593","targetHints":{"allow":["GET"]}}],"collection":[{"href":"https:\/\/prodblog.interflora.it\/blog\/wp-json\/wp\/v2\/posts"}],"about":[{"href":"https:\/\/prodblog.interflora.it\/blog\/wp-json\/wp\/v2\/types\/post"}],"author":[{"embeddable":true,"href":"https:\/\/prodblog.interflora.it\/blog\/wp-json\/wp\/v2\/users\/8"}],"replies":[{"embeddable":true,"href":"https:\/\/prodblog.interflora.it\/blog\/wp-json\/wp\/v2\/comments?post=33593"}],"version-history":[{"count":1,"href":"https:\/\/prodblog.interflora.it\/blog\/wp-json\/wp\/v2\/posts\/33593\/revisions"}],"predecessor-version":[{"id":33598,"href":"https:\/\/prodblog.interflora.it\/blog\/wp-json\/wp\/v2\/posts\/33593\/revisions\/33598"}],"wp:featuredmedia":[{"embeddable":true,"href":"https:\/\/prodblog.interflora.it\/blog\/wp-json\/wp\/v2\/media\/33594"}],"wp:attachment":[{"href":"https:\/\/prodblog.interflora.it\/blog\/wp-json\/wp\/v2\/media?parent=33593"}],"wp:term":[{"taxonomy":"category","embeddable":true,"href":"https:\/\/prodblog.interflora.it\/blog\/wp-json\/wp\/v2\/categories?post=33593"},{"taxonomy":"post_tag","embeddable":true,"href":"https:\/\/prodblog.interflora.it\/blog\/wp-json\/wp\/v2\/tags?post=33593"}],"curies":[{"name":"wp","href":"https:\/\/api.w.org\/{rel}","templated":true}]}}