{"id":33645,"date":"2025-10-31T18:19:21","date_gmt":"2025-10-31T17:19:21","guid":{"rendered":"https:\/\/www.interflora.it\/blog\/?p=33645"},"modified":"2025-11-28T11:38:08","modified_gmt":"2025-11-28T10:38:08","slug":"regali-per-se-stessi","status":"publish","type":"post","link":"https:\/\/prodblog.interflora.it\/blog\/regali-per-se-stessi\/","title":{"rendered":"Regali per se stessi: idee, e pensieri per amarsi ogni giorno"},"content":{"rendered":"\n<p>Corri da una parte all&#8217;altra, ti destreggi tra lavoro, impegni e vita privata e, in mezzo a questo vortice, potresti aver dimenticato la persona pi\u00f9 importante: TU. E se decidessi, a partire da oggi, di concederti un gesto solo per te? Un vero <strong>regalo da concederti<\/strong> per farti stare bene, senza aspettare un&#8217;occasione speciale.&nbsp;<\/p>\n\n\n\n<p>Perch\u00e9 <strong>fare un regalo a se stessi<\/strong> significa ricordare che l&#8217;amore per se stessi non \u00e8 un concetto astratto, ma un&#8217;abitudine da coltivare. E poich\u00e9 probabilmente sei pi\u00f9 abituata a fare regali ai tuoi cari che a te stessa, scopriamo insieme in questa guida <strong>cosa regalare a se stessi<\/strong>.<\/p>\n\n\n<div class=\"lp-produits-grid\"><div class=\"lp-produit\"><div class=\"lp-thumbnail-wrapper\"><img loading=\"lazy\" decoding=\"async\" width=\"300\" height=\"300\" src=\"https:\/\/prodblog.interflora.it\/blog\/wp-content\/uploads\/2025\/11\/1697550250-noel-val_d_oca-1344_1_1-300x300.jpg\" class=\"attachment-medium size-medium wp-post-image\" alt=\"\" srcset=\"https:\/\/prodblog.interflora.it\/blog\/wp-content\/uploads\/2025\/11\/1697550250-noel-val_d_oca-1344_1_1-300x300.jpg 300w, https:\/\/prodblog.interflora.it\/blog\/wp-content\/uploads\/2025\/11\/1697550250-noel-val_d_oca-1344_1_1-1024x1024.jpg 1024w, https:\/\/prodblog.interflora.it\/blog\/wp-content\/uploads\/2025\/11\/1697550250-noel-val_d_oca-1344_1_1-150x150.jpg 150w, https:\/\/prodblog.interflora.it\/blog\/wp-content\/uploads\/2025\/11\/1697550250-noel-val_d_oca-1344_1_1-768x768.jpg 768w, https:\/\/prodblog.interflora.it\/blog\/wp-content\/uploads\/2025\/11\/1697550250-noel-val_d_oca-1344_1_1.jpg 1344w\" sizes=\"auto, (max-width: 300px) 100vw, 300px\" \/><img decoding=\"async\" class=\"lp-badge\" src=\"https:\/\/www.interflora.it\/blog\/wp-content\/uploads\/cropped-cropped-220221_INTERFLORA_Logo_rgb_Social_Media.png\" alt=\"Consegna in giornata\"><\/div><span>Magia delle feste<\/span><p>64.99 \u20ac<\/p><span class=\"obf-link lp-cta\" role=\"link\" tabindex=\"0\" data-b64=\"aHR0cHM6Ly93d3cuaW50ZXJmbG9yYS5pdC9wL21hZ2lhLWRlbGxlLWZlc3RlLzE\/dXRtX21lZGl1bT1vcmdhbmljJnV0bV9zb3VyY2U9YmxvZ19wcm9kdWN0cyZ1dG1fY2FtcGFpZ249QkYwMjU=\" data-target=\"_blank\"><svg xmlns=\"http:\/\/www.w3.org\/2000\/svg\" width=\"16\" height=\"16\" fill=\"currentColor\" class=\"bi bi-bag\" viewBox=\"0 0 16 16\"><path d=\"M8 1a2 2 0 0 1 2 2v1h2.5A1.5 1.5 0 0 1 14 5.5v8A1.5 1.5 0 0 1 12.5 15h-9A1.5 1.5 0 0 1 2 13.5v-8A1.5 1.5 0 0 1 3.5 3H6V2a2 2 0 0 1 2-1zm1 3V3a1 1 0 0 0-2 0v1h2z\"\/><\/svg>Scopri di pi\u00f9<\/span><p class=\"rapido\">Spedizione veloce<\/p><\/div><div class=\"lp-produit\"><div class=\"lp-thumbnail-wrapper\"><img loading=\"lazy\" decoding=\"async\" width=\"300\" height=\"300\" src=\"https:\/\/prodblog.interflora.it\/blog\/wp-content\/uploads\/2025\/11\/1726480940-reginadellenevi-hd-1-300x300.jpg\" class=\"attachment-medium size-medium wp-post-image\" alt=\"\" srcset=\"https:\/\/prodblog.interflora.it\/blog\/wp-content\/uploads\/2025\/11\/1726480940-reginadellenevi-hd-1-300x300.jpg 300w, https:\/\/prodblog.interflora.it\/blog\/wp-content\/uploads\/2025\/11\/1726480940-reginadellenevi-hd-1-1024x1024.jpg 1024w, https:\/\/prodblog.interflora.it\/blog\/wp-content\/uploads\/2025\/11\/1726480940-reginadellenevi-hd-1-150x150.jpg 150w, https:\/\/prodblog.interflora.it\/blog\/wp-content\/uploads\/2025\/11\/1726480940-reginadellenevi-hd-1-768x768.jpg 768w, https:\/\/prodblog.interflora.it\/blog\/wp-content\/uploads\/2025\/11\/1726480940-reginadellenevi-hd-1-1536x1536.jpg 1536w, https:\/\/prodblog.interflora.it\/blog\/wp-content\/uploads\/2025\/11\/1726480940-reginadellenevi-hd-1-2048x2048.jpg 2048w\" sizes=\"auto, (max-width: 300px) 100vw, 300px\" \/><img decoding=\"async\" class=\"lp-badge\" src=\"https:\/\/www.interflora.it\/blog\/wp-content\/uploads\/cropped-cropped-220221_INTERFLORA_Logo_rgb_Social_Media.png\" alt=\"Consegna in giornata\"><\/div><span>Regina delle Nevi<\/span><p>54.99 \u20ac<\/p><span class=\"obf-link lp-cta\" role=\"link\" tabindex=\"0\" data-b64=\"aHR0cHM6Ly93d3cuaW50ZXJmbG9yYS5pdC9wL3JlZ2luYS1kZWxsZS1uZXZpLzE\/dXRtX21lZGl1bT1vcmdhbmljJnV0bV9zb3VyY2U9YmxvZ19wcm9kdWN0cyZ1dG1fY2FtcGFpZ249RkYxMTg=\" data-target=\"_blank\"><svg xmlns=\"http:\/\/www.w3.org\/2000\/svg\" width=\"16\" height=\"16\" fill=\"currentColor\" class=\"bi bi-bag\" viewBox=\"0 0 16 16\"><path d=\"M8 1a2 2 0 0 1 2 2v1h2.5A1.5 1.5 0 0 1 14 5.5v8A1.5 1.5 0 0 1 12.5 15h-9A1.5 1.5 0 0 1 2 13.5v-8A1.5 1.5 0 0 1 3.5 3H6V2a2 2 0 0 1 2-1zm1 3V3a1 1 0 0 0-2 0v1h2z\"\/><\/svg>Scopri di pi\u00f9<\/span><p class=\"rapido\">Consegna rapida<\/p><\/div><div class=\"lp-produit\"><div class=\"lp-thumbnail-wrapper\"><img loading=\"lazy\" decoding=\"async\" width=\"300\" height=\"300\" src=\"https:\/\/prodblog.interflora.it\/blog\/wp-content\/uploads\/2025\/04\/1732542126-p011-stella-di-natale-key-300x300.jpg\" class=\"attachment-medium size-medium wp-post-image\" alt=\"\" srcset=\"https:\/\/prodblog.interflora.it\/blog\/wp-content\/uploads\/2025\/04\/1732542126-p011-stella-di-natale-key-300x300.jpg 300w, https:\/\/prodblog.interflora.it\/blog\/wp-content\/uploads\/2025\/04\/1732542126-p011-stella-di-natale-key-1024x1024.jpg 1024w, https:\/\/prodblog.interflora.it\/blog\/wp-content\/uploads\/2025\/04\/1732542126-p011-stella-di-natale-key-150x150.jpg 150w, https:\/\/prodblog.interflora.it\/blog\/wp-content\/uploads\/2025\/04\/1732542126-p011-stella-di-natale-key-768x768.jpg 768w, https:\/\/prodblog.interflora.it\/blog\/wp-content\/uploads\/2025\/04\/1732542126-p011-stella-di-natale-key-1536x1536.jpg 1536w, https:\/\/prodblog.interflora.it\/blog\/wp-content\/uploads\/2025\/04\/1732542126-p011-stella-di-natale-key.jpg 1897w\" sizes=\"auto, (max-width: 300px) 100vw, 300px\" \/><img decoding=\"async\" class=\"lp-badge\" src=\"https:\/\/www.interflora.it\/blog\/wp-content\/uploads\/cropped-cropped-220221_INTERFLORA_Logo_rgb_Social_Media.png\" alt=\"Consegna in giornata\"><\/div><span>Stella di Natale<\/span><p>44.99 \u20ac<\/p><span class=\"obf-link lp-cta\" role=\"link\" tabindex=\"0\" data-b64=\"aHR0cHM6Ly93d3cuaW50ZXJmbG9yYS5pdC9wL3N0ZWxsYS1kaS1uYXRhbGUvMT91dG1fbWVkaXVtPW9yZ2FuaWMmdXRtX3NvdXJjZT1ibG9nX3Byb2R1Y3RzJnV0bV9jYW1wYWlnbj1QRjAyNw==\" data-target=\"_blank\"><svg xmlns=\"http:\/\/www.w3.org\/2000\/svg\" width=\"16\" height=\"16\" fill=\"currentColor\" class=\"bi bi-bag\" viewBox=\"0 0 16 16\"><path d=\"M8 1a2 2 0 0 1 2 2v1h2.5A1.5 1.5 0 0 1 14 5.5v8A1.5 1.5 0 0 1 12.5 15h-9A1.5 1.5 0 0 1 2 13.5v-8A1.5 1.5 0 0 1 3.5 3H6V2a2 2 0 0 1 2-1zm1 3V3a1 1 0 0 0-2 0v1h2z\"\/><\/svg>Scopri di pi\u00f9<\/span><p class=\"rapido\">Spedizione veloce<\/p><\/div><div class=\"lp-produit\"><div class=\"lp-thumbnail-wrapper\"><img loading=\"lazy\" decoding=\"async\" width=\"300\" height=\"300\" src=\"https:\/\/prodblog.interflora.it\/blog\/wp-content\/uploads\/2025\/04\/1734515611-bf026s-serenidad-perfumada-300x300.jpg\" class=\"attachment-medium size-medium wp-post-image\" alt=\"\" srcset=\"https:\/\/prodblog.interflora.it\/blog\/wp-content\/uploads\/2025\/04\/1734515611-bf026s-serenidad-perfumada-300x300.jpg 300w, https:\/\/prodblog.interflora.it\/blog\/wp-content\/uploads\/2025\/04\/1734515611-bf026s-serenidad-perfumada-1024x1024.jpg 1024w, https:\/\/prodblog.interflora.it\/blog\/wp-content\/uploads\/2025\/04\/1734515611-bf026s-serenidad-perfumada-150x150.jpg 150w, https:\/\/prodblog.interflora.it\/blog\/wp-content\/uploads\/2025\/04\/1734515611-bf026s-serenidad-perfumada-768x768.jpg 768w, https:\/\/prodblog.interflora.it\/blog\/wp-content\/uploads\/2025\/04\/1734515611-bf026s-serenidad-perfumada-1536x1536.jpg 1536w, https:\/\/prodblog.interflora.it\/blog\/wp-content\/uploads\/2025\/04\/1734515611-bf026s-serenidad-perfumada-2048x2048.jpg 2048w\" sizes=\"auto, (max-width: 300px) 100vw, 300px\" \/><img decoding=\"async\" class=\"lp-badge\" src=\"https:\/\/www.interflora.it\/blog\/wp-content\/uploads\/cropped-cropped-220221_INTERFLORA_Logo_rgb_Social_Media.png\" alt=\"Consegna in giornata\"><\/div><span>Sogni fioriti &#8211; Orchidea Bianca e candela Floral breeze<\/span><p>67.99 \u20ac<\/p><span class=\"obf-link lp-cta\" role=\"link\" tabindex=\"0\" data-b64=\"aHR0cHM6Ly93d3cuaW50ZXJmbG9yYS5pdC9wL3NvZ25pLWZpb3JpdGkvMT91dG1fbWVkaXVtPW9yZ2FuaWMmdXRtX3NvdXJjZT1ibG9nX3Byb2R1Y3RzJnV0bV9jYW1wYWlnbj1CRjAyNg==\" data-target=\"_blank\"><svg xmlns=\"http:\/\/www.w3.org\/2000\/svg\" width=\"16\" height=\"16\" fill=\"currentColor\" class=\"bi bi-bag\" viewBox=\"0 0 16 16\"><path d=\"M8 1a2 2 0 0 1 2 2v1h2.5A1.5 1.5 0 0 1 14 5.5v8A1.5 1.5 0 0 1 12.5 15h-9A1.5 1.5 0 0 1 2 13.5v-8A1.5 1.5 0 0 1 3.5 3H6V2a2 2 0 0 1 2-1zm1 3V3a1 1 0 0 0-2 0v1h2z\"\/><\/svg>Scopri di pi\u00f9<\/span><p class=\"rapido\">Servizio clienti sempre disponibile<\/p><\/div><\/div>\n\n\n\n<h2 class=\"wp-block-heading\">Il potere dei fiori: il regalo ideale da concedersi ogni giorno<\/h2>\n\n\n\n<p>I fiori non sono solo un piacere per gli occhi. Sono anche un modo per portare energia positiva in casa, un gesto tenero d\u2019amore verso se stessi. Quindi s\u00ec, puoi (e dovresti!) regalarti dei fiori (in senso letterale e figurato).<\/p>\n\n\n\n<div class=\"wp-block-media-text is-stacked-on-mobile\" style=\"grid-template-columns:30% auto\"><figure class=\"wp-block-media-text__media\"><img loading=\"lazy\" decoding=\"async\" width=\"500\" height=\"811\" src=\"https:\/\/www.interflora.it\/blog\/wp-content\/uploads\/2025\/10\/ragazza-felice-con-in-mano-un-bouquet-di-fiori-rosa-e-viola.jpg\" alt=\"\" class=\"wp-image-33646 size-full\" srcset=\"https:\/\/prodblog.interflora.it\/blog\/wp-content\/uploads\/2025\/10\/ragazza-felice-con-in-mano-un-bouquet-di-fiori-rosa-e-viola.jpg 500w, https:\/\/prodblog.interflora.it\/blog\/wp-content\/uploads\/2025\/10\/ragazza-felice-con-in-mano-un-bouquet-di-fiori-rosa-e-viola-185x300.jpg 185w\" sizes=\"auto, (max-width: 500px) 100vw, 500px\" \/><\/figure><div class=\"wp-block-media-text__content\">\n<p>Con Interflora, niente di pi\u00f9 semplice: scegli il bouquet che desideri, ordinalo e approfitta del nostro servizio di consegna in tutta l\u2019Italia, perch\u00e9 dopotutto prendersi cura di s\u00e9 \u00e8 sempre urgente.<\/p>\n<\/div><\/div>\n\n\n\n<div style=\"height:30px\" aria-hidden=\"true\" class=\"wp-block-spacer\"><\/div>\n\n\n\n<p>Con Interflora, niente di pi\u00f9 semplice: scegli il bouquet che desideri, ordinalo e approfitta del nostro servizio di consegna in tutta l\u2019Italia, perch\u00e9 dopotutto prendersi cura di s\u00e9 \u00e8 sempre urgente.<\/p>\n\n\n\n<h2 class=\"wp-block-heading\">Quale regalo dovresti farti in base alle tue esigenze?<\/h2>\n\n\n\n<p>Per rispondere a questa domanda, la parola d&#8217;ordine \u00e8 una sola: ascoltati davvero. Il <strong>regalo ideale da farsi<\/strong> \u00e8 quello che soddisfa le tue esigenze, i tuoi desideri del momento, che tu sia uomo o donna.<\/p>\n\n\n\n<h3 class=\"wp-block-heading\"><strong>Hai bisogno di un po\u2019 di riposo?<\/strong><\/h3>\n\n\n\n<p>Regalati una notte in hotel, una giornata alla spa o un soggiorno rigenerante immerso nella natura.<\/p>\n\n\n\n<h3 class=\"wp-block-heading\"><strong>Hai bisogno di divertirti o di spensieratezza?<\/strong><\/h3>\n\n\n\n<p>Prova nuove attivit\u00e0 che ti attirano da tempo: corsi di fotografia, laboratori di scrittura o un\u2019introduzione allo stand-up.&nbsp;<\/p>\n\n\n\n<h3 class=\"wp-block-heading\"><strong>Hai bisogno di un po\u2019 di coccole?<\/strong><\/h3>\n\n\n\n<p>Lasciati conquistare da una routine di bellezza sensoriale che trasformer\u00e0 il tuo bagno in un mini-salone di bellezza, oppure regalati una cena con la tua migliore amica di sempre in quel nuovo ristorante di cui tutti parlano.<\/p>\n\n\n\n<p>Un piccolo consiglio: regalati un Cofanetto Benessere o un Cofanetto Esperienza\/Avventura come Smartbox o Wonderbox e conservalo per un periodo in cui sentirai particolarmente il bisogno di staccare la spina o evadere dalla routine quotidiana. Sapere di avere questo regalo a portata di mano ti far\u00e0 sentire ancora meglio.<\/p>\n\n\n<div class=\"lp-produits-grid\"><div class=\"lp-produit\"><div class=\"lp-thumbnail-wrapper\"><img loading=\"lazy\" decoding=\"async\" width=\"300\" height=\"300\" src=\"https:\/\/prodblog.interflora.it\/blog\/wp-content\/uploads\/2025\/04\/1706254195-jetaime-hd-1-300x300.jpg\" class=\"attachment-medium size-medium wp-post-image\" alt=\"\" srcset=\"https:\/\/prodblog.interflora.it\/blog\/wp-content\/uploads\/2025\/04\/1706254195-jetaime-hd-1-300x300.jpg 300w, https:\/\/prodblog.interflora.it\/blog\/wp-content\/uploads\/2025\/04\/1706254195-jetaime-hd-1-150x150.jpg 150w, https:\/\/prodblog.interflora.it\/blog\/wp-content\/uploads\/2025\/04\/1706254195-jetaime-hd-1-768x768.jpg 768w, https:\/\/prodblog.interflora.it\/blog\/wp-content\/uploads\/2025\/04\/1706254195-jetaime-hd-1.jpg 882w\" sizes=\"auto, (max-width: 300px) 100vw, 300px\" \/><img decoding=\"async\" class=\"lp-badge\" src=\"https:\/\/www.interflora.it\/blog\/wp-content\/uploads\/cropped-cropped-220221_INTERFLORA_Logo_rgb_Social_Media.png\" alt=\"Consegna in giornata\"><\/div><span>Je T&#8217;Aime<\/span><p>59.99 \u20ac<\/p><span class=\"obf-link lp-cta\" role=\"link\" tabindex=\"0\" data-b64=\"aHR0cHM6Ly93d3cuaW50ZXJmbG9yYS5pdC9wL2plLXQtYWltZS8xP3V0bV9tZWRpdW09b3JnYW5pYyZ1dG1fc291cmNlPWJsb2dfcHJvZHVjdHMmdXRtX2NhbXBhaWduPUFCNzAy\" data-target=\"_blank\"><svg xmlns=\"http:\/\/www.w3.org\/2000\/svg\" width=\"16\" height=\"16\" fill=\"currentColor\" class=\"bi bi-bag\" viewBox=\"0 0 16 16\"><path d=\"M8 1a2 2 0 0 1 2 2v1h2.5A1.5 1.5 0 0 1 14 5.5v8A1.5 1.5 0 0 1 12.5 15h-9A1.5 1.5 0 0 1 2 13.5v-8A1.5 1.5 0 0 1 3.5 3H6V2a2 2 0 0 1 2-1zm1 3V3a1 1 0 0 0-2 0v1h2z\"\/><\/svg>Scopri di pi\u00f9<\/span><p class=\"rapido\">Consegna rapida<\/p><\/div><div class=\"lp-produit\"><div class=\"lp-thumbnail-wrapper\"><img loading=\"lazy\" decoding=\"async\" width=\"300\" height=\"300\" src=\"https:\/\/prodblog.interflora.it\/blog\/wp-content\/uploads\/2025\/04\/1732542126-p011-stella-di-natale-key-300x300.jpg\" class=\"attachment-medium size-medium wp-post-image\" alt=\"\" srcset=\"https:\/\/prodblog.interflora.it\/blog\/wp-content\/uploads\/2025\/04\/1732542126-p011-stella-di-natale-key-300x300.jpg 300w, https:\/\/prodblog.interflora.it\/blog\/wp-content\/uploads\/2025\/04\/1732542126-p011-stella-di-natale-key-1024x1024.jpg 1024w, https:\/\/prodblog.interflora.it\/blog\/wp-content\/uploads\/2025\/04\/1732542126-p011-stella-di-natale-key-150x150.jpg 150w, https:\/\/prodblog.interflora.it\/blog\/wp-content\/uploads\/2025\/04\/1732542126-p011-stella-di-natale-key-768x768.jpg 768w, https:\/\/prodblog.interflora.it\/blog\/wp-content\/uploads\/2025\/04\/1732542126-p011-stella-di-natale-key-1536x1536.jpg 1536w, https:\/\/prodblog.interflora.it\/blog\/wp-content\/uploads\/2025\/04\/1732542126-p011-stella-di-natale-key.jpg 1897w\" sizes=\"auto, (max-width: 300px) 100vw, 300px\" \/><img decoding=\"async\" class=\"lp-badge\" src=\"https:\/\/www.interflora.it\/blog\/wp-content\/uploads\/cropped-cropped-220221_INTERFLORA_Logo_rgb_Social_Media.png\" alt=\"Consegna in giornata\"><\/div><span>Stella di Natale<\/span><p>44.99 \u20ac<\/p><span class=\"obf-link lp-cta\" role=\"link\" tabindex=\"0\" data-b64=\"aHR0cHM6Ly93d3cuaW50ZXJmbG9yYS5pdC9wL3N0ZWxsYS1kaS1uYXRhbGUvMT91dG1fbWVkaXVtPW9yZ2FuaWMmdXRtX3NvdXJjZT1ibG9nX3Byb2R1Y3RzJnV0bV9jYW1wYWlnbj1QRjAyNw==\" data-target=\"_blank\"><svg xmlns=\"http:\/\/www.w3.org\/2000\/svg\" width=\"16\" height=\"16\" fill=\"currentColor\" class=\"bi bi-bag\" viewBox=\"0 0 16 16\"><path d=\"M8 1a2 2 0 0 1 2 2v1h2.5A1.5 1.5 0 0 1 14 5.5v8A1.5 1.5 0 0 1 12.5 15h-9A1.5 1.5 0 0 1 2 13.5v-8A1.5 1.5 0 0 1 3.5 3H6V2a2 2 0 0 1 2-1zm1 3V3a1 1 0 0 0-2 0v1h2z\"\/><\/svg>Scopri di pi\u00f9<\/span><p class=\"rapido\">Consegna rapida<\/p><\/div><div class=\"lp-produit\"><div class=\"lp-thumbnail-wrapper\"><img loading=\"lazy\" decoding=\"async\" width=\"300\" height=\"300\" src=\"https:\/\/prodblog.interflora.it\/blog\/wp-content\/uploads\/2025\/04\/1734514274-pf002-orchidea-bianca-zoom-key-300x300.jpg\" class=\"attachment-medium size-medium wp-post-image\" alt=\"\" srcset=\"https:\/\/prodblog.interflora.it\/blog\/wp-content\/uploads\/2025\/04\/1734514274-pf002-orchidea-bianca-zoom-key-300x300.jpg 300w, https:\/\/prodblog.interflora.it\/blog\/wp-content\/uploads\/2025\/04\/1734514274-pf002-orchidea-bianca-zoom-key-1024x1024.jpg 1024w, https:\/\/prodblog.interflora.it\/blog\/wp-content\/uploads\/2025\/04\/1734514274-pf002-orchidea-bianca-zoom-key-150x150.jpg 150w, https:\/\/prodblog.interflora.it\/blog\/wp-content\/uploads\/2025\/04\/1734514274-pf002-orchidea-bianca-zoom-key-768x768.jpg 768w, https:\/\/prodblog.interflora.it\/blog\/wp-content\/uploads\/2025\/04\/1734514274-pf002-orchidea-bianca-zoom-key-1536x1536.jpg 1536w, https:\/\/prodblog.interflora.it\/blog\/wp-content\/uploads\/2025\/04\/1734514274-pf002-orchidea-bianca-zoom-key.jpg 1800w\" sizes=\"auto, (max-width: 300px) 100vw, 300px\" \/><img decoding=\"async\" class=\"lp-badge\" src=\"https:\/\/www.interflora.it\/blog\/wp-content\/uploads\/cropped-cropped-220221_INTERFLORA_Logo_rgb_Social_Media.png\" alt=\"Consegna in giornata\"><\/div><span>Orchidea Bianca<\/span><p>49.99 \u20ac<\/p><span class=\"obf-link lp-cta\" role=\"link\" tabindex=\"0\" data-b64=\"aHR0cHM6Ly93d3cuaW50ZXJmbG9yYS5pdC9wL29yY2hpZGVhLWJpYW5jYS8xP3V0bV9tZWRpdW09b3JnYW5pYyZ1dG1fc291cmNlPWJsb2dfcHJvZHVjdHMmdXRtX2NhbXBhaWduPVAwMDI=\" data-target=\"_blank\"><svg xmlns=\"http:\/\/www.w3.org\/2000\/svg\" width=\"16\" height=\"16\" fill=\"currentColor\" class=\"bi bi-bag\" viewBox=\"0 0 16 16\"><path d=\"M8 1a2 2 0 0 1 2 2v1h2.5A1.5 1.5 0 0 1 14 5.5v8A1.5 1.5 0 0 1 12.5 15h-9A1.5 1.5 0 0 1 2 13.5v-8A1.5 1.5 0 0 1 3.5 3H6V2a2 2 0 0 1 2-1zm1 3V3a1 1 0 0 0-2 0v1h2z\"\/><\/svg>Scopri di pi\u00f9<\/span><p class=\"rapido\">Spedizione veloce<\/p><\/div><div class=\"lp-produit\"><div class=\"lp-thumbnail-wrapper\"><img loading=\"lazy\" decoding=\"async\" width=\"300\" height=\"300\" src=\"https:\/\/prodblog.interflora.it\/blog\/wp-content\/uploads\/2025\/11\/1758206330-segreto-dinverno-hd-1-300x300.jpg\" class=\"attachment-medium size-medium wp-post-image\" alt=\"\" srcset=\"https:\/\/prodblog.interflora.it\/blog\/wp-content\/uploads\/2025\/11\/1758206330-segreto-dinverno-hd-1-300x300.jpg 300w, https:\/\/prodblog.interflora.it\/blog\/wp-content\/uploads\/2025\/11\/1758206330-segreto-dinverno-hd-1-1024x1024.jpg 1024w, https:\/\/prodblog.interflora.it\/blog\/wp-content\/uploads\/2025\/11\/1758206330-segreto-dinverno-hd-1-150x150.jpg 150w, https:\/\/prodblog.interflora.it\/blog\/wp-content\/uploads\/2025\/11\/1758206330-segreto-dinverno-hd-1-768x768.jpg 768w, https:\/\/prodblog.interflora.it\/blog\/wp-content\/uploads\/2025\/11\/1758206330-segreto-dinverno-hd-1-1536x1536.jpg 1536w, https:\/\/prodblog.interflora.it\/blog\/wp-content\/uploads\/2025\/11\/1758206330-segreto-dinverno-hd-1-2048x2048.jpg 2048w\" sizes=\"auto, (max-width: 300px) 100vw, 300px\" \/><img decoding=\"async\" class=\"lp-badge\" src=\"https:\/\/www.interflora.it\/blog\/wp-content\/uploads\/cropped-cropped-220221_INTERFLORA_Logo_rgb_Social_Media.png\" alt=\"Consegna in giornata\"><\/div><span>Segreto d&#8217;Inverno<\/span><p>49.99 \u20ac<\/p><span class=\"obf-link lp-cta\" role=\"link\" tabindex=\"0\" data-b64=\"aHR0cHM6Ly93d3cuaW50ZXJmbG9yYS5pdC9wL3NlZ3JldG8tZGludmVybm8vMT91dG1fbWVkaXVtPW9yZ2FuaWMmdXRtX3NvdXJjZT1ibG9nX3Byb2R1Y3RzJnV0bV9jYW1wYWlnbj1YRjA1Mw==\" data-target=\"_blank\"><svg xmlns=\"http:\/\/www.w3.org\/2000\/svg\" width=\"16\" height=\"16\" fill=\"currentColor\" class=\"bi bi-bag\" viewBox=\"0 0 16 16\"><path d=\"M8 1a2 2 0 0 1 2 2v1h2.5A1.5 1.5 0 0 1 14 5.5v8A1.5 1.5 0 0 1 12.5 15h-9A1.5 1.5 0 0 1 2 13.5v-8A1.5 1.5 0 0 1 3.5 3H6V2a2 2 0 0 1 2-1zm1 3V3a1 1 0 0 0-2 0v1h2z\"\/><\/svg>Scopri di pi\u00f9<\/span><p class=\"rapido\">Servizio clienti sempre disponibile<\/p><\/div><\/div>\n\n\n\n<h2 class=\"wp-block-heading\">I piccoli lussi che fanno bene quando si \u00e8 donne<\/h2>\n\n\n\n<div class=\"wp-block-media-text is-stacked-on-mobile\"><figure class=\"wp-block-media-text__media\"><img loading=\"lazy\" decoding=\"async\" width=\"500\" height=\"750\" src=\"https:\/\/www.interflora.it\/blog\/wp-content\/uploads\/2025\/10\/ragazza-sorridente-con-bouquet.jpg\" alt=\"\" class=\"wp-image-33648 size-full\" srcset=\"https:\/\/prodblog.interflora.it\/blog\/wp-content\/uploads\/2025\/10\/ragazza-sorridente-con-bouquet.jpg 500w, https:\/\/prodblog.interflora.it\/blog\/wp-content\/uploads\/2025\/10\/ragazza-sorridente-con-bouquet-200x300.jpg 200w\" sizes=\"auto, (max-width: 500px) 100vw, 500px\" \/><\/figure><div class=\"wp-block-media-text__content\">\n<p>Concedersi un regalo non significa necessariamente svuotare il proprio conto in banca. A volte sono proprio i piccoli <a href=\"https:\/\/www.interflora.it\/c\/fiori-e-regali\/regali\"><strong>regali<\/strong><\/a> ad avere il maggiore impatto (anche se una vacanza alle Mauritius farebbe miracoli, siamo d&#8217;accordo).&nbsp;<\/p>\n<\/div><\/div>\n\n\n\n<div style=\"height:30px\" aria-hidden=\"true\" class=\"wp-block-spacer\"><\/div>\n\n\n\n<p>Scopri quindi una selezione di<strong> idee regalo per se stessi <\/strong>a prezzi mini per prenderti cura di te senza spendere una fortuna:<\/p>\n\n\n\n<ul class=\"wp-block-list\">\n<li>un <strong>cofanetto di t\u00e8<\/strong> raffinati per reinventare la pausa delle 16:00;<\/li>\n\n\n\n<li>un <strong>taccuino personalizzato<\/strong> per mettere nero su bianco i tuoi sogni o per dare il via a bellissimi progetti;<\/li>\n\n\n\n<li>l&#8217;<strong>ultimo libro del tuo autore preferito<\/strong> o un libro che ti faccia stare bene da divorare con una coperta e una cioccolata calda;<\/li>\n\n\n\n<li>una <strong>candela profumata<\/strong> che trasforma una serata ordinaria in un momento di coccole;<\/li>\n\n\n\n<li>un <strong>kit fai da te creativo<\/strong> (candela, ricamo, pittura numerata&#8230;) o un quaderno da colorare per stimolare le mani e calmare la mente.<\/li>\n<\/ul>\n\n\n<div class=\"lp-produits-grid\"><div class=\"lp-produit\"><div class=\"lp-thumbnail-wrapper\"><img loading=\"lazy\" decoding=\"async\" width=\"300\" height=\"300\" src=\"https:\/\/prodblog.interflora.it\/blog\/wp-content\/uploads\/2025\/04\/1732542126-p011-stella-di-natale-key-300x300.jpg\" class=\"attachment-medium size-medium wp-post-image\" alt=\"\" srcset=\"https:\/\/prodblog.interflora.it\/blog\/wp-content\/uploads\/2025\/04\/1732542126-p011-stella-di-natale-key-300x300.jpg 300w, https:\/\/prodblog.interflora.it\/blog\/wp-content\/uploads\/2025\/04\/1732542126-p011-stella-di-natale-key-1024x1024.jpg 1024w, https:\/\/prodblog.interflora.it\/blog\/wp-content\/uploads\/2025\/04\/1732542126-p011-stella-di-natale-key-150x150.jpg 150w, https:\/\/prodblog.interflora.it\/blog\/wp-content\/uploads\/2025\/04\/1732542126-p011-stella-di-natale-key-768x768.jpg 768w, https:\/\/prodblog.interflora.it\/blog\/wp-content\/uploads\/2025\/04\/1732542126-p011-stella-di-natale-key-1536x1536.jpg 1536w, https:\/\/prodblog.interflora.it\/blog\/wp-content\/uploads\/2025\/04\/1732542126-p011-stella-di-natale-key.jpg 1897w\" sizes=\"auto, (max-width: 300px) 100vw, 300px\" \/><img decoding=\"async\" class=\"lp-badge\" src=\"https:\/\/www.interflora.it\/blog\/wp-content\/uploads\/cropped-cropped-220221_INTERFLORA_Logo_rgb_Social_Media.png\" alt=\"Consegna in giornata\"><\/div><span>Stella di Natale<\/span><p>44.99 \u20ac<\/p><span class=\"obf-link lp-cta\" role=\"link\" tabindex=\"0\" data-b64=\"aHR0cHM6Ly93d3cuaW50ZXJmbG9yYS5pdC9wL3N0ZWxsYS1kaS1uYXRhbGUvMT91dG1fbWVkaXVtPW9yZ2FuaWMmdXRtX3NvdXJjZT1ibG9nX3Byb2R1Y3RzJnV0bV9jYW1wYWlnbj1QRjAyNw==\" data-target=\"_blank\"><svg xmlns=\"http:\/\/www.w3.org\/2000\/svg\" width=\"16\" height=\"16\" fill=\"currentColor\" class=\"bi bi-bag\" viewBox=\"0 0 16 16\"><path d=\"M8 1a2 2 0 0 1 2 2v1h2.5A1.5 1.5 0 0 1 14 5.5v8A1.5 1.5 0 0 1 12.5 15h-9A1.5 1.5 0 0 1 2 13.5v-8A1.5 1.5 0 0 1 3.5 3H6V2a2 2 0 0 1 2-1zm1 3V3a1 1 0 0 0-2 0v1h2z\"\/><\/svg>Scopri di pi\u00f9<\/span><p class=\"rapido\">Servizio clienti sempre disponibile<\/p><\/div><div class=\"lp-produit\"><div class=\"lp-thumbnail-wrapper\"><img loading=\"lazy\" decoding=\"async\" width=\"300\" height=\"300\" src=\"https:\/\/prodblog.interflora.it\/blog\/wp-content\/uploads\/2025\/11\/1726480940-reginadellenevi-hd-1-300x300.jpg\" class=\"attachment-medium size-medium wp-post-image\" alt=\"\" srcset=\"https:\/\/prodblog.interflora.it\/blog\/wp-content\/uploads\/2025\/11\/1726480940-reginadellenevi-hd-1-300x300.jpg 300w, https:\/\/prodblog.interflora.it\/blog\/wp-content\/uploads\/2025\/11\/1726480940-reginadellenevi-hd-1-1024x1024.jpg 1024w, https:\/\/prodblog.interflora.it\/blog\/wp-content\/uploads\/2025\/11\/1726480940-reginadellenevi-hd-1-150x150.jpg 150w, https:\/\/prodblog.interflora.it\/blog\/wp-content\/uploads\/2025\/11\/1726480940-reginadellenevi-hd-1-768x768.jpg 768w, https:\/\/prodblog.interflora.it\/blog\/wp-content\/uploads\/2025\/11\/1726480940-reginadellenevi-hd-1-1536x1536.jpg 1536w, https:\/\/prodblog.interflora.it\/blog\/wp-content\/uploads\/2025\/11\/1726480940-reginadellenevi-hd-1-2048x2048.jpg 2048w\" sizes=\"auto, (max-width: 300px) 100vw, 300px\" \/><img decoding=\"async\" class=\"lp-badge\" src=\"https:\/\/www.interflora.it\/blog\/wp-content\/uploads\/cropped-cropped-220221_INTERFLORA_Logo_rgb_Social_Media.png\" alt=\"Consegna in giornata\"><\/div><span>Regina delle Nevi<\/span><p>54.99 \u20ac<\/p><span class=\"obf-link lp-cta\" role=\"link\" tabindex=\"0\" data-b64=\"aHR0cHM6Ly93d3cuaW50ZXJmbG9yYS5pdC9wL3JlZ2luYS1kZWxsZS1uZXZpLzE\/dXRtX21lZGl1bT1vcmdhbmljJnV0bV9zb3VyY2U9YmxvZ19wcm9kdWN0cyZ1dG1fY2FtcGFpZ249RkYxMTg=\" data-target=\"_blank\"><svg xmlns=\"http:\/\/www.w3.org\/2000\/svg\" width=\"16\" height=\"16\" fill=\"currentColor\" class=\"bi bi-bag\" viewBox=\"0 0 16 16\"><path d=\"M8 1a2 2 0 0 1 2 2v1h2.5A1.5 1.5 0 0 1 14 5.5v8A1.5 1.5 0 0 1 12.5 15h-9A1.5 1.5 0 0 1 2 13.5v-8A1.5 1.5 0 0 1 3.5 3H6V2a2 2 0 0 1 2-1zm1 3V3a1 1 0 0 0-2 0v1h2z\"\/><\/svg>Scopri di pi\u00f9<\/span><p class=\"rapido\">Best seller<\/p><\/div><div class=\"lp-produit\"><div class=\"lp-thumbnail-wrapper\"><img loading=\"lazy\" decoding=\"async\" width=\"300\" height=\"300\" src=\"https:\/\/prodblog.interflora.it\/blog\/wp-content\/uploads\/2025\/04\/1706254195-jetaime-hd-1-300x300.jpg\" class=\"attachment-medium size-medium wp-post-image\" alt=\"\" srcset=\"https:\/\/prodblog.interflora.it\/blog\/wp-content\/uploads\/2025\/04\/1706254195-jetaime-hd-1-300x300.jpg 300w, https:\/\/prodblog.interflora.it\/blog\/wp-content\/uploads\/2025\/04\/1706254195-jetaime-hd-1-150x150.jpg 150w, https:\/\/prodblog.interflora.it\/blog\/wp-content\/uploads\/2025\/04\/1706254195-jetaime-hd-1-768x768.jpg 768w, https:\/\/prodblog.interflora.it\/blog\/wp-content\/uploads\/2025\/04\/1706254195-jetaime-hd-1.jpg 882w\" sizes=\"auto, (max-width: 300px) 100vw, 300px\" \/><img decoding=\"async\" class=\"lp-badge\" src=\"https:\/\/www.interflora.it\/blog\/wp-content\/uploads\/cropped-cropped-220221_INTERFLORA_Logo_rgb_Social_Media.png\" alt=\"Consegna in giornata\"><\/div><span>Je T&#8217;Aime<\/span><p>59.99 \u20ac<\/p><span class=\"obf-link lp-cta\" role=\"link\" tabindex=\"0\" data-b64=\"aHR0cHM6Ly93d3cuaW50ZXJmbG9yYS5pdC9wL2plLXQtYWltZS8xP3V0bV9tZWRpdW09b3JnYW5pYyZ1dG1fc291cmNlPWJsb2dfcHJvZHVjdHMmdXRtX2NhbXBhaWduPUFCNzAy\" data-target=\"_blank\"><svg xmlns=\"http:\/\/www.w3.org\/2000\/svg\" width=\"16\" height=\"16\" fill=\"currentColor\" class=\"bi bi-bag\" viewBox=\"0 0 16 16\"><path d=\"M8 1a2 2 0 0 1 2 2v1h2.5A1.5 1.5 0 0 1 14 5.5v8A1.5 1.5 0 0 1 12.5 15h-9A1.5 1.5 0 0 1 2 13.5v-8A1.5 1.5 0 0 1 3.5 3H6V2a2 2 0 0 1 2-1zm1 3V3a1 1 0 0 0-2 0v1h2z\"\/><\/svg>Scopri di pi\u00f9<\/span><p class=\"rapido\">Best seller<\/p><\/div><div class=\"lp-produit\"><div class=\"lp-thumbnail-wrapper\"><img loading=\"lazy\" decoding=\"async\" width=\"300\" height=\"300\" src=\"https:\/\/prodblog.interflora.it\/blog\/wp-content\/uploads\/2025\/04\/1734514274-pf002-orchidea-bianca-zoom-key-300x300.jpg\" class=\"attachment-medium size-medium wp-post-image\" alt=\"\" srcset=\"https:\/\/prodblog.interflora.it\/blog\/wp-content\/uploads\/2025\/04\/1734514274-pf002-orchidea-bianca-zoom-key-300x300.jpg 300w, https:\/\/prodblog.interflora.it\/blog\/wp-content\/uploads\/2025\/04\/1734514274-pf002-orchidea-bianca-zoom-key-1024x1024.jpg 1024w, https:\/\/prodblog.interflora.it\/blog\/wp-content\/uploads\/2025\/04\/1734514274-pf002-orchidea-bianca-zoom-key-150x150.jpg 150w, https:\/\/prodblog.interflora.it\/blog\/wp-content\/uploads\/2025\/04\/1734514274-pf002-orchidea-bianca-zoom-key-768x768.jpg 768w, https:\/\/prodblog.interflora.it\/blog\/wp-content\/uploads\/2025\/04\/1734514274-pf002-orchidea-bianca-zoom-key-1536x1536.jpg 1536w, https:\/\/prodblog.interflora.it\/blog\/wp-content\/uploads\/2025\/04\/1734514274-pf002-orchidea-bianca-zoom-key.jpg 1800w\" sizes=\"auto, (max-width: 300px) 100vw, 300px\" \/><img decoding=\"async\" class=\"lp-badge\" src=\"https:\/\/www.interflora.it\/blog\/wp-content\/uploads\/cropped-cropped-220221_INTERFLORA_Logo_rgb_Social_Media.png\" alt=\"Consegna in giornata\"><\/div><span>Orchidea Bianca<\/span><p>49.99 \u20ac<\/p><span class=\"obf-link lp-cta\" role=\"link\" tabindex=\"0\" data-b64=\"aHR0cHM6Ly93d3cuaW50ZXJmbG9yYS5pdC9wL29yY2hpZGVhLWJpYW5jYS8xP3V0bV9tZWRpdW09b3JnYW5pYyZ1dG1fc291cmNlPWJsb2dfcHJvZHVjdHMmdXRtX2NhbXBhaWduPVAwMDI=\" data-target=\"_blank\"><svg xmlns=\"http:\/\/www.w3.org\/2000\/svg\" width=\"16\" height=\"16\" fill=\"currentColor\" class=\"bi bi-bag\" viewBox=\"0 0 16 16\"><path d=\"M8 1a2 2 0 0 1 2 2v1h2.5A1.5 1.5 0 0 1 14 5.5v8A1.5 1.5 0 0 1 12.5 15h-9A1.5 1.5 0 0 1 2 13.5v-8A1.5 1.5 0 0 1 3.5 3H6V2a2 2 0 0 1 2-1zm1 3V3a1 1 0 0 0-2 0v1h2z\"\/><\/svg>Scopri di pi\u00f9<\/span><p class=\"rapido\">Consegna rapida<\/p><\/div><\/div>\n\n\n\n<h2 class=\"wp-block-heading\">Idee regalo da regalarsi per prendersi cura di s\u00e9 quando si \u00e8 uomini<\/h2>\n\n\n\n<p>Anche per gli uomini <strong>fare un regalo a se stessi<\/strong> \u00e8 un gesto ricco di significato.&nbsp;<\/p>\n\n\n\n<p>Ecco una selezione che coniuga benessere, stile e piccoli piaceri.<\/p>\n\n\n\n<div class=\"wp-block-media-text is-stacked-on-mobile\" style=\"grid-template-columns:40% auto\"><figure class=\"wp-block-media-text__media\"><img loading=\"lazy\" decoding=\"async\" width=\"500\" height=\"334\" src=\"https:\/\/www.interflora.it\/blog\/wp-content\/uploads\/2025\/10\/torta-rosa-multistrato-con-fiori-fucsia.jpeg\" alt=\"\" class=\"wp-image-33649 size-full\" srcset=\"https:\/\/prodblog.interflora.it\/blog\/wp-content\/uploads\/2025\/10\/torta-rosa-multistrato-con-fiori-fucsia.jpeg 500w, https:\/\/prodblog.interflora.it\/blog\/wp-content\/uploads\/2025\/10\/torta-rosa-multistrato-con-fiori-fucsia-300x200.jpeg 300w\" sizes=\"auto, (max-width: 500px) 100vw, 500px\" \/><\/figure><div class=\"wp-block-media-text__content\">\n<ul class=\"wp-block-list\">\n<li>Un <strong>diario della gratitudine<\/strong> per scrivere ogni giorno tre cose positive;<\/li>\n\n\n\n<li>un <strong>abbonamento a una palestra o a un&#8217;app di fitness<\/strong> per rimettersi in forma;<\/li>\n\n\n\n<li>un <strong>kit di caff\u00e8 o t\u00e8 di alta qualit\u00e0<\/strong> con aromi originali da scoprire;<\/li>\n\n\n\n<li>un <strong>volo in simulatore aereo<\/strong> per vestire i panni di un pilota di linea per un&#8217;ora;<\/li>\n\n\n\n<li>un <strong>kit per preparare la propria birra artigianale<\/strong> o kombucha per stupire gli amici;<\/li>\n\n\n\n<li>un <strong>corso di cucina con uno chef<\/strong> su un tema che cambia (cucina giapponese, street food, ecc.);<\/li>\n\n\n\n<li>un <strong>visore per la realt\u00e0 virtuale<\/strong> per viaggiare senza muoversi dal tuo salotto;<\/li>\n\n\n\n<li>un <strong>set LEGO per adulti<\/strong> per un momento di gioco allo stesso tempo regressivo e meditativo;<\/li>\n\n\n\n<li>un<strong> albero da piantare<\/strong>, uno di quei <strong>regali per ritrovare se stessi<\/strong> sostenibile e significativo;<\/li>\n\n\n\n<li>un <strong>bouquet di fiori virili ed eleganti<\/strong> (orchidee, eucalipto, anthurium), perch\u00e9 s\u00ec, anche un uomo pu\u00f2 regalarsi dei fiori che gli piacciono.<\/li>\n<\/ul>\n<\/div><\/div>\n\n\n\n<div style=\"height:30px\" aria-hidden=\"true\" class=\"wp-block-spacer\"><\/div>\n\n\n\n<h2 class=\"wp-block-heading\">Regali da fare a se stessi\u200b? Un&#8217;abitudine da coltivare<\/h2>\n\n\n\n<p>Chi ha deciso che i regali vanno fatti solo agli altri? Dopotutto, anche tu meriti di viziarti e prenderti cura di te. Non dimenticare che sei la persona pi\u00f9 importante al mondo.<\/p>\n\n\n\n<p>E poi, perch\u00e9 aspettare che siano i tuoi cari a pensare a te e ad avere piccole attenzioni speciali nei tuoi riguardi? <strong>Fare regali a se stessi<\/strong> significa rifiutarsi di delegare la propria felicit\u00e0. \u00c8 come dire \u201cmi amo\u201d senza pronunciare le parole.<\/p>\n\n\n\n<p>E questo gesto non \u00e8 mai vano, aumenta l&#8217;autostima, alleggerisce la quotidianit\u00e0 e crea una catena di positivit\u00e0. Perch\u00e9 una persona realizzata irradia energia positiva, e questa energia si riflette su tutto ci\u00f2 che la circonda. Quindi, inizia a viziarti! \u00c8 per il bene di tutti. Se ora ti abbiamo convinta e senti di avere il bisogno di un\u2019ispirazione immediata con altre alternative, dai un\u2019occhiata alle nostre <strong>idee regalo last minute<\/strong> pronte a sorprenderti anche all\u2019ultimo momento.<\/p>\n\n\n<div class=\"lp-produits-grid\"><div class=\"lp-produit\"><div class=\"lp-thumbnail-wrapper\"><img loading=\"lazy\" decoding=\"async\" width=\"300\" height=\"300\" src=\"https:\/\/prodblog.interflora.it\/blog\/wp-content\/uploads\/2025\/11\/1760104895-bf055-radici-profonde-key-300x300.webp\" class=\"attachment-medium size-medium wp-post-image\" alt=\"\" srcset=\"https:\/\/prodblog.interflora.it\/blog\/wp-content\/uploads\/2025\/11\/1760104895-bf055-radici-profonde-key-300x300.webp 300w, https:\/\/prodblog.interflora.it\/blog\/wp-content\/uploads\/2025\/11\/1760104895-bf055-radici-profonde-key-1024x1024.webp 1024w, https:\/\/prodblog.interflora.it\/blog\/wp-content\/uploads\/2025\/11\/1760104895-bf055-radici-profonde-key-150x150.webp 150w, https:\/\/prodblog.interflora.it\/blog\/wp-content\/uploads\/2025\/11\/1760104895-bf055-radici-profonde-key-768x768.webp 768w, https:\/\/prodblog.interflora.it\/blog\/wp-content\/uploads\/2025\/11\/1760104895-bf055-radici-profonde-key-1536x1536.webp 1536w, https:\/\/prodblog.interflora.it\/blog\/wp-content\/uploads\/2025\/11\/1760104895-bf055-radici-profonde-key.webp 2048w\" sizes=\"auto, (max-width: 300px) 100vw, 300px\" \/><img decoding=\"async\" class=\"lp-badge\" src=\"https:\/\/www.interflora.it\/blog\/wp-content\/uploads\/cropped-cropped-220221_INTERFLORA_Logo_rgb_Social_Media.png\" alt=\"Consegna in giornata\"><\/div><span>Radici profonde<\/span><p>49.99 \u20ac<\/p><span class=\"obf-link lp-cta\" role=\"link\" tabindex=\"0\" data-b64=\"aHR0cHM6Ly93d3cuaW50ZXJmbG9yYS5pdC9wL3JhZGljaS1wcm9mb25kZS8xP3V0bV9tZWRpdW09b3JnYW5pYyZ1dG1fc291cmNlPWJsb2dfcHJvZHVjdHMmdXRtX2NhbXBhaWduPUJGMDU1\" data-target=\"_blank\"><svg xmlns=\"http:\/\/www.w3.org\/2000\/svg\" width=\"16\" height=\"16\" fill=\"currentColor\" class=\"bi bi-bag\" viewBox=\"0 0 16 16\"><path d=\"M8 1a2 2 0 0 1 2 2v1h2.5A1.5 1.5 0 0 1 14 5.5v8A1.5 1.5 0 0 1 12.5 15h-9A1.5 1.5 0 0 1 2 13.5v-8A1.5 1.5 0 0 1 3.5 3H6V2a2 2 0 0 1 2-1zm1 3V3a1 1 0 0 0-2 0v1h2z\"\/><\/svg>Scopri di pi\u00f9<\/span><p class=\"rapido\">Spedizione veloce<\/p><\/div><div class=\"lp-produit\"><div class=\"lp-thumbnail-wrapper\"><img loading=\"lazy\" decoding=\"async\" width=\"300\" height=\"300\" src=\"https:\/\/prodblog.interflora.it\/blog\/wp-content\/uploads\/2025\/04\/1706254195-jetaime-hd-1-300x300.jpg\" class=\"attachment-medium size-medium wp-post-image\" alt=\"\" srcset=\"https:\/\/prodblog.interflora.it\/blog\/wp-content\/uploads\/2025\/04\/1706254195-jetaime-hd-1-300x300.jpg 300w, https:\/\/prodblog.interflora.it\/blog\/wp-content\/uploads\/2025\/04\/1706254195-jetaime-hd-1-150x150.jpg 150w, https:\/\/prodblog.interflora.it\/blog\/wp-content\/uploads\/2025\/04\/1706254195-jetaime-hd-1-768x768.jpg 768w, https:\/\/prodblog.interflora.it\/blog\/wp-content\/uploads\/2025\/04\/1706254195-jetaime-hd-1.jpg 882w\" sizes=\"auto, (max-width: 300px) 100vw, 300px\" \/><img decoding=\"async\" class=\"lp-badge\" src=\"https:\/\/www.interflora.it\/blog\/wp-content\/uploads\/cropped-cropped-220221_INTERFLORA_Logo_rgb_Social_Media.png\" alt=\"Consegna in giornata\"><\/div><span>Je T&#8217;Aime<\/span><p>59.99 \u20ac<\/p><span class=\"obf-link lp-cta\" role=\"link\" tabindex=\"0\" data-b64=\"aHR0cHM6Ly93d3cuaW50ZXJmbG9yYS5pdC9wL2plLXQtYWltZS8xP3V0bV9tZWRpdW09b3JnYW5pYyZ1dG1fc291cmNlPWJsb2dfcHJvZHVjdHMmdXRtX2NhbXBhaWduPUFCNzAy\" data-target=\"_blank\"><svg xmlns=\"http:\/\/www.w3.org\/2000\/svg\" width=\"16\" height=\"16\" fill=\"currentColor\" class=\"bi bi-bag\" viewBox=\"0 0 16 16\"><path d=\"M8 1a2 2 0 0 1 2 2v1h2.5A1.5 1.5 0 0 1 14 5.5v8A1.5 1.5 0 0 1 12.5 15h-9A1.5 1.5 0 0 1 2 13.5v-8A1.5 1.5 0 0 1 3.5 3H6V2a2 2 0 0 1 2-1zm1 3V3a1 1 0 0 0-2 0v1h2z\"\/><\/svg>Scopri di pi\u00f9<\/span><p class=\"rapido\">Consegna rapida<\/p><\/div><div class=\"lp-produit\"><div class=\"lp-thumbnail-wrapper\"><img loading=\"lazy\" decoding=\"async\" width=\"300\" height=\"300\" src=\"https:\/\/prodblog.interflora.it\/blog\/wp-content\/uploads\/2025\/04\/1734515611-bf026s-serenidad-perfumada-300x300.jpg\" class=\"attachment-medium size-medium wp-post-image\" alt=\"\" srcset=\"https:\/\/prodblog.interflora.it\/blog\/wp-content\/uploads\/2025\/04\/1734515611-bf026s-serenidad-perfumada-300x300.jpg 300w, https:\/\/prodblog.interflora.it\/blog\/wp-content\/uploads\/2025\/04\/1734515611-bf026s-serenidad-perfumada-1024x1024.jpg 1024w, https:\/\/prodblog.interflora.it\/blog\/wp-content\/uploads\/2025\/04\/1734515611-bf026s-serenidad-perfumada-150x150.jpg 150w, https:\/\/prodblog.interflora.it\/blog\/wp-content\/uploads\/2025\/04\/1734515611-bf026s-serenidad-perfumada-768x768.jpg 768w, https:\/\/prodblog.interflora.it\/blog\/wp-content\/uploads\/2025\/04\/1734515611-bf026s-serenidad-perfumada-1536x1536.jpg 1536w, https:\/\/prodblog.interflora.it\/blog\/wp-content\/uploads\/2025\/04\/1734515611-bf026s-serenidad-perfumada-2048x2048.jpg 2048w\" sizes=\"auto, (max-width: 300px) 100vw, 300px\" \/><img decoding=\"async\" class=\"lp-badge\" src=\"https:\/\/www.interflora.it\/blog\/wp-content\/uploads\/cropped-cropped-220221_INTERFLORA_Logo_rgb_Social_Media.png\" alt=\"Consegna in giornata\"><\/div><span>Sogni fioriti &#8211; Orchidea Bianca e candela Floral breeze<\/span><p>67.99 \u20ac<\/p><span class=\"obf-link lp-cta\" role=\"link\" tabindex=\"0\" data-b64=\"aHR0cHM6Ly93d3cuaW50ZXJmbG9yYS5pdC9wL3NvZ25pLWZpb3JpdGkvMT91dG1fbWVkaXVtPW9yZ2FuaWMmdXRtX3NvdXJjZT1ibG9nX3Byb2R1Y3RzJnV0bV9jYW1wYWlnbj1CRjAyNg==\" data-target=\"_blank\"><svg xmlns=\"http:\/\/www.w3.org\/2000\/svg\" width=\"16\" height=\"16\" fill=\"currentColor\" class=\"bi bi-bag\" viewBox=\"0 0 16 16\"><path d=\"M8 1a2 2 0 0 1 2 2v1h2.5A1.5 1.5 0 0 1 14 5.5v8A1.5 1.5 0 0 1 12.5 15h-9A1.5 1.5 0 0 1 2 13.5v-8A1.5 1.5 0 0 1 3.5 3H6V2a2 2 0 0 1 2-1zm1 3V3a1 1 0 0 0-2 0v1h2z\"\/><\/svg>Scopri di pi\u00f9<\/span><p class=\"rapido\">Consegna rapida<\/p><\/div><div class=\"lp-produit\"><div class=\"lp-thumbnail-wrapper\"><img loading=\"lazy\" decoding=\"async\" width=\"300\" height=\"300\" src=\"https:\/\/prodblog.interflora.it\/blog\/wp-content\/uploads\/2025\/04\/1734514274-pf002-orchidea-bianca-zoom-key-300x300.jpg\" class=\"attachment-medium size-medium wp-post-image\" alt=\"\" srcset=\"https:\/\/prodblog.interflora.it\/blog\/wp-content\/uploads\/2025\/04\/1734514274-pf002-orchidea-bianca-zoom-key-300x300.jpg 300w, https:\/\/prodblog.interflora.it\/blog\/wp-content\/uploads\/2025\/04\/1734514274-pf002-orchidea-bianca-zoom-key-1024x1024.jpg 1024w, https:\/\/prodblog.interflora.it\/blog\/wp-content\/uploads\/2025\/04\/1734514274-pf002-orchidea-bianca-zoom-key-150x150.jpg 150w, https:\/\/prodblog.interflora.it\/blog\/wp-content\/uploads\/2025\/04\/1734514274-pf002-orchidea-bianca-zoom-key-768x768.jpg 768w, https:\/\/prodblog.interflora.it\/blog\/wp-content\/uploads\/2025\/04\/1734514274-pf002-orchidea-bianca-zoom-key-1536x1536.jpg 1536w, https:\/\/prodblog.interflora.it\/blog\/wp-content\/uploads\/2025\/04\/1734514274-pf002-orchidea-bianca-zoom-key.jpg 1800w\" sizes=\"auto, (max-width: 300px) 100vw, 300px\" \/><img decoding=\"async\" class=\"lp-badge\" src=\"https:\/\/www.interflora.it\/blog\/wp-content\/uploads\/cropped-cropped-220221_INTERFLORA_Logo_rgb_Social_Media.png\" alt=\"Consegna in giornata\"><\/div><span>Orchidea Bianca<\/span><p>49.99 \u20ac<\/p><span class=\"obf-link lp-cta\" role=\"link\" tabindex=\"0\" data-b64=\"aHR0cHM6Ly93d3cuaW50ZXJmbG9yYS5pdC9wL29yY2hpZGVhLWJpYW5jYS8xP3V0bV9tZWRpdW09b3JnYW5pYyZ1dG1fc291cmNlPWJsb2dfcHJvZHVjdHMmdXRtX2NhbXBhaWduPVAwMDI=\" data-target=\"_blank\"><svg xmlns=\"http:\/\/www.w3.org\/2000\/svg\" width=\"16\" height=\"16\" fill=\"currentColor\" class=\"bi bi-bag\" viewBox=\"0 0 16 16\"><path d=\"M8 1a2 2 0 0 1 2 2v1h2.5A1.5 1.5 0 0 1 14 5.5v8A1.5 1.5 0 0 1 12.5 15h-9A1.5 1.5 0 0 1 2 13.5v-8A1.5 1.5 0 0 1 3.5 3H6V2a2 2 0 0 1 2-1zm1 3V3a1 1 0 0 0-2 0v1h2z\"\/><\/svg>Scopri di pi\u00f9<\/span><p class=\"rapido\">Servizio clienti sempre disponibile<\/p><\/div><div class=\"lp-produit\"><div class=\"lp-thumbnail-wrapper\"><img loading=\"lazy\" decoding=\"async\" width=\"300\" height=\"300\" src=\"https:\/\/prodblog.interflora.it\/blog\/wp-content\/uploads\/2025\/04\/1732542126-p011-stella-di-natale-key-300x300.jpg\" class=\"attachment-medium size-medium wp-post-image\" alt=\"\" srcset=\"https:\/\/prodblog.interflora.it\/blog\/wp-content\/uploads\/2025\/04\/1732542126-p011-stella-di-natale-key-300x300.jpg 300w, https:\/\/prodblog.interflora.it\/blog\/wp-content\/uploads\/2025\/04\/1732542126-p011-stella-di-natale-key-1024x1024.jpg 1024w, https:\/\/prodblog.interflora.it\/blog\/wp-content\/uploads\/2025\/04\/1732542126-p011-stella-di-natale-key-150x150.jpg 150w, https:\/\/prodblog.interflora.it\/blog\/wp-content\/uploads\/2025\/04\/1732542126-p011-stella-di-natale-key-768x768.jpg 768w, https:\/\/prodblog.interflora.it\/blog\/wp-content\/uploads\/2025\/04\/1732542126-p011-stella-di-natale-key-1536x1536.jpg 1536w, https:\/\/prodblog.interflora.it\/blog\/wp-content\/uploads\/2025\/04\/1732542126-p011-stella-di-natale-key.jpg 1897w\" sizes=\"auto, (max-width: 300px) 100vw, 300px\" \/><img decoding=\"async\" class=\"lp-badge\" src=\"https:\/\/www.interflora.it\/blog\/wp-content\/uploads\/cropped-cropped-220221_INTERFLORA_Logo_rgb_Social_Media.png\" alt=\"Consegna in giornata\"><\/div><span>Stella di Natale<\/span><p>44.99 \u20ac<\/p><span class=\"obf-link lp-cta\" role=\"link\" tabindex=\"0\" data-b64=\"aHR0cHM6Ly93d3cuaW50ZXJmbG9yYS5pdC9wL3N0ZWxsYS1kaS1uYXRhbGUvMT91dG1fbWVkaXVtPW9yZ2FuaWMmdXRtX3NvdXJjZT1ibG9nX3Byb2R1Y3RzJnV0bV9jYW1wYWlnbj1QRjAyNw==\" data-target=\"_blank\"><svg xmlns=\"http:\/\/www.w3.org\/2000\/svg\" width=\"16\" height=\"16\" fill=\"currentColor\" class=\"bi bi-bag\" viewBox=\"0 0 16 16\"><path d=\"M8 1a2 2 0 0 1 2 2v1h2.5A1.5 1.5 0 0 1 14 5.5v8A1.5 1.5 0 0 1 12.5 15h-9A1.5 1.5 0 0 1 2 13.5v-8A1.5 1.5 0 0 1 3.5 3H6V2a2 2 0 0 1 2-1zm1 3V3a1 1 0 0 0-2 0v1h2z\"\/><\/svg>Scopri di pi\u00f9<\/span><p class=\"rapido\">Best seller<\/p><\/div><div class=\"lp-produit\"><div class=\"lp-thumbnail-wrapper\"><img loading=\"lazy\" decoding=\"async\" width=\"300\" height=\"300\" src=\"https:\/\/prodblog.interflora.it\/blog\/wp-content\/uploads\/2025\/11\/1697550250-noel-val_d_oca-1344_1_1-300x300.jpg\" class=\"attachment-medium size-medium wp-post-image\" alt=\"\" srcset=\"https:\/\/prodblog.interflora.it\/blog\/wp-content\/uploads\/2025\/11\/1697550250-noel-val_d_oca-1344_1_1-300x300.jpg 300w, https:\/\/prodblog.interflora.it\/blog\/wp-content\/uploads\/2025\/11\/1697550250-noel-val_d_oca-1344_1_1-1024x1024.jpg 1024w, https:\/\/prodblog.interflora.it\/blog\/wp-content\/uploads\/2025\/11\/1697550250-noel-val_d_oca-1344_1_1-150x150.jpg 150w, https:\/\/prodblog.interflora.it\/blog\/wp-content\/uploads\/2025\/11\/1697550250-noel-val_d_oca-1344_1_1-768x768.jpg 768w, https:\/\/prodblog.interflora.it\/blog\/wp-content\/uploads\/2025\/11\/1697550250-noel-val_d_oca-1344_1_1.jpg 1344w\" sizes=\"auto, (max-width: 300px) 100vw, 300px\" \/><img decoding=\"async\" class=\"lp-badge\" src=\"https:\/\/www.interflora.it\/blog\/wp-content\/uploads\/cropped-cropped-220221_INTERFLORA_Logo_rgb_Social_Media.png\" alt=\"Consegna in giornata\"><\/div><span>Magia delle feste<\/span><p>64.99 \u20ac<\/p><span class=\"obf-link lp-cta\" role=\"link\" tabindex=\"0\" data-b64=\"aHR0cHM6Ly93d3cuaW50ZXJmbG9yYS5pdC9wL21hZ2lhLWRlbGxlLWZlc3RlLzE\/dXRtX21lZGl1bT1vcmdhbmljJnV0bV9zb3VyY2U9YmxvZ19wcm9kdWN0cyZ1dG1fY2FtcGFpZ249QkYwMjU=\" data-target=\"_blank\"><svg xmlns=\"http:\/\/www.w3.org\/2000\/svg\" width=\"16\" height=\"16\" fill=\"currentColor\" class=\"bi bi-bag\" viewBox=\"0 0 16 16\"><path d=\"M8 1a2 2 0 0 1 2 2v1h2.5A1.5 1.5 0 0 1 14 5.5v8A1.5 1.5 0 0 1 12.5 15h-9A1.5 1.5 0 0 1 2 13.5v-8A1.5 1.5 0 0 1 3.5 3H6V2a2 2 0 0 1 2-1zm1 3V3a1 1 0 0 0-2 0v1h2z\"\/><\/svg>Scopri di pi\u00f9<\/span><p class=\"rapido\">Best seller<\/p><\/div><div class=\"lp-produit\"><div class=\"lp-thumbnail-wrapper\"><img loading=\"lazy\" decoding=\"async\" width=\"300\" height=\"300\" src=\"https:\/\/prodblog.interflora.it\/blog\/wp-content\/uploads\/2025\/11\/1726480940-reginadellenevi-hd-1-300x300.jpg\" class=\"attachment-medium size-medium wp-post-image\" alt=\"\" srcset=\"https:\/\/prodblog.interflora.it\/blog\/wp-content\/uploads\/2025\/11\/1726480940-reginadellenevi-hd-1-300x300.jpg 300w, https:\/\/prodblog.interflora.it\/blog\/wp-content\/uploads\/2025\/11\/1726480940-reginadellenevi-hd-1-1024x1024.jpg 1024w, https:\/\/prodblog.interflora.it\/blog\/wp-content\/uploads\/2025\/11\/1726480940-reginadellenevi-hd-1-150x150.jpg 150w, https:\/\/prodblog.interflora.it\/blog\/wp-content\/uploads\/2025\/11\/1726480940-reginadellenevi-hd-1-768x768.jpg 768w, https:\/\/prodblog.interflora.it\/blog\/wp-content\/uploads\/2025\/11\/1726480940-reginadellenevi-hd-1-1536x1536.jpg 1536w, https:\/\/prodblog.interflora.it\/blog\/wp-content\/uploads\/2025\/11\/1726480940-reginadellenevi-hd-1-2048x2048.jpg 2048w\" sizes=\"auto, (max-width: 300px) 100vw, 300px\" \/><img decoding=\"async\" class=\"lp-badge\" src=\"https:\/\/www.interflora.it\/blog\/wp-content\/uploads\/cropped-cropped-220221_INTERFLORA_Logo_rgb_Social_Media.png\" alt=\"Consegna in giornata\"><\/div><span>Regina delle Nevi<\/span><p>54.99 \u20ac<\/p><span class=\"obf-link lp-cta\" role=\"link\" tabindex=\"0\" data-b64=\"aHR0cHM6Ly93d3cuaW50ZXJmbG9yYS5pdC9wL3JlZ2luYS1kZWxsZS1uZXZpLzE\/dXRtX21lZGl1bT1vcmdhbmljJnV0bV9zb3VyY2U9YmxvZ19wcm9kdWN0cyZ1dG1fY2FtcGFpZ249RkYxMTg=\" data-target=\"_blank\"><svg xmlns=\"http:\/\/www.w3.org\/2000\/svg\" width=\"16\" height=\"16\" fill=\"currentColor\" class=\"bi bi-bag\" viewBox=\"0 0 16 16\"><path d=\"M8 1a2 2 0 0 1 2 2v1h2.5A1.5 1.5 0 0 1 14 5.5v8A1.5 1.5 0 0 1 12.5 15h-9A1.5 1.5 0 0 1 2 13.5v-8A1.5 1.5 0 0 1 3.5 3H6V2a2 2 0 0 1 2-1zm1 3V3a1 1 0 0 0-2 0v1h2z\"\/><\/svg>Scopri di pi\u00f9<\/span><p class=\"rapido\">Consegna rapida<\/p><\/div><div class=\"lp-produit\"><div class=\"lp-thumbnail-wrapper\"><img loading=\"lazy\" decoding=\"async\" width=\"300\" height=\"300\" src=\"https:\/\/prodblog.interflora.it\/blog\/wp-content\/uploads\/2025\/11\/1758206330-segreto-dinverno-hd-1-300x300.jpg\" class=\"attachment-medium size-medium wp-post-image\" alt=\"\" srcset=\"https:\/\/prodblog.interflora.it\/blog\/wp-content\/uploads\/2025\/11\/1758206330-segreto-dinverno-hd-1-300x300.jpg 300w, https:\/\/prodblog.interflora.it\/blog\/wp-content\/uploads\/2025\/11\/1758206330-segreto-dinverno-hd-1-1024x1024.jpg 1024w, https:\/\/prodblog.interflora.it\/blog\/wp-content\/uploads\/2025\/11\/1758206330-segreto-dinverno-hd-1-150x150.jpg 150w, https:\/\/prodblog.interflora.it\/blog\/wp-content\/uploads\/2025\/11\/1758206330-segreto-dinverno-hd-1-768x768.jpg 768w, https:\/\/prodblog.interflora.it\/blog\/wp-content\/uploads\/2025\/11\/1758206330-segreto-dinverno-hd-1-1536x1536.jpg 1536w, https:\/\/prodblog.interflora.it\/blog\/wp-content\/uploads\/2025\/11\/1758206330-segreto-dinverno-hd-1-2048x2048.jpg 2048w\" sizes=\"auto, (max-width: 300px) 100vw, 300px\" \/><img decoding=\"async\" class=\"lp-badge\" src=\"https:\/\/www.interflora.it\/blog\/wp-content\/uploads\/cropped-cropped-220221_INTERFLORA_Logo_rgb_Social_Media.png\" alt=\"Consegna in giornata\"><\/div><span>Segreto d&#8217;Inverno<\/span><p>49.99 \u20ac<\/p><span class=\"obf-link lp-cta\" role=\"link\" tabindex=\"0\" data-b64=\"aHR0cHM6Ly93d3cuaW50ZXJmbG9yYS5pdC9wL3NlZ3JldG8tZGludmVybm8vMT91dG1fbWVkaXVtPW9yZ2FuaWMmdXRtX3NvdXJjZT1ibG9nX3Byb2R1Y3RzJnV0bV9jYW1wYWlnbj1YRjA1Mw==\" data-target=\"_blank\"><svg xmlns=\"http:\/\/www.w3.org\/2000\/svg\" width=\"16\" height=\"16\" fill=\"currentColor\" class=\"bi bi-bag\" viewBox=\"0 0 16 16\"><path d=\"M8 1a2 2 0 0 1 2 2v1h2.5A1.5 1.5 0 0 1 14 5.5v8A1.5 1.5 0 0 1 12.5 15h-9A1.5 1.5 0 0 1 2 13.5v-8A1.5 1.5 0 0 1 3.5 3H6V2a2 2 0 0 1 2-1zm1 3V3a1 1 0 0 0-2 0v1h2z\"\/><\/svg>Scopri di pi\u00f9<\/span><p class=\"rapido\">Consegna rapida<\/p><\/div><\/div>\n","protected":false},"excerpt":{"rendered":"<p>Corri da una parte all&#8217;altra, ti destreggi tra lavoro, impegni e vita privata e, in mezzo a questo vortice, potresti [&hellip;]<\/p>\n","protected":false},"author":8,"featured_media":33647,"comment_status":"open","ping_status":"open","sticky":false,"template":"","format":"standard","meta":{"_uag_custom_page_level_css":"","site-sidebar-layout":"default","site-content-layout":"","ast-site-content-layout":"default","site-content-style":"default","site-sidebar-style":"default","ast-global-header-display":"","ast-banner-title-visibility":"","ast-main-header-display":"","ast-hfb-above-header-display":"","ast-hfb-below-header-display":"","ast-hfb-mobile-header-display":"","site-post-title":"","ast-breadcrumbs-content":"","ast-featured-img":"","footer-sml-layout":"","ast-disable-related-posts":"","theme-transparent-header-meta":"","adv-header-id-meta":"","stick-header-meta":"","header-above-stick-meta":"","header-main-stick-meta":"","header-below-stick-meta":"","astra-migrate-meta-layouts":"default","ast-page-background-enabled":"default","ast-page-background-meta":{"desktop":{"background-color":"var(--ast-global-color-5)","background-image":"","background-repeat":"repeat","background-position":"center center","background-size":"auto","background-attachment":"scroll","background-type":"","background-media":"","overlay-type":"","overlay-color":"","overlay-opacity":"","overlay-gradient":""},"tablet":{"background-color":"","background-image":"","background-repeat":"repeat","background-position":"center center","background-size":"auto","background-attachment":"scroll","background-type":"","background-media":"","overlay-type":"","overlay-color":"","overlay-opacity":"","overlay-gradient":""},"mobile":{"background-color":"","background-image":"","background-repeat":"repeat","background-position":"center center","background-size":"auto","background-attachment":"scroll","background-type":"","background-media":"","overlay-type":"","overlay-color":"","overlay-opacity":"","overlay-gradient":""}},"ast-content-background-meta":{"desktop":{"background-color":"var(--ast-global-color-4)","background-image":"","background-repeat":"repeat","background-position":"center center","background-size":"auto","background-attachment":"scroll","background-type":"","background-media":"","overlay-type":"","overlay-color":"","overlay-opacity":"","overlay-gradient":""},"tablet":{"background-color":"var(--ast-global-color-4)","background-image":"","background-repeat":"repeat","background-position":"center center","background-size":"auto","background-attachment":"scroll","background-type":"","background-media":"","overlay-type":"","overlay-color":"","overlay-opacity":"","overlay-gradient":""},"mobile":{"background-color":"var(--ast-global-color-4)","background-image":"","background-repeat":"repeat","background-position":"center center","background-size":"auto","background-attachment":"scroll","background-type":"","background-media":"","overlay-type":"","overlay-color":"","overlay-opacity":"","overlay-gradient":""}},"footnotes":""},"categories":[202],"tags":[259],"class_list":["post-33645","post","type-post","status-publish","format-standard","has-post-thumbnail","hentry","category-idee-regalo","tag-regali"],"yoast_head":"<!-- This site is optimized with the Yoast SEO plugin v26.4 - https:\/\/yoast.com\/wordpress\/plugins\/seo\/ -->\n<title>Regali per se stessi: idee, e pensieri per amarsi ogni giorno - Il blog di Interflora: consigli, idee e ispirazione per godersi fiori e piante<\/title>\n<meta name=\"description\" content=\"Scopri i migliori regali per se stessi: la nostra selezione di esperienze, fiori e idee per coccolarti e ritrovare il tuo equilibrio.\" \/>\n<meta name=\"robots\" content=\"index, follow, max-snippet:-1, max-image-preview:large, max-video-preview:-1\" \/>\n<link rel=\"canonical\" href=\"https:\/\/prodblog.interflora.it\/blog\/regali-per-se-stessi\/\" \/>\n<meta property=\"og:locale\" content=\"it_IT\" \/>\n<meta property=\"og:type\" content=\"article\" \/>\n<meta property=\"og:title\" content=\"Regali per se stessi: idee, e pensieri per amarsi ogni giorno - Il blog di Interflora: consigli, idee e ispirazione per godersi fiori e piante\" \/>\n<meta property=\"og:description\" content=\"Scopri i migliori regali per se stessi: la nostra selezione di esperienze, fiori e idee per coccolarti e ritrovare il tuo equilibrio.\" \/>\n<meta property=\"og:url\" content=\"https:\/\/prodblog.interflora.it\/blog\/regali-per-se-stessi\/\" \/>\n<meta property=\"og:site_name\" content=\"Il blog di Interflora: consigli, idee e ispirazione per godersi fiori e piante\" \/>\n<meta property=\"article:published_time\" content=\"2025-10-31T17:19:21+00:00\" \/>\n<meta property=\"article:modified_time\" content=\"2025-11-28T10:38:08+00:00\" \/>\n<meta property=\"og:image\" content=\"https:\/\/prodblog.interflora.it\/blog\/wp-content\/uploads\/2025\/10\/donna-che-salta-con-mazzo-di-fiori-in-mano.jpg\" \/>\n\t<meta property=\"og:image:width\" content=\"500\" \/>\n\t<meta property=\"og:image:height\" content=\"333\" \/>\n\t<meta property=\"og:image:type\" content=\"image\/jpeg\" \/>\n<meta name=\"author\" content=\"Interflora\" \/>\n<meta name=\"twitter:card\" content=\"summary_large_image\" \/>\n<script type=\"application\/ld+json\" class=\"yoast-schema-graph\">{\"@context\":\"https:\/\/schema.org\",\"@graph\":[{\"@type\":\"Article\",\"@id\":\"https:\/\/prodblog.interflora.it\/blog\/regali-per-se-stessi\/#article\",\"isPartOf\":{\"@id\":\"https:\/\/prodblog.interflora.it\/blog\/regali-per-se-stessi\/\"},\"author\":{\"name\":\"Interflora\",\"@id\":\"https:\/\/www.interflora.it\/blog\/#\/schema\/person\/37c1677fb37e37e1d52ee86644974c72\"},\"headline\":\"Regali per se stessi: idee, e pensieri per amarsi ogni giorno\",\"datePublished\":\"2025-10-31T17:19:21+00:00\",\"dateModified\":\"2025-11-28T10:38:08+00:00\",\"mainEntityOfPage\":{\"@id\":\"https:\/\/prodblog.interflora.it\/blog\/regali-per-se-stessi\/\"},\"wordCount\":959,\"commentCount\":0,\"publisher\":{\"@id\":\"https:\/\/www.interflora.it\/blog\/#organization\"},\"image\":{\"@id\":\"https:\/\/prodblog.interflora.it\/blog\/regali-per-se-stessi\/#primaryimage\"},\"thumbnailUrl\":\"https:\/\/prodblog.interflora.it\/blog\/wp-content\/uploads\/2025\/10\/donna-che-salta-con-mazzo-di-fiori-in-mano.jpg\",\"keywords\":[\"Regali\"],\"articleSection\":[\"Idee regalo\"],\"inLanguage\":\"it-IT\",\"potentialAction\":[{\"@type\":\"CommentAction\",\"name\":\"Comment\",\"target\":[\"https:\/\/prodblog.interflora.it\/blog\/regali-per-se-stessi\/#respond\"]}]},{\"@type\":\"WebPage\",\"@id\":\"https:\/\/prodblog.interflora.it\/blog\/regali-per-se-stessi\/\",\"url\":\"https:\/\/prodblog.interflora.it\/blog\/regali-per-se-stessi\/\",\"name\":\"Regali per se stessi: idee, e pensieri per amarsi ogni giorno - Il blog di Interflora: consigli, idee e ispirazione per godersi fiori e piante\",\"isPartOf\":{\"@id\":\"https:\/\/www.interflora.it\/blog\/#website\"},\"primaryImageOfPage\":{\"@id\":\"https:\/\/prodblog.interflora.it\/blog\/regali-per-se-stessi\/#primaryimage\"},\"image\":{\"@id\":\"https:\/\/prodblog.interflora.it\/blog\/regali-per-se-stessi\/#primaryimage\"},\"thumbnailUrl\":\"https:\/\/prodblog.interflora.it\/blog\/wp-content\/uploads\/2025\/10\/donna-che-salta-con-mazzo-di-fiori-in-mano.jpg\",\"datePublished\":\"2025-10-31T17:19:21+00:00\",\"dateModified\":\"2025-11-28T10:38:08+00:00\",\"description\":\"Scopri i migliori regali per se stessi: la nostra selezione di esperienze, fiori e idee per coccolarti e ritrovare il tuo equilibrio.\",\"breadcrumb\":{\"@id\":\"https:\/\/prodblog.interflora.it\/blog\/regali-per-se-stessi\/#breadcrumb\"},\"inLanguage\":\"it-IT\",\"potentialAction\":[{\"@type\":\"ReadAction\",\"target\":[\"https:\/\/prodblog.interflora.it\/blog\/regali-per-se-stessi\/\"]}]},{\"@type\":\"ImageObject\",\"inLanguage\":\"it-IT\",\"@id\":\"https:\/\/prodblog.interflora.it\/blog\/regali-per-se-stessi\/#primaryimage\",\"url\":\"https:\/\/prodblog.interflora.it\/blog\/wp-content\/uploads\/2025\/10\/donna-che-salta-con-mazzo-di-fiori-in-mano.jpg\",\"contentUrl\":\"https:\/\/prodblog.interflora.it\/blog\/wp-content\/uploads\/2025\/10\/donna-che-salta-con-mazzo-di-fiori-in-mano.jpg\",\"width\":500,\"height\":333,\"caption\":\"donna in mezzo a una valle che salta con mazzo di fiori in mano\"},{\"@type\":\"BreadcrumbList\",\"@id\":\"https:\/\/prodblog.interflora.it\/blog\/regali-per-se-stessi\/#breadcrumb\",\"itemListElement\":[{\"@type\":\"ListItem\",\"position\":1,\"name\":\"Home\",\"item\":\"https:\/\/prodblog.interflora.it\/blog\/\"},{\"@type\":\"ListItem\",\"position\":2,\"name\":\"Regali per se stessi: idee, e pensieri per amarsi ogni giorno\"}]},{\"@type\":\"WebSite\",\"@id\":\"https:\/\/www.interflora.it\/blog\/#website\",\"url\":\"https:\/\/www.interflora.it\/blog\/\",\"name\":\"Il blog di Interflora: consigli, idee e ispirazione per godersi fiori e piante\",\"description\":\"\",\"publisher\":{\"@id\":\"https:\/\/www.interflora.it\/blog\/#organization\"},\"potentialAction\":[{\"@type\":\"SearchAction\",\"target\":{\"@type\":\"EntryPoint\",\"urlTemplate\":\"https:\/\/www.interflora.it\/blog\/?s={search_term_string}\"},\"query-input\":{\"@type\":\"PropertyValueSpecification\",\"valueRequired\":true,\"valueName\":\"search_term_string\"}}],\"inLanguage\":\"it-IT\"},{\"@type\":\"Organization\",\"@id\":\"https:\/\/www.interflora.it\/blog\/#organization\",\"name\":\"Il blog di Interflora: consigli, idee e ispirazione per godersi fiori e piante\",\"url\":\"https:\/\/www.interflora.it\/blog\/\",\"logo\":{\"@type\":\"ImageObject\",\"inLanguage\":\"it-IT\",\"@id\":\"https:\/\/www.interflora.it\/blog\/#\/schema\/logo\/image\/\",\"url\":\"https:\/\/prodblog.interflora.it\/blog\/wp-content\/uploads\/2025\/04\/220221_INTERFLORA_Logo_rgb_Half_Circle-e1670413381661.png\",\"contentUrl\":\"https:\/\/prodblog.interflora.it\/blog\/wp-content\/uploads\/2025\/04\/220221_INTERFLORA_Logo_rgb_Half_Circle-e1670413381661.png\",\"width\":1351,\"height\":656,\"caption\":\"Il blog di Interflora: consigli, idee e ispirazione per godersi fiori e piante\"},\"image\":{\"@id\":\"https:\/\/www.interflora.it\/blog\/#\/schema\/logo\/image\/\"}},{\"@type\":\"Person\",\"@id\":\"https:\/\/www.interflora.it\/blog\/#\/schema\/person\/37c1677fb37e37e1d52ee86644974c72\",\"name\":\"Interflora\",\"image\":{\"@type\":\"ImageObject\",\"inLanguage\":\"it-IT\",\"@id\":\"https:\/\/www.interflora.it\/blog\/#\/schema\/person\/image\/\",\"url\":\"https:\/\/secure.gravatar.com\/avatar\/f8ee11e6b2ddd835aba806604014e0f5960629fa9ff333f1d1f0db3e39ad3bad?s=96&d=mm&r=g\",\"contentUrl\":\"https:\/\/secure.gravatar.com\/avatar\/f8ee11e6b2ddd835aba806604014e0f5960629fa9ff333f1d1f0db3e39ad3bad?s=96&d=mm&r=g\",\"caption\":\"Interflora\"}}]}<\/script>\n<!-- \/ Yoast SEO plugin. -->","yoast_head_json":{"title":"Regali per se stessi: idee, e pensieri per amarsi ogni giorno - Il blog di Interflora: consigli, idee e ispirazione per godersi fiori e piante","description":"Scopri i migliori regali per se stessi: la nostra selezione di esperienze, fiori e idee per coccolarti e ritrovare il tuo equilibrio.","robots":{"index":"index","follow":"follow","max-snippet":"max-snippet:-1","max-image-preview":"max-image-preview:large","max-video-preview":"max-video-preview:-1"},"canonical":"https:\/\/prodblog.interflora.it\/blog\/regali-per-se-stessi\/","og_locale":"it_IT","og_type":"article","og_title":"Regali per se stessi: idee, e pensieri per amarsi ogni giorno - Il blog di Interflora: consigli, idee e ispirazione per godersi fiori e piante","og_description":"Scopri i migliori regali per se stessi: la nostra selezione di esperienze, fiori e idee per coccolarti e ritrovare il tuo equilibrio.","og_url":"https:\/\/prodblog.interflora.it\/blog\/regali-per-se-stessi\/","og_site_name":"Il blog di Interflora: consigli, idee e ispirazione per godersi fiori e piante","article_published_time":"2025-10-31T17:19:21+00:00","article_modified_time":"2025-11-28T10:38:08+00:00","og_image":[{"width":500,"height":333,"url":"https:\/\/prodblog.interflora.it\/blog\/wp-content\/uploads\/2025\/10\/donna-che-salta-con-mazzo-di-fiori-in-mano.jpg","type":"image\/jpeg"}],"author":"Interflora","twitter_card":"summary_large_image","schema":{"@context":"https:\/\/schema.org","@graph":[{"@type":"Article","@id":"https:\/\/prodblog.interflora.it\/blog\/regali-per-se-stessi\/#article","isPartOf":{"@id":"https:\/\/prodblog.interflora.it\/blog\/regali-per-se-stessi\/"},"author":{"name":"Interflora","@id":"https:\/\/www.interflora.it\/blog\/#\/schema\/person\/37c1677fb37e37e1d52ee86644974c72"},"headline":"Regali per se stessi: idee, e pensieri per amarsi ogni giorno","datePublished":"2025-10-31T17:19:21+00:00","dateModified":"2025-11-28T10:38:08+00:00","mainEntityOfPage":{"@id":"https:\/\/prodblog.interflora.it\/blog\/regali-per-se-stessi\/"},"wordCount":959,"commentCount":0,"publisher":{"@id":"https:\/\/www.interflora.it\/blog\/#organization"},"image":{"@id":"https:\/\/prodblog.interflora.it\/blog\/regali-per-se-stessi\/#primaryimage"},"thumbnailUrl":"https:\/\/prodblog.interflora.it\/blog\/wp-content\/uploads\/2025\/10\/donna-che-salta-con-mazzo-di-fiori-in-mano.jpg","keywords":["Regali"],"articleSection":["Idee regalo"],"inLanguage":"it-IT","potentialAction":[{"@type":"CommentAction","name":"Comment","target":["https:\/\/prodblog.interflora.it\/blog\/regali-per-se-stessi\/#respond"]}]},{"@type":"WebPage","@id":"https:\/\/prodblog.interflora.it\/blog\/regali-per-se-stessi\/","url":"https:\/\/prodblog.interflora.it\/blog\/regali-per-se-stessi\/","name":"Regali per se stessi: idee, e pensieri per amarsi ogni giorno - Il blog di Interflora: consigli, idee e ispirazione per godersi fiori e piante","isPartOf":{"@id":"https:\/\/www.interflora.it\/blog\/#website"},"primaryImageOfPage":{"@id":"https:\/\/prodblog.interflora.it\/blog\/regali-per-se-stessi\/#primaryimage"},"image":{"@id":"https:\/\/prodblog.interflora.it\/blog\/regali-per-se-stessi\/#primaryimage"},"thumbnailUrl":"https:\/\/prodblog.interflora.it\/blog\/wp-content\/uploads\/2025\/10\/donna-che-salta-con-mazzo-di-fiori-in-mano.jpg","datePublished":"2025-10-31T17:19:21+00:00","dateModified":"2025-11-28T10:38:08+00:00","description":"Scopri i migliori regali per se stessi: la nostra selezione di esperienze, fiori e idee per coccolarti e ritrovare il tuo equilibrio.","breadcrumb":{"@id":"https:\/\/prodblog.interflora.it\/blog\/regali-per-se-stessi\/#breadcrumb"},"inLanguage":"it-IT","potentialAction":[{"@type":"ReadAction","target":["https:\/\/prodblog.interflora.it\/blog\/regali-per-se-stessi\/"]}]},{"@type":"ImageObject","inLanguage":"it-IT","@id":"https:\/\/prodblog.interflora.it\/blog\/regali-per-se-stessi\/#primaryimage","url":"https:\/\/prodblog.interflora.it\/blog\/wp-content\/uploads\/2025\/10\/donna-che-salta-con-mazzo-di-fiori-in-mano.jpg","contentUrl":"https:\/\/prodblog.interflora.it\/blog\/wp-content\/uploads\/2025\/10\/donna-che-salta-con-mazzo-di-fiori-in-mano.jpg","width":500,"height":333,"caption":"donna in mezzo a una valle che salta con mazzo di fiori in mano"},{"@type":"BreadcrumbList","@id":"https:\/\/prodblog.interflora.it\/blog\/regali-per-se-stessi\/#breadcrumb","itemListElement":[{"@type":"ListItem","position":1,"name":"Home","item":"https:\/\/prodblog.interflora.it\/blog\/"},{"@type":"ListItem","position":2,"name":"Regali per se stessi: idee, e pensieri per amarsi ogni giorno"}]},{"@type":"WebSite","@id":"https:\/\/www.interflora.it\/blog\/#website","url":"https:\/\/www.interflora.it\/blog\/","name":"Il blog di Interflora: consigli, idee e ispirazione per godersi fiori e piante","description":"","publisher":{"@id":"https:\/\/www.interflora.it\/blog\/#organization"},"potentialAction":[{"@type":"SearchAction","target":{"@type":"EntryPoint","urlTemplate":"https:\/\/www.interflora.it\/blog\/?s={search_term_string}"},"query-input":{"@type":"PropertyValueSpecification","valueRequired":true,"valueName":"search_term_string"}}],"inLanguage":"it-IT"},{"@type":"Organization","@id":"https:\/\/www.interflora.it\/blog\/#organization","name":"Il blog di Interflora: consigli, idee e ispirazione per godersi fiori e piante","url":"https:\/\/www.interflora.it\/blog\/","logo":{"@type":"ImageObject","inLanguage":"it-IT","@id":"https:\/\/www.interflora.it\/blog\/#\/schema\/logo\/image\/","url":"https:\/\/prodblog.interflora.it\/blog\/wp-content\/uploads\/2025\/04\/220221_INTERFLORA_Logo_rgb_Half_Circle-e1670413381661.png","contentUrl":"https:\/\/prodblog.interflora.it\/blog\/wp-content\/uploads\/2025\/04\/220221_INTERFLORA_Logo_rgb_Half_Circle-e1670413381661.png","width":1351,"height":656,"caption":"Il blog di Interflora: consigli, idee e ispirazione per godersi fiori e piante"},"image":{"@id":"https:\/\/www.interflora.it\/blog\/#\/schema\/logo\/image\/"}},{"@type":"Person","@id":"https:\/\/www.interflora.it\/blog\/#\/schema\/person\/37c1677fb37e37e1d52ee86644974c72","name":"Interflora","image":{"@type":"ImageObject","inLanguage":"it-IT","@id":"https:\/\/www.interflora.it\/blog\/#\/schema\/person\/image\/","url":"https:\/\/secure.gravatar.com\/avatar\/f8ee11e6b2ddd835aba806604014e0f5960629fa9ff333f1d1f0db3e39ad3bad?s=96&d=mm&r=g","contentUrl":"https:\/\/secure.gravatar.com\/avatar\/f8ee11e6b2ddd835aba806604014e0f5960629fa9ff333f1d1f0db3e39ad3bad?s=96&d=mm&r=g","caption":"Interflora"}}]}},"uagb_featured_image_src":{"full":["https:\/\/prodblog.interflora.it\/blog\/wp-content\/uploads\/2025\/10\/donna-che-salta-con-mazzo-di-fiori-in-mano.jpg",500,333,false],"thumbnail":["https:\/\/prodblog.interflora.it\/blog\/wp-content\/uploads\/2025\/10\/donna-che-salta-con-mazzo-di-fiori-in-mano-150x150.jpg",150,150,true],"medium":["https:\/\/prodblog.interflora.it\/blog\/wp-content\/uploads\/2025\/10\/donna-che-salta-con-mazzo-di-fiori-in-mano-300x200.jpg",300,200,true],"medium_large":["https:\/\/prodblog.interflora.it\/blog\/wp-content\/uploads\/2025\/10\/donna-che-salta-con-mazzo-di-fiori-in-mano.jpg",500,333,false],"large":["https:\/\/prodblog.interflora.it\/blog\/wp-content\/uploads\/2025\/10\/donna-che-salta-con-mazzo-di-fiori-in-mano.jpg",500,333,false],"1536x1536":["https:\/\/prodblog.interflora.it\/blog\/wp-content\/uploads\/2025\/10\/donna-che-salta-con-mazzo-di-fiori-in-mano.jpg",500,333,false],"2048x2048":["https:\/\/prodblog.interflora.it\/blog\/wp-content\/uploads\/2025\/10\/donna-che-salta-con-mazzo-di-fiori-in-mano.jpg",500,333,false]},"uagb_author_info":{"display_name":"Interflora","author_link":"https:\/\/prodblog.interflora.it\/blog\/author\/lisa-contini\/"},"uagb_comment_info":6,"uagb_excerpt":"Corri da una parte all&#8217;altra, ti destreggi tra lavoro, impegni e vita privata e, in mezzo a questo vortice, potresti [&hellip;]","_links":{"self":[{"href":"https:\/\/prodblog.interflora.it\/blog\/wp-json\/wp\/v2\/posts\/33645","targetHints":{"allow":["GET"]}}],"collection":[{"href":"https:\/\/prodblog.interflora.it\/blog\/wp-json\/wp\/v2\/posts"}],"about":[{"href":"https:\/\/prodblog.interflora.it\/blog\/wp-json\/wp\/v2\/types\/post"}],"author":[{"embeddable":true,"href":"https:\/\/prodblog.interflora.it\/blog\/wp-json\/wp\/v2\/users\/8"}],"replies":[{"embeddable":true,"href":"https:\/\/prodblog.interflora.it\/blog\/wp-json\/wp\/v2\/comments?post=33645"}],"version-history":[{"count":2,"href":"https:\/\/prodblog.interflora.it\/blog\/wp-json\/wp\/v2\/posts\/33645\/revisions"}],"predecessor-version":[{"id":33807,"href":"https:\/\/prodblog.interflora.it\/blog\/wp-json\/wp\/v2\/posts\/33645\/revisions\/33807"}],"wp:featuredmedia":[{"embeddable":true,"href":"https:\/\/prodblog.interflora.it\/blog\/wp-json\/wp\/v2\/media\/33647"}],"wp:attachment":[{"href":"https:\/\/prodblog.interflora.it\/blog\/wp-json\/wp\/v2\/media?parent=33645"}],"wp:term":[{"taxonomy":"category","embeddable":true,"href":"https:\/\/prodblog.interflora.it\/blog\/wp-json\/wp\/v2\/categories?post=33645"},{"taxonomy":"post_tag","embeddable":true,"href":"https:\/\/prodblog.interflora.it\/blog\/wp-json\/wp\/v2\/tags?post=33645"}],"curies":[{"name":"wp","href":"https:\/\/api.w.org\/{rel}","templated":true}]}}