{"id":33998,"date":"2026-01-09T18:01:38","date_gmt":"2026-01-09T17:01:38","guid":{"rendered":"https:\/\/www.interflora.it\/blog\/?p=33998"},"modified":"2026-01-09T18:15:06","modified_gmt":"2026-01-09T17:15:06","slug":"tutto-sull-amaryllis","status":"publish","type":"post","link":"https:\/\/prodblog.interflora.it\/blog\/tutto-sull-amaryllis\/","title":{"rendered":"Tutto quello che c&#8217;\u00e8 da sapere sull&#8217;amaryllis"},"content":{"rendered":"\n<p>Maestosa, questa pianta bulbosa riscalda i cuori in inverno con i suoi fiori generosi dai colori splendenti! Quella che comunemente chiamiamo <strong>amaryllis<\/strong> o <strong>amarillo<\/strong> \u00e8 in realt\u00e0 l&#8217;<strong>hippeastrum<\/strong>. Lo si trova in vaso nei negozi di fiori e nei vivai a partire da novembre, in occasione delle festivit\u00e0 di fine anno.<\/p>\n\n\n\n<h2 class=\"wp-block-heading\">Le caratteristiche dell&#8217;amaryllis<\/h2>\n\n\n\n<p><strong>Originaria dell&#8217;America centrale e meridionale<\/strong>, l&#8217;amaryllis o <strong>hippeastrum<\/strong> \u00e8 una pianta bulbosa appartenente alla famiglia delle <strong>Amaryllidaceae<\/strong>.<\/p>\n\n\n\n<p>L&#8217;<strong>amarillo<\/strong> \u00e8 composto da steli cavi che si ergono fieri e che generalmente producono da due a cinque fiori a sei petali, con un diametro che a volte pu\u00f2 raggiungere i 20 cm.<\/p>\n\n\n\n<p>L\u2019<strong>amarillo pianta<\/strong> \u00e8 apprezzata per la sua fioritura spettacolare e la facilit\u00e0 di coltivazione in vaso.<\/p>\n\n\n\n<p>Sebbene la variet\u00e0 pi\u00f9 comune rimanga la <strong>\u201cRed Lion\u201d<\/strong> dal colore rosso intenso, esistono ben 80 variet\u00e0 dai colori sorprendenti: arancione, fucsia, bianco, tinta unita o variegato\u2026<\/p>\n\n\n\n<h2 class=\"wp-block-heading\">Le origini e la storia dell&#8217;amaryllis<\/h2>\n\n\n\n<p>I primi a commercializzare l&#8217;amaryllis furono <strong>gli olandesi<\/strong>, che importarono bulbi dal Messico e dal Sud America. All&#8217;inizio del XVIII secolo iniziarono a sviluppare ibridi. Da allora, molti paesi sono diventati produttori di questa pianta. L<strong>&#8216;amaryllis a fiore doppio<\/strong>, prodotta in Giappone, sta riscuotendo attualmente un grande successo.<\/p>\n\n\n\n<div class=\"wp-block-media-text is-stacked-on-mobile\" style=\"grid-template-columns:40% auto\"><figure class=\"wp-block-media-text__media\"><img loading=\"lazy\" decoding=\"async\" width=\"500\" height=\"500\" src=\"https:\/\/www.interflora.it\/blog\/wp-content\/uploads\/2026\/01\/Inquadratura-dallalto-di-una-ragazza-che-guarda-un-bouquet-di-Amaryllis-bianchi-e-rossi-con-luci-di-Natale-calde-sullo-sfondo.jpg\" alt=\"\" class=\"wp-image-34007 size-full\" srcset=\"https:\/\/prodblog.interflora.it\/blog\/wp-content\/uploads\/2026\/01\/Inquadratura-dallalto-di-una-ragazza-che-guarda-un-bouquet-di-Amaryllis-bianchi-e-rossi-con-luci-di-Natale-calde-sullo-sfondo.jpg 500w, https:\/\/prodblog.interflora.it\/blog\/wp-content\/uploads\/2026\/01\/Inquadratura-dallalto-di-una-ragazza-che-guarda-un-bouquet-di-Amaryllis-bianchi-e-rossi-con-luci-di-Natale-calde-sullo-sfondo-300x300.jpg 300w, https:\/\/prodblog.interflora.it\/blog\/wp-content\/uploads\/2026\/01\/Inquadratura-dallalto-di-una-ragazza-che-guarda-un-bouquet-di-Amaryllis-bianchi-e-rossi-con-luci-di-Natale-calde-sullo-sfondo-150x150.jpg 150w\" sizes=\"auto, (max-width: 500px) 100vw, 500px\" \/><\/figure><div class=\"wp-block-media-text__content\">\n<p>Il termine \u201c<strong>amaryllis<\/strong>\u201d trova la sua origine nelle Bucoliche di Virgilio. L&#8217;autore vi chiam\u00f2 una pastorella Amaryllis &#8211; che significa \u201csplendere\u201d &#8211; in onore della sua splendida bellezza. <strong>Nel 1733, il botanico Linneo prese in prestito questo nome per battezzare l&#8217;incantevole pianta<\/strong>, allora poco conosciuta in Europa.<\/p>\n\n\n\n<p>Ma il nome amaryllis pose un problema: era gi\u00e0 utilizzato per designare un&#8217;altra specie originaria del Sudafrica. Dopo lunghe riflessioni, nel 1987 si decise ufficialmente di mantenere il termine \u201camaryllis\u201d per quest&#8217;ultima. Ma l&#8217;abitudine ha fatto s\u00ec che, nel linguaggio comune, <strong>l&#8217;hippeastrum sia ancora indicato con il nome di \u201camaryllis\u201d<\/strong>.<\/p>\n<\/div><\/div>\n\n\n\n<div style=\"height:30px\" aria-hidden=\"true\" class=\"wp-block-spacer\"><\/div>\n\n\n\n<p><strong>Il termine \u201chippeastrum\u201d<\/strong> deriva dal greco hippo, che significa \u2018cavallo\u2019, e da aster, che significa \u201cstella\u201d. La pianta fu battezzata cos\u00ec dal reverendo William Herbert nel 1837, sacerdote e botanico irlandese, probabilmente per la forma del suo fiore.<\/p>\n\n\n\n<h2 class=\"wp-block-heading\">Il significato dell&#8217;amaryllis nel linguaggio dei fiori<\/h2>\n\n\n\n<p>\u00c8 soprattutto la <strong>leggenda natalizia<\/strong> che rende l\u2019amaryllis un ornamento pieno di grazia. Per annunciare la nascita di Cristo, gli angeli usarono delle trombe. Si racconta che poi crearono <strong>l\u2019amaryllis a immagine di questo strumento musicale<\/strong> per lasciare un ricordo glorioso di quel giorno&#8230; Da allora, in molti paesi, la tradizione vuole che si faccia fiorire un amaryllis.<\/p>\n\n\n\n<p>Con i suoi fiori imponenti e alti, <strong>l&#8217;hippeastrum \u00e8 spesso descritto<\/strong> come una pianta orgogliosa, quasi arrogante. Forse anche a causa del personaggio di Amaryllis di Virgilio, una pastorella di una bellezza abbagliante ma anche crudelmente indifferente. Nel linguaggio dei fiori, se lo regalate, inviate un messaggio chiaro e audace a un destinatario un po&#8217; indifferente: \u201cNon resistermi!\u201d.<\/p>\n\n\n\n<h2 class=\"wp-block-heading\">La cura dell&#8217;amarillide<\/h2>\n\n\n\n<h3 class=\"wp-block-heading\">Piantagione<\/h3>\n\n\n\n<p>Desideri avere dei bellissimi fiori di amaryllis in casa per le feste? In tal caso, <strong>pianta i bulbi a met\u00e0 ottobre<\/strong>. Utilizza un vaso di terracotta di circa venti centimetri, con palline di argilla sul fondo e terriccio per piante da interno. Pianta il bulbo a circa 2 cm dalla superficie. <strong>Questa pianta teme il gelo,<\/strong> quindi tieni il vaso all&#8217;interno e conservalo in un luogo buio e fresco (circa 15 \u00b0C) fino a quando il bulbo non avr\u00e0 messo radici. Dopo un mese e mezzo, colloca l&#8217;amaryllis in un luogo luminoso, con temperature pi\u00f9 elevate (circa 20 \u00b0C). Se tutto va bene, i fiori sbocceranno al momento giusto, per abbellire le tue feste!<\/p>\n\n\n\n<h3 class=\"wp-block-heading\">Amarillo fiore<\/h3>\n\n\n\n<p>L\u2019<strong>amarillo fiore <\/strong>si distingue per la dimensione dei petali e per i colori intensi che lo rendono protagonista delle decorazioni invernali.<\/p>\n\n\n\n<div class=\"wp-block-media-text is-stacked-on-mobile\" style=\"grid-template-columns:40% auto\"><figure class=\"wp-block-media-text__media\"><img loading=\"lazy\" decoding=\"async\" width=\"500\" height=\"357\" src=\"https:\/\/www.interflora.it\/blog\/wp-content\/uploads\/2026\/01\/Primo-piano-di-fiori-Amaryllis-Picotee-bianchi-con-sottile-bordo-rosso-su-uno-sfondo-blu-uniforme.jpeg\" alt=\"\" class=\"wp-image-34008 size-full\" srcset=\"https:\/\/prodblog.interflora.it\/blog\/wp-content\/uploads\/2026\/01\/Primo-piano-di-fiori-Amaryllis-Picotee-bianchi-con-sottile-bordo-rosso-su-uno-sfondo-blu-uniforme.jpeg 500w, https:\/\/prodblog.interflora.it\/blog\/wp-content\/uploads\/2026\/01\/Primo-piano-di-fiori-Amaryllis-Picotee-bianchi-con-sottile-bordo-rosso-su-uno-sfondo-blu-uniforme-300x214.jpeg 300w\" sizes=\"auto, (max-width: 500px) 100vw, 500px\" \/><\/figure><div class=\"wp-block-media-text__content\">\n<p>L&#8217;amaryllis \u00e8 normalmente una pianta primaverile la cui fioritura \u00e8 stata accelerata affinch\u00e9 coincidesse con le festivit\u00e0 natalizie. Una volta che i fiori sono appassiti, non gettarlo via! Basta semplicemente farla riposare fino all&#8217;arrivo della bella stagione. Taglia il gambo a 5 cm dalla superficie del terriccio, senza toccare le foglie, e metti il vaso in un luogo pi\u00f9 fresco. Se dopo 3 o 4 anni il vaso \u00e8 diventato troppo piccolo, \u00e8 il momento di cambiarlo.<\/p>\n<\/div><\/div>\n\n\n\n<div style=\"height:30px\" aria-hidden=\"true\" class=\"wp-block-spacer\"><\/div>\n\n\n\n<p>Mantieni il terriccio umido annaffiando moderatamente, fino all&#8217;arrivo delle belle giornate primaverili. <strong>Una volta passato il rischio di gelate, metti la tua pianta all&#8217;aperto<\/strong>, in un luogo protetto dal sole diretto. Aumenta le annaffiature e arricchisci in questo periodo con un fertilizzante ben diluito.<\/p>\n\n\n\n<p><strong>Il fogliame ingiallir\u00e0 durante l&#8217;estate: \u00e8 segno che l\u2019amaryllis sta entrando in un periodo di riposo.<\/strong> Riduci gradualmente le annaffiature<strong>.<\/strong>&nbsp;<\/p>\n\n\n\n<p>A partire da settembre, conservala all&#8217;interno, in un luogo asciutto, leggermente fresco e al riparo dal sole. Interrompi completamente le annaffiature. Dopo tre mesi, ricomincia il processo iniziale: riponi nuovamente l\u2019amaryllis in un luogo luminoso e leggermente pi\u00f9 caldo, rimuovi il terriccio superficiale e sostituiscilo con uno nuovo.&nbsp;<\/p>\n\n\n\n<p>Se tutto va bene, i fiori sbocceranno a dicembre o all&#8217;inizio dell&#8217;anno. E non disperare! <strong>Generalmente, l&#8217;hippeastrum non rifiorisce il primo anno. Ma continua a curarlo: i suoi fiori saranno ancora pi\u00f9 belli l&#8217;anno successivo.<\/strong><\/p>\n\n\n\n<div class=\"wp-block-media-text is-stacked-on-mobile\" style=\"grid-template-columns:40% auto\"><figure class=\"wp-block-media-text__media\"><img loading=\"lazy\" decoding=\"async\" width=\"500\" height=\"500\" src=\"https:\/\/www.interflora.it\/blog\/wp-content\/uploads\/2026\/01\/Vaso-moderno-con-bouquet-di-Amaryllis-rossi-su-una-tavola-apparecchiata-sfondo-domestico-con-candele-e-arredi-in-legno.jpg\" alt=\"\" class=\"wp-image-34009 size-full\" srcset=\"https:\/\/prodblog.interflora.it\/blog\/wp-content\/uploads\/2026\/01\/Vaso-moderno-con-bouquet-di-Amaryllis-rossi-su-una-tavola-apparecchiata-sfondo-domestico-con-candele-e-arredi-in-legno.jpg 500w, https:\/\/prodblog.interflora.it\/blog\/wp-content\/uploads\/2026\/01\/Vaso-moderno-con-bouquet-di-Amaryllis-rossi-su-una-tavola-apparecchiata-sfondo-domestico-con-candele-e-arredi-in-legno-300x300.jpg 300w, https:\/\/prodblog.interflora.it\/blog\/wp-content\/uploads\/2026\/01\/Vaso-moderno-con-bouquet-di-Amaryllis-rossi-su-una-tavola-apparecchiata-sfondo-domestico-con-candele-e-arredi-in-legno-150x150.jpg 150w\" sizes=\"auto, (max-width: 500px) 100vw, 500px\" \/><\/figure><div class=\"wp-block-media-text__content\">\n<ul class=\"wp-block-list\">\n<li>Esiste un fiore che si chiama proprio \u201camarillo\u201d, \u00e8 l&#8217;<strong>amaryllis belladonna<\/strong>. Si tratta di un genere distinto appartenente alla stessa famiglia delle Amaryllidaceae. \u00c8 una pianta coltivata all&#8217;aperto, originaria del Sudafrica, che fiorisce in autunno. Il <strong>fiore di Belladonna<\/strong> \u00e8 molto grazioso, riservagli un posto nel tuo giardino!<\/li>\n\n\n\n<li>Amaryllis pu\u00f2 anche essere un nome femminile, che si festeggia il 5 ottobre<\/li>\n\n\n\n<li>Per una decorazione natalizia sorprendente, appendi alcuni amaryllis a testa in gi\u00f9 fissando un filo di ferro all&#8217;estremit\u00e0 del gambo! Per mantenerli freschi, basta riempire il gambo del fiore con acqua ed eventualmente tapparlo con un pezzetto di cotone.<\/li>\n\n\n\n<li>L&#8217;amaryllis \u00e8 ideale in un contesto lavorativo. Le sue dimensioni imponenti e i suoi petali rossi stimolano il cervello e aumentano l&#8217;energia. Posizionata su una scrivania, <strong>favorisce la fiducia in se stessi<\/strong>.<\/li>\n<\/ul>\n<\/div><\/div>\n\n\n\n<div style=\"height:30px\" aria-hidden=\"true\" class=\"wp-block-spacer\"><\/div>\n\n\n\n<p>Il <strong>fiore amarillo<\/strong> infatti \u00e8 spesso associato a forza, orgoglio e determinazione nel linguaggio dei fiori.<\/p>\n\n\n\n<h3 class=\"wp-block-heading\">Conservare l&#8217;amaryllis come fiore reciso<\/h3>\n\n\n\n<p>Hai ricevuto un mazzo di amarilli? Con pochi semplici gesti potrai goderteli pi\u00f9 a lungo:<\/p>\n\n\n\n<ol class=\"wp-block-list\">\n<li>Taglia il gambo di circa 1 centimetro;<\/li>\n\n\n\n<li>metti i fiori in un vaso riempito abbondantemente con acqua fresca a temperatura ambiente;<\/li>\n\n\n\n<li>aggiungi un prodotto nutritivo per fiori recisi;<\/li>\n\n\n\n<li>conserva il tuo bouquet di amaryllis in un luogo fresco: sotto l&#8217;effetto del calore, i fiori potrebbero sbocciare troppo rapidamente e quindi appassire pi\u00f9 velocemente;<\/li>\n\n\n\n<li>Evita di posizionare i vostri hippeastrum vicino a una fruttiera: il gas etilene che emanano potrebbe farli appassire!<\/li>\n<\/ol>\n\n\n\n<p>E se vuoi approfondire ulteriormente questo fiore affascinante, scopri il <a href=\"https:\/\/www.interflora.it\/linguaggiodellamaryllis\"><strong>linguaggio dell\u2019amaryllis<\/strong><\/a> per conoscerne il significato simbolico e tutti i messaggi che sa trasmettere, e consulta la nostra guida completa sulla <a href=\"https:\/\/www.interflora.it\/blog\/cura-amaryllis-fioritura-spettacolare\/\"><strong>cura dell\u2019amaryllis<\/strong><\/a> per farlo fiorire e rifiorire nel tempo.<\/p>\n","protected":false},"excerpt":{"rendered":"<p>Maestosa, questa pianta bulbosa riscalda i cuori in inverno con i suoi fiori generosi dai colori splendenti! Quella che comunemente [&hellip;]<\/p>\n","protected":false},"author":10,"featured_media":34006,"comment_status":"open","ping_status":"open","sticky":false,"template":"","format":"standard","meta":{"_uag_custom_page_level_css":"","site-sidebar-layout":"default","site-content-layout":"","ast-site-content-layout":"default","site-content-style":"default","site-sidebar-style":"default","ast-global-header-display":"","ast-banner-title-visibility":"","ast-main-header-display":"","ast-hfb-above-header-display":"","ast-hfb-below-header-display":"","ast-hfb-mobile-header-display":"","site-post-title":"","ast-breadcrumbs-content":"","ast-featured-img":"","footer-sml-layout":"","ast-disable-related-posts":"","theme-transparent-header-meta":"","adv-header-id-meta":"","stick-header-meta":"","header-above-stick-meta":"","header-main-stick-meta":"","header-below-stick-meta":"","astra-migrate-meta-layouts":"default","ast-page-background-enabled":"default","ast-page-background-meta":{"desktop":{"background-color":"var(--ast-global-color-5)","background-image":"","background-repeat":"repeat","background-position":"center center","background-size":"auto","background-attachment":"scroll","background-type":"","background-media":"","overlay-type":"","overlay-color":"","overlay-opacity":"","overlay-gradient":""},"tablet":{"background-color":"","background-image":"","background-repeat":"repeat","background-position":"center center","background-size":"auto","background-attachment":"scroll","background-type":"","background-media":"","overlay-type":"","overlay-color":"","overlay-opacity":"","overlay-gradient":""},"mobile":{"background-color":"","background-image":"","background-repeat":"repeat","background-position":"center center","background-size":"auto","background-attachment":"scroll","background-type":"","background-media":"","overlay-type":"","overlay-color":"","overlay-opacity":"","overlay-gradient":""}},"ast-content-background-meta":{"desktop":{"background-color":"var(--ast-global-color-4)","background-image":"","background-repeat":"repeat","background-position":"center center","background-size":"auto","background-attachment":"scroll","background-type":"","background-media":"","overlay-type":"","overlay-color":"","overlay-opacity":"","overlay-gradient":""},"tablet":{"background-color":"var(--ast-global-color-4)","background-image":"","background-repeat":"repeat","background-position":"center center","background-size":"auto","background-attachment":"scroll","background-type":"","background-media":"","overlay-type":"","overlay-color":"","overlay-opacity":"","overlay-gradient":""},"mobile":{"background-color":"var(--ast-global-color-4)","background-image":"","background-repeat":"repeat","background-position":"center center","background-size":"auto","background-attachment":"scroll","background-type":"","background-media":"","overlay-type":"","overlay-color":"","overlay-opacity":"","overlay-gradient":""}},"footnotes":""},"categories":[165,187,196],"tags":[288],"class_list":["post-33998","post","type-post","status-publish","format-standard","has-post-thumbnail","hentry","category-fiori","category-interflora-accademy","category-inverno","tag-amaryllis"],"yoast_head":"<!-- This site is optimized with the Yoast SEO plugin v26.4 - https:\/\/yoast.com\/wordpress\/plugins\/seo\/ -->\n<title>Tutto quello che c&#039;\u00e8 da sapere sull&#039;amaryllis - Il blog di Interflora: consigli, idee e ispirazione per godersi fiori e piante<\/title>\n<meta name=\"description\" content=\"Maestoso e simbolico, l\u2019amaryllis illumina l\u2019inverno con i suoi fiori spettacolari. Scopri origini, significato e come prendersene cura al meglio.\" \/>\n<meta name=\"robots\" content=\"index, follow, max-snippet:-1, max-image-preview:large, max-video-preview:-1\" \/>\n<link rel=\"canonical\" href=\"https:\/\/www.interflora.it\/blog\/tutto-sull-amaryllis\/\" \/>\n<meta property=\"og:locale\" content=\"it_IT\" \/>\n<meta property=\"og:type\" content=\"article\" \/>\n<meta property=\"og:title\" content=\"Tutto quello che c&#039;\u00e8 da sapere sull&#039;amaryllis - Il blog di Interflora: consigli, idee e ispirazione per godersi fiori e piante\" \/>\n<meta property=\"og:description\" content=\"Maestoso e simbolico, l\u2019amaryllis illumina l\u2019inverno con i suoi fiori spettacolari. Scopri origini, significato e come prendersene cura al meglio.\" \/>\n<meta property=\"og:url\" content=\"https:\/\/www.interflora.it\/blog\/tutto-sull-amaryllis\/\" \/>\n<meta property=\"og:site_name\" content=\"Il blog di Interflora: consigli, idee e ispirazione per godersi fiori e piante\" \/>\n<meta property=\"article:published_time\" content=\"2026-01-09T17:01:38+00:00\" \/>\n<meta property=\"article:modified_time\" content=\"2026-01-09T17:15:06+00:00\" \/>\n<meta property=\"og:image\" content=\"https:\/\/www.interflora.it\/blog\/wp-content\/uploads\/2026\/01\/Composizione-floreale-di-Amaryllis-rossi-in-una-caraffa-di-vetro-su-un-tavolo-di-legno-rustico-con-sfondo-scuro.png\" \/>\n\t<meta property=\"og:image:width\" content=\"500\" \/>\n\t<meta property=\"og:image:height\" content=\"280\" \/>\n\t<meta property=\"og:image:type\" content=\"image\/png\" \/>\n<meta name=\"author\" content=\"seopiratesagency@gmail.com\" \/>\n<meta name=\"twitter:card\" content=\"summary_large_image\" \/>\n<script type=\"application\/ld+json\" class=\"yoast-schema-graph\">{\"@context\":\"https:\/\/schema.org\",\"@graph\":[{\"@type\":\"Article\",\"@id\":\"https:\/\/www.interflora.it\/blog\/tutto-sull-amaryllis\/#article\",\"isPartOf\":{\"@id\":\"https:\/\/www.interflora.it\/blog\/tutto-sull-amaryllis\/\"},\"author\":{\"name\":\"seopiratesagency@gmail.com\",\"@id\":\"https:\/\/www.interflora.it\/blog\/#\/schema\/person\/bdecbe733d7bf4b372127b81c5ae0dc8\"},\"headline\":\"Tutto quello che c&#8217;\u00e8 da sapere sull&#8217;amaryllis\",\"datePublished\":\"2026-01-09T17:01:38+00:00\",\"dateModified\":\"2026-01-09T17:15:06+00:00\",\"mainEntityOfPage\":{\"@id\":\"https:\/\/www.interflora.it\/blog\/tutto-sull-amaryllis\/\"},\"wordCount\":1129,\"commentCount\":0,\"publisher\":{\"@id\":\"https:\/\/www.interflora.it\/blog\/#organization\"},\"image\":{\"@id\":\"https:\/\/www.interflora.it\/blog\/tutto-sull-amaryllis\/#primaryimage\"},\"thumbnailUrl\":\"https:\/\/prodblog.interflora.it\/blog\/wp-content\/uploads\/2026\/01\/Composizione-floreale-di-Amaryllis-rossi-in-una-caraffa-di-vetro-su-un-tavolo-di-legno-rustico-con-sfondo-scuro.png\",\"keywords\":[\"amaryllis\"],\"articleSection\":[\"Fiori e Piante\",\"Interflora accademy\",\"Inverno\"],\"inLanguage\":\"it-IT\",\"potentialAction\":[{\"@type\":\"CommentAction\",\"name\":\"Comment\",\"target\":[\"https:\/\/www.interflora.it\/blog\/tutto-sull-amaryllis\/#respond\"]}]},{\"@type\":\"WebPage\",\"@id\":\"https:\/\/www.interflora.it\/blog\/tutto-sull-amaryllis\/\",\"url\":\"https:\/\/www.interflora.it\/blog\/tutto-sull-amaryllis\/\",\"name\":\"Tutto quello che c'\u00e8 da sapere sull'amaryllis - Il blog di Interflora: consigli, idee e ispirazione per godersi fiori e piante\",\"isPartOf\":{\"@id\":\"https:\/\/www.interflora.it\/blog\/#website\"},\"primaryImageOfPage\":{\"@id\":\"https:\/\/www.interflora.it\/blog\/tutto-sull-amaryllis\/#primaryimage\"},\"image\":{\"@id\":\"https:\/\/www.interflora.it\/blog\/tutto-sull-amaryllis\/#primaryimage\"},\"thumbnailUrl\":\"https:\/\/prodblog.interflora.it\/blog\/wp-content\/uploads\/2026\/01\/Composizione-floreale-di-Amaryllis-rossi-in-una-caraffa-di-vetro-su-un-tavolo-di-legno-rustico-con-sfondo-scuro.png\",\"datePublished\":\"2026-01-09T17:01:38+00:00\",\"dateModified\":\"2026-01-09T17:15:06+00:00\",\"description\":\"Maestoso e simbolico, l\u2019amaryllis illumina l\u2019inverno con i suoi fiori spettacolari. Scopri origini, significato e come prendersene cura al meglio.\",\"breadcrumb\":{\"@id\":\"https:\/\/www.interflora.it\/blog\/tutto-sull-amaryllis\/#breadcrumb\"},\"inLanguage\":\"it-IT\",\"potentialAction\":[{\"@type\":\"ReadAction\",\"target\":[\"https:\/\/www.interflora.it\/blog\/tutto-sull-amaryllis\/\"]}]},{\"@type\":\"ImageObject\",\"inLanguage\":\"it-IT\",\"@id\":\"https:\/\/www.interflora.it\/blog\/tutto-sull-amaryllis\/#primaryimage\",\"url\":\"https:\/\/prodblog.interflora.it\/blog\/wp-content\/uploads\/2026\/01\/Composizione-floreale-di-Amaryllis-rossi-in-una-caraffa-di-vetro-su-un-tavolo-di-legno-rustico-con-sfondo-scuro.png\",\"contentUrl\":\"https:\/\/prodblog.interflora.it\/blog\/wp-content\/uploads\/2026\/01\/Composizione-floreale-di-Amaryllis-rossi-in-una-caraffa-di-vetro-su-un-tavolo-di-legno-rustico-con-sfondo-scuro.png\",\"width\":500,\"height\":280,\"caption\":\"Composizione floreale di Amaryllis rossi in una caraffa di vetro\"},{\"@type\":\"BreadcrumbList\",\"@id\":\"https:\/\/www.interflora.it\/blog\/tutto-sull-amaryllis\/#breadcrumb\",\"itemListElement\":[{\"@type\":\"ListItem\",\"position\":1,\"name\":\"Home\",\"item\":\"https:\/\/prodblog.interflora.it\/blog\/\"},{\"@type\":\"ListItem\",\"position\":2,\"name\":\"Tutto quello che c&#8217;\u00e8 da sapere sull&#8217;amaryllis\"}]},{\"@type\":\"WebSite\",\"@id\":\"https:\/\/www.interflora.it\/blog\/#website\",\"url\":\"https:\/\/www.interflora.it\/blog\/\",\"name\":\"Il blog di Interflora: consigli, idee e ispirazione per godersi fiori e piante\",\"description\":\"\",\"publisher\":{\"@id\":\"https:\/\/www.interflora.it\/blog\/#organization\"},\"potentialAction\":[{\"@type\":\"SearchAction\",\"target\":{\"@type\":\"EntryPoint\",\"urlTemplate\":\"https:\/\/www.interflora.it\/blog\/?s={search_term_string}\"},\"query-input\":{\"@type\":\"PropertyValueSpecification\",\"valueRequired\":true,\"valueName\":\"search_term_string\"}}],\"inLanguage\":\"it-IT\"},{\"@type\":\"Organization\",\"@id\":\"https:\/\/www.interflora.it\/blog\/#organization\",\"name\":\"Il blog di Interflora: consigli, idee e ispirazione per godersi fiori e piante\",\"url\":\"https:\/\/www.interflora.it\/blog\/\",\"logo\":{\"@type\":\"ImageObject\",\"inLanguage\":\"it-IT\",\"@id\":\"https:\/\/www.interflora.it\/blog\/#\/schema\/logo\/image\/\",\"url\":\"https:\/\/prodblog.interflora.it\/blog\/wp-content\/uploads\/2025\/04\/220221_INTERFLORA_Logo_rgb_Half_Circle-e1670413381661.png\",\"contentUrl\":\"https:\/\/prodblog.interflora.it\/blog\/wp-content\/uploads\/2025\/04\/220221_INTERFLORA_Logo_rgb_Half_Circle-e1670413381661.png\",\"width\":1351,\"height\":656,\"caption\":\"Il blog di Interflora: consigli, idee e ispirazione per godersi fiori e piante\"},\"image\":{\"@id\":\"https:\/\/www.interflora.it\/blog\/#\/schema\/logo\/image\/\"}},{\"@type\":\"Person\",\"@id\":\"https:\/\/www.interflora.it\/blog\/#\/schema\/person\/bdecbe733d7bf4b372127b81c5ae0dc8\",\"name\":\"seopiratesagency@gmail.com\",\"image\":{\"@type\":\"ImageObject\",\"inLanguage\":\"it-IT\",\"@id\":\"https:\/\/www.interflora.it\/blog\/#\/schema\/person\/image\/\",\"url\":\"https:\/\/secure.gravatar.com\/avatar\/35039e62611f5be8f68880faf9cede58b5e8aab060141b41dc102f700022447c?s=96&d=mm&r=g\",\"contentUrl\":\"https:\/\/secure.gravatar.com\/avatar\/35039e62611f5be8f68880faf9cede58b5e8aab060141b41dc102f700022447c?s=96&d=mm&r=g\",\"caption\":\"seopiratesagency@gmail.com\"}}]}<\/script>\n<!-- \/ Yoast SEO plugin. -->","yoast_head_json":{"title":"Tutto quello che c'\u00e8 da sapere sull'amaryllis - Il blog di Interflora: consigli, idee e ispirazione per godersi fiori e piante","description":"Maestoso e simbolico, l\u2019amaryllis illumina l\u2019inverno con i suoi fiori spettacolari. Scopri origini, significato e come prendersene cura al meglio.","robots":{"index":"index","follow":"follow","max-snippet":"max-snippet:-1","max-image-preview":"max-image-preview:large","max-video-preview":"max-video-preview:-1"},"canonical":"https:\/\/www.interflora.it\/blog\/tutto-sull-amaryllis\/","og_locale":"it_IT","og_type":"article","og_title":"Tutto quello che c'\u00e8 da sapere sull'amaryllis - Il blog di Interflora: consigli, idee e ispirazione per godersi fiori e piante","og_description":"Maestoso e simbolico, l\u2019amaryllis illumina l\u2019inverno con i suoi fiori spettacolari. Scopri origini, significato e come prendersene cura al meglio.","og_url":"https:\/\/www.interflora.it\/blog\/tutto-sull-amaryllis\/","og_site_name":"Il blog di Interflora: consigli, idee e ispirazione per godersi fiori e piante","article_published_time":"2026-01-09T17:01:38+00:00","article_modified_time":"2026-01-09T17:15:06+00:00","og_image":[{"width":500,"height":280,"url":"https:\/\/www.interflora.it\/blog\/wp-content\/uploads\/2026\/01\/Composizione-floreale-di-Amaryllis-rossi-in-una-caraffa-di-vetro-su-un-tavolo-di-legno-rustico-con-sfondo-scuro.png","type":"image\/png"}],"author":"seopiratesagency@gmail.com","twitter_card":"summary_large_image","schema":{"@context":"https:\/\/schema.org","@graph":[{"@type":"Article","@id":"https:\/\/www.interflora.it\/blog\/tutto-sull-amaryllis\/#article","isPartOf":{"@id":"https:\/\/www.interflora.it\/blog\/tutto-sull-amaryllis\/"},"author":{"name":"seopiratesagency@gmail.com","@id":"https:\/\/www.interflora.it\/blog\/#\/schema\/person\/bdecbe733d7bf4b372127b81c5ae0dc8"},"headline":"Tutto quello che c&#8217;\u00e8 da sapere sull&#8217;amaryllis","datePublished":"2026-01-09T17:01:38+00:00","dateModified":"2026-01-09T17:15:06+00:00","mainEntityOfPage":{"@id":"https:\/\/www.interflora.it\/blog\/tutto-sull-amaryllis\/"},"wordCount":1129,"commentCount":0,"publisher":{"@id":"https:\/\/www.interflora.it\/blog\/#organization"},"image":{"@id":"https:\/\/www.interflora.it\/blog\/tutto-sull-amaryllis\/#primaryimage"},"thumbnailUrl":"https:\/\/prodblog.interflora.it\/blog\/wp-content\/uploads\/2026\/01\/Composizione-floreale-di-Amaryllis-rossi-in-una-caraffa-di-vetro-su-un-tavolo-di-legno-rustico-con-sfondo-scuro.png","keywords":["amaryllis"],"articleSection":["Fiori e Piante","Interflora accademy","Inverno"],"inLanguage":"it-IT","potentialAction":[{"@type":"CommentAction","name":"Comment","target":["https:\/\/www.interflora.it\/blog\/tutto-sull-amaryllis\/#respond"]}]},{"@type":"WebPage","@id":"https:\/\/www.interflora.it\/blog\/tutto-sull-amaryllis\/","url":"https:\/\/www.interflora.it\/blog\/tutto-sull-amaryllis\/","name":"Tutto quello che c'\u00e8 da sapere sull'amaryllis - Il blog di Interflora: consigli, idee e ispirazione per godersi fiori e piante","isPartOf":{"@id":"https:\/\/www.interflora.it\/blog\/#website"},"primaryImageOfPage":{"@id":"https:\/\/www.interflora.it\/blog\/tutto-sull-amaryllis\/#primaryimage"},"image":{"@id":"https:\/\/www.interflora.it\/blog\/tutto-sull-amaryllis\/#primaryimage"},"thumbnailUrl":"https:\/\/prodblog.interflora.it\/blog\/wp-content\/uploads\/2026\/01\/Composizione-floreale-di-Amaryllis-rossi-in-una-caraffa-di-vetro-su-un-tavolo-di-legno-rustico-con-sfondo-scuro.png","datePublished":"2026-01-09T17:01:38+00:00","dateModified":"2026-01-09T17:15:06+00:00","description":"Maestoso e simbolico, l\u2019amaryllis illumina l\u2019inverno con i suoi fiori spettacolari. Scopri origini, significato e come prendersene cura al meglio.","breadcrumb":{"@id":"https:\/\/www.interflora.it\/blog\/tutto-sull-amaryllis\/#breadcrumb"},"inLanguage":"it-IT","potentialAction":[{"@type":"ReadAction","target":["https:\/\/www.interflora.it\/blog\/tutto-sull-amaryllis\/"]}]},{"@type":"ImageObject","inLanguage":"it-IT","@id":"https:\/\/www.interflora.it\/blog\/tutto-sull-amaryllis\/#primaryimage","url":"https:\/\/prodblog.interflora.it\/blog\/wp-content\/uploads\/2026\/01\/Composizione-floreale-di-Amaryllis-rossi-in-una-caraffa-di-vetro-su-un-tavolo-di-legno-rustico-con-sfondo-scuro.png","contentUrl":"https:\/\/prodblog.interflora.it\/blog\/wp-content\/uploads\/2026\/01\/Composizione-floreale-di-Amaryllis-rossi-in-una-caraffa-di-vetro-su-un-tavolo-di-legno-rustico-con-sfondo-scuro.png","width":500,"height":280,"caption":"Composizione floreale di Amaryllis rossi in una caraffa di vetro"},{"@type":"BreadcrumbList","@id":"https:\/\/www.interflora.it\/blog\/tutto-sull-amaryllis\/#breadcrumb","itemListElement":[{"@type":"ListItem","position":1,"name":"Home","item":"https:\/\/prodblog.interflora.it\/blog\/"},{"@type":"ListItem","position":2,"name":"Tutto quello che c&#8217;\u00e8 da sapere sull&#8217;amaryllis"}]},{"@type":"WebSite","@id":"https:\/\/www.interflora.it\/blog\/#website","url":"https:\/\/www.interflora.it\/blog\/","name":"Il blog di Interflora: consigli, idee e ispirazione per godersi fiori e piante","description":"","publisher":{"@id":"https:\/\/www.interflora.it\/blog\/#organization"},"potentialAction":[{"@type":"SearchAction","target":{"@type":"EntryPoint","urlTemplate":"https:\/\/www.interflora.it\/blog\/?s={search_term_string}"},"query-input":{"@type":"PropertyValueSpecification","valueRequired":true,"valueName":"search_term_string"}}],"inLanguage":"it-IT"},{"@type":"Organization","@id":"https:\/\/www.interflora.it\/blog\/#organization","name":"Il blog di Interflora: consigli, idee e ispirazione per godersi fiori e piante","url":"https:\/\/www.interflora.it\/blog\/","logo":{"@type":"ImageObject","inLanguage":"it-IT","@id":"https:\/\/www.interflora.it\/blog\/#\/schema\/logo\/image\/","url":"https:\/\/prodblog.interflora.it\/blog\/wp-content\/uploads\/2025\/04\/220221_INTERFLORA_Logo_rgb_Half_Circle-e1670413381661.png","contentUrl":"https:\/\/prodblog.interflora.it\/blog\/wp-content\/uploads\/2025\/04\/220221_INTERFLORA_Logo_rgb_Half_Circle-e1670413381661.png","width":1351,"height":656,"caption":"Il blog di Interflora: consigli, idee e ispirazione per godersi fiori e piante"},"image":{"@id":"https:\/\/www.interflora.it\/blog\/#\/schema\/logo\/image\/"}},{"@type":"Person","@id":"https:\/\/www.interflora.it\/blog\/#\/schema\/person\/bdecbe733d7bf4b372127b81c5ae0dc8","name":"seopiratesagency@gmail.com","image":{"@type":"ImageObject","inLanguage":"it-IT","@id":"https:\/\/www.interflora.it\/blog\/#\/schema\/person\/image\/","url":"https:\/\/secure.gravatar.com\/avatar\/35039e62611f5be8f68880faf9cede58b5e8aab060141b41dc102f700022447c?s=96&d=mm&r=g","contentUrl":"https:\/\/secure.gravatar.com\/avatar\/35039e62611f5be8f68880faf9cede58b5e8aab060141b41dc102f700022447c?s=96&d=mm&r=g","caption":"seopiratesagency@gmail.com"}}]}},"uagb_featured_image_src":{"full":["https:\/\/prodblog.interflora.it\/blog\/wp-content\/uploads\/2026\/01\/Composizione-floreale-di-Amaryllis-rossi-in-una-caraffa-di-vetro-su-un-tavolo-di-legno-rustico-con-sfondo-scuro.png",500,280,false],"thumbnail":["https:\/\/prodblog.interflora.it\/blog\/wp-content\/uploads\/2026\/01\/Composizione-floreale-di-Amaryllis-rossi-in-una-caraffa-di-vetro-su-un-tavolo-di-legno-rustico-con-sfondo-scuro-150x150.png",150,150,true],"medium":["https:\/\/prodblog.interflora.it\/blog\/wp-content\/uploads\/2026\/01\/Composizione-floreale-di-Amaryllis-rossi-in-una-caraffa-di-vetro-su-un-tavolo-di-legno-rustico-con-sfondo-scuro-300x168.png",300,168,true],"medium_large":["https:\/\/prodblog.interflora.it\/blog\/wp-content\/uploads\/2026\/01\/Composizione-floreale-di-Amaryllis-rossi-in-una-caraffa-di-vetro-su-un-tavolo-di-legno-rustico-con-sfondo-scuro.png",500,280,false],"large":["https:\/\/prodblog.interflora.it\/blog\/wp-content\/uploads\/2026\/01\/Composizione-floreale-di-Amaryllis-rossi-in-una-caraffa-di-vetro-su-un-tavolo-di-legno-rustico-con-sfondo-scuro.png",500,280,false],"1536x1536":["https:\/\/prodblog.interflora.it\/blog\/wp-content\/uploads\/2026\/01\/Composizione-floreale-di-Amaryllis-rossi-in-una-caraffa-di-vetro-su-un-tavolo-di-legno-rustico-con-sfondo-scuro.png",500,280,false],"2048x2048":["https:\/\/prodblog.interflora.it\/blog\/wp-content\/uploads\/2026\/01\/Composizione-floreale-di-Amaryllis-rossi-in-una-caraffa-di-vetro-su-un-tavolo-di-legno-rustico-con-sfondo-scuro.png",500,280,false]},"uagb_author_info":{"display_name":"seopiratesagency@gmail.com","author_link":"https:\/\/prodblog.interflora.it\/blog\/author\/seopiratesagencygmail-com\/"},"uagb_comment_info":1,"uagb_excerpt":"Maestosa, questa pianta bulbosa riscalda i cuori in inverno con i suoi fiori generosi dai colori splendenti! Quella che comunemente [&hellip;]","_links":{"self":[{"href":"https:\/\/prodblog.interflora.it\/blog\/wp-json\/wp\/v2\/posts\/33998","targetHints":{"allow":["GET"]}}],"collection":[{"href":"https:\/\/prodblog.interflora.it\/blog\/wp-json\/wp\/v2\/posts"}],"about":[{"href":"https:\/\/prodblog.interflora.it\/blog\/wp-json\/wp\/v2\/types\/post"}],"author":[{"embeddable":true,"href":"https:\/\/prodblog.interflora.it\/blog\/wp-json\/wp\/v2\/users\/10"}],"replies":[{"embeddable":true,"href":"https:\/\/prodblog.interflora.it\/blog\/wp-json\/wp\/v2\/comments?post=33998"}],"version-history":[{"count":3,"href":"https:\/\/prodblog.interflora.it\/blog\/wp-json\/wp\/v2\/posts\/33998\/revisions"}],"predecessor-version":[{"id":34010,"href":"https:\/\/prodblog.interflora.it\/blog\/wp-json\/wp\/v2\/posts\/33998\/revisions\/34010"}],"wp:featuredmedia":[{"embeddable":true,"href":"https:\/\/prodblog.interflora.it\/blog\/wp-json\/wp\/v2\/media\/34006"}],"wp:attachment":[{"href":"https:\/\/prodblog.interflora.it\/blog\/wp-json\/wp\/v2\/media?parent=33998"}],"wp:term":[{"taxonomy":"category","embeddable":true,"href":"https:\/\/prodblog.interflora.it\/blog\/wp-json\/wp\/v2\/categories?post=33998"},{"taxonomy":"post_tag","embeddable":true,"href":"https:\/\/prodblog.interflora.it\/blog\/wp-json\/wp\/v2\/tags?post=33998"}],"curies":[{"name":"wp","href":"https:\/\/api.w.org\/{rel}","templated":true}]}}