{"id":34011,"date":"2026-01-09T18:27:59","date_gmt":"2026-01-09T17:27:59","guid":{"rendered":"https:\/\/www.interflora.it\/blog\/?p=34011"},"modified":"2026-01-09T18:27:59","modified_gmt":"2026-01-09T17:27:59","slug":"cura-amaryllis-fioritura-spettacolare","status":"publish","type":"post","link":"https:\/\/prodblog.interflora.it\/blog\/cura-amaryllis-fioritura-spettacolare\/","title":{"rendered":"La cura dell&#8217;amaryllis per una fioritura spettacolare"},"content":{"rendered":"\n<p>Pianta imperdibile in primavera e in inverno, l&#8217;<strong>amaryllis<\/strong> offre una <strong>fioritura <\/strong>spettacolare. I suoi grandi fiori dai colori vivaci, che vanno dal bianco al rosso passando per le tonalit\u00e0 arancioni, e persino bicolori, illuminano ogni stanza in cui si trovano. Ma, affinch\u00e9 l&#8217;amaryllis fiorisca in tutto il suo splendore, \u00e8 necessario saperla curare nel modo giusto. Scopri l&#8217;<strong>amaryllis cura<\/strong>, il suo <strong>periodo di fioritura<\/strong>, le <strong>cure <\/strong>da adottare e tutti i nostri consigli per vederla rifiorire anno dopo anno.<\/p>\n\n\n\n<h2 class=\"wp-block-heading\">Quando fioriscono gli amaryllis?<\/h2>\n\n\n\n<p>All\u2019interno del ciclo di <strong>amaryllis coltivazione<\/strong>, il periodo di fioritura naturale \u00e8 la <strong>primavera<\/strong>. Tuttavia, \u00e8 comune forzare la pianta a fiorire in inverno.<\/p>\n\n\n\n<p>I bulbi di amaryllis possono essere piantati dall&#8217;autunno, intorno a ottobre, fino al cuore dell&#8217;inverno (gennaio-febbraio). Dopo 8-10 settimane di pazienza e cure adeguate, l&#8217;amarillide fiorir\u00e0. Ricorda quindi di piantare l&#8217;<strong>amaryllis<\/strong> all&#8217;inizio di ottobre per vederlo fiorire a Natale. Per una fioritura primaverile, aspetta febbraio per piantare i bulbi.<\/p>\n\n\n\n<p>Durante i mesi freddi, la <strong>cura dell\u2019amaryllis in inverno<\/strong> \u00e8 fondamentale: l&#8217;<strong>amaryllis \u00e8 una pianta che si coltiva in vaso<\/strong> e principalmente in casa. Sensibile alla temperatura e poco resistente al gelo, durante l&#8217;inverno va tenuta in una stanza luminosa e temperata (circa 20 \u00b0C). Potrai portarla in terrazza o in giardino non appena le temperature superano i 7-10 \u00b0C.<\/p>\n\n\n\n<h2 class=\"wp-block-heading\">Amaryllis come si cura per ottenere una bella fioritura?<\/h2>\n\n\n\n<p>La <strong>cura amaryllis<\/strong> \u00e8 pi\u00f9 semplice di quanto sembri, ma richiede regolarit\u00e0. Sapere davvero <strong>come si cura l\u2019amaryllis<\/strong> permette di evitare gli errori pi\u00f9 comuni e favorire una fioritura abbondante.<\/p>\n\n\n\n<div class=\"wp-block-media-text is-stacked-on-mobile\" style=\"grid-template-columns:40% auto\"><figure class=\"wp-block-media-text__media\"><img loading=\"lazy\" decoding=\"async\" width=\"500\" height=\"547\" src=\"https:\/\/www.interflora.it\/blog\/wp-content\/uploads\/2026\/01\/Singolo-stelo-di-Amaryllis-color-rosso-bordeaux-vellutato-con-stami-gialli-visibili-su-sfondo-grigio-chiaro.jpeg\" alt=\"Singolo stelo di Amaryllis color rosso bordeaux vellutato con stami gialli\" class=\"wp-image-34000 size-full\" srcset=\"https:\/\/prodblog.interflora.it\/blog\/wp-content\/uploads\/2026\/01\/Singolo-stelo-di-Amaryllis-color-rosso-bordeaux-vellutato-con-stami-gialli-visibili-su-sfondo-grigio-chiaro.jpeg 500w, https:\/\/prodblog.interflora.it\/blog\/wp-content\/uploads\/2026\/01\/Singolo-stelo-di-Amaryllis-color-rosso-bordeaux-vellutato-con-stami-gialli-visibili-su-sfondo-grigio-chiaro-274x300.jpeg 274w\" sizes=\"auto, (max-width: 500px) 100vw, 500px\" \/><\/figure><div class=\"wp-block-media-text__content\">\n<ul class=\"wp-block-list\">\n<li><strong>Piantagione in vaso<\/strong>: pianta i bulbi in un vaso con fori di drenaggio e riempito con terriccio per piante da interno. La parte superiore del bulbo deve rimanere all&#8217;aria aperta.<\/li>\n\n\n\n<li><strong>Luce e posizione<\/strong>: colloca la pianta vicino a una finestra luminosa, senza esposizione diretta al sole.<\/li>\n\n\n\n<li><strong>Irrigazione<\/strong>: innaffia con moderazione. Il terreno deve rimanere leggermente umido, mai fradicio. Riduci drasticamente le innaffiature una volta che i fiori sono appassiti.<\/li>\n\n\n\n<li><strong>Concime<\/strong>: dall&#8217;apparizione degli steli fino all&#8217;appassimento, aggiungi un concime liquido per piante da fiore ogni 15 giorni.<\/li>\n<\/ul>\n<\/div><\/div>\n\n\n\n<div style=\"height:30px\" aria-hidden=\"true\" class=\"wp-block-spacer\"><\/div>\n\n\n\n<h2 class=\"wp-block-heading\">Come conservare un amaryllis dopo la fioritura?<\/h2>\n\n\n\n<p>Una volta terminata la fioritura dell&#8217;amaryllis, la tua pianta avr\u00e0 ancora molti anni davanti a s\u00e9. Prenditi cura di lei e ti regaler\u00e0 nuove fioriture.<\/p>\n\n\n\n<p><strong>Quando si tagliano le foglie dell\u2019amaryllis?<\/strong><\/p>\n\n\n\n<div class=\"wp-block-media-text is-stacked-on-mobile\" style=\"grid-template-columns:40% auto\"><figure class=\"wp-block-media-text__media\"><img loading=\"lazy\" decoding=\"async\" width=\"500\" height=\"500\" src=\"https:\/\/www.interflora.it\/blog\/wp-content\/uploads\/2026\/01\/Bouquet-di-Amaryllis-rosa-e-arancio-in-un-vaso-cilindrico-su-una-scrivania-in-legno-accanto-a-libri-di-design-e-una-candela.jpg\" alt=\"Bouquet di Amaryllis rosa e arancio in un vaso cilindrico su una scrivania in legno accanto a libri di design e una candela\" class=\"wp-image-34001 size-full\" srcset=\"https:\/\/prodblog.interflora.it\/blog\/wp-content\/uploads\/2026\/01\/Bouquet-di-Amaryllis-rosa-e-arancio-in-un-vaso-cilindrico-su-una-scrivania-in-legno-accanto-a-libri-di-design-e-una-candela.jpg 500w, https:\/\/prodblog.interflora.it\/blog\/wp-content\/uploads\/2026\/01\/Bouquet-di-Amaryllis-rosa-e-arancio-in-un-vaso-cilindrico-su-una-scrivania-in-legno-accanto-a-libri-di-design-e-una-candela-300x300.jpg 300w, https:\/\/prodblog.interflora.it\/blog\/wp-content\/uploads\/2026\/01\/Bouquet-di-Amaryllis-rosa-e-arancio-in-un-vaso-cilindrico-su-una-scrivania-in-legno-accanto-a-libri-di-design-e-una-candela-150x150.jpg 150w\" sizes=\"auto, (max-width: 500px) 100vw, 500px\" \/><\/figure><div class=\"wp-block-media-text__content\">\n<ul class=\"wp-block-list\">\n<li>Il <strong>gambo fiorale va tagliato<\/strong> solo quando \u00e8 ingiallito, mentre le foglie non devono essere rimosse finch\u00e9 non diventano completamente gialle.<\/li>\n\n\n\n<li><strong>Innaffia la pianta con moderazione<\/strong>, ma regolarmente. Aggiungi un fertilizzante bilanciato una o due volte al mese per preparare una bella fioritura l&#8217;anno successivo.<\/li>\n\n\n\n<li><strong>Colloca l\u2019amaryllis in un luogo molto soleggiato<\/strong>: questo favorir\u00e0 lo sviluppo del fogliame che, grazie alla fotosintesi, immagazzina energia.<\/li>\n\n\n\n<li><strong>Taglia le foglie <\/strong>una volta che sono ingiallite e interrompi&nbsp; l&#8217;irrigazione: l\u2019<strong>amaryllis<\/strong> entrer\u00e0 in letargo per 2-3 mesi.<\/li>\n\n\n\n<li><strong>Colloca il vaso in un luogo fresco<\/strong>, asciutto e buio per 8-10 settimane. Puoi anche estrarre il bulbo dal terreno: asciugatelo, puliscilo delicatamente e conservalo in un sacchetto di carta in un luogo fresco e asciutto (10-15 \u00b0C).<\/li>\n<\/ul>\n<\/div><\/div>\n\n\n\n<div style=\"height:30px\" aria-hidden=\"true\" class=\"wp-block-spacer\"><\/div>\n\n\n\n<p>Questo periodo di riposo \u00e8 fondamentale: \u00e8 il segreto per far rifiorire le amarillidi. Potrai riprendere l&#8217;irrigazione quando apparir\u00e0 un nuovo germoglio. Hai altri dubbi? Consulta la nostra guida sull\u2019<a href=\"https:\/\/www.interflora.it\/blog\/tutto-sull-amaryllis\/\"><strong>amaryllis fiore<\/strong><\/a>.<\/p>\n\n\n\n<h2 class=\"wp-block-heading\">Un amaryllis pu\u00f2 fiorire pi\u00f9 volte?<\/h2>\n\n\n\n<p>Per la gioia degli amanti degli <strong>amaryllis<\/strong>, s\u00ec. Un bulbo di amaryllis pu\u00f2 fiorire pi\u00f9 volte nel corso della sua vita, a condizione che la <strong>cura amaryllis<\/strong> sia costante e corretta. Dopo la prima fioritura, entra in una fase di riposo che gli permette di ricaricarsi di energia per rifiorire l&#8217;anno successivo.<\/p>\n\n\n\n<h2 class=\"wp-block-heading\">Come forzare la fioritura di un bulbo di amaryllis?<\/h2>\n\n\n\n<p>\u00c8 possibile <strong>forzare lo sviluppo di un bulbo di amaryllis<\/strong> per una fioritura anticipata, per esempio a Natale, oppure per ottenere una seconda fioritura alcuni mesi dopo la prima.<br>Chi desidera sperimentare la riproduzione pu\u00f2 anche chiedersi <strong>quando piantare i semi di amaryllis<\/strong>, tenendo presente che i tempi di fioritura saranno pi\u00f9 lunghi rispetto ai bulbi.<br><br>Tuttavia, ci\u00f2 richiede una buona conoscenza del ciclo della pianta.<\/p>\n\n\n\n<div class=\"wp-block-media-text is-stacked-on-mobile\" style=\"grid-template-columns:40% auto\"><figure class=\"wp-block-media-text__media\"><img loading=\"lazy\" decoding=\"async\" width=\"500\" height=\"500\" src=\"https:\/\/www.interflora.it\/blog\/wp-content\/uploads\/2026\/01\/Dettaglio-ravvicinato-di-un-bouquet-di-Amaryllis-rosa-striati-e-bianchi-arricchito-con-rami-di-felce-verde-soffice.jpg\" alt=\"Dettaglio ravvicinato di un bouquet di Amaryllis rosa striati e bianchi arricchito con rami di felce verde soffice\" class=\"wp-image-34002 size-full\" srcset=\"https:\/\/prodblog.interflora.it\/blog\/wp-content\/uploads\/2026\/01\/Dettaglio-ravvicinato-di-un-bouquet-di-Amaryllis-rosa-striati-e-bianchi-arricchito-con-rami-di-felce-verde-soffice.jpg 500w, https:\/\/prodblog.interflora.it\/blog\/wp-content\/uploads\/2026\/01\/Dettaglio-ravvicinato-di-un-bouquet-di-Amaryllis-rosa-striati-e-bianchi-arricchito-con-rami-di-felce-verde-soffice-300x300.jpg 300w, https:\/\/prodblog.interflora.it\/blog\/wp-content\/uploads\/2026\/01\/Dettaglio-ravvicinato-di-un-bouquet-di-Amaryllis-rosa-striati-e-bianchi-arricchito-con-rami-di-felce-verde-soffice-150x150.jpg 150w\" sizes=\"auto, (max-width: 500px) 100vw, 500px\" \/><\/figure><div class=\"wp-block-media-text__content\">\n<ul class=\"wp-block-list\">\n<li><strong>Fase di riposo<\/strong>: dopo la fioritura, lascia ingiallire il fogliame, quindi taglialo. Metti poi il bulbo in un luogo fresco (10-15 \u00b0C), asciutto e buio per almeno 8 settimane.<\/li>\n\n\n\n<li><strong>Risveglio graduale<\/strong>: rinvasa il bulbo in un substrato fresco e leggermente umido, senza affondarlo troppo (il terzo superiore deve rimanere visibile).<\/li>\n\n\n\n<li><strong>Calore e luce<\/strong>: riponi il vaso in una stanza luminosa e temperata. Due o tre settimane dopo, dovrebbe apparire un nuovo stelo fiorale.<\/li>\n<\/ul>\n<\/div><\/div>\n\n\n\n<div style=\"height:30px\" aria-hidden=\"true\" class=\"wp-block-spacer\"><\/div>\n\n\n\n<h2 class=\"wp-block-heading\">Perch\u00e9 il mio amaryllis non fiorisce?<\/h2>\n\n\n\n<p>Non spunta nessun gambo floreale? Il tuo amaryllis produce solo foglie? Ci sono diverse ragioni che possono spiegare questo capriccio.<\/p>\n\n\n\n<ul class=\"wp-block-list\">\n<li><strong>Mancanza di luce<\/strong>: \u00e8 la causa pi\u00f9 comune. Senza luce a sufficienza, il bulbo non produce le riserve necessarie alla fioritura.<\/li>\n\n\n\n<li><strong>Assenza di riposo invernale<\/strong>: la fase di dormienza \u00e8 indispensabile per stimolare la fioritura successiva.<\/li>\n\n\n\n<li><strong>Concime inadeguato<\/strong>: un eccesso di azoto favorisce le foglie a scapito dei fiori.<\/li>\n\n\n\n<li>Irrigazione eccessiva: un terreno troppo umido provoca la putrefazione del bulbo. In questo caso, sar\u00e0 necessario ripiantare un nuovo bulbo.<\/li>\n<\/ul>\n\n\n\n<p>Concedigli un ciclo completo di riposo e ripresa e il tuo amaryllis rifiorir\u00e0 con ancora pi\u00f9.<\/p>\n\n\n\n<p>E se sei curiosa di conoscere che significato ha questo bellissimo fiore, non perderti il nostro articolo sul <a href=\"https:\/\/www.interflora.it\/linguaggiodellamaryllis\"><strong>significato dell\u2019amaryllis<\/strong><\/a>.<\/p>\n","protected":false},"excerpt":{"rendered":"<p>Pianta imperdibile in primavera e in inverno, l&#8217;amaryllis offre una fioritura spettacolare. I suoi grandi fiori dai colori vivaci, che [&hellip;]<\/p>\n","protected":false},"author":10,"featured_media":33999,"comment_status":"open","ping_status":"open","sticky":false,"template":"","format":"standard","meta":{"_uag_custom_page_level_css":"","site-sidebar-layout":"default","site-content-layout":"","ast-site-content-layout":"default","site-content-style":"default","site-sidebar-style":"default","ast-global-header-display":"","ast-banner-title-visibility":"","ast-main-header-display":"","ast-hfb-above-header-display":"","ast-hfb-below-header-display":"","ast-hfb-mobile-header-display":"","site-post-title":"","ast-breadcrumbs-content":"","ast-featured-img":"","footer-sml-layout":"","ast-disable-related-posts":"","theme-transparent-header-meta":"","adv-header-id-meta":"","stick-header-meta":"","header-above-stick-meta":"","header-main-stick-meta":"","header-below-stick-meta":"","astra-migrate-meta-layouts":"default","ast-page-background-enabled":"default","ast-page-background-meta":{"desktop":{"background-color":"var(--ast-global-color-5)","background-image":"","background-repeat":"repeat","background-position":"center center","background-size":"auto","background-attachment":"scroll","background-type":"","background-media":"","overlay-type":"","overlay-color":"","overlay-opacity":"","overlay-gradient":""},"tablet":{"background-color":"","background-image":"","background-repeat":"repeat","background-position":"center center","background-size":"auto","background-attachment":"scroll","background-type":"","background-media":"","overlay-type":"","overlay-color":"","overlay-opacity":"","overlay-gradient":""},"mobile":{"background-color":"","background-image":"","background-repeat":"repeat","background-position":"center center","background-size":"auto","background-attachment":"scroll","background-type":"","background-media":"","overlay-type":"","overlay-color":"","overlay-opacity":"","overlay-gradient":""}},"ast-content-background-meta":{"desktop":{"background-color":"var(--ast-global-color-4)","background-image":"","background-repeat":"repeat","background-position":"center center","background-size":"auto","background-attachment":"scroll","background-type":"","background-media":"","overlay-type":"","overlay-color":"","overlay-opacity":"","overlay-gradient":""},"tablet":{"background-color":"var(--ast-global-color-4)","background-image":"","background-repeat":"repeat","background-position":"center center","background-size":"auto","background-attachment":"scroll","background-type":"","background-media":"","overlay-type":"","overlay-color":"","overlay-opacity":"","overlay-gradient":""},"mobile":{"background-color":"var(--ast-global-color-4)","background-image":"","background-repeat":"repeat","background-position":"center center","background-size":"auto","background-attachment":"scroll","background-type":"","background-media":"","overlay-type":"","overlay-color":"","overlay-opacity":"","overlay-gradient":""}},"footnotes":""},"categories":[198,165,196],"tags":[288],"class_list":["post-34011","post","type-post","status-publish","format-standard","has-post-thumbnail","hentry","category-cura","category-fiori","category-inverno","tag-amaryllis"],"yoast_head":"<!-- This site is optimized with the Yoast SEO plugin v26.4 - https:\/\/yoast.com\/wordpress\/plugins\/seo\/ -->\n<title>La cura dell&#039;amaryllis per una fioritura spettacolare - Il blog di Interflora: consigli, idee e ispirazione per godersi fiori e piante<\/title>\n<meta name=\"description\" content=\"Vuoi un amaryllis sempre in fiore? Scopri la cura giusta, il periodo di fioritura e tutti i consigli per far rifiorire il bulbo anno dopo anno.\" \/>\n<meta name=\"robots\" content=\"index, follow, max-snippet:-1, max-image-preview:large, max-video-preview:-1\" \/>\n<link rel=\"canonical\" href=\"https:\/\/www.interflora.it\/blog\/cura-amaryllis-fioritura-spettacolare\/\" \/>\n<meta property=\"og:locale\" content=\"it_IT\" \/>\n<meta property=\"og:type\" content=\"article\" \/>\n<meta property=\"og:title\" content=\"La cura dell&#039;amaryllis per una fioritura spettacolare - Il blog di Interflora: consigli, idee e ispirazione per godersi fiori e piante\" \/>\n<meta property=\"og:description\" content=\"Vuoi un amaryllis sempre in fiore? Scopri la cura giusta, il periodo di fioritura e tutti i consigli per far rifiorire il bulbo anno dopo anno.\" \/>\n<meta property=\"og:url\" content=\"https:\/\/www.interflora.it\/blog\/cura-amaryllis-fioritura-spettacolare\/\" \/>\n<meta property=\"og:site_name\" content=\"Il blog di Interflora: consigli, idee e ispirazione per godersi fiori e piante\" \/>\n<meta property=\"article:published_time\" content=\"2026-01-09T17:27:59+00:00\" \/>\n<meta property=\"og:image\" content=\"https:\/\/www.interflora.it\/blog\/wp-content\/uploads\/2026\/01\/Persona-che-tiene-tra-le-mani-un-grande-mazzo-di-Amaryllis-rossi-freschi-ideale-come-regalo-di-Natale.jpg\" \/>\n\t<meta property=\"og:image:width\" content=\"500\" \/>\n\t<meta property=\"og:image:height\" content=\"333\" \/>\n\t<meta property=\"og:image:type\" content=\"image\/jpeg\" \/>\n<meta name=\"author\" content=\"seopiratesagency@gmail.com\" \/>\n<meta name=\"twitter:card\" content=\"summary_large_image\" \/>\n<script type=\"application\/ld+json\" class=\"yoast-schema-graph\">{\"@context\":\"https:\/\/schema.org\",\"@graph\":[{\"@type\":\"Article\",\"@id\":\"https:\/\/www.interflora.it\/blog\/cura-amaryllis-fioritura-spettacolare\/#article\",\"isPartOf\":{\"@id\":\"https:\/\/www.interflora.it\/blog\/cura-amaryllis-fioritura-spettacolare\/\"},\"author\":{\"name\":\"seopiratesagency@gmail.com\",\"@id\":\"https:\/\/www.interflora.it\/blog\/#\/schema\/person\/bdecbe733d7bf4b372127b81c5ae0dc8\"},\"headline\":\"La cura dell&#8217;amaryllis per una fioritura spettacolare\",\"datePublished\":\"2026-01-09T17:27:59+00:00\",\"mainEntityOfPage\":{\"@id\":\"https:\/\/www.interflora.it\/blog\/cura-amaryllis-fioritura-spettacolare\/\"},\"wordCount\":887,\"commentCount\":0,\"publisher\":{\"@id\":\"https:\/\/www.interflora.it\/blog\/#organization\"},\"image\":{\"@id\":\"https:\/\/www.interflora.it\/blog\/cura-amaryllis-fioritura-spettacolare\/#primaryimage\"},\"thumbnailUrl\":\"https:\/\/prodblog.interflora.it\/blog\/wp-content\/uploads\/2026\/01\/Persona-che-tiene-tra-le-mani-un-grande-mazzo-di-Amaryllis-rossi-freschi-ideale-come-regalo-di-Natale.jpg\",\"keywords\":[\"amaryllis\"],\"articleSection\":[\"Cura\",\"Fiori e Piante\",\"Inverno\"],\"inLanguage\":\"it-IT\",\"potentialAction\":[{\"@type\":\"CommentAction\",\"name\":\"Comment\",\"target\":[\"https:\/\/www.interflora.it\/blog\/cura-amaryllis-fioritura-spettacolare\/#respond\"]}]},{\"@type\":\"WebPage\",\"@id\":\"https:\/\/www.interflora.it\/blog\/cura-amaryllis-fioritura-spettacolare\/\",\"url\":\"https:\/\/www.interflora.it\/blog\/cura-amaryllis-fioritura-spettacolare\/\",\"name\":\"La cura dell'amaryllis per una fioritura spettacolare - Il blog di Interflora: consigli, idee e ispirazione per godersi fiori e piante\",\"isPartOf\":{\"@id\":\"https:\/\/www.interflora.it\/blog\/#website\"},\"primaryImageOfPage\":{\"@id\":\"https:\/\/www.interflora.it\/blog\/cura-amaryllis-fioritura-spettacolare\/#primaryimage\"},\"image\":{\"@id\":\"https:\/\/www.interflora.it\/blog\/cura-amaryllis-fioritura-spettacolare\/#primaryimage\"},\"thumbnailUrl\":\"https:\/\/prodblog.interflora.it\/blog\/wp-content\/uploads\/2026\/01\/Persona-che-tiene-tra-le-mani-un-grande-mazzo-di-Amaryllis-rossi-freschi-ideale-come-regalo-di-Natale.jpg\",\"datePublished\":\"2026-01-09T17:27:59+00:00\",\"description\":\"Vuoi un amaryllis sempre in fiore? Scopri la cura giusta, il periodo di fioritura e tutti i consigli per far rifiorire il bulbo anno dopo anno.\",\"breadcrumb\":{\"@id\":\"https:\/\/www.interflora.it\/blog\/cura-amaryllis-fioritura-spettacolare\/#breadcrumb\"},\"inLanguage\":\"it-IT\",\"potentialAction\":[{\"@type\":\"ReadAction\",\"target\":[\"https:\/\/www.interflora.it\/blog\/cura-amaryllis-fioritura-spettacolare\/\"]}]},{\"@type\":\"ImageObject\",\"inLanguage\":\"it-IT\",\"@id\":\"https:\/\/www.interflora.it\/blog\/cura-amaryllis-fioritura-spettacolare\/#primaryimage\",\"url\":\"https:\/\/prodblog.interflora.it\/blog\/wp-content\/uploads\/2026\/01\/Persona-che-tiene-tra-le-mani-un-grande-mazzo-di-Amaryllis-rossi-freschi-ideale-come-regalo-di-Natale.jpg\",\"contentUrl\":\"https:\/\/prodblog.interflora.it\/blog\/wp-content\/uploads\/2026\/01\/Persona-che-tiene-tra-le-mani-un-grande-mazzo-di-Amaryllis-rossi-freschi-ideale-come-regalo-di-Natale.jpg\",\"width\":500,\"height\":333,\"caption\":\"Persona che tiene tra le mani un grande mazzo di Amaryllis rossi freschi\"},{\"@type\":\"BreadcrumbList\",\"@id\":\"https:\/\/www.interflora.it\/blog\/cura-amaryllis-fioritura-spettacolare\/#breadcrumb\",\"itemListElement\":[{\"@type\":\"ListItem\",\"position\":1,\"name\":\"Home\",\"item\":\"https:\/\/prodblog.interflora.it\/blog\/\"},{\"@type\":\"ListItem\",\"position\":2,\"name\":\"La cura dell&#8217;amaryllis per una fioritura spettacolare\"}]},{\"@type\":\"WebSite\",\"@id\":\"https:\/\/www.interflora.it\/blog\/#website\",\"url\":\"https:\/\/www.interflora.it\/blog\/\",\"name\":\"Il blog di Interflora: consigli, idee e ispirazione per godersi fiori e piante\",\"description\":\"\",\"publisher\":{\"@id\":\"https:\/\/www.interflora.it\/blog\/#organization\"},\"potentialAction\":[{\"@type\":\"SearchAction\",\"target\":{\"@type\":\"EntryPoint\",\"urlTemplate\":\"https:\/\/www.interflora.it\/blog\/?s={search_term_string}\"},\"query-input\":{\"@type\":\"PropertyValueSpecification\",\"valueRequired\":true,\"valueName\":\"search_term_string\"}}],\"inLanguage\":\"it-IT\"},{\"@type\":\"Organization\",\"@id\":\"https:\/\/www.interflora.it\/blog\/#organization\",\"name\":\"Il blog di Interflora: consigli, idee e ispirazione per godersi fiori e piante\",\"url\":\"https:\/\/www.interflora.it\/blog\/\",\"logo\":{\"@type\":\"ImageObject\",\"inLanguage\":\"it-IT\",\"@id\":\"https:\/\/www.interflora.it\/blog\/#\/schema\/logo\/image\/\",\"url\":\"https:\/\/prodblog.interflora.it\/blog\/wp-content\/uploads\/2025\/04\/220221_INTERFLORA_Logo_rgb_Half_Circle-e1670413381661.png\",\"contentUrl\":\"https:\/\/prodblog.interflora.it\/blog\/wp-content\/uploads\/2025\/04\/220221_INTERFLORA_Logo_rgb_Half_Circle-e1670413381661.png\",\"width\":1351,\"height\":656,\"caption\":\"Il blog di Interflora: consigli, idee e ispirazione per godersi fiori e piante\"},\"image\":{\"@id\":\"https:\/\/www.interflora.it\/blog\/#\/schema\/logo\/image\/\"}},{\"@type\":\"Person\",\"@id\":\"https:\/\/www.interflora.it\/blog\/#\/schema\/person\/bdecbe733d7bf4b372127b81c5ae0dc8\",\"name\":\"seopiratesagency@gmail.com\",\"image\":{\"@type\":\"ImageObject\",\"inLanguage\":\"it-IT\",\"@id\":\"https:\/\/www.interflora.it\/blog\/#\/schema\/person\/image\/\",\"url\":\"https:\/\/secure.gravatar.com\/avatar\/35039e62611f5be8f68880faf9cede58b5e8aab060141b41dc102f700022447c?s=96&d=mm&r=g\",\"contentUrl\":\"https:\/\/secure.gravatar.com\/avatar\/35039e62611f5be8f68880faf9cede58b5e8aab060141b41dc102f700022447c?s=96&d=mm&r=g\",\"caption\":\"seopiratesagency@gmail.com\"}}]}<\/script>\n<!-- \/ Yoast SEO plugin. -->","yoast_head_json":{"title":"La cura dell'amaryllis per una fioritura spettacolare - Il blog di Interflora: consigli, idee e ispirazione per godersi fiori e piante","description":"Vuoi un amaryllis sempre in fiore? Scopri la cura giusta, il periodo di fioritura e tutti i consigli per far rifiorire il bulbo anno dopo anno.","robots":{"index":"index","follow":"follow","max-snippet":"max-snippet:-1","max-image-preview":"max-image-preview:large","max-video-preview":"max-video-preview:-1"},"canonical":"https:\/\/www.interflora.it\/blog\/cura-amaryllis-fioritura-spettacolare\/","og_locale":"it_IT","og_type":"article","og_title":"La cura dell'amaryllis per una fioritura spettacolare - Il blog di Interflora: consigli, idee e ispirazione per godersi fiori e piante","og_description":"Vuoi un amaryllis sempre in fiore? Scopri la cura giusta, il periodo di fioritura e tutti i consigli per far rifiorire il bulbo anno dopo anno.","og_url":"https:\/\/www.interflora.it\/blog\/cura-amaryllis-fioritura-spettacolare\/","og_site_name":"Il blog di Interflora: consigli, idee e ispirazione per godersi fiori e piante","article_published_time":"2026-01-09T17:27:59+00:00","og_image":[{"width":500,"height":333,"url":"https:\/\/www.interflora.it\/blog\/wp-content\/uploads\/2026\/01\/Persona-che-tiene-tra-le-mani-un-grande-mazzo-di-Amaryllis-rossi-freschi-ideale-come-regalo-di-Natale.jpg","type":"image\/jpeg"}],"author":"seopiratesagency@gmail.com","twitter_card":"summary_large_image","schema":{"@context":"https:\/\/schema.org","@graph":[{"@type":"Article","@id":"https:\/\/www.interflora.it\/blog\/cura-amaryllis-fioritura-spettacolare\/#article","isPartOf":{"@id":"https:\/\/www.interflora.it\/blog\/cura-amaryllis-fioritura-spettacolare\/"},"author":{"name":"seopiratesagency@gmail.com","@id":"https:\/\/www.interflora.it\/blog\/#\/schema\/person\/bdecbe733d7bf4b372127b81c5ae0dc8"},"headline":"La cura dell&#8217;amaryllis per una fioritura spettacolare","datePublished":"2026-01-09T17:27:59+00:00","mainEntityOfPage":{"@id":"https:\/\/www.interflora.it\/blog\/cura-amaryllis-fioritura-spettacolare\/"},"wordCount":887,"commentCount":0,"publisher":{"@id":"https:\/\/www.interflora.it\/blog\/#organization"},"image":{"@id":"https:\/\/www.interflora.it\/blog\/cura-amaryllis-fioritura-spettacolare\/#primaryimage"},"thumbnailUrl":"https:\/\/prodblog.interflora.it\/blog\/wp-content\/uploads\/2026\/01\/Persona-che-tiene-tra-le-mani-un-grande-mazzo-di-Amaryllis-rossi-freschi-ideale-come-regalo-di-Natale.jpg","keywords":["amaryllis"],"articleSection":["Cura","Fiori e Piante","Inverno"],"inLanguage":"it-IT","potentialAction":[{"@type":"CommentAction","name":"Comment","target":["https:\/\/www.interflora.it\/blog\/cura-amaryllis-fioritura-spettacolare\/#respond"]}]},{"@type":"WebPage","@id":"https:\/\/www.interflora.it\/blog\/cura-amaryllis-fioritura-spettacolare\/","url":"https:\/\/www.interflora.it\/blog\/cura-amaryllis-fioritura-spettacolare\/","name":"La cura dell'amaryllis per una fioritura spettacolare - Il blog di Interflora: consigli, idee e ispirazione per godersi fiori e piante","isPartOf":{"@id":"https:\/\/www.interflora.it\/blog\/#website"},"primaryImageOfPage":{"@id":"https:\/\/www.interflora.it\/blog\/cura-amaryllis-fioritura-spettacolare\/#primaryimage"},"image":{"@id":"https:\/\/www.interflora.it\/blog\/cura-amaryllis-fioritura-spettacolare\/#primaryimage"},"thumbnailUrl":"https:\/\/prodblog.interflora.it\/blog\/wp-content\/uploads\/2026\/01\/Persona-che-tiene-tra-le-mani-un-grande-mazzo-di-Amaryllis-rossi-freschi-ideale-come-regalo-di-Natale.jpg","datePublished":"2026-01-09T17:27:59+00:00","description":"Vuoi un amaryllis sempre in fiore? Scopri la cura giusta, il periodo di fioritura e tutti i consigli per far rifiorire il bulbo anno dopo anno.","breadcrumb":{"@id":"https:\/\/www.interflora.it\/blog\/cura-amaryllis-fioritura-spettacolare\/#breadcrumb"},"inLanguage":"it-IT","potentialAction":[{"@type":"ReadAction","target":["https:\/\/www.interflora.it\/blog\/cura-amaryllis-fioritura-spettacolare\/"]}]},{"@type":"ImageObject","inLanguage":"it-IT","@id":"https:\/\/www.interflora.it\/blog\/cura-amaryllis-fioritura-spettacolare\/#primaryimage","url":"https:\/\/prodblog.interflora.it\/blog\/wp-content\/uploads\/2026\/01\/Persona-che-tiene-tra-le-mani-un-grande-mazzo-di-Amaryllis-rossi-freschi-ideale-come-regalo-di-Natale.jpg","contentUrl":"https:\/\/prodblog.interflora.it\/blog\/wp-content\/uploads\/2026\/01\/Persona-che-tiene-tra-le-mani-un-grande-mazzo-di-Amaryllis-rossi-freschi-ideale-come-regalo-di-Natale.jpg","width":500,"height":333,"caption":"Persona che tiene tra le mani un grande mazzo di Amaryllis rossi freschi"},{"@type":"BreadcrumbList","@id":"https:\/\/www.interflora.it\/blog\/cura-amaryllis-fioritura-spettacolare\/#breadcrumb","itemListElement":[{"@type":"ListItem","position":1,"name":"Home","item":"https:\/\/prodblog.interflora.it\/blog\/"},{"@type":"ListItem","position":2,"name":"La cura dell&#8217;amaryllis per una fioritura spettacolare"}]},{"@type":"WebSite","@id":"https:\/\/www.interflora.it\/blog\/#website","url":"https:\/\/www.interflora.it\/blog\/","name":"Il blog di Interflora: consigli, idee e ispirazione per godersi fiori e piante","description":"","publisher":{"@id":"https:\/\/www.interflora.it\/blog\/#organization"},"potentialAction":[{"@type":"SearchAction","target":{"@type":"EntryPoint","urlTemplate":"https:\/\/www.interflora.it\/blog\/?s={search_term_string}"},"query-input":{"@type":"PropertyValueSpecification","valueRequired":true,"valueName":"search_term_string"}}],"inLanguage":"it-IT"},{"@type":"Organization","@id":"https:\/\/www.interflora.it\/blog\/#organization","name":"Il blog di Interflora: consigli, idee e ispirazione per godersi fiori e piante","url":"https:\/\/www.interflora.it\/blog\/","logo":{"@type":"ImageObject","inLanguage":"it-IT","@id":"https:\/\/www.interflora.it\/blog\/#\/schema\/logo\/image\/","url":"https:\/\/prodblog.interflora.it\/blog\/wp-content\/uploads\/2025\/04\/220221_INTERFLORA_Logo_rgb_Half_Circle-e1670413381661.png","contentUrl":"https:\/\/prodblog.interflora.it\/blog\/wp-content\/uploads\/2025\/04\/220221_INTERFLORA_Logo_rgb_Half_Circle-e1670413381661.png","width":1351,"height":656,"caption":"Il blog di Interflora: consigli, idee e ispirazione per godersi fiori e piante"},"image":{"@id":"https:\/\/www.interflora.it\/blog\/#\/schema\/logo\/image\/"}},{"@type":"Person","@id":"https:\/\/www.interflora.it\/blog\/#\/schema\/person\/bdecbe733d7bf4b372127b81c5ae0dc8","name":"seopiratesagency@gmail.com","image":{"@type":"ImageObject","inLanguage":"it-IT","@id":"https:\/\/www.interflora.it\/blog\/#\/schema\/person\/image\/","url":"https:\/\/secure.gravatar.com\/avatar\/35039e62611f5be8f68880faf9cede58b5e8aab060141b41dc102f700022447c?s=96&d=mm&r=g","contentUrl":"https:\/\/secure.gravatar.com\/avatar\/35039e62611f5be8f68880faf9cede58b5e8aab060141b41dc102f700022447c?s=96&d=mm&r=g","caption":"seopiratesagency@gmail.com"}}]}},"uagb_featured_image_src":{"full":["https:\/\/prodblog.interflora.it\/blog\/wp-content\/uploads\/2026\/01\/Persona-che-tiene-tra-le-mani-un-grande-mazzo-di-Amaryllis-rossi-freschi-ideale-come-regalo-di-Natale.jpg",500,333,false],"thumbnail":["https:\/\/prodblog.interflora.it\/blog\/wp-content\/uploads\/2026\/01\/Persona-che-tiene-tra-le-mani-un-grande-mazzo-di-Amaryllis-rossi-freschi-ideale-come-regalo-di-Natale-150x150.jpg",150,150,true],"medium":["https:\/\/prodblog.interflora.it\/blog\/wp-content\/uploads\/2026\/01\/Persona-che-tiene-tra-le-mani-un-grande-mazzo-di-Amaryllis-rossi-freschi-ideale-come-regalo-di-Natale-300x200.jpg",300,200,true],"medium_large":["https:\/\/prodblog.interflora.it\/blog\/wp-content\/uploads\/2026\/01\/Persona-che-tiene-tra-le-mani-un-grande-mazzo-di-Amaryllis-rossi-freschi-ideale-come-regalo-di-Natale.jpg",500,333,false],"large":["https:\/\/prodblog.interflora.it\/blog\/wp-content\/uploads\/2026\/01\/Persona-che-tiene-tra-le-mani-un-grande-mazzo-di-Amaryllis-rossi-freschi-ideale-come-regalo-di-Natale.jpg",500,333,false],"1536x1536":["https:\/\/prodblog.interflora.it\/blog\/wp-content\/uploads\/2026\/01\/Persona-che-tiene-tra-le-mani-un-grande-mazzo-di-Amaryllis-rossi-freschi-ideale-come-regalo-di-Natale.jpg",500,333,false],"2048x2048":["https:\/\/prodblog.interflora.it\/blog\/wp-content\/uploads\/2026\/01\/Persona-che-tiene-tra-le-mani-un-grande-mazzo-di-Amaryllis-rossi-freschi-ideale-come-regalo-di-Natale.jpg",500,333,false]},"uagb_author_info":{"display_name":"seopiratesagency@gmail.com","author_link":"https:\/\/prodblog.interflora.it\/blog\/author\/seopiratesagencygmail-com\/"},"uagb_comment_info":0,"uagb_excerpt":"Pianta imperdibile in primavera e in inverno, l&#8217;amaryllis offre una fioritura spettacolare. I suoi grandi fiori dai colori vivaci, che [&hellip;]","_links":{"self":[{"href":"https:\/\/prodblog.interflora.it\/blog\/wp-json\/wp\/v2\/posts\/34011","targetHints":{"allow":["GET"]}}],"collection":[{"href":"https:\/\/prodblog.interflora.it\/blog\/wp-json\/wp\/v2\/posts"}],"about":[{"href":"https:\/\/prodblog.interflora.it\/blog\/wp-json\/wp\/v2\/types\/post"}],"author":[{"embeddable":true,"href":"https:\/\/prodblog.interflora.it\/blog\/wp-json\/wp\/v2\/users\/10"}],"replies":[{"embeddable":true,"href":"https:\/\/prodblog.interflora.it\/blog\/wp-json\/wp\/v2\/comments?post=34011"}],"version-history":[{"count":1,"href":"https:\/\/prodblog.interflora.it\/blog\/wp-json\/wp\/v2\/posts\/34011\/revisions"}],"predecessor-version":[{"id":34012,"href":"https:\/\/prodblog.interflora.it\/blog\/wp-json\/wp\/v2\/posts\/34011\/revisions\/34012"}],"wp:featuredmedia":[{"embeddable":true,"href":"https:\/\/prodblog.interflora.it\/blog\/wp-json\/wp\/v2\/media\/33999"}],"wp:attachment":[{"href":"https:\/\/prodblog.interflora.it\/blog\/wp-json\/wp\/v2\/media?parent=34011"}],"wp:term":[{"taxonomy":"category","embeddable":true,"href":"https:\/\/prodblog.interflora.it\/blog\/wp-json\/wp\/v2\/categories?post=34011"},{"taxonomy":"post_tag","embeddable":true,"href":"https:\/\/prodblog.interflora.it\/blog\/wp-json\/wp\/v2\/tags?post=34011"}],"curies":[{"name":"wp","href":"https:\/\/api.w.org\/{rel}","templated":true}]}}