{"id":5291,"date":"2023-07-24T15:32:32","date_gmt":"2023-07-24T13:32:32","guid":{"rendered":"https:\/\/blog.interflora.it\/?p=5291"},"modified":"2025-08-11T16:02:28","modified_gmt":"2025-08-11T14:02:28","slug":"fiori-secchi-per-un-matrimonio-bouquet-e-decorazioni","status":"publish","type":"post","link":"https:\/\/prodblog.interflora.it\/blog\/fiori-secchi-per-un-matrimonio-bouquet-e-decorazioni\/","title":{"rendered":"Fiori secchi per un matrimonio: bouquet e decorazioni"},"content":{"rendered":"\n<p>I <strong>fiori secchi <\/strong>sono di grande tendenza per le cerimonie nuziali in campagna, cos\u00ec come per le cerimonie di fidanzamento, unione civile e rinnovo dei voti. E per una buona ragione: Madre Natura \u00e8 incredibilmente ispiratrice ed \u00e8 generalmente associata al romanticismo primaverile, alla fertilit\u00e0 e all&#8217;autenticit\u00e0.&nbsp;<\/p>\n\n\n\n<p>Per un matrimonio country chic, il must del momento sono i fiori secchi: portano il loro stile inimitabile, naturale ed elegante, ovunque siano collocati. Dal bouquet della sposa alle decorazioni floreali e ai souvenir per gli ospiti, ecco alcuni dei tanti modi in cui potrete sfruttare al meglio i <strong>fiori secchi per la vostra cerimonia di nozze<\/strong>.<\/p>\n\n\n\n<h2 class=\"wp-block-heading alignwide\">Fiori secchi matrimonio: bouquet per la sposa<\/h2>\n\n\n\n<p>Amiamo l&#8217;atmosfera vintage di un bouquet da sposa di <a href=\"https:\/\/www.interflora.it\/c\/fiori\/fiori-secchi\">fiori secchi<\/a>. Un matrimonio \u00e8 un giorno indimenticabile in cui ogni dettaglio conta, e il bouquet della sposa composto da fiori secchi porta con s\u00e9 un ricco simbolismo.<\/p>\n\n\n\n<figure class=\"wp-block-image aligncenter size-full\"><img decoding=\"async\" src=\"https:\/\/www.interflora.it\/blog\/wp-content\/uploads\/fiori-secchi-per-matrimonio.jpg\" alt=\"fiori secchi per matrimonio\" class=\"wp-image-5472\"\/><\/figure>\n\n\n\n<div style=\"height:20px\" aria-hidden=\"true\" class=\"wp-block-spacer\"><\/div>\n\n\n\n<h3 class=\"wp-block-heading alignwide\">Simbolismo di un bouquet di fiori secchi<\/h3>\n\n\n\n<p>Ovviamente, il simbolismo di un bouquet di fiori secchi varia a seconda del fiore utilizzato. Tra i <a href=\"https:\/\/www.interflora.it\/c\/ricorrenze\/nozze\">fiori per matrimonio<\/a>, la rosa rossa \u00e8 sinonimo di passione, la rosa bianca evoca la purezza mentre i fiori secchi come l&#8217;erba della pampa, la moneta del papa o l&#8217;eucalipto possono essere utilizzati per simboleggiare sia la fantasia che la forza dei sentimenti.<\/p>\n\n\n\n<p>Ma il grande simbolo dei fiori secchi \u00e8 ancora pi\u00f9 potente: la longevit\u00e0 dei sentimenti. Un bouquet da sposa di fiori secchi evoca sentimenti che durano per l&#8217;eternit\u00e0. Infatti, \u00e8 un&#8217;antica tradizione seccare il proprio bouquet da sposa per poterlo conservare per molti anni e mostrarlo ai propri figli. Perch\u00e9 non dare alla tradizione del bouquet da sposa un tocco contemporaneo con una composizione essiccata molto originale?<\/p>\n\n\n<div class=\"lp-produits-grid\"><div class=\"lp-produit\"><div class=\"lp-thumbnail-wrapper\"><img loading=\"lazy\" decoding=\"async\" width=\"300\" height=\"300\" src=\"https:\/\/prodblog.interflora.it\/blog\/wp-content\/uploads\/2025\/04\/1734514274-pf001-orchidea-rosa-zoom-key-300x300.jpg\" class=\"attachment-medium size-medium wp-post-image\" alt=\"\" srcset=\"https:\/\/prodblog.interflora.it\/blog\/wp-content\/uploads\/2025\/04\/1734514274-pf001-orchidea-rosa-zoom-key-300x300.jpg 300w, https:\/\/prodblog.interflora.it\/blog\/wp-content\/uploads\/2025\/04\/1734514274-pf001-orchidea-rosa-zoom-key-1024x1024.jpg 1024w, https:\/\/prodblog.interflora.it\/blog\/wp-content\/uploads\/2025\/04\/1734514274-pf001-orchidea-rosa-zoom-key-150x150.jpg 150w, https:\/\/prodblog.interflora.it\/blog\/wp-content\/uploads\/2025\/04\/1734514274-pf001-orchidea-rosa-zoom-key-768x768.jpg 768w, https:\/\/prodblog.interflora.it\/blog\/wp-content\/uploads\/2025\/04\/1734514274-pf001-orchidea-rosa-zoom-key-1536x1536.jpg 1536w, https:\/\/prodblog.interflora.it\/blog\/wp-content\/uploads\/2025\/04\/1734514274-pf001-orchidea-rosa-zoom-key-2048x2048.jpg 2048w\" sizes=\"auto, (max-width: 300px) 100vw, 300px\" \/><img decoding=\"async\" class=\"lp-badge\" src=\"https:\/\/www.interflora.it\/blog\/wp-content\/uploads\/cropped-cropped-220221_INTERFLORA_Logo_rgb_Social_Media.png\" alt=\"Consegna in giornata\"><\/div><span>Orchidea Rosa<\/span><p>49.99 \u20ac<\/p><span class=\"obf-link lp-cta\" role=\"link\" tabindex=\"0\" data-b64=\"aHR0cHM6Ly93d3cuaW50ZXJmbG9yYS5pdC9wL29yY2hpZGVhLXJvc2EvMT91dG1fbWVkaXVtPW9yZ2FuaWMmdXRtX3NvdXJjZT1ibG9nX3Byb2R1Y3RzJnV0bV9jYW1wYWlnbj1QMDAz\" data-target=\"_blank\"><svg xmlns=\"http:\/\/www.w3.org\/2000\/svg\" width=\"16\" height=\"16\" fill=\"currentColor\" class=\"bi bi-bag\" viewBox=\"0 0 16 16\"><path d=\"M8 1a2 2 0 0 1 2 2v1h2.5A1.5 1.5 0 0 1 14 5.5v8A1.5 1.5 0 0 1 12.5 15h-9A1.5 1.5 0 0 1 2 13.5v-8A1.5 1.5 0 0 1 3.5 3H6V2a2 2 0 0 1 2-1zm1 3V3a1 1 0 0 0-2 0v1h2z\"\/><\/svg>Scopri di pi\u00f9<\/span><p class=\"rapido\">Best seller<\/p><\/div><div class=\"lp-produit\"><div class=\"lp-thumbnail-wrapper\"><img loading=\"lazy\" decoding=\"async\" width=\"300\" height=\"300\" src=\"https:\/\/prodblog.interflora.it\/blog\/wp-content\/uploads\/2025\/08\/1753178062-rf043-model-300x300.jpg\" class=\"attachment-medium size-medium wp-post-image\" alt=\"\" srcset=\"https:\/\/prodblog.interflora.it\/blog\/wp-content\/uploads\/2025\/08\/1753178062-rf043-model-300x300.jpg 300w, https:\/\/prodblog.interflora.it\/blog\/wp-content\/uploads\/2025\/08\/1753178062-rf043-model-1024x1024.jpg 1024w, https:\/\/prodblog.interflora.it\/blog\/wp-content\/uploads\/2025\/08\/1753178062-rf043-model-150x150.jpg 150w, https:\/\/prodblog.interflora.it\/blog\/wp-content\/uploads\/2025\/08\/1753178062-rf043-model-768x768.jpg 768w, https:\/\/prodblog.interflora.it\/blog\/wp-content\/uploads\/2025\/08\/1753178062-rf043-model-1536x1536.jpg 1536w, https:\/\/prodblog.interflora.it\/blog\/wp-content\/uploads\/2025\/08\/1753178062-rf043-model-2048x2048.jpg 2048w\" sizes=\"auto, (max-width: 300px) 100vw, 300px\" \/><img decoding=\"async\" class=\"lp-badge\" src=\"https:\/\/www.interflora.it\/blog\/wp-content\/uploads\/cropped-cropped-220221_INTERFLORA_Logo_rgb_Social_Media.png\" alt=\"Consegna in giornata\"><\/div><span>Perdonami<\/span><p>64.99 \u20ac<\/p><span class=\"obf-link lp-cta\" role=\"link\" tabindex=\"0\" data-b64=\"aHR0cHM6Ly93d3cuaW50ZXJmbG9yYS5pdC9wL2R1ZS1jdW9yaS8xP3V0bV9tZWRpdW09b3JnYW5pYyZ1dG1fc291cmNlPWJsb2dfcHJvZHVjdHMmdXRtX2NhbXBhaWduPVJGMDQz\" data-target=\"_blank\"><svg xmlns=\"http:\/\/www.w3.org\/2000\/svg\" width=\"16\" height=\"16\" fill=\"currentColor\" class=\"bi bi-bag\" viewBox=\"0 0 16 16\"><path d=\"M8 1a2 2 0 0 1 2 2v1h2.5A1.5 1.5 0 0 1 14 5.5v8A1.5 1.5 0 0 1 12.5 15h-9A1.5 1.5 0 0 1 2 13.5v-8A1.5 1.5 0 0 1 3.5 3H6V2a2 2 0 0 1 2-1zm1 3V3a1 1 0 0 0-2 0v1h2z\"\/><\/svg>Scopri di pi\u00f9<\/span><p class=\"rapido\">Spedizione veloce<\/p><\/div><div class=\"lp-produit\"><div class=\"lp-thumbnail-wrapper\"><img loading=\"lazy\" decoding=\"async\" width=\"300\" height=\"300\" src=\"https:\/\/prodblog.interflora.it\/blog\/wp-content\/uploads\/2025\/08\/1753185326-rf045-deco-300x300.jpg\" class=\"attachment-medium size-medium wp-post-image\" alt=\"\" srcset=\"https:\/\/prodblog.interflora.it\/blog\/wp-content\/uploads\/2025\/08\/1753185326-rf045-deco-300x300.jpg 300w, https:\/\/prodblog.interflora.it\/blog\/wp-content\/uploads\/2025\/08\/1753185326-rf045-deco-1024x1024.jpg 1024w, https:\/\/prodblog.interflora.it\/blog\/wp-content\/uploads\/2025\/08\/1753185326-rf045-deco-150x150.jpg 150w, https:\/\/prodblog.interflora.it\/blog\/wp-content\/uploads\/2025\/08\/1753185326-rf045-deco-768x768.jpg 768w, https:\/\/prodblog.interflora.it\/blog\/wp-content\/uploads\/2025\/08\/1753185326-rf045-deco-1536x1536.jpg 1536w, https:\/\/prodblog.interflora.it\/blog\/wp-content\/uploads\/2025\/08\/1753185326-rf045-deco-2048x2048.jpg 2048w\" sizes=\"auto, (max-width: 300px) 100vw, 300px\" \/><img decoding=\"async\" class=\"lp-badge\" src=\"https:\/\/www.interflora.it\/blog\/wp-content\/uploads\/cropped-cropped-220221_INTERFLORA_Logo_rgb_Social_Media.png\" alt=\"Consegna in giornata\"><\/div><span>Rugiada<\/span><p>69.99 \u20ac<\/p><span class=\"obf-link lp-cta\" role=\"link\" tabindex=\"0\" data-b64=\"aHR0cHM6Ly93d3cuaW50ZXJmbG9yYS5pdC9wL3J1Z2lhZGEvMT91dG1fbWVkaXVtPW9yZ2FuaWMmdXRtX3NvdXJjZT1ibG9nX3Byb2R1Y3RzJnV0bV9jYW1wYWlnbj1SRjA0NQ==\" data-target=\"_blank\"><svg xmlns=\"http:\/\/www.w3.org\/2000\/svg\" width=\"16\" height=\"16\" fill=\"currentColor\" class=\"bi bi-bag\" viewBox=\"0 0 16 16\"><path d=\"M8 1a2 2 0 0 1 2 2v1h2.5A1.5 1.5 0 0 1 14 5.5v8A1.5 1.5 0 0 1 12.5 15h-9A1.5 1.5 0 0 1 2 13.5v-8A1.5 1.5 0 0 1 3.5 3H6V2a2 2 0 0 1 2-1zm1 3V3a1 1 0 0 0-2 0v1h2z\"\/><\/svg>Scopri di pi\u00f9<\/span><p class=\"rapido\">Consegna rapida<\/p><\/div><div class=\"lp-produit\"><div class=\"lp-thumbnail-wrapper\"><img loading=\"lazy\" decoding=\"async\" width=\"300\" height=\"300\" src=\"https:\/\/prodblog.interflora.it\/blog\/wp-content\/uploads\/2025\/04\/1706255669-batticuore-hd-1-300x300.jpg\" class=\"attachment-medium size-medium wp-post-image\" alt=\"\" srcset=\"https:\/\/prodblog.interflora.it\/blog\/wp-content\/uploads\/2025\/04\/1706255669-batticuore-hd-1-300x300.jpg 300w, https:\/\/prodblog.interflora.it\/blog\/wp-content\/uploads\/2025\/04\/1706255669-batticuore-hd-1-1024x1024.jpg 1024w, https:\/\/prodblog.interflora.it\/blog\/wp-content\/uploads\/2025\/04\/1706255669-batticuore-hd-1-150x150.jpg 150w, https:\/\/prodblog.interflora.it\/blog\/wp-content\/uploads\/2025\/04\/1706255669-batticuore-hd-1-768x768.jpg 768w, https:\/\/prodblog.interflora.it\/blog\/wp-content\/uploads\/2025\/04\/1706255669-batticuore-hd-1.jpg 1400w\" sizes=\"auto, (max-width: 300px) 100vw, 300px\" \/><img decoding=\"async\" class=\"lp-badge\" src=\"https:\/\/www.interflora.it\/blog\/wp-content\/uploads\/cropped-cropped-220221_INTERFLORA_Logo_rgb_Social_Media.png\" alt=\"Consegna in giornata\"><\/div><span>Batticuore<\/span><p>44.99 \u20ac<\/p><span class=\"obf-link lp-cta\" role=\"link\" tabindex=\"0\" data-b64=\"aHR0cHM6Ly93d3cuaW50ZXJmbG9yYS5pdC9wL2JhdHRpY3VvcmUvMT91dG1fbWVkaXVtPW9yZ2FuaWMmdXRtX3NvdXJjZT1ibG9nX3Byb2R1Y3RzJnV0bV9jYW1wYWlnbj1CTTUyNQ==\" data-target=\"_blank\"><svg xmlns=\"http:\/\/www.w3.org\/2000\/svg\" width=\"16\" height=\"16\" fill=\"currentColor\" class=\"bi bi-bag\" viewBox=\"0 0 16 16\"><path d=\"M8 1a2 2 0 0 1 2 2v1h2.5A1.5 1.5 0 0 1 14 5.5v8A1.5 1.5 0 0 1 12.5 15h-9A1.5 1.5 0 0 1 2 13.5v-8A1.5 1.5 0 0 1 3.5 3H6V2a2 2 0 0 1 2-1zm1 3V3a1 1 0 0 0-2 0v1h2z\"\/><\/svg>Scopri di pi\u00f9<\/span><p class=\"rapido\">Servizio clienti sempre disponibile<\/p><\/div><\/div>\n\n\n\n<div style=\"height:30px\" aria-hidden=\"true\" class=\"wp-block-spacer\"><\/div>\n\n\n\n<h2 class=\"wp-block-heading alignwide\">Fiori secchi matrimonio: decorazioni nuziali<\/h2>\n\n\n\n<p>I fiori secchi sono davvero la migliore risorsa decorativa per un matrimonio country. Possono essere utilizzati per creare ogni tipo di decorazione suggestiva e affascinante. Il segreto \u00e8 giocare con le forme e i colori utilizzando diverse variet\u00e0 di fiori secchi, mantenendo l&#8217;armonia e la coerenza dell&#8217;arredamento scelto. Ecco alcune idee per le decorazioni di matrimonio con i fiori secchi.<\/p>\n\n\n\n<h3 class=\"wp-block-heading alignwide\">Il vaso con piedistallo<\/h3>\n\n\n\n<p>Volete dare al vostro matrimonio un sofisticato look country? I fiori secchi in un vaso con piedistallo sono perfetti, ad esempio steli di erba della pampa essiccata o bouquet di monete del papa essiccate per un&#8217;originalit\u00e0 ancora maggiore.<\/p>\n\n\n\n<figure class=\"wp-block-image aligncenter size-full is-resized\"><img loading=\"lazy\" decoding=\"async\" src=\"https:\/\/www.interflora.it\/blog\/wp-content\/uploads\/fiori-secchi-in-vaso-con-piedistallo-1.jpg\" alt=\"\" class=\"wp-image-5474\" style=\"width:512px;height:342px\" width=\"512\" height=\"342\"\/><\/figure>\n\n\n\n<div style=\"height:30px\" aria-hidden=\"true\" class=\"wp-block-spacer\"><\/div>\n\n\n\n<h3 class=\"wp-block-heading alignwide\">Fiori secchi come centrotavola<\/h3>\n\n\n\n<p>\u00c8 il classico del matrimonio con cui non si sa mai cosa fare: il centrotavola. Per un centrotavola di buon gusto, attraente e rustico al tempo stesso, i fiori secchi fanno al caso vostro. Per esempio, ortensie secche in un grande vaso a ciotola.<\/p>\n\n\n\n<figure class=\"wp-block-image aligncenter size-full\"><img decoding=\"async\" src=\"https:\/\/www.interflora.it\/blog\/wp-content\/uploads\/Fiori-secchi-per-un-matrimonio-bouquet-e-decorazioni.jpg\" alt=\"\" class=\"wp-image-5306\"\/><\/figure>\n\n\n\n<div style=\"height:30px\" aria-hidden=\"true\" class=\"wp-block-spacer\"><\/div>\n\n\n\n<h3 class=\"wp-block-heading alignwide\">Appendere i fiori secchi&nbsp;<\/h3>\n\n\n\n<p>I fiori secchi possono essere utilizzati per creare bellissime composizioni nuziali particolarmente robuste che possono essere appese, ad esempio, per ottenere un effetto leggero e arioso. Si possono anche appendere magnifiche corone nuziali di fiori secchi che combinano in modo eccellente legno e fiori secchi.<\/p>\n\n\n\n<figure class=\"wp-block-gallery alignwide has-nested-images columns-default is-cropped wp-block-gallery-1 is-layout-flex wp-block-gallery-is-layout-flex\">\n<figure class=\"wp-block-image size-large\"><img decoding=\"async\" data-id=\"5299\" src=\"https:\/\/www.interflora.it\/blog\/wp-content\/uploads\/appendere-fiori-secchi-1.jpg\" alt=\"\" class=\"wp-image-5299\"\/><\/figure>\n\n\n\n<figure class=\"wp-block-image alignwide size-large\"><img decoding=\"async\" data-id=\"5300\" src=\"https:\/\/www.interflora.it\/blog\/wp-content\/uploads\/fiori-secchi-appesi.jpg\" alt=\"\" class=\"wp-image-5300\"\/><\/figure>\n<\/figure>\n\n\n\n<div style=\"height:30px\" aria-hidden=\"true\" class=\"wp-block-spacer\"><\/div>\n\n\n\n<h3 class=\"wp-block-heading\">Il runner da tavola&nbsp;<\/h3>\n\n\n\n<p>Per un bel matrimonio in campagna, non c&#8217;\u00e8 niente di meglio di un grande tavolo comune con un runner di piante che lo percorre in tutta la sua lunghezza. L&#8217;effetto &#8220;wow&#8221; \u00e8 garantito!<\/p>\n\n\n\n<figure class=\"wp-block-image aligncenter size-full is-resized\"><img loading=\"lazy\" decoding=\"async\" src=\"https:\/\/www.interflora.it\/blog\/wp-content\/uploads\/runner-di-fiori-secchi.jpg\" alt=\"renner di fiori secchi\" class=\"wp-image-5475\" style=\"width:518px;height:344px\" width=\"518\" height=\"344\"\/><\/figure>\n\n\n\n<div style=\"height:30px\" aria-hidden=\"true\" class=\"wp-block-spacer\"><\/div>\n\n\n\n<h2 class=\"wp-block-heading alignwide\">Fiori secchi matrimonio: souvenir per gli ospiti<\/h2>\n\n\n\n<p>I fiori di nozze essiccati sono anche un originale souvenir per gli invitati al matrimonio. Quali souvenir di nozze si possono realizzare con i fiori secchi?<\/p>\n\n\n\n<ul class=\"wp-block-list\">\n<li>mini-bouquet individuali da posizionare davanti a ciascun piatto<\/li>\n\n\n\n<li>fiori secchi su un fermaglio per capelli<\/li>\n\n\n\n<li>rose secche personalizzate con i nomi degli ospiti<\/li>\n\n\n\n<li>accessori decorativi molto boh\u00e9mien come una candela fatta in casa con fiori secchi<\/li>\n\n\n\n<li>coriandoli vegetali in un sacchettino di stoffa<\/li>\n\n\n\n<li>accessori di moda come braccialetti di fiori secchi<\/li>\n\n\n\n<li>mini-bottiglie o flaconi pieni di fiori<\/li>\n\n\n\n<li>semi secchi da piantare<\/li>\n<\/ul>\n\n\n\n<div style=\"height:30px\" aria-hidden=\"true\" class=\"wp-block-spacer\"><\/div>\n\n\n\n<figure class=\"wp-block-gallery alignwide has-nested-images columns-default is-cropped wp-block-gallery-2 is-layout-flex wp-block-gallery-is-layout-flex\">\n<figure class=\"wp-block-image alignwide size-large\"><img decoding=\"async\" data-id=\"5303\" src=\"https:\/\/www.interflora.it\/blog\/wp-content\/uploads\/souvenir-fiori-secchi.png\" alt=\"\" class=\"wp-image-5303\"\/><\/figure>\n\n\n\n<figure class=\"wp-block-image size-large\"><img decoding=\"async\" data-id=\"5304\" src=\"https:\/\/www.interflora.it\/blog\/wp-content\/uploads\/souvenir-di-fiori-freschi.png\" alt=\"\" class=\"wp-image-5304\"\/><\/figure>\n<\/figure>\n\n\n\n<div style=\"height:30px\" aria-hidden=\"true\" class=\"wp-block-spacer\"><\/div>\n\n\n\n<p>Ogni ospite lascer\u00e0 un ricordo indelebile di questo eccezionale matrimonio in campagna.<\/p>\n\n\n\n<h2 class=\"wp-block-heading alignwide\">Fiori secchi matrimonio: quali sono i vantaggi?<\/h2>\n\n\n\n<p>Oltre alle loro qualit\u00e0 estetiche e all&#8217;attraente aspetto country, i fiori secchi offrono una serie di vantaggi nell&#8217;organizzazione di un matrimonio o di una cerimonia simile. I fiori secchi sono pi\u00f9 facili da conservare, assemblare e mantenere. I bouquet di fiori secchi non richiedono acqua, il che \u00e8 pratico e fa bene al pianeta. Infine, possono essere conservati e utilizzati per la decorazione di interni, il che rappresenta una fonte di risparmio e di lotta allo spreco.<\/p>\n\n\n\n<p>Qual \u00e8 la vostra idea di decorazione preferita per un bel matrimonio in campagna?<\/p>\n","protected":false},"excerpt":{"rendered":"<p>I fiori secchi sono di grande tendenza per le cerimonie nuziali in campagna, cos\u00ec come per le cerimonie di fidanzamento, [&hellip;]<\/p>\n","protected":false},"author":1,"featured_media":32936,"comment_status":"open","ping_status":"open","sticky":false,"template":"","format":"standard","meta":{"_uag_custom_page_level_css":"","site-sidebar-layout":"default","site-content-layout":"","ast-site-content-layout":"default","site-content-style":"default","site-sidebar-style":"default","ast-global-header-display":"","ast-banner-title-visibility":"","ast-main-header-display":"","ast-hfb-above-header-display":"","ast-hfb-below-header-display":"","ast-hfb-mobile-header-display":"","site-post-title":"","ast-breadcrumbs-content":"","ast-featured-img":"","footer-sml-layout":"","ast-disable-related-posts":"","theme-transparent-header-meta":"","adv-header-id-meta":"","stick-header-meta":"","header-above-stick-meta":"","header-main-stick-meta":"","header-below-stick-meta":"","astra-migrate-meta-layouts":"set","ast-page-background-enabled":"default","ast-page-background-meta":{"desktop":{"background-color":"var(--ast-global-color-5)","background-image":"","background-repeat":"repeat","background-position":"center center","background-size":"auto","background-attachment":"scroll","background-type":"","background-media":"","overlay-type":"","overlay-color":"","overlay-opacity":"","overlay-gradient":""},"tablet":{"background-color":"","background-image":"","background-repeat":"repeat","background-position":"center center","background-size":"auto","background-attachment":"scroll","background-type":"","background-media":"","overlay-type":"","overlay-color":"","overlay-opacity":"","overlay-gradient":""},"mobile":{"background-color":"","background-image":"","background-repeat":"repeat","background-position":"center center","background-size":"auto","background-attachment":"scroll","background-type":"","background-media":"","overlay-type":"","overlay-color":"","overlay-opacity":"","overlay-gradient":""}},"ast-content-background-meta":{"desktop":{"background-color":"var(--ast-global-color-4)","background-image":"","background-repeat":"repeat","background-position":"center center","background-size":"auto","background-attachment":"scroll","background-type":"","background-media":"","overlay-type":"","overlay-color":"","overlay-opacity":"","overlay-gradient":""},"tablet":{"background-color":"var(--ast-global-color-4)","background-image":"","background-repeat":"repeat","background-position":"center center","background-size":"auto","background-attachment":"scroll","background-type":"","background-media":"","overlay-type":"","overlay-color":"","overlay-opacity":"","overlay-gradient":""},"mobile":{"background-color":"var(--ast-global-color-4)","background-image":"","background-repeat":"repeat","background-position":"center center","background-size":"auto","background-attachment":"scroll","background-type":"","background-media":"","overlay-type":"","overlay-color":"","overlay-opacity":"","overlay-gradient":""}},"footnotes":""},"categories":[170],"tags":[208,171],"class_list":["post-5291","post","type-post","status-publish","format-standard","has-post-thumbnail","hentry","category-matrimonio","tag-fiori-secchi","tag-matrimonio"],"yoast_head":"<!-- This site is optimized with the Yoast SEO plugin v26.4 - https:\/\/yoast.com\/wordpress\/plugins\/seo\/ -->\n<title>Fiori secchi per un matrimonio: bouquet e decorazioni | Interflora<\/title>\n<meta name=\"description\" content=\"Scopri tutto quello che c\u2019\u00e8 da sapere sui fiori secchi per un matrimonio, per bouquet e decorazioni.\" \/>\n<meta name=\"robots\" content=\"index, follow, max-snippet:-1, max-image-preview:large, max-video-preview:-1\" \/>\n<link rel=\"canonical\" href=\"https:\/\/www.interflora.it\/blog\/fiori-secchi-per-un-matrimonio-bouquet-e-decorazioni\/\" \/>\n<meta property=\"og:locale\" content=\"it_IT\" \/>\n<meta property=\"og:type\" content=\"article\" \/>\n<meta property=\"og:title\" content=\"Fiori secchi per un matrimonio: bouquet e decorazioni | Interflora\" \/>\n<meta property=\"og:description\" content=\"Scopri tutto quello che c\u2019\u00e8 da sapere sui fiori secchi per un matrimonio, per bouquet e decorazioni.\" \/>\n<meta property=\"og:url\" content=\"https:\/\/www.interflora.it\/blog\/fiori-secchi-per-un-matrimonio-bouquet-e-decorazioni\/\" \/>\n<meta property=\"og:site_name\" content=\"Il blog di Interflora: consigli, idee e ispirazione per godersi fiori e piante\" \/>\n<meta property=\"article:published_time\" content=\"2023-07-24T13:32:32+00:00\" \/>\n<meta property=\"article:modified_time\" content=\"2025-08-11T14:02:28+00:00\" \/>\n<meta property=\"og:image\" content=\"https:\/\/www.interflora.it\/blog\/wp-content\/uploads\/Fiori-secchi-per-un-matrimonio-bouquet-e-decorazioni.jpg\" \/>\n\t<meta property=\"og:image:width\" content=\"512\" \/>\n\t<meta property=\"og:image:height\" content=\"342\" \/>\n\t<meta property=\"og:image:type\" content=\"image\/jpeg\" \/>\n<meta name=\"author\" content=\"admin\" \/>\n<meta name=\"twitter:card\" content=\"summary_large_image\" \/>\n<script type=\"application\/ld+json\" class=\"yoast-schema-graph\">{\"@context\":\"https:\/\/schema.org\",\"@graph\":[{\"@type\":\"Article\",\"@id\":\"https:\/\/www.interflora.it\/blog\/fiori-secchi-per-un-matrimonio-bouquet-e-decorazioni\/#article\",\"isPartOf\":{\"@id\":\"https:\/\/www.interflora.it\/blog\/fiori-secchi-per-un-matrimonio-bouquet-e-decorazioni\/\"},\"author\":{\"name\":\"admin\",\"@id\":\"https:\/\/www.interflora.it\/blog\/#\/schema\/person\/dbbd1ad45e05409c356dc639597669f2\"},\"headline\":\"Fiori secchi per un matrimonio: bouquet e decorazioni\",\"datePublished\":\"2023-07-24T13:32:32+00:00\",\"dateModified\":\"2025-08-11T14:02:28+00:00\",\"mainEntityOfPage\":{\"@id\":\"https:\/\/www.interflora.it\/blog\/fiori-secchi-per-un-matrimonio-bouquet-e-decorazioni\/\"},\"wordCount\":747,\"commentCount\":0,\"publisher\":{\"@id\":\"https:\/\/www.interflora.it\/blog\/#organization\"},\"image\":{\"@id\":\"https:\/\/www.interflora.it\/blog\/fiori-secchi-per-un-matrimonio-bouquet-e-decorazioni\/#primaryimage\"},\"thumbnailUrl\":\"https:\/\/prodblog.interflora.it\/blog\/wp-content\/uploads\/Fiori-secchi-per-un-matrimonio-bouquet-e-decorazioni.jpg\",\"keywords\":[\"Fiori secchi\",\"Matrimonio\"],\"articleSection\":[\"Matrimonio\"],\"inLanguage\":\"it-IT\",\"potentialAction\":[{\"@type\":\"CommentAction\",\"name\":\"Comment\",\"target\":[\"https:\/\/www.interflora.it\/blog\/fiori-secchi-per-un-matrimonio-bouquet-e-decorazioni\/#respond\"]}]},{\"@type\":\"WebPage\",\"@id\":\"https:\/\/www.interflora.it\/blog\/fiori-secchi-per-un-matrimonio-bouquet-e-decorazioni\/\",\"url\":\"https:\/\/www.interflora.it\/blog\/fiori-secchi-per-un-matrimonio-bouquet-e-decorazioni\/\",\"name\":\"Fiori secchi per un matrimonio: bouquet e decorazioni | Interflora\",\"isPartOf\":{\"@id\":\"https:\/\/www.interflora.it\/blog\/#website\"},\"primaryImageOfPage\":{\"@id\":\"https:\/\/www.interflora.it\/blog\/fiori-secchi-per-un-matrimonio-bouquet-e-decorazioni\/#primaryimage\"},\"image\":{\"@id\":\"https:\/\/www.interflora.it\/blog\/fiori-secchi-per-un-matrimonio-bouquet-e-decorazioni\/#primaryimage\"},\"thumbnailUrl\":\"https:\/\/prodblog.interflora.it\/blog\/wp-content\/uploads\/Fiori-secchi-per-un-matrimonio-bouquet-e-decorazioni.jpg\",\"datePublished\":\"2023-07-24T13:32:32+00:00\",\"dateModified\":\"2025-08-11T14:02:28+00:00\",\"description\":\"Scopri tutto quello che c\u2019\u00e8 da sapere sui fiori secchi per un matrimonio, per bouquet e decorazioni.\",\"breadcrumb\":{\"@id\":\"https:\/\/www.interflora.it\/blog\/fiori-secchi-per-un-matrimonio-bouquet-e-decorazioni\/#breadcrumb\"},\"inLanguage\":\"it-IT\",\"potentialAction\":[{\"@type\":\"ReadAction\",\"target\":[\"https:\/\/www.interflora.it\/blog\/fiori-secchi-per-un-matrimonio-bouquet-e-decorazioni\/\"]}]},{\"@type\":\"ImageObject\",\"inLanguage\":\"it-IT\",\"@id\":\"https:\/\/www.interflora.it\/blog\/fiori-secchi-per-un-matrimonio-bouquet-e-decorazioni\/#primaryimage\",\"url\":\"https:\/\/prodblog.interflora.it\/blog\/wp-content\/uploads\/Fiori-secchi-per-un-matrimonio-bouquet-e-decorazioni.jpg\",\"contentUrl\":\"https:\/\/prodblog.interflora.it\/blog\/wp-content\/uploads\/Fiori-secchi-per-un-matrimonio-bouquet-e-decorazioni.jpg\",\"width\":512,\"height\":342},{\"@type\":\"BreadcrumbList\",\"@id\":\"https:\/\/www.interflora.it\/blog\/fiori-secchi-per-un-matrimonio-bouquet-e-decorazioni\/#breadcrumb\",\"itemListElement\":[{\"@type\":\"ListItem\",\"position\":1,\"name\":\"Home\",\"item\":\"https:\/\/prodblog.interflora.it\/blog\/\"},{\"@type\":\"ListItem\",\"position\":2,\"name\":\"Fiori secchi per un matrimonio: bouquet e decorazioni\"}]},{\"@type\":\"WebSite\",\"@id\":\"https:\/\/www.interflora.it\/blog\/#website\",\"url\":\"https:\/\/www.interflora.it\/blog\/\",\"name\":\"Il blog di Interflora: consigli, idee e ispirazione per godersi fiori e piante\",\"description\":\"\",\"publisher\":{\"@id\":\"https:\/\/www.interflora.it\/blog\/#organization\"},\"potentialAction\":[{\"@type\":\"SearchAction\",\"target\":{\"@type\":\"EntryPoint\",\"urlTemplate\":\"https:\/\/www.interflora.it\/blog\/?s={search_term_string}\"},\"query-input\":{\"@type\":\"PropertyValueSpecification\",\"valueRequired\":true,\"valueName\":\"search_term_string\"}}],\"inLanguage\":\"it-IT\"},{\"@type\":\"Organization\",\"@id\":\"https:\/\/www.interflora.it\/blog\/#organization\",\"name\":\"Il blog di Interflora: consigli, idee e ispirazione per godersi fiori e piante\",\"url\":\"https:\/\/www.interflora.it\/blog\/\",\"logo\":{\"@type\":\"ImageObject\",\"inLanguage\":\"it-IT\",\"@id\":\"https:\/\/www.interflora.it\/blog\/#\/schema\/logo\/image\/\",\"url\":\"https:\/\/prodblog.interflora.it\/blog\/wp-content\/uploads\/2025\/04\/220221_INTERFLORA_Logo_rgb_Half_Circle-e1670413381661.png\",\"contentUrl\":\"https:\/\/prodblog.interflora.it\/blog\/wp-content\/uploads\/2025\/04\/220221_INTERFLORA_Logo_rgb_Half_Circle-e1670413381661.png\",\"width\":1351,\"height\":656,\"caption\":\"Il blog di Interflora: consigli, idee e ispirazione per godersi fiori e piante\"},\"image\":{\"@id\":\"https:\/\/www.interflora.it\/blog\/#\/schema\/logo\/image\/\"}},{\"@type\":\"Person\",\"@id\":\"https:\/\/www.interflora.it\/blog\/#\/schema\/person\/dbbd1ad45e05409c356dc639597669f2\",\"name\":\"admin\",\"image\":{\"@type\":\"ImageObject\",\"inLanguage\":\"it-IT\",\"@id\":\"https:\/\/www.interflora.it\/blog\/#\/schema\/person\/image\/\",\"url\":\"https:\/\/secure.gravatar.com\/avatar\/42ef4147e700c5be2e3fd1dfd99731af107e05f321b9a482783ec3515451fc63?s=96&d=mm&r=g\",\"contentUrl\":\"https:\/\/secure.gravatar.com\/avatar\/42ef4147e700c5be2e3fd1dfd99731af107e05f321b9a482783ec3515451fc63?s=96&d=mm&r=g\",\"caption\":\"admin\"},\"sameAs\":[\"http:\/\/prewww.interflora.se\/blog\"]}]}<\/script>\n<!-- \/ Yoast SEO plugin. -->","yoast_head_json":{"title":"Fiori secchi per un matrimonio: bouquet e decorazioni | Interflora","description":"Scopri tutto quello che c\u2019\u00e8 da sapere sui fiori secchi per un matrimonio, per bouquet e decorazioni.","robots":{"index":"index","follow":"follow","max-snippet":"max-snippet:-1","max-image-preview":"max-image-preview:large","max-video-preview":"max-video-preview:-1"},"canonical":"https:\/\/www.interflora.it\/blog\/fiori-secchi-per-un-matrimonio-bouquet-e-decorazioni\/","og_locale":"it_IT","og_type":"article","og_title":"Fiori secchi per un matrimonio: bouquet e decorazioni | Interflora","og_description":"Scopri tutto quello che c\u2019\u00e8 da sapere sui fiori secchi per un matrimonio, per bouquet e decorazioni.","og_url":"https:\/\/www.interflora.it\/blog\/fiori-secchi-per-un-matrimonio-bouquet-e-decorazioni\/","og_site_name":"Il blog di Interflora: consigli, idee e ispirazione per godersi fiori e piante","article_published_time":"2023-07-24T13:32:32+00:00","article_modified_time":"2025-08-11T14:02:28+00:00","og_image":[{"width":512,"height":342,"url":"https:\/\/www.interflora.it\/blog\/wp-content\/uploads\/Fiori-secchi-per-un-matrimonio-bouquet-e-decorazioni.jpg","type":"image\/jpeg"}],"author":"admin","twitter_card":"summary_large_image","schema":{"@context":"https:\/\/schema.org","@graph":[{"@type":"Article","@id":"https:\/\/www.interflora.it\/blog\/fiori-secchi-per-un-matrimonio-bouquet-e-decorazioni\/#article","isPartOf":{"@id":"https:\/\/www.interflora.it\/blog\/fiori-secchi-per-un-matrimonio-bouquet-e-decorazioni\/"},"author":{"name":"admin","@id":"https:\/\/www.interflora.it\/blog\/#\/schema\/person\/dbbd1ad45e05409c356dc639597669f2"},"headline":"Fiori secchi per un matrimonio: bouquet e decorazioni","datePublished":"2023-07-24T13:32:32+00:00","dateModified":"2025-08-11T14:02:28+00:00","mainEntityOfPage":{"@id":"https:\/\/www.interflora.it\/blog\/fiori-secchi-per-un-matrimonio-bouquet-e-decorazioni\/"},"wordCount":747,"commentCount":0,"publisher":{"@id":"https:\/\/www.interflora.it\/blog\/#organization"},"image":{"@id":"https:\/\/www.interflora.it\/blog\/fiori-secchi-per-un-matrimonio-bouquet-e-decorazioni\/#primaryimage"},"thumbnailUrl":"https:\/\/prodblog.interflora.it\/blog\/wp-content\/uploads\/Fiori-secchi-per-un-matrimonio-bouquet-e-decorazioni.jpg","keywords":["Fiori secchi","Matrimonio"],"articleSection":["Matrimonio"],"inLanguage":"it-IT","potentialAction":[{"@type":"CommentAction","name":"Comment","target":["https:\/\/www.interflora.it\/blog\/fiori-secchi-per-un-matrimonio-bouquet-e-decorazioni\/#respond"]}]},{"@type":"WebPage","@id":"https:\/\/www.interflora.it\/blog\/fiori-secchi-per-un-matrimonio-bouquet-e-decorazioni\/","url":"https:\/\/www.interflora.it\/blog\/fiori-secchi-per-un-matrimonio-bouquet-e-decorazioni\/","name":"Fiori secchi per un matrimonio: bouquet e decorazioni | Interflora","isPartOf":{"@id":"https:\/\/www.interflora.it\/blog\/#website"},"primaryImageOfPage":{"@id":"https:\/\/www.interflora.it\/blog\/fiori-secchi-per-un-matrimonio-bouquet-e-decorazioni\/#primaryimage"},"image":{"@id":"https:\/\/www.interflora.it\/blog\/fiori-secchi-per-un-matrimonio-bouquet-e-decorazioni\/#primaryimage"},"thumbnailUrl":"https:\/\/prodblog.interflora.it\/blog\/wp-content\/uploads\/Fiori-secchi-per-un-matrimonio-bouquet-e-decorazioni.jpg","datePublished":"2023-07-24T13:32:32+00:00","dateModified":"2025-08-11T14:02:28+00:00","description":"Scopri tutto quello che c\u2019\u00e8 da sapere sui fiori secchi per un matrimonio, per bouquet e decorazioni.","breadcrumb":{"@id":"https:\/\/www.interflora.it\/blog\/fiori-secchi-per-un-matrimonio-bouquet-e-decorazioni\/#breadcrumb"},"inLanguage":"it-IT","potentialAction":[{"@type":"ReadAction","target":["https:\/\/www.interflora.it\/blog\/fiori-secchi-per-un-matrimonio-bouquet-e-decorazioni\/"]}]},{"@type":"ImageObject","inLanguage":"it-IT","@id":"https:\/\/www.interflora.it\/blog\/fiori-secchi-per-un-matrimonio-bouquet-e-decorazioni\/#primaryimage","url":"https:\/\/prodblog.interflora.it\/blog\/wp-content\/uploads\/Fiori-secchi-per-un-matrimonio-bouquet-e-decorazioni.jpg","contentUrl":"https:\/\/prodblog.interflora.it\/blog\/wp-content\/uploads\/Fiori-secchi-per-un-matrimonio-bouquet-e-decorazioni.jpg","width":512,"height":342},{"@type":"BreadcrumbList","@id":"https:\/\/www.interflora.it\/blog\/fiori-secchi-per-un-matrimonio-bouquet-e-decorazioni\/#breadcrumb","itemListElement":[{"@type":"ListItem","position":1,"name":"Home","item":"https:\/\/prodblog.interflora.it\/blog\/"},{"@type":"ListItem","position":2,"name":"Fiori secchi per un matrimonio: bouquet e decorazioni"}]},{"@type":"WebSite","@id":"https:\/\/www.interflora.it\/blog\/#website","url":"https:\/\/www.interflora.it\/blog\/","name":"Il blog di Interflora: consigli, idee e ispirazione per godersi fiori e piante","description":"","publisher":{"@id":"https:\/\/www.interflora.it\/blog\/#organization"},"potentialAction":[{"@type":"SearchAction","target":{"@type":"EntryPoint","urlTemplate":"https:\/\/www.interflora.it\/blog\/?s={search_term_string}"},"query-input":{"@type":"PropertyValueSpecification","valueRequired":true,"valueName":"search_term_string"}}],"inLanguage":"it-IT"},{"@type":"Organization","@id":"https:\/\/www.interflora.it\/blog\/#organization","name":"Il blog di Interflora: consigli, idee e ispirazione per godersi fiori e piante","url":"https:\/\/www.interflora.it\/blog\/","logo":{"@type":"ImageObject","inLanguage":"it-IT","@id":"https:\/\/www.interflora.it\/blog\/#\/schema\/logo\/image\/","url":"https:\/\/prodblog.interflora.it\/blog\/wp-content\/uploads\/2025\/04\/220221_INTERFLORA_Logo_rgb_Half_Circle-e1670413381661.png","contentUrl":"https:\/\/prodblog.interflora.it\/blog\/wp-content\/uploads\/2025\/04\/220221_INTERFLORA_Logo_rgb_Half_Circle-e1670413381661.png","width":1351,"height":656,"caption":"Il blog di Interflora: consigli, idee e ispirazione per godersi fiori e piante"},"image":{"@id":"https:\/\/www.interflora.it\/blog\/#\/schema\/logo\/image\/"}},{"@type":"Person","@id":"https:\/\/www.interflora.it\/blog\/#\/schema\/person\/dbbd1ad45e05409c356dc639597669f2","name":"admin","image":{"@type":"ImageObject","inLanguage":"it-IT","@id":"https:\/\/www.interflora.it\/blog\/#\/schema\/person\/image\/","url":"https:\/\/secure.gravatar.com\/avatar\/42ef4147e700c5be2e3fd1dfd99731af107e05f321b9a482783ec3515451fc63?s=96&d=mm&r=g","contentUrl":"https:\/\/secure.gravatar.com\/avatar\/42ef4147e700c5be2e3fd1dfd99731af107e05f321b9a482783ec3515451fc63?s=96&d=mm&r=g","caption":"admin"},"sameAs":["http:\/\/prewww.interflora.se\/blog"]}]}},"uagb_featured_image_src":{"full":["https:\/\/prodblog.interflora.it\/blog\/wp-content\/uploads\/Fiori-secchi-per-un-matrimonio-bouquet-e-decorazioni.jpg",512,342,false],"thumbnail":["https:\/\/prodblog.interflora.it\/blog\/wp-content\/uploads\/Fiori-secchi-per-un-matrimonio-bouquet-e-decorazioni-150x150.jpg",150,150,true],"medium":["https:\/\/prodblog.interflora.it\/blog\/wp-content\/uploads\/Fiori-secchi-per-un-matrimonio-bouquet-e-decorazioni-300x200.jpg",300,200,true],"medium_large":["https:\/\/prodblog.interflora.it\/blog\/wp-content\/uploads\/Fiori-secchi-per-un-matrimonio-bouquet-e-decorazioni.jpg",512,342,false],"large":["https:\/\/prodblog.interflora.it\/blog\/wp-content\/uploads\/Fiori-secchi-per-un-matrimonio-bouquet-e-decorazioni.jpg",512,342,false],"1536x1536":["https:\/\/prodblog.interflora.it\/blog\/wp-content\/uploads\/Fiori-secchi-per-un-matrimonio-bouquet-e-decorazioni.jpg",512,342,false],"2048x2048":["https:\/\/prodblog.interflora.it\/blog\/wp-content\/uploads\/Fiori-secchi-per-un-matrimonio-bouquet-e-decorazioni.jpg",512,342,false]},"uagb_author_info":{"display_name":"admin","author_link":"https:\/\/prodblog.interflora.it\/blog\/author\/admin\/"},"uagb_comment_info":6,"uagb_excerpt":"I fiori secchi sono di grande tendenza per le cerimonie nuziali in campagna, cos\u00ec come per le cerimonie di fidanzamento, [&hellip;]","_links":{"self":[{"href":"https:\/\/prodblog.interflora.it\/blog\/wp-json\/wp\/v2\/posts\/5291","targetHints":{"allow":["GET"]}}],"collection":[{"href":"https:\/\/prodblog.interflora.it\/blog\/wp-json\/wp\/v2\/posts"}],"about":[{"href":"https:\/\/prodblog.interflora.it\/blog\/wp-json\/wp\/v2\/types\/post"}],"author":[{"embeddable":true,"href":"https:\/\/prodblog.interflora.it\/blog\/wp-json\/wp\/v2\/users\/1"}],"replies":[{"embeddable":true,"href":"https:\/\/prodblog.interflora.it\/blog\/wp-json\/wp\/v2\/comments?post=5291"}],"version-history":[{"count":0,"href":"https:\/\/prodblog.interflora.it\/blog\/wp-json\/wp\/v2\/posts\/5291\/revisions"}],"wp:featuredmedia":[{"embeddable":true,"href":"https:\/\/prodblog.interflora.it\/blog\/wp-json\/wp\/v2\/media\/32936"}],"wp:attachment":[{"href":"https:\/\/prodblog.interflora.it\/blog\/wp-json\/wp\/v2\/media?parent=5291"}],"wp:term":[{"taxonomy":"category","embeddable":true,"href":"https:\/\/prodblog.interflora.it\/blog\/wp-json\/wp\/v2\/categories?post=5291"},{"taxonomy":"post_tag","embeddable":true,"href":"https:\/\/prodblog.interflora.it\/blog\/wp-json\/wp\/v2\/tags?post=5291"}],"curies":[{"name":"wp","href":"https:\/\/api.w.org\/{rel}","templated":true}]}}