{"id":573,"date":"2026-03-18T15:03:57","date_gmt":"2026-03-18T14:03:57","guid":{"rendered":"https:\/\/blog.interflora.it\/?p=573"},"modified":"2026-03-18T15:03:58","modified_gmt":"2026-03-18T14:03:58","slug":"fioritura-dei-tulipani","status":"publish","type":"post","link":"https:\/\/prodblog.interflora.it\/blog\/fioritura-dei-tulipani\/","title":{"rendered":"Tutto sulla fioritura dei tulipani, fiori della Primavera"},"content":{"rendered":"\n<p>Rossi, gialli oppure viola: qualunque sia il loro colore, i&nbsp;<strong>tulipani<\/strong>&nbsp;sono tra i fiori che associamo all\u2019arrivo della&nbsp;<strong>primavera<\/strong>, un periodo dell\u2019anno in cui i giardini si riempiono di variet\u00e0 di fiori bellissimi e durante il quale ogni parco e giardino si colora di nuove sfumature.<\/p>\n\n\n\n<div class=\"wp-block-media-text alignwide has-media-on-the-right is-stacked-on-mobile is-image-fill-element\" style=\"grid-template-columns:auto 30%\"><div class=\"wp-block-media-text__content\">\n<h2 class=\"wp-block-heading\">La stagione dei tulipani: fiori della primavera<\/h2>\n\n\n\n<p>La primavera \u00e8 la&nbsp;<strong>stagione dei tulipani<\/strong>, il momento in cui la terra si prepara a una nuova rinascita e le aiuole ospitano tantissimi fiori e piante. Questa esplosione di colore non sarebbe la stessa senza il tulipano.&nbsp;<\/p>\n\n\n\n<p>I tulipani sono&nbsp;<strong>fiori di primavera<\/strong>&nbsp;veramente affascinanti e sono apprezzati per i loro colori accesi e per le loro foglie verde intenso. Sono amati perch\u00e9 il loro&nbsp;<strong>bulbo&nbsp;<\/strong>pu\u00f2 dare origine a diverse variet\u00e0 e sfumature di colore, tutte molto diverse tra loro.<\/p>\n\n\n\n<p>I tulipani sono anche versatili: li possiamo trovare in giardini, parchi oppure in vaso quando si decide di coltivare questi fiori nella propria dimora.<\/p>\n\n\n\n<p>Ma da dove vengono i tulipani? Quando fioriscono esattamente e quando bisogna piantare i bulbi per ottenere la fioritura al momento giusto? Continua a leggere l\u2019articolo per scoprirlo!<\/p>\n<\/div><figure class=\"wp-block-media-text__media\"><img decoding=\"async\" src=\"https:\/\/www.interflora.it\/blog\/wp-content\/uploads\/2022\/03\/fioritura-tulipani.jpg\" alt=\"Campo di tulipani arancioni\" class=\"wp-image-1601 size-full\" style=\"object-position:50% 100%\"\/><\/figure><\/div>\n\n\n\n<p><\/p>\n\n\n<div class=\"lp-produits-grid\"><div class=\"lp-produit\"><div class=\"lp-thumbnail-wrapper\"><img loading=\"lazy\" decoding=\"async\" width=\"300\" height=\"300\" src=\"https:\/\/prodblog.interflora.it\/blog\/wp-content\/uploads\/2025\/04\/1687785636-roses-rouges-unite-it-1-300x300.jpg\" class=\"attachment-medium size-medium wp-post-image\" alt=\"\" srcset=\"https:\/\/prodblog.interflora.it\/blog\/wp-content\/uploads\/2025\/04\/1687785636-roses-rouges-unite-it-1-300x300.jpg 300w, https:\/\/prodblog.interflora.it\/blog\/wp-content\/uploads\/2025\/04\/1687785636-roses-rouges-unite-it-1-1024x1024.jpg 1024w, https:\/\/prodblog.interflora.it\/blog\/wp-content\/uploads\/2025\/04\/1687785636-roses-rouges-unite-it-1-150x150.jpg 150w, https:\/\/prodblog.interflora.it\/blog\/wp-content\/uploads\/2025\/04\/1687785636-roses-rouges-unite-it-1-768x768.jpg 768w, https:\/\/prodblog.interflora.it\/blog\/wp-content\/uploads\/2025\/04\/1687785636-roses-rouges-unite-it-1-1536x1536.jpg 1536w, https:\/\/prodblog.interflora.it\/blog\/wp-content\/uploads\/2025\/04\/1687785636-roses-rouges-unite-it-1-2048x2048.jpg 2048w\" sizes=\"auto, (max-width: 300px) 100vw, 300px\" \/><img decoding=\"async\" class=\"lp-badge\" src=\"https:\/\/www.interflora.it\/blog\/wp-content\/uploads\/cropped-cropped-220221_INTERFLORA_Logo_rgb_Social_Media.png\" alt=\"Consegna in giornata\"><\/div><span>Rose Rosse Premium<\/span><p>42 \u20ac<\/p><span class=\"obf-link lp-cta\" role=\"link\" tabindex=\"0\" data-b64=\"aHR0cHM6Ly93d3cuaW50ZXJmbG9yYS5pdC9wL3Jvc2Utcm9zc2UtcHJlbWl1bS8xP3V0bV9tZWRpdW09b3JnYW5pYyZ1dG1fc291cmNlPWJsb2dfcHJvZHVjdHMmdXRtX2NhbXBhaWduPVJPU0VRVEE=\" data-target=\"_blank\"><svg xmlns=\"http:\/\/www.w3.org\/2000\/svg\" width=\"16\" height=\"16\" fill=\"currentColor\" class=\"bi bi-bag\" viewBox=\"0 0 16 16\"><path d=\"M8 1a2 2 0 0 1 2 2v1h2.5A1.5 1.5 0 0 1 14 5.5v8A1.5 1.5 0 0 1 12.5 15h-9A1.5 1.5 0 0 1 2 13.5v-8A1.5 1.5 0 0 1 3.5 3H6V2a2 2 0 0 1 2-1zm1 3V3a1 1 0 0 0-2 0v1h2z\"\/><\/svg>Scopri di pi\u00f9<\/span><p class=\"rapido\">Spedizione veloce<\/p><\/div><div class=\"lp-produit\"><div class=\"lp-thumbnail-wrapper\"><img loading=\"lazy\" decoding=\"async\" width=\"300\" height=\"300\" src=\"https:\/\/prodblog.interflora.it\/blog\/wp-content\/uploads\/2025\/07\/1750411785-ff155-model-hand-300x300.jpg\" class=\"attachment-medium size-medium wp-post-image\" alt=\"\" srcset=\"https:\/\/prodblog.interflora.it\/blog\/wp-content\/uploads\/2025\/07\/1750411785-ff155-model-hand-300x300.jpg 300w, https:\/\/prodblog.interflora.it\/blog\/wp-content\/uploads\/2025\/07\/1750411785-ff155-model-hand-1024x1024.jpg 1024w, https:\/\/prodblog.interflora.it\/blog\/wp-content\/uploads\/2025\/07\/1750411785-ff155-model-hand-150x150.jpg 150w, https:\/\/prodblog.interflora.it\/blog\/wp-content\/uploads\/2025\/07\/1750411785-ff155-model-hand-768x768.jpg 768w, https:\/\/prodblog.interflora.it\/blog\/wp-content\/uploads\/2025\/07\/1750411785-ff155-model-hand-1536x1536.jpg 1536w, https:\/\/prodblog.interflora.it\/blog\/wp-content\/uploads\/2025\/07\/1750411785-ff155-model-hand-2048x2048.jpg 2048w\" sizes=\"auto, (max-width: 300px) 100vw, 300px\" \/><img decoding=\"async\" class=\"lp-badge\" src=\"https:\/\/www.interflora.it\/blog\/wp-content\/uploads\/cropped-cropped-220221_INTERFLORA_Logo_rgb_Social_Media.png\" alt=\"Consegna in giornata\"><\/div><span>Bacino<\/span><p>32.99 \u20ac<\/p><span class=\"obf-link lp-cta\" role=\"link\" tabindex=\"0\" data-b64=\"aHR0cHM6Ly93d3cuaW50ZXJmbG9yYS5pdC9wL2JhY2luby8xP3V0bV9tZWRpdW09b3JnYW5pYyZ1dG1fc291cmNlPWJsb2dfcHJvZHVjdHMmdXRtX2NhbXBhaWduPUZGMTU1\" data-target=\"_blank\"><svg xmlns=\"http:\/\/www.w3.org\/2000\/svg\" width=\"16\" height=\"16\" fill=\"currentColor\" class=\"bi bi-bag\" viewBox=\"0 0 16 16\"><path d=\"M8 1a2 2 0 0 1 2 2v1h2.5A1.5 1.5 0 0 1 14 5.5v8A1.5 1.5 0 0 1 12.5 15h-9A1.5 1.5 0 0 1 2 13.5v-8A1.5 1.5 0 0 1 3.5 3H6V2a2 2 0 0 1 2-1zm1 3V3a1 1 0 0 0-2 0v1h2z\"\/><\/svg>Scopri di pi\u00f9<\/span><p class=\"rapido\">Best seller<\/p><\/div><div class=\"lp-produit\"><div class=\"lp-thumbnail-wrapper\"><img loading=\"lazy\" decoding=\"async\" width=\"300\" height=\"300\" src=\"https:\/\/prodblog.interflora.it\/blog\/wp-content\/uploads\/2025\/04\/1734353451-f0270-m-key-300x300.jpg\" class=\"attachment-medium size-medium wp-post-image\" alt=\"\" srcset=\"https:\/\/prodblog.interflora.it\/blog\/wp-content\/uploads\/2025\/04\/1734353451-f0270-m-key-300x300.jpg 300w, https:\/\/prodblog.interflora.it\/blog\/wp-content\/uploads\/2025\/04\/1734353451-f0270-m-key-1024x1024.jpg 1024w, https:\/\/prodblog.interflora.it\/blog\/wp-content\/uploads\/2025\/04\/1734353451-f0270-m-key-150x150.jpg 150w, https:\/\/prodblog.interflora.it\/blog\/wp-content\/uploads\/2025\/04\/1734353451-f0270-m-key-768x768.jpg 768w, https:\/\/prodblog.interflora.it\/blog\/wp-content\/uploads\/2025\/04\/1734353451-f0270-m-key.jpg 1200w\" sizes=\"auto, (max-width: 300px) 100vw, 300px\" \/><img decoding=\"async\" class=\"lp-badge\" src=\"https:\/\/www.interflora.it\/blog\/wp-content\/uploads\/cropped-cropped-220221_INTERFLORA_Logo_rgb_Social_Media.png\" alt=\"Consegna in giornata\"><\/div><span>Legame fiorito<\/span><p>49.99 \u20ac<\/p><span class=\"obf-link lp-cta\" role=\"link\" tabindex=\"0\" data-b64=\"aHR0cHM6Ly93d3cuaW50ZXJmbG9yYS5pdC9wL2xlZ2FtZS1maW9yaXRvLzE\/dXRtX21lZGl1bT1vcmdhbmljJnV0bV9zb3VyY2U9YmxvZ19wcm9kdWN0cyZ1dG1fY2FtcGFpZ249Qk01MzQ=\" data-target=\"_blank\"><svg xmlns=\"http:\/\/www.w3.org\/2000\/svg\" width=\"16\" height=\"16\" fill=\"currentColor\" class=\"bi bi-bag\" viewBox=\"0 0 16 16\"><path d=\"M8 1a2 2 0 0 1 2 2v1h2.5A1.5 1.5 0 0 1 14 5.5v8A1.5 1.5 0 0 1 12.5 15h-9A1.5 1.5 0 0 1 2 13.5v-8A1.5 1.5 0 0 1 3.5 3H6V2a2 2 0 0 1 2-1zm1 3V3a1 1 0 0 0-2 0v1h2z\"\/><\/svg>Scopri di pi\u00f9<\/span><p class=\"rapido\">Best seller<\/p><\/div><div class=\"lp-produit\"><div class=\"lp-thumbnail-wrapper\"><img loading=\"lazy\" decoding=\"async\" width=\"300\" height=\"300\" src=\"https:\/\/prodblog.interflora.it\/blog\/wp-content\/uploads\/2025\/07\/1750403902-ff151-deco-300x300.jpg\" class=\"attachment-medium size-medium wp-post-image\" alt=\"\" srcset=\"https:\/\/prodblog.interflora.it\/blog\/wp-content\/uploads\/2025\/07\/1750403902-ff151-deco-300x300.jpg 300w, https:\/\/prodblog.interflora.it\/blog\/wp-content\/uploads\/2025\/07\/1750403902-ff151-deco-1024x1024.jpg 1024w, https:\/\/prodblog.interflora.it\/blog\/wp-content\/uploads\/2025\/07\/1750403902-ff151-deco-150x150.jpg 150w, https:\/\/prodblog.interflora.it\/blog\/wp-content\/uploads\/2025\/07\/1750403902-ff151-deco-768x768.jpg 768w, https:\/\/prodblog.interflora.it\/blog\/wp-content\/uploads\/2025\/07\/1750403902-ff151-deco-1536x1536.jpg 1536w, https:\/\/prodblog.interflora.it\/blog\/wp-content\/uploads\/2025\/07\/1750403902-ff151-deco-2048x2048.jpg 2048w\" sizes=\"auto, (max-width: 300px) 100vw, 300px\" \/><img decoding=\"async\" class=\"lp-badge\" src=\"https:\/\/www.interflora.it\/blog\/wp-content\/uploads\/cropped-cropped-220221_INTERFLORA_Logo_rgb_Social_Media.png\" alt=\"Consegna in giornata\"><\/div><span>Tanti Auguri<\/span><p>44.99 \u20ac<\/p><span class=\"obf-link lp-cta\" role=\"link\" tabindex=\"0\" data-b64=\"aHR0cHM6Ly93d3cuaW50ZXJmbG9yYS5pdC9wL3RhbnRpLWF1Z3VyaS8xP3V0bV9tZWRpdW09b3JnYW5pYyZ1dG1fc291cmNlPWJsb2dfcHJvZHVjdHMmdXRtX2NhbXBhaWduPUZGMTUx\" data-target=\"_blank\"><svg xmlns=\"http:\/\/www.w3.org\/2000\/svg\" width=\"16\" height=\"16\" fill=\"currentColor\" class=\"bi bi-bag\" viewBox=\"0 0 16 16\"><path d=\"M8 1a2 2 0 0 1 2 2v1h2.5A1.5 1.5 0 0 1 14 5.5v8A1.5 1.5 0 0 1 12.5 15h-9A1.5 1.5 0 0 1 2 13.5v-8A1.5 1.5 0 0 1 3.5 3H6V2a2 2 0 0 1 2-1zm1 3V3a1 1 0 0 0-2 0v1h2z\"\/><\/svg>Scopri di pi\u00f9<\/span><p class=\"rapido\">Spedizione veloce<\/p><\/div><\/div>\n\n\n\n<div style=\"height:20px\" aria-hidden=\"true\" class=\"wp-block-spacer\"><\/div>\n\n\n\n<h2 class=\"wp-block-heading alignwide\"><strong>I tulipani, fiori dal profumo orientale<\/strong><\/h2>\n\n\n\n<p>Tulipani e Olanda&nbsp;sono da sempre stati nella stessa frase, uniti da un legame duraturo e quasi irremovibile, tuttavia questi fiori, molto popolari e&nbsp;<strong>facili da coltivare in Italia<\/strong>&nbsp;e in tutta Europa, vengono da molto pi\u00f9 lontano. I bulbi dei tulipani furono infatti importanti in&nbsp;<strong>Olanda<\/strong>&nbsp;dopo essere stati scoperti in Asia.<\/p>\n\n\n\n<p>Gi\u00e0 all\u2019epoca della loro scoperta, il&nbsp;<strong>tulipano aveva un significato legato all\u2019amore<\/strong>: soprattutto in Turchia, dove la sua fioritura \u00e8 spontanea, si regala un <a href=\"https:\/\/www.interflora.it\/c\/fiori\/tulipani\">bouquet di tulipani<\/a> rossi per dichiarare il proprio amore.&nbsp;<\/p>\n\n\n\n<p>Anche in Italia il tulipano \u00e8 un fiore che si pu\u00f2 regalare per esprimere un messaggio d\u2019amore e affetto, magari combinato con delle rose.<\/p>\n\n\n\n<p>Oggi, tutte le variet\u00e0 di tulipano e i loro bulbi si possono trovare facilmente in Italia a prezzi accessibili, al contrario del passato quando venivano considerati fiori molto nobili e pertanto non cos\u00ec accessibili.<\/p>\n\n\n\n<figure class=\"wp-block-gallery alignwide has-nested-images columns-default is-cropped wp-block-gallery-1 is-layout-flex wp-block-gallery-is-layout-flex\">\n<figure class=\"wp-block-image size-full\"><img decoding=\"async\" data-id=\"2740\" src=\"https:\/\/www.interflora.it\/blog\/wp-content\/uploads\/tulipani-con-profumo.jpg\" alt=\"\" class=\"wp-image-2740\"\/><\/figure>\n\n\n\n<figure class=\"wp-block-image size-full has-custom-border\"><img decoding=\"async\" data-id=\"2739\" src=\"https:\/\/www.interflora.it\/blog\/wp-content\/uploads\/tulipano-olandese.jpg\" alt=\"\" class=\"wp-image-2739\" style=\"border-style:none;border-width:0px\"\/><\/figure>\n<\/figure>\n\n\n\n<div style=\"height:20px\" aria-hidden=\"true\" class=\"wp-block-spacer\"><\/div>\n\n\n\n<h2 class=\"wp-block-heading alignwide\">Quando fioriscono i tulipani? I mesi della fioritura<\/h2>\n\n\n\n<p>La fioritura dei tulipani avviene nei&nbsp;<strong>mesi di marzo e aprile<\/strong>, durante il periodo dell\u2019anno pi\u00f9 bello: la&nbsp;<strong>primavera<\/strong>. Tuttavia, essendo fiori resistenti al calore, alcune variet\u00e0 durano fino all\u2019autunno.<\/p>\n\n\n\n<p>Per ottenere una&nbsp;<strong>fioritura perfetta durante questi mesi<\/strong>&nbsp;\u00e8 necessario avere qualche accortezza. Ecco qualche consiglio di giardinaggio molto utile per avere nel proprio vaso o in giardino dei tulipani bellissimi!&nbsp;<\/p>\n\n\n<div class=\"lp-produits-grid\"><div class=\"lp-produit\"><div class=\"lp-thumbnail-wrapper\"><img loading=\"lazy\" decoding=\"async\" width=\"300\" height=\"300\" src=\"https:\/\/prodblog.interflora.it\/blog\/wp-content\/uploads\/2025\/04\/1740570425-serena-key-300x300.jpg\" class=\"attachment-medium size-medium wp-post-image\" alt=\"\" srcset=\"https:\/\/prodblog.interflora.it\/blog\/wp-content\/uploads\/2025\/04\/1740570425-serena-key-300x300.jpg 300w, https:\/\/prodblog.interflora.it\/blog\/wp-content\/uploads\/2025\/04\/1740570425-serena-key-1024x1024.jpg 1024w, https:\/\/prodblog.interflora.it\/blog\/wp-content\/uploads\/2025\/04\/1740570425-serena-key-150x150.jpg 150w, https:\/\/prodblog.interflora.it\/blog\/wp-content\/uploads\/2025\/04\/1740570425-serena-key-768x768.jpg 768w, https:\/\/prodblog.interflora.it\/blog\/wp-content\/uploads\/2025\/04\/1740570425-serena-key-1536x1536.jpg 1536w, https:\/\/prodblog.interflora.it\/blog\/wp-content\/uploads\/2025\/04\/1740570425-serena-key.jpg 2048w\" sizes=\"auto, (max-width: 300px) 100vw, 300px\" \/><img decoding=\"async\" class=\"lp-badge\" src=\"https:\/\/www.interflora.it\/blog\/wp-content\/uploads\/cropped-cropped-220221_INTERFLORA_Logo_rgb_Social_Media.png\" alt=\"Consegna in giornata\"><\/div><span>Grazie di Cuore<\/span><p>29.99 \u20ac<\/p><span class=\"obf-link lp-cta\" role=\"link\" tabindex=\"0\" data-b64=\"aHR0cHM6Ly93d3cuaW50ZXJmbG9yYS5pdC9wL3NlcmVuYS8xP3V0bV9tZWRpdW09b3JnYW5pYyZ1dG1fc291cmNlPWJsb2dfcHJvZHVjdHMmdXRtX2NhbXBhaWduPUZGMTM3\" data-target=\"_blank\"><svg xmlns=\"http:\/\/www.w3.org\/2000\/svg\" width=\"16\" height=\"16\" fill=\"currentColor\" class=\"bi bi-bag\" viewBox=\"0 0 16 16\"><path d=\"M8 1a2 2 0 0 1 2 2v1h2.5A1.5 1.5 0 0 1 14 5.5v8A1.5 1.5 0 0 1 12.5 15h-9A1.5 1.5 0 0 1 2 13.5v-8A1.5 1.5 0 0 1 3.5 3H6V2a2 2 0 0 1 2-1zm1 3V3a1 1 0 0 0-2 0v1h2z\"\/><\/svg>Scopri di pi\u00f9<\/span><p class=\"rapido\">Spedizione veloce<\/p><\/div><div class=\"lp-produit\"><div class=\"lp-thumbnail-wrapper\"><img loading=\"lazy\" decoding=\"async\" width=\"300\" height=\"300\" src=\"https:\/\/prodblog.interflora.it\/blog\/wp-content\/uploads\/2025\/04\/1734353451-f0270-m-key-300x300.jpg\" class=\"attachment-medium size-medium wp-post-image\" alt=\"\" srcset=\"https:\/\/prodblog.interflora.it\/blog\/wp-content\/uploads\/2025\/04\/1734353451-f0270-m-key-300x300.jpg 300w, https:\/\/prodblog.interflora.it\/blog\/wp-content\/uploads\/2025\/04\/1734353451-f0270-m-key-1024x1024.jpg 1024w, https:\/\/prodblog.interflora.it\/blog\/wp-content\/uploads\/2025\/04\/1734353451-f0270-m-key-150x150.jpg 150w, https:\/\/prodblog.interflora.it\/blog\/wp-content\/uploads\/2025\/04\/1734353451-f0270-m-key-768x768.jpg 768w, https:\/\/prodblog.interflora.it\/blog\/wp-content\/uploads\/2025\/04\/1734353451-f0270-m-key.jpg 1200w\" sizes=\"auto, (max-width: 300px) 100vw, 300px\" \/><img decoding=\"async\" class=\"lp-badge\" src=\"https:\/\/www.interflora.it\/blog\/wp-content\/uploads\/cropped-cropped-220221_INTERFLORA_Logo_rgb_Social_Media.png\" alt=\"Consegna in giornata\"><\/div><span>Legame fiorito<\/span><p>49.99 \u20ac<\/p><span class=\"obf-link lp-cta\" role=\"link\" tabindex=\"0\" data-b64=\"aHR0cHM6Ly93d3cuaW50ZXJmbG9yYS5pdC9wL2xlZ2FtZS1maW9yaXRvLzE\/dXRtX21lZGl1bT1vcmdhbmljJnV0bV9zb3VyY2U9YmxvZ19wcm9kdWN0cyZ1dG1fY2FtcGFpZ249Qk01MzQ=\" data-target=\"_blank\"><svg xmlns=\"http:\/\/www.w3.org\/2000\/svg\" width=\"16\" height=\"16\" fill=\"currentColor\" class=\"bi bi-bag\" viewBox=\"0 0 16 16\"><path d=\"M8 1a2 2 0 0 1 2 2v1h2.5A1.5 1.5 0 0 1 14 5.5v8A1.5 1.5 0 0 1 12.5 15h-9A1.5 1.5 0 0 1 2 13.5v-8A1.5 1.5 0 0 1 3.5 3H6V2a2 2 0 0 1 2-1zm1 3V3a1 1 0 0 0-2 0v1h2z\"\/><\/svg>Scopri di pi\u00f9<\/span><p class=\"rapido\">Servizio clienti sempre disponibile<\/p><\/div><div class=\"lp-produit\"><div class=\"lp-thumbnail-wrapper\"><img loading=\"lazy\" decoding=\"async\" width=\"300\" height=\"300\" src=\"https:\/\/prodblog.interflora.it\/blog\/wp-content\/uploads\/2025\/08\/1753172359-ff156-deco-300x300.jpg\" class=\"attachment-medium size-medium wp-post-image\" alt=\"\" srcset=\"https:\/\/prodblog.interflora.it\/blog\/wp-content\/uploads\/2025\/08\/1753172359-ff156-deco-300x300.jpg 300w, https:\/\/prodblog.interflora.it\/blog\/wp-content\/uploads\/2025\/08\/1753172359-ff156-deco-1024x1024.jpg 1024w, https:\/\/prodblog.interflora.it\/blog\/wp-content\/uploads\/2025\/08\/1753172359-ff156-deco-150x150.jpg 150w, https:\/\/prodblog.interflora.it\/blog\/wp-content\/uploads\/2025\/08\/1753172359-ff156-deco-768x768.jpg 768w, https:\/\/prodblog.interflora.it\/blog\/wp-content\/uploads\/2025\/08\/1753172359-ff156-deco-1536x1536.jpg 1536w, https:\/\/prodblog.interflora.it\/blog\/wp-content\/uploads\/2025\/08\/1753172359-ff156-deco-2048x2048.jpg 2048w\" sizes=\"auto, (max-width: 300px) 100vw, 300px\" \/><img decoding=\"async\" class=\"lp-badge\" src=\"https:\/\/www.interflora.it\/blog\/wp-content\/uploads\/cropped-cropped-220221_INTERFLORA_Logo_rgb_Social_Media.png\" alt=\"Consegna in giornata\"><\/div><span>Giorno Felice<\/span><p>32.99 \u20ac<\/p><span class=\"obf-link lp-cta\" role=\"link\" tabindex=\"0\" data-b64=\"aHR0cHM6Ly93d3cuaW50ZXJmbG9yYS5pdC9wL2dpb3Juby1mZWxpY2UvMT91dG1fbWVkaXVtPW9yZ2FuaWMmdXRtX3NvdXJjZT1ibG9nX3Byb2R1Y3RzJnV0bV9jYW1wYWlnbj1GRjE1Ng==\" data-target=\"_blank\"><svg xmlns=\"http:\/\/www.w3.org\/2000\/svg\" width=\"16\" height=\"16\" fill=\"currentColor\" class=\"bi bi-bag\" viewBox=\"0 0 16 16\"><path d=\"M8 1a2 2 0 0 1 2 2v1h2.5A1.5 1.5 0 0 1 14 5.5v8A1.5 1.5 0 0 1 12.5 15h-9A1.5 1.5 0 0 1 2 13.5v-8A1.5 1.5 0 0 1 3.5 3H6V2a2 2 0 0 1 2-1zm1 3V3a1 1 0 0 0-2 0v1h2z\"\/><\/svg>Scopri di pi\u00f9<\/span><p class=\"rapido\">Best seller<\/p><\/div><div class=\"lp-produit\"><div class=\"lp-thumbnail-wrapper\"><img loading=\"lazy\" decoding=\"async\" width=\"300\" height=\"300\" src=\"https:\/\/prodblog.interflora.it\/blog\/wp-content\/uploads\/2025\/04\/1726480180-comedincanto-hd-1-300x300.jpg\" class=\"attachment-medium size-medium wp-post-image\" alt=\"\" srcset=\"https:\/\/prodblog.interflora.it\/blog\/wp-content\/uploads\/2025\/04\/1726480180-comedincanto-hd-1-300x300.jpg 300w, https:\/\/prodblog.interflora.it\/blog\/wp-content\/uploads\/2025\/04\/1726480180-comedincanto-hd-1-1024x1024.jpg 1024w, https:\/\/prodblog.interflora.it\/blog\/wp-content\/uploads\/2025\/04\/1726480180-comedincanto-hd-1-150x150.jpg 150w, https:\/\/prodblog.interflora.it\/blog\/wp-content\/uploads\/2025\/04\/1726480180-comedincanto-hd-1-768x768.jpg 768w, https:\/\/prodblog.interflora.it\/blog\/wp-content\/uploads\/2025\/04\/1726480180-comedincanto-hd-1-1536x1536.jpg 1536w, https:\/\/prodblog.interflora.it\/blog\/wp-content\/uploads\/2025\/04\/1726480180-comedincanto-hd-1-2048x2048.jpg 2048w\" sizes=\"auto, (max-width: 300px) 100vw, 300px\" \/><img decoding=\"async\" class=\"lp-badge\" src=\"https:\/\/www.interflora.it\/blog\/wp-content\/uploads\/cropped-cropped-220221_INTERFLORA_Logo_rgb_Social_Media.png\" alt=\"Consegna in giornata\"><\/div><span>Come d&#8217;Incanto<\/span><p>54.99 \u20ac<\/p><span class=\"obf-link lp-cta\" role=\"link\" tabindex=\"0\" data-b64=\"aHR0cHM6Ly93d3cuaW50ZXJmbG9yYS5pdC9wL2NvbWUtZGluY2FudG8vMT91dG1fbWVkaXVtPW9yZ2FuaWMmdXRtX3NvdXJjZT1ibG9nX3Byb2R1Y3RzJnV0bV9jYW1wYWlnbj1CTTUyMQ==\" data-target=\"_blank\"><svg xmlns=\"http:\/\/www.w3.org\/2000\/svg\" width=\"16\" height=\"16\" fill=\"currentColor\" class=\"bi bi-bag\" viewBox=\"0 0 16 16\"><path d=\"M8 1a2 2 0 0 1 2 2v1h2.5A1.5 1.5 0 0 1 14 5.5v8A1.5 1.5 0 0 1 12.5 15h-9A1.5 1.5 0 0 1 2 13.5v-8A1.5 1.5 0 0 1 3.5 3H6V2a2 2 0 0 1 2-1zm1 3V3a1 1 0 0 0-2 0v1h2z\"\/><\/svg>Scopri di pi\u00f9<\/span><p class=\"rapido\">Servizio clienti sempre disponibile<\/p><\/div><\/div>\n\n\n\n<div style=\"height:20px\" aria-hidden=\"true\" class=\"wp-block-spacer\"><\/div>\n\n\n\n<h2 class=\"wp-block-heading alignwide\"><strong>Il bulbo di tulipano: cos\u2019\u00e8 e quante volte fiorisce?<\/strong><\/h2>\n\n\n\n<p>Prima di iniziare con la coltivazione dei tulipani dobbiamo conoscere bene le caratteristiche del loro bulbo. Il tulipano \u00e8 composto, infatti, da un bulbo (o patata) sotterraneo perenne, che genera uno stelo dal colore verde vivace e ben dritto. Ogni stelo genera di norma un solo fiore!<\/p>\n\n\n\n<p>Per una coltivazione corretta dei tulipani, conserva i bulbi in un luogo buio e asciutto, altrimenti inizieranno a crescere prematuramente.<\/p>\n\n\n\n<p>Dopo la fioritura, i bulbi devono essere rimossi e puliti delicatamente dalla terra, lasciati asciugare all\u2019aria per due o tre giorni e, in seguito, conservati all\u2019interno di sacchetti di carta in un posto lontano dalla luce del sole fino all\u2019autunno successivo.<\/p>\n\n\n\n<figure class=\"wp-block-gallery alignwide has-nested-images columns-default is-cropped wp-block-gallery-2 is-layout-flex wp-block-gallery-is-layout-flex\">\n<figure class=\"wp-block-image size-large\"><img decoding=\"async\" data-id=\"2744\" src=\"https:\/\/www.interflora.it\/blog\/wp-content\/uploads\/come-piantare-i-bulbi-di-tulipano.jpg\" alt=\"tulipani piantati in vaso\" class=\"wp-image-2744\"\/><\/figure>\n\n\n\n<figure class=\"wp-block-image size-large\"><img decoding=\"async\" data-id=\"2741\" src=\"https:\/\/www.interflora.it\/blog\/wp-content\/uploads\/fioritura-bulbi-tulipani.jpg\" alt=\"Tulipani in vaso\" class=\"wp-image-2741\"\/><\/figure>\n<\/figure>\n\n\n\n<div style=\"height:30px\" aria-hidden=\"true\" class=\"wp-block-spacer\"><\/div>\n\n\n\n<div class=\"wp-block-media-text alignwide has-media-on-the-right is-stacked-on-mobile\" style=\"grid-template-columns:auto 30%\"><div class=\"wp-block-media-text__content\">\n<h2 class=\"wp-block-heading\">Qualche segreto per coltivare i tulipani<\/h2>\n\n\n\n<p><strong>Coltivare i tulipani<\/strong>&nbsp;e ottenere una bella fioritura non \u00e8 difficile, ma ricorda di tenere a mente qualche nostro consiglio che potrebbe essere molto utile.<\/p>\n\n\n\n<p>I tulipani una volta fioriti sono fiori che amano il sole e la luce, quindi non hanno bisogno di zone molto ombreggiate come altri fiori. Nei giardini e nelle aiuole \u00e8 meglio scegliere una posizione soleggiata. Chiaro che nelle giornate pi\u00f9 calde bisogner\u00e0 ripararli dal sole, il quale potrebbe bruciarne le foglie.<\/p>\n\n\n\n<p>Inoltre, non hanno bisogno di molta acqua: i tulipani quando fioriscono amano un terreno umido ma se ricevono troppa acqua questa potrebbe danneggiarli. Si possono annaffiare ogni cinque giorni a meno che non ci siano periodi di forte siccit\u00e0.<\/p>\n<\/div><figure class=\"wp-block-media-text__media\"><img decoding=\"async\" src=\"https:\/\/www.interflora.it\/blog\/wp-content\/uploads\/Tulipani-aperti-in-vaso-819x1024.jpg\" alt=\"Tulipani viola e bianchi aperti in vaso di vetro.\" class=\"wp-image-9207 size-full\"\/><\/figure><\/div>\n\n\n\n<h2 class=\"wp-block-heading alignwide\">Malattie e insetti che attaccano i tulipani<\/h2>\n\n\n\n<p>I problemi che questa stupenda bulbosa pu\u00f2 sperimentare nel corso della sua fioritura sono diversi, per questo \u00e8 necessario conoscere quali sono i suoi principali nemici.<\/p>\n\n\n\n<p>Quando lumache, chiocciole e piccoli insetti come gli afidi attaccano la pianta \u00e8 necessario verificare che non abbiano mangiato anche i bulbi estraendone uno dal terreno. Nel caso di parassiti nocivi noteremo alterazioni di colore, macchie sbiadite sulle foglie e addirittura fiori deformi. Per questo \u00e8 molto importante agire subito per evitare di rovinare la fioritura.<\/p>\n\n\n<div class=\"lp-produits-grid\"><div class=\"lp-produit\"><div class=\"lp-thumbnail-wrapper\"><img loading=\"lazy\" decoding=\"async\" width=\"300\" height=\"300\" src=\"https:\/\/prodblog.interflora.it\/blog\/wp-content\/uploads\/2025\/04\/1734514274-pf001-orchidea-rosa-zoom-key-300x300.jpg\" class=\"attachment-medium size-medium wp-post-image\" alt=\"\" srcset=\"https:\/\/prodblog.interflora.it\/blog\/wp-content\/uploads\/2025\/04\/1734514274-pf001-orchidea-rosa-zoom-key-300x300.jpg 300w, https:\/\/prodblog.interflora.it\/blog\/wp-content\/uploads\/2025\/04\/1734514274-pf001-orchidea-rosa-zoom-key-1024x1024.jpg 1024w, https:\/\/prodblog.interflora.it\/blog\/wp-content\/uploads\/2025\/04\/1734514274-pf001-orchidea-rosa-zoom-key-150x150.jpg 150w, https:\/\/prodblog.interflora.it\/blog\/wp-content\/uploads\/2025\/04\/1734514274-pf001-orchidea-rosa-zoom-key-768x768.jpg 768w, https:\/\/prodblog.interflora.it\/blog\/wp-content\/uploads\/2025\/04\/1734514274-pf001-orchidea-rosa-zoom-key-1536x1536.jpg 1536w, https:\/\/prodblog.interflora.it\/blog\/wp-content\/uploads\/2025\/04\/1734514274-pf001-orchidea-rosa-zoom-key-2048x2048.jpg 2048w\" sizes=\"auto, (max-width: 300px) 100vw, 300px\" \/><img decoding=\"async\" class=\"lp-badge\" src=\"https:\/\/www.interflora.it\/blog\/wp-content\/uploads\/cropped-cropped-220221_INTERFLORA_Logo_rgb_Social_Media.png\" alt=\"Consegna in giornata\"><\/div><span>Orchidea Rosa<\/span><p>49.99 \u20ac<\/p><span class=\"obf-link lp-cta\" role=\"link\" tabindex=\"0\" data-b64=\"aHR0cHM6Ly93d3cuaW50ZXJmbG9yYS5pdC9wL29yY2hpZGVhLXJvc2EvMT91dG1fbWVkaXVtPW9yZ2FuaWMmdXRtX3NvdXJjZT1ibG9nX3Byb2R1Y3RzJnV0bV9jYW1wYWlnbj1QMDAz\" data-target=\"_blank\"><svg xmlns=\"http:\/\/www.w3.org\/2000\/svg\" width=\"16\" height=\"16\" fill=\"currentColor\" class=\"bi bi-bag\" viewBox=\"0 0 16 16\"><path d=\"M8 1a2 2 0 0 1 2 2v1h2.5A1.5 1.5 0 0 1 14 5.5v8A1.5 1.5 0 0 1 12.5 15h-9A1.5 1.5 0 0 1 2 13.5v-8A1.5 1.5 0 0 1 3.5 3H6V2a2 2 0 0 1 2-1zm1 3V3a1 1 0 0 0-2 0v1h2z\"\/><\/svg>Scopri di pi\u00f9<\/span><p class=\"rapido\">Consegna rapida<\/p><\/div><div class=\"lp-produit\"><div class=\"lp-thumbnail-wrapper\"><img loading=\"lazy\" decoding=\"async\" width=\"300\" height=\"300\" src=\"https:\/\/prodblog.interflora.it\/blog\/wp-content\/uploads\/2025\/08\/1753175449-ff157-model-300x300.jpg\" class=\"attachment-medium size-medium wp-post-image\" alt=\"\" srcset=\"https:\/\/prodblog.interflora.it\/blog\/wp-content\/uploads\/2025\/08\/1753175449-ff157-model-300x300.jpg 300w, https:\/\/prodblog.interflora.it\/blog\/wp-content\/uploads\/2025\/08\/1753175449-ff157-model-1024x1024.jpg 1024w, https:\/\/prodblog.interflora.it\/blog\/wp-content\/uploads\/2025\/08\/1753175449-ff157-model-150x150.jpg 150w, https:\/\/prodblog.interflora.it\/blog\/wp-content\/uploads\/2025\/08\/1753175449-ff157-model-768x768.jpg 768w, https:\/\/prodblog.interflora.it\/blog\/wp-content\/uploads\/2025\/08\/1753175449-ff157-model-1536x1536.jpg 1536w, https:\/\/prodblog.interflora.it\/blog\/wp-content\/uploads\/2025\/08\/1753175449-ff157-model-2048x2048.jpg 2048w\" sizes=\"auto, (max-width: 300px) 100vw, 300px\" \/><img decoding=\"async\" class=\"lp-badge\" src=\"https:\/\/www.interflora.it\/blog\/wp-content\/uploads\/cropped-cropped-220221_INTERFLORA_Logo_rgb_Social_Media.png\" alt=\"Consegna in giornata\"><\/div><span>Allegria<\/span><p>59.99 \u20ac<\/p><span class=\"obf-link lp-cta\" role=\"link\" tabindex=\"0\" data-b64=\"aHR0cHM6Ly93d3cuaW50ZXJmbG9yYS5pdC9wL2FsbGVncmlhLzE\/dXRtX21lZGl1bT1vcmdhbmljJnV0bV9zb3VyY2U9YmxvZ19wcm9kdWN0cyZ1dG1fY2FtcGFpZ249RkYxNTc=\" data-target=\"_blank\"><svg xmlns=\"http:\/\/www.w3.org\/2000\/svg\" width=\"16\" height=\"16\" fill=\"currentColor\" class=\"bi bi-bag\" viewBox=\"0 0 16 16\"><path d=\"M8 1a2 2 0 0 1 2 2v1h2.5A1.5 1.5 0 0 1 14 5.5v8A1.5 1.5 0 0 1 12.5 15h-9A1.5 1.5 0 0 1 2 13.5v-8A1.5 1.5 0 0 1 3.5 3H6V2a2 2 0 0 1 2-1zm1 3V3a1 1 0 0 0-2 0v1h2z\"\/><\/svg>Scopri di pi\u00f9<\/span><p class=\"rapido\">Best seller<\/p><\/div><div class=\"lp-produit\"><div class=\"lp-thumbnail-wrapper\"><img loading=\"lazy\" decoding=\"async\" width=\"300\" height=\"300\" src=\"https:\/\/prodblog.interflora.it\/blog\/wp-content\/uploads\/2025\/04\/1687785636-roses-rouges-unite-it-1-300x300.jpg\" class=\"attachment-medium size-medium wp-post-image\" alt=\"\" srcset=\"https:\/\/prodblog.interflora.it\/blog\/wp-content\/uploads\/2025\/04\/1687785636-roses-rouges-unite-it-1-300x300.jpg 300w, https:\/\/prodblog.interflora.it\/blog\/wp-content\/uploads\/2025\/04\/1687785636-roses-rouges-unite-it-1-1024x1024.jpg 1024w, https:\/\/prodblog.interflora.it\/blog\/wp-content\/uploads\/2025\/04\/1687785636-roses-rouges-unite-it-1-150x150.jpg 150w, https:\/\/prodblog.interflora.it\/blog\/wp-content\/uploads\/2025\/04\/1687785636-roses-rouges-unite-it-1-768x768.jpg 768w, https:\/\/prodblog.interflora.it\/blog\/wp-content\/uploads\/2025\/04\/1687785636-roses-rouges-unite-it-1-1536x1536.jpg 1536w, https:\/\/prodblog.interflora.it\/blog\/wp-content\/uploads\/2025\/04\/1687785636-roses-rouges-unite-it-1-2048x2048.jpg 2048w\" sizes=\"auto, (max-width: 300px) 100vw, 300px\" \/><img decoding=\"async\" class=\"lp-badge\" src=\"https:\/\/www.interflora.it\/blog\/wp-content\/uploads\/cropped-cropped-220221_INTERFLORA_Logo_rgb_Social_Media.png\" alt=\"Consegna in giornata\"><\/div><span>Rose Rosse Premium<\/span><p>42 \u20ac<\/p><span class=\"obf-link lp-cta\" role=\"link\" tabindex=\"0\" data-b64=\"aHR0cHM6Ly93d3cuaW50ZXJmbG9yYS5pdC9wL3Jvc2Utcm9zc2UtcHJlbWl1bS8xP3V0bV9tZWRpdW09b3JnYW5pYyZ1dG1fc291cmNlPWJsb2dfcHJvZHVjdHMmdXRtX2NhbXBhaWduPVJPU0VRVEE=\" data-target=\"_blank\"><svg xmlns=\"http:\/\/www.w3.org\/2000\/svg\" width=\"16\" height=\"16\" fill=\"currentColor\" class=\"bi bi-bag\" viewBox=\"0 0 16 16\"><path d=\"M8 1a2 2 0 0 1 2 2v1h2.5A1.5 1.5 0 0 1 14 5.5v8A1.5 1.5 0 0 1 12.5 15h-9A1.5 1.5 0 0 1 2 13.5v-8A1.5 1.5 0 0 1 3.5 3H6V2a2 2 0 0 1 2-1zm1 3V3a1 1 0 0 0-2 0v1h2z\"\/><\/svg>Scopri di pi\u00f9<\/span><p class=\"rapido\">Consegna rapida<\/p><\/div><div class=\"lp-produit\"><div class=\"lp-thumbnail-wrapper\"><img loading=\"lazy\" decoding=\"async\" width=\"300\" height=\"300\" src=\"https:\/\/prodblog.interflora.it\/blog\/wp-content\/uploads\/2025\/07\/1750403902-ff151-deco-300x300.jpg\" class=\"attachment-medium size-medium wp-post-image\" alt=\"\" srcset=\"https:\/\/prodblog.interflora.it\/blog\/wp-content\/uploads\/2025\/07\/1750403902-ff151-deco-300x300.jpg 300w, https:\/\/prodblog.interflora.it\/blog\/wp-content\/uploads\/2025\/07\/1750403902-ff151-deco-1024x1024.jpg 1024w, https:\/\/prodblog.interflora.it\/blog\/wp-content\/uploads\/2025\/07\/1750403902-ff151-deco-150x150.jpg 150w, https:\/\/prodblog.interflora.it\/blog\/wp-content\/uploads\/2025\/07\/1750403902-ff151-deco-768x768.jpg 768w, https:\/\/prodblog.interflora.it\/blog\/wp-content\/uploads\/2025\/07\/1750403902-ff151-deco-1536x1536.jpg 1536w, https:\/\/prodblog.interflora.it\/blog\/wp-content\/uploads\/2025\/07\/1750403902-ff151-deco-2048x2048.jpg 2048w\" sizes=\"auto, (max-width: 300px) 100vw, 300px\" \/><img decoding=\"async\" class=\"lp-badge\" src=\"https:\/\/www.interflora.it\/blog\/wp-content\/uploads\/cropped-cropped-220221_INTERFLORA_Logo_rgb_Social_Media.png\" alt=\"Consegna in giornata\"><\/div><span>Tanti Auguri<\/span><p>44.99 \u20ac<\/p><span class=\"obf-link lp-cta\" role=\"link\" tabindex=\"0\" data-b64=\"aHR0cHM6Ly93d3cuaW50ZXJmbG9yYS5pdC9wL3RhbnRpLWF1Z3VyaS8xP3V0bV9tZWRpdW09b3JnYW5pYyZ1dG1fc291cmNlPWJsb2dfcHJvZHVjdHMmdXRtX2NhbXBhaWduPUZGMTUx\" data-target=\"_blank\"><svg xmlns=\"http:\/\/www.w3.org\/2000\/svg\" width=\"16\" height=\"16\" fill=\"currentColor\" class=\"bi bi-bag\" viewBox=\"0 0 16 16\"><path d=\"M8 1a2 2 0 0 1 2 2v1h2.5A1.5 1.5 0 0 1 14 5.5v8A1.5 1.5 0 0 1 12.5 15h-9A1.5 1.5 0 0 1 2 13.5v-8A1.5 1.5 0 0 1 3.5 3H6V2a2 2 0 0 1 2-1zm1 3V3a1 1 0 0 0-2 0v1h2z\"\/><\/svg>Scopri di pi\u00f9<\/span><p class=\"rapido\">Consegna rapida<\/p><\/div><\/div>\n\n\n\n<div style=\"height:20px\" aria-hidden=\"true\" class=\"wp-block-spacer\"><\/div>\n\n\n\n<p>Seguendo questi consigli, avrai una fioritura ottimale dei tuoi tulipani sia in vaso che nei giardini di casa e potrai vedere risultati stupendi applicando questi semplici segreti per un giardinaggio da vero esperto!<\/p>\n","protected":false},"excerpt":{"rendered":"<p>Rossi, gialli oppure viola: qualunque sia il loro colore, i&nbsp;tulipani&nbsp;sono tra i fiori che associamo all\u2019arrivo della&nbsp;primavera, un periodo dell\u2019anno [&hellip;]<\/p>\n","protected":false},"author":8,"featured_media":32999,"comment_status":"closed","ping_status":"closed","sticky":false,"template":"","format":"standard","meta":{"_uag_custom_page_level_css":"","site-sidebar-layout":"default","site-content-layout":"","ast-site-content-layout":"default","site-content-style":"default","site-sidebar-style":"default","ast-global-header-display":"","ast-banner-title-visibility":"","ast-main-header-display":"","ast-hfb-above-header-display":"","ast-hfb-below-header-display":"","ast-hfb-mobile-header-display":"","site-post-title":"","ast-breadcrumbs-content":"","ast-featured-img":"","footer-sml-layout":"","ast-disable-related-posts":"","theme-transparent-header-meta":"","adv-header-id-meta":"","stick-header-meta":"","header-above-stick-meta":"","header-main-stick-meta":"","header-below-stick-meta":"","astra-migrate-meta-layouts":"set","ast-page-background-enabled":"default","ast-page-background-meta":{"desktop":{"background-color":"var(--ast-global-color-4)","background-image":"","background-repeat":"repeat","background-position":"center center","background-size":"auto","background-attachment":"scroll","background-type":"","background-media":"","overlay-type":"","overlay-color":"","overlay-opacity":"","overlay-gradient":""},"tablet":{"background-color":"","background-image":"","background-repeat":"repeat","background-position":"center center","background-size":"auto","background-attachment":"scroll","background-type":"","background-media":"","overlay-type":"","overlay-color":"","overlay-opacity":"","overlay-gradient":""},"mobile":{"background-color":"","background-image":"","background-repeat":"repeat","background-position":"center center","background-size":"auto","background-attachment":"scroll","background-type":"","background-media":"","overlay-type":"","overlay-color":"","overlay-opacity":"","overlay-gradient":""}},"ast-content-background-meta":{"desktop":{"background-color":"var(--ast-global-color-5)","background-image":"","background-repeat":"repeat","background-position":"center center","background-size":"auto","background-attachment":"scroll","background-type":"","background-media":"","overlay-type":"","overlay-color":"","overlay-opacity":"","overlay-gradient":""},"tablet":{"background-color":"var(--ast-global-color-5)","background-image":"","background-repeat":"repeat","background-position":"center center","background-size":"auto","background-attachment":"scroll","background-type":"","background-media":"","overlay-type":"","overlay-color":"","overlay-opacity":"","overlay-gradient":""},"mobile":{"background-color":"var(--ast-global-color-5)","background-image":"","background-repeat":"repeat","background-position":"center center","background-size":"auto","background-attachment":"scroll","background-type":"","background-media":"","overlay-type":"","overlay-color":"","overlay-opacity":"","overlay-gradient":""}},"footnotes":""},"categories":[165,187,196,244,286],"tags":[266],"class_list":["post-573","post","type-post","status-publish","format-standard","has-post-thumbnail","hentry","category-fiori","category-interflora-accademy","category-inverno","category-primavera","category-tulipani","tag-tulipani"],"yoast_head":"<!-- This site is optimized with the Yoast SEO plugin v26.4 - https:\/\/yoast.com\/wordpress\/plugins\/seo\/ -->\n<title>Tutto sulla fioritura dei tulipani\ud83c\udf37fiori della Primavera | Interflora<\/title>\n<meta name=\"description\" content=\"Scopri tutto quello che c\u2019\u00e8 da sapere sui fiori per eccellenza della primavera, i Tulipani \ud83c\udf37 Quando fioriscono, quante volte e tanto altro ancora.\" \/>\n<meta name=\"robots\" content=\"index, follow, max-snippet:-1, max-image-preview:large, max-video-preview:-1\" \/>\n<link rel=\"canonical\" href=\"https:\/\/prodblog.interflora.it\/blog\/fioritura-dei-tulipani\/\" \/>\n<meta property=\"og:locale\" content=\"it_IT\" \/>\n<meta property=\"og:type\" content=\"article\" \/>\n<meta property=\"og:title\" content=\"Tutto sulla fioritura dei tulipani\ud83c\udf37fiori della Primavera | Interflora\" \/>\n<meta property=\"og:description\" content=\"Scopri tutto quello che c\u2019\u00e8 da sapere sui fiori per eccellenza della primavera, i Tulipani \ud83c\udf37 Quando fioriscono, quante volte e tanto altro ancora.\" \/>\n<meta property=\"og:url\" content=\"https:\/\/prodblog.interflora.it\/blog\/fioritura-dei-tulipani\/\" \/>\n<meta property=\"og:site_name\" content=\"Il blog di Interflora: consigli, idee e ispirazione per godersi fiori e piante\" \/>\n<meta property=\"article:published_time\" content=\"2026-03-18T14:03:57+00:00\" \/>\n<meta property=\"article:modified_time\" content=\"2026-03-18T14:03:58+00:00\" \/>\n<meta property=\"og:image\" content=\"https:\/\/prodblog.interflora.it\/blog\/wp-content\/uploads\/fioritura-tulipani.jpg\" \/>\n\t<meta property=\"og:image:width\" content=\"768\" \/>\n\t<meta property=\"og:image:height\" content=\"437\" \/>\n\t<meta property=\"og:image:type\" content=\"image\/jpeg\" \/>\n<meta name=\"author\" content=\"Interflora\" \/>\n<meta name=\"twitter:card\" content=\"summary_large_image\" \/>\n<script type=\"application\/ld+json\" class=\"yoast-schema-graph\">{\"@context\":\"https:\/\/schema.org\",\"@graph\":[{\"@type\":\"Article\",\"@id\":\"https:\/\/prodblog.interflora.it\/blog\/fioritura-dei-tulipani\/#article\",\"isPartOf\":{\"@id\":\"https:\/\/prodblog.interflora.it\/blog\/fioritura-dei-tulipani\/\"},\"author\":{\"name\":\"Interflora\",\"@id\":\"https:\/\/www.interflora.it\/blog\/#\/schema\/person\/37c1677fb37e37e1d52ee86644974c72\"},\"headline\":\"Tutto sulla fioritura dei tulipani, fiori della Primavera\",\"datePublished\":\"2026-03-18T14:03:57+00:00\",\"dateModified\":\"2026-03-18T14:03:58+00:00\",\"mainEntityOfPage\":{\"@id\":\"https:\/\/prodblog.interflora.it\/blog\/fioritura-dei-tulipani\/\"},\"wordCount\":820,\"publisher\":{\"@id\":\"https:\/\/www.interflora.it\/blog\/#organization\"},\"image\":{\"@id\":\"https:\/\/prodblog.interflora.it\/blog\/fioritura-dei-tulipani\/#primaryimage\"},\"thumbnailUrl\":\"https:\/\/prodblog.interflora.it\/blog\/wp-content\/uploads\/fioritura-tulipani.jpg\",\"keywords\":[\"Tulipani\"],\"articleSection\":[\"Fiori e Piante\",\"Interflora accademy\",\"Inverno\",\"Primavera\",\"Tulipani\"],\"inLanguage\":\"it-IT\"},{\"@type\":\"WebPage\",\"@id\":\"https:\/\/prodblog.interflora.it\/blog\/fioritura-dei-tulipani\/\",\"url\":\"https:\/\/prodblog.interflora.it\/blog\/fioritura-dei-tulipani\/\",\"name\":\"Tutto sulla fioritura dei tulipani\ud83c\udf37fiori della Primavera | Interflora\",\"isPartOf\":{\"@id\":\"https:\/\/www.interflora.it\/blog\/#website\"},\"primaryImageOfPage\":{\"@id\":\"https:\/\/prodblog.interflora.it\/blog\/fioritura-dei-tulipani\/#primaryimage\"},\"image\":{\"@id\":\"https:\/\/prodblog.interflora.it\/blog\/fioritura-dei-tulipani\/#primaryimage\"},\"thumbnailUrl\":\"https:\/\/prodblog.interflora.it\/blog\/wp-content\/uploads\/fioritura-tulipani.jpg\",\"datePublished\":\"2026-03-18T14:03:57+00:00\",\"dateModified\":\"2026-03-18T14:03:58+00:00\",\"description\":\"Scopri tutto quello che c\u2019\u00e8 da sapere sui fiori per eccellenza della primavera, i Tulipani \ud83c\udf37 Quando fioriscono, quante volte e tanto altro ancora.\",\"breadcrumb\":{\"@id\":\"https:\/\/prodblog.interflora.it\/blog\/fioritura-dei-tulipani\/#breadcrumb\"},\"inLanguage\":\"it-IT\",\"potentialAction\":[{\"@type\":\"ReadAction\",\"target\":[\"https:\/\/prodblog.interflora.it\/blog\/fioritura-dei-tulipani\/\"]}]},{\"@type\":\"ImageObject\",\"inLanguage\":\"it-IT\",\"@id\":\"https:\/\/prodblog.interflora.it\/blog\/fioritura-dei-tulipani\/#primaryimage\",\"url\":\"https:\/\/prodblog.interflora.it\/blog\/wp-content\/uploads\/fioritura-tulipani.jpg\",\"contentUrl\":\"https:\/\/prodblog.interflora.it\/blog\/wp-content\/uploads\/fioritura-tulipani.jpg\",\"width\":768,\"height\":437},{\"@type\":\"BreadcrumbList\",\"@id\":\"https:\/\/prodblog.interflora.it\/blog\/fioritura-dei-tulipani\/#breadcrumb\",\"itemListElement\":[{\"@type\":\"ListItem\",\"position\":1,\"name\":\"Home\",\"item\":\"https:\/\/prodblog.interflora.it\/blog\/\"},{\"@type\":\"ListItem\",\"position\":2,\"name\":\"Tutto sulla fioritura dei tulipani, fiori della Primavera\"}]},{\"@type\":\"WebSite\",\"@id\":\"https:\/\/www.interflora.it\/blog\/#website\",\"url\":\"https:\/\/www.interflora.it\/blog\/\",\"name\":\"Il blog di Interflora: consigli, idee e ispirazione per godersi fiori e piante\",\"description\":\"\",\"publisher\":{\"@id\":\"https:\/\/www.interflora.it\/blog\/#organization\"},\"potentialAction\":[{\"@type\":\"SearchAction\",\"target\":{\"@type\":\"EntryPoint\",\"urlTemplate\":\"https:\/\/www.interflora.it\/blog\/?s={search_term_string}\"},\"query-input\":{\"@type\":\"PropertyValueSpecification\",\"valueRequired\":true,\"valueName\":\"search_term_string\"}}],\"inLanguage\":\"it-IT\"},{\"@type\":\"Organization\",\"@id\":\"https:\/\/www.interflora.it\/blog\/#organization\",\"name\":\"Il blog di Interflora: consigli, idee e ispirazione per godersi fiori e piante\",\"url\":\"https:\/\/www.interflora.it\/blog\/\",\"logo\":{\"@type\":\"ImageObject\",\"inLanguage\":\"it-IT\",\"@id\":\"https:\/\/www.interflora.it\/blog\/#\/schema\/logo\/image\/\",\"url\":\"https:\/\/prodblog.interflora.it\/blog\/wp-content\/uploads\/2025\/04\/220221_INTERFLORA_Logo_rgb_Half_Circle-e1670413381661.png\",\"contentUrl\":\"https:\/\/prodblog.interflora.it\/blog\/wp-content\/uploads\/2025\/04\/220221_INTERFLORA_Logo_rgb_Half_Circle-e1670413381661.png\",\"width\":1351,\"height\":656,\"caption\":\"Il blog di Interflora: consigli, idee e ispirazione per godersi fiori e piante\"},\"image\":{\"@id\":\"https:\/\/www.interflora.it\/blog\/#\/schema\/logo\/image\/\"}},{\"@type\":\"Person\",\"@id\":\"https:\/\/www.interflora.it\/blog\/#\/schema\/person\/37c1677fb37e37e1d52ee86644974c72\",\"name\":\"Interflora\",\"image\":{\"@type\":\"ImageObject\",\"inLanguage\":\"it-IT\",\"@id\":\"https:\/\/www.interflora.it\/blog\/#\/schema\/person\/image\/\",\"url\":\"https:\/\/secure.gravatar.com\/avatar\/f8ee11e6b2ddd835aba806604014e0f5960629fa9ff333f1d1f0db3e39ad3bad?s=96&d=mm&r=g\",\"contentUrl\":\"https:\/\/secure.gravatar.com\/avatar\/f8ee11e6b2ddd835aba806604014e0f5960629fa9ff333f1d1f0db3e39ad3bad?s=96&d=mm&r=g\",\"caption\":\"Interflora\"}}]}<\/script>\n<!-- \/ Yoast SEO plugin. -->","yoast_head_json":{"title":"Tutto sulla fioritura dei tulipani\ud83c\udf37fiori della Primavera | Interflora","description":"Scopri tutto quello che c\u2019\u00e8 da sapere sui fiori per eccellenza della primavera, i Tulipani \ud83c\udf37 Quando fioriscono, quante volte e tanto altro ancora.","robots":{"index":"index","follow":"follow","max-snippet":"max-snippet:-1","max-image-preview":"max-image-preview:large","max-video-preview":"max-video-preview:-1"},"canonical":"https:\/\/prodblog.interflora.it\/blog\/fioritura-dei-tulipani\/","og_locale":"it_IT","og_type":"article","og_title":"Tutto sulla fioritura dei tulipani\ud83c\udf37fiori della Primavera | Interflora","og_description":"Scopri tutto quello che c\u2019\u00e8 da sapere sui fiori per eccellenza della primavera, i Tulipani \ud83c\udf37 Quando fioriscono, quante volte e tanto altro ancora.","og_url":"https:\/\/prodblog.interflora.it\/blog\/fioritura-dei-tulipani\/","og_site_name":"Il blog di Interflora: consigli, idee e ispirazione per godersi fiori e piante","article_published_time":"2026-03-18T14:03:57+00:00","article_modified_time":"2026-03-18T14:03:58+00:00","og_image":[{"width":768,"height":437,"url":"https:\/\/prodblog.interflora.it\/blog\/wp-content\/uploads\/fioritura-tulipani.jpg","type":"image\/jpeg"}],"author":"Interflora","twitter_card":"summary_large_image","schema":{"@context":"https:\/\/schema.org","@graph":[{"@type":"Article","@id":"https:\/\/prodblog.interflora.it\/blog\/fioritura-dei-tulipani\/#article","isPartOf":{"@id":"https:\/\/prodblog.interflora.it\/blog\/fioritura-dei-tulipani\/"},"author":{"name":"Interflora","@id":"https:\/\/www.interflora.it\/blog\/#\/schema\/person\/37c1677fb37e37e1d52ee86644974c72"},"headline":"Tutto sulla fioritura dei tulipani, fiori della Primavera","datePublished":"2026-03-18T14:03:57+00:00","dateModified":"2026-03-18T14:03:58+00:00","mainEntityOfPage":{"@id":"https:\/\/prodblog.interflora.it\/blog\/fioritura-dei-tulipani\/"},"wordCount":820,"publisher":{"@id":"https:\/\/www.interflora.it\/blog\/#organization"},"image":{"@id":"https:\/\/prodblog.interflora.it\/blog\/fioritura-dei-tulipani\/#primaryimage"},"thumbnailUrl":"https:\/\/prodblog.interflora.it\/blog\/wp-content\/uploads\/fioritura-tulipani.jpg","keywords":["Tulipani"],"articleSection":["Fiori e Piante","Interflora accademy","Inverno","Primavera","Tulipani"],"inLanguage":"it-IT"},{"@type":"WebPage","@id":"https:\/\/prodblog.interflora.it\/blog\/fioritura-dei-tulipani\/","url":"https:\/\/prodblog.interflora.it\/blog\/fioritura-dei-tulipani\/","name":"Tutto sulla fioritura dei tulipani\ud83c\udf37fiori della Primavera | Interflora","isPartOf":{"@id":"https:\/\/www.interflora.it\/blog\/#website"},"primaryImageOfPage":{"@id":"https:\/\/prodblog.interflora.it\/blog\/fioritura-dei-tulipani\/#primaryimage"},"image":{"@id":"https:\/\/prodblog.interflora.it\/blog\/fioritura-dei-tulipani\/#primaryimage"},"thumbnailUrl":"https:\/\/prodblog.interflora.it\/blog\/wp-content\/uploads\/fioritura-tulipani.jpg","datePublished":"2026-03-18T14:03:57+00:00","dateModified":"2026-03-18T14:03:58+00:00","description":"Scopri tutto quello che c\u2019\u00e8 da sapere sui fiori per eccellenza della primavera, i Tulipani \ud83c\udf37 Quando fioriscono, quante volte e tanto altro ancora.","breadcrumb":{"@id":"https:\/\/prodblog.interflora.it\/blog\/fioritura-dei-tulipani\/#breadcrumb"},"inLanguage":"it-IT","potentialAction":[{"@type":"ReadAction","target":["https:\/\/prodblog.interflora.it\/blog\/fioritura-dei-tulipani\/"]}]},{"@type":"ImageObject","inLanguage":"it-IT","@id":"https:\/\/prodblog.interflora.it\/blog\/fioritura-dei-tulipani\/#primaryimage","url":"https:\/\/prodblog.interflora.it\/blog\/wp-content\/uploads\/fioritura-tulipani.jpg","contentUrl":"https:\/\/prodblog.interflora.it\/blog\/wp-content\/uploads\/fioritura-tulipani.jpg","width":768,"height":437},{"@type":"BreadcrumbList","@id":"https:\/\/prodblog.interflora.it\/blog\/fioritura-dei-tulipani\/#breadcrumb","itemListElement":[{"@type":"ListItem","position":1,"name":"Home","item":"https:\/\/prodblog.interflora.it\/blog\/"},{"@type":"ListItem","position":2,"name":"Tutto sulla fioritura dei tulipani, fiori della Primavera"}]},{"@type":"WebSite","@id":"https:\/\/www.interflora.it\/blog\/#website","url":"https:\/\/www.interflora.it\/blog\/","name":"Il blog di Interflora: consigli, idee e ispirazione per godersi fiori e piante","description":"","publisher":{"@id":"https:\/\/www.interflora.it\/blog\/#organization"},"potentialAction":[{"@type":"SearchAction","target":{"@type":"EntryPoint","urlTemplate":"https:\/\/www.interflora.it\/blog\/?s={search_term_string}"},"query-input":{"@type":"PropertyValueSpecification","valueRequired":true,"valueName":"search_term_string"}}],"inLanguage":"it-IT"},{"@type":"Organization","@id":"https:\/\/www.interflora.it\/blog\/#organization","name":"Il blog di Interflora: consigli, idee e ispirazione per godersi fiori e piante","url":"https:\/\/www.interflora.it\/blog\/","logo":{"@type":"ImageObject","inLanguage":"it-IT","@id":"https:\/\/www.interflora.it\/blog\/#\/schema\/logo\/image\/","url":"https:\/\/prodblog.interflora.it\/blog\/wp-content\/uploads\/2025\/04\/220221_INTERFLORA_Logo_rgb_Half_Circle-e1670413381661.png","contentUrl":"https:\/\/prodblog.interflora.it\/blog\/wp-content\/uploads\/2025\/04\/220221_INTERFLORA_Logo_rgb_Half_Circle-e1670413381661.png","width":1351,"height":656,"caption":"Il blog di Interflora: consigli, idee e ispirazione per godersi fiori e piante"},"image":{"@id":"https:\/\/www.interflora.it\/blog\/#\/schema\/logo\/image\/"}},{"@type":"Person","@id":"https:\/\/www.interflora.it\/blog\/#\/schema\/person\/37c1677fb37e37e1d52ee86644974c72","name":"Interflora","image":{"@type":"ImageObject","inLanguage":"it-IT","@id":"https:\/\/www.interflora.it\/blog\/#\/schema\/person\/image\/","url":"https:\/\/secure.gravatar.com\/avatar\/f8ee11e6b2ddd835aba806604014e0f5960629fa9ff333f1d1f0db3e39ad3bad?s=96&d=mm&r=g","contentUrl":"https:\/\/secure.gravatar.com\/avatar\/f8ee11e6b2ddd835aba806604014e0f5960629fa9ff333f1d1f0db3e39ad3bad?s=96&d=mm&r=g","caption":"Interflora"}}]}},"uagb_featured_image_src":{"full":["https:\/\/prodblog.interflora.it\/blog\/wp-content\/uploads\/fioritura-tulipani.jpg",768,437,false],"thumbnail":["https:\/\/prodblog.interflora.it\/blog\/wp-content\/uploads\/fioritura-tulipani-150x150.jpg",150,150,true],"medium":["https:\/\/prodblog.interflora.it\/blog\/wp-content\/uploads\/fioritura-tulipani-300x171.jpg",300,171,true],"medium_large":["https:\/\/prodblog.interflora.it\/blog\/wp-content\/uploads\/fioritura-tulipani.jpg",768,437,false],"large":["https:\/\/prodblog.interflora.it\/blog\/wp-content\/uploads\/fioritura-tulipani.jpg",768,437,false],"1536x1536":["https:\/\/prodblog.interflora.it\/blog\/wp-content\/uploads\/fioritura-tulipani.jpg",768,437,false],"2048x2048":["https:\/\/prodblog.interflora.it\/blog\/wp-content\/uploads\/fioritura-tulipani.jpg",768,437,false]},"uagb_author_info":{"display_name":"Interflora","author_link":"https:\/\/prodblog.interflora.it\/blog\/author\/lisa-contini\/"},"uagb_comment_info":0,"uagb_excerpt":"Rossi, gialli oppure viola: qualunque sia il loro colore, i&nbsp;tulipani&nbsp;sono tra i fiori che associamo all\u2019arrivo della&nbsp;primavera, un periodo dell\u2019anno [&hellip;]","_links":{"self":[{"href":"https:\/\/prodblog.interflora.it\/blog\/wp-json\/wp\/v2\/posts\/573","targetHints":{"allow":["GET"]}}],"collection":[{"href":"https:\/\/prodblog.interflora.it\/blog\/wp-json\/wp\/v2\/posts"}],"about":[{"href":"https:\/\/prodblog.interflora.it\/blog\/wp-json\/wp\/v2\/types\/post"}],"author":[{"embeddable":true,"href":"https:\/\/prodblog.interflora.it\/blog\/wp-json\/wp\/v2\/users\/8"}],"replies":[{"embeddable":true,"href":"https:\/\/prodblog.interflora.it\/blog\/wp-json\/wp\/v2\/comments?post=573"}],"version-history":[{"count":4,"href":"https:\/\/prodblog.interflora.it\/blog\/wp-json\/wp\/v2\/posts\/573\/revisions"}],"predecessor-version":[{"id":34193,"href":"https:\/\/prodblog.interflora.it\/blog\/wp-json\/wp\/v2\/posts\/573\/revisions\/34193"}],"wp:featuredmedia":[{"embeddable":true,"href":"https:\/\/prodblog.interflora.it\/blog\/wp-json\/wp\/v2\/media\/32999"}],"wp:attachment":[{"href":"https:\/\/prodblog.interflora.it\/blog\/wp-json\/wp\/v2\/media?parent=573"}],"wp:term":[{"taxonomy":"category","embeddable":true,"href":"https:\/\/prodblog.interflora.it\/blog\/wp-json\/wp\/v2\/categories?post=573"},{"taxonomy":"post_tag","embeddable":true,"href":"https:\/\/prodblog.interflora.it\/blog\/wp-json\/wp\/v2\/tags?post=573"}],"curies":[{"name":"wp","href":"https:\/\/api.w.org\/{rel}","templated":true}]}}