{"id":619,"date":"2020-04-07T13:31:46","date_gmt":"2020-04-07T11:31:46","guid":{"rendered":"https:\/\/blog.interflora.it\/?p=619"},"modified":"2025-08-11T16:02:28","modified_gmt":"2025-08-11T14:02:28","slug":"siete-i-nostri-fiori","status":"publish","type":"post","link":"https:\/\/prodblog.interflora.it\/blog\/siete-i-nostri-fiori\/","title":{"rendered":"SIETE I NOSTRI FIORI"},"content":{"rendered":"<p style=\"margin-bottom: .0001pt; text-align: center;\" align=\"center\"><b><span style=\"font-size: 14.0pt; font-family: 'Times New Roman',serif;\">INTERFLORA PER CROCE ROSSA ITALIANA<\/span><\/b><\/p>\n<p style=\"margin-bottom: .0001pt; text-align: center;\" align=\"center\"><b><span style=\"font-size: 14.0pt; font-family: 'Times New Roman',serif;\">AI VOLONTARI DELLA CROCE ROSSA DI ROMA I TULIPANI DEL ROME FLOWERS PARK<\/span><\/b><\/p>\n<p style=\"margin-bottom: .0001pt;\"><span style=\"font-size: 10.0pt; font-family: 'Times New Roman',serif;\">\u00a0<\/span><\/p>\n<p style=\"margin-bottom: .0001pt;\"><span style=\"font-size: 12.0pt; font-family: 'Times New Roman',serif;\">Da sempre Interflora regala emozioni attraverso i fiori che, di volta in volta, si trasformano in speciali messaggeri di sentimenti in tutto il mondo. Attraverso il linguaggio universale dei fiori si possono comunicare, anche a distanza, pensieri d\u2019amore e amicizia, gratitudine e solidariet\u00e0.<\/span><\/p>\n<p style=\"margin-bottom: .0001pt;\"><span style=\"font-size: 10.0pt; font-family: 'Times New Roman',serif;\">\u00a0<\/span><\/p>\n<p style=\"margin-bottom: .0001pt;\"><span style=\"font-size: 12.0pt; font-family: 'Times New Roman',serif;\">In un periodo difficilissimo per il nostro Paese a causa dell&#8217;esplosione della pandemia di coronavirus, Interflora Italia desidera manifestare il suo &#8220;grazie&#8221; ai volontari della Croce Rossa, impegnati quotidianamente sul fronte.\u00a0<\/span><\/p>\n<p style=\"margin-bottom: .0001pt;\"><span style=\"font-size: 12.0pt; font-family: 'Times New Roman',serif;\">\u00a0<\/span><\/p>\n<p style=\"margin-bottom: .0001pt;\"><b><span style=\"font-size: 12.0pt; font-family: 'Times New Roman',serif;\">Un &#8220;GRAZIE&#8221; detto con i fiori<\/span><\/b><\/p>\n<p style=\"margin-bottom: .0001pt;\"><span style=\"font-size: 10.0pt; font-family: 'Times New Roman',serif;\">\u00a0<\/span><\/p>\n<p style=\"margin-bottom: .0001pt;\"><span style=\"font-size: 12.0pt; font-family: 'Times New Roman',serif;\">In questi giorni oltre 300.000 tulipani stanno sbocciando all&#8217;interno del suggestivo <b>Roma Flowers Park<\/b>, gigantesca serra a cielo aperto a due passi dal Santuario del Divino Amore nella campagna a sud della Capitale.\u00a0<\/span><\/p>\n<p style=\"margin-bottom: .0001pt;\"><span style=\"font-size: 12.0pt; font-family: 'Times New Roman',serif;\">Quest&#8217;anno, a causa della pandemia di Covid19, il parco sito in Via di Castel di Leva 358 non potr\u00e0 aprire al pubblico nel suo periodo di massima fioritura per la gioia di grandi e piccini. <\/span><\/p>\n<p style=\"margin-bottom: .0001pt;\"><span style=\"font-size: 12.0pt; font-family: 'Times New Roman',serif;\">\u00a0<\/span><\/p>\n<p style=\"margin-bottom: .0001pt;\"><span style=\"font-size: 12.0pt; font-family: 'Times New Roman',serif;\">Interflora Italia &#8211; partner ufficiale del parco di oltre 20 ettari in cui fioriscono 115 specie di tulipani ed altre decine di variet\u00e0 di piante e fiori &#8211; vuole essere vicino a tutti i cittadini e le cittadine che, in questo momento, stanno offrendo la loro disponibilit\u00e0 per aiutare il nostro Paese.<\/span><\/p>\n<p style=\"margin-bottom: .0001pt;\"><span style=\"font-size: 12.0pt; font-family: 'Times New Roman',serif;\">\u00a0<\/span><\/p>\n<p style=\"margin-bottom: .0001pt;\"><span style=\"font-size: 12.0pt; font-family: 'Times New Roman',serif;\">A sostegno dell&#8217;appello della Croce Rossa Italiana ad aderire come volontari temporanei in un periodo di estrema emergenza, Interflora si unisce con i suoi fiori. Solamente a Roma e Provincia, sono oltre 7.000 i volontari e le volontarie della Croce Rossa e moltissimi sono impegnati in attivit\u00e0 di sostegno a coloro che hanno maggiormente bisogno.<\/span><\/p>\n<p style=\"margin-bottom: .0001pt;\"><span style=\"font-size: 10.0pt; font-family: 'Times New Roman',serif;\">\u00a0<\/span><\/p>\n<p style=\"margin-bottom: .0001pt;\"><span style=\"font-size: 12.0pt; font-family: 'Times New Roman',serif;\">&#8220;Un ringraziamento espresso con i fiori&#8221; &#8211; spiega il <b>Direttore Generale <\/b>di<b> Interflora Italia Luca Iannarone<\/b> &#8211; &#8220;a tutti quelle persone generose impegnate nella Capitale per aiutare il prossimo in questi giorni terribili. Grazie ai nostri fioristi, Interflora potr\u00e0 realizzare ed offrire speciali bouquet di variopinti tulipani del Rome Flowers Park di Roma, nel limite della disponibilit\u00e0 numerica, fino ad esaurimento&#8221;.<\/span><\/p>\n<p style=\"margin-bottom: .0001pt;\"><span style=\"font-size: 10.0pt; font-family: 'Times New Roman',serif;\">\u00a0<\/span><\/p>\n<p style=\"margin-bottom: .0001pt;\"><span style=\"font-size: 12.0pt; font-family: 'Times New Roman',serif;\">Tanti volontari e volontarie dal cuore tenero ed animati da grande energia ai quali verranno dedicati i nostri tulipani,\u00a0che, nel linguaggio universale dei fiori, significano vicinanza ed affetto disinteressato ed onesto.\u00a0<\/span><\/p>\n<p style=\"margin-bottom: .0001pt;\"><span style=\"font-size: 10.0pt; font-family: 'Times New Roman',serif;\">\u00a0<\/span><\/p>\n<p style=\"margin-bottom: .0001pt;\"><span style=\"font-size: 12.0pt; font-family: 'Times New Roman',serif;\">&#8220;Siamo davvero felici ed emozionati&#8221; &#8211; afferma il <b>Presidente <\/b>di<b> Interflora Italia Sandro Braghettoni<\/b> \u2013 \u201cdi poter ringraziare tutti i volontari e le volontarie che, maniera discreta e silenziosa, assistono le persone pi\u00f9 deboli. Da sempre, Interflora \u00e8 messaggera di sentimenti, attraverso i fiori; un impegno ancor pi\u00f9 importante in questo durissimo periodo, in cui sono tantissime le persone che si trovano isolate a causa della pandemia&#8221;.<\/span><\/p>\n<p style=\"margin-bottom: .0001pt;\"><span style=\"font-size: 12.0pt; font-family: 'Times New Roman',serif;\">\u00a0<\/span><\/p>\n<p style=\"margin-bottom: .0001pt;\"><span style=\"font-size: 12.0pt; font-family: 'Times New Roman',serif;\">\u201cC\u2019\u00e8 molto bisogno di bellezza sempre e soprattutto in questo periodo\u201d &#8211; dice la P<b>residente della Croce Rossa di Roma Debora Diodati<\/b> &#8211; \u201cRingraziamo Interflora anche per il senso di gratitudine verso l\u2019instancabile attivit\u00e0 che i Volontari e le Volontarie della Croce Rossa stanno portando avanti. Il dono simbolico ai volontari di Roma \u00e8 per tutti e tutte in tutta Italia\u201d.\u00a0 \u00a0<\/span><\/p>\n<p>\u00a0<img loading=\"lazy\" decoding=\"async\" class=\"alignnone wp-image-620\" src=\" https:\/\/www.interflora.it\/blog\/wp-content\/uploads\/2020\/04\/1-300x225.jpg\" alt=\"\" width=\"413\" height=\"310\" \/> <img loading=\"lazy\" decoding=\"async\" class=\"alignnone wp-image-626\" src=\" https:\/\/www.interflora.it\/blog\/wp-content\/uploads\/2020\/04\/2_new-170x300.jpg\" alt=\"\" width=\"175\" height=\"309\" \/> <img loading=\"lazy\" decoding=\"async\" class=\"alignnone wp-image-622\" src=\" https:\/\/www.interflora.it\/blog\/wp-content\/uploads\/2020\/04\/3-300x225.jpg\" alt=\"\" width=\"412\" height=\"309\" \/><\/p>\n<p><img loading=\"lazy\" decoding=\"async\" class=\"alignnone wp-image-623\" src=\" https:\/\/www.interflora.it\/blog\/wp-content\/uploads\/2020\/04\/4-300x225.jpg\" alt=\"\" width=\"399\" height=\"299\" \/> <img loading=\"lazy\" decoding=\"async\" class=\"alignnone wp-image-624 size-medium\" src=\" https:\/\/www.interflora.it\/blog\/wp-content\/uploads\/2020\/04\/5-225x300.jpg\" alt=\"\" width=\"225\" height=\"300\" \/> <img loading=\"lazy\" decoding=\"async\" class=\"alignnone size-medium wp-image-625\" src=\" https:\/\/www.interflora.it\/blog\/wp-content\/uploads\/2020\/04\/7-300x300.jpg\" alt=\"\" width=\"300\" height=\"300\" \/><\/p>\n<p>&nbsp;<\/p>\n<p><em>a cura dell\u2019Area Comunicazione<\/em><\/p>\n<p><strong>Emilio Sturla Furn\u00f2<\/strong><\/p>\n<p><strong>Responsabile Comunicazione Interflora Italia<\/strong><\/p>\n<p style=\"margin-bottom: .0001pt;\"><span style=\"font-size: 10.0pt; font-family: 'Times New Roman',serif;\">\u00a0<\/span><\/p>\n","protected":false},"excerpt":{"rendered":"<p>INTERFLORA PER CROCE ROSSA ITALIANA AI VOLONTARI DELLA CROCE ROSSA DI ROMA I TULIPANI DEL ROME FLOWERS PARK \u00a0 Da [&hellip;]<\/p>\n","protected":false},"author":8,"featured_media":31022,"comment_status":"closed","ping_status":"closed","sticky":false,"template":"","format":"standard","meta":{"_uag_custom_page_level_css":"","site-sidebar-layout":"default","site-content-layout":"","ast-site-content-layout":"default","site-content-style":"default","site-sidebar-style":"default","ast-global-header-display":"","ast-banner-title-visibility":"","ast-main-header-display":"","ast-hfb-above-header-display":"","ast-hfb-below-header-display":"","ast-hfb-mobile-header-display":"","site-post-title":"","ast-breadcrumbs-content":"","ast-featured-img":"","footer-sml-layout":"","ast-disable-related-posts":"","theme-transparent-header-meta":"","adv-header-id-meta":"","stick-header-meta":"","header-above-stick-meta":"","header-main-stick-meta":"","header-below-stick-meta":"","astra-migrate-meta-layouts":"default","ast-page-background-enabled":"default","ast-page-background-meta":{"desktop":{"background-color":"var(--ast-global-color-5)","background-image":"","background-repeat":"repeat","background-position":"center center","background-size":"auto","background-attachment":"scroll","background-type":"","background-media":"","overlay-type":"","overlay-color":"","overlay-opacity":"","overlay-gradient":""},"tablet":{"background-color":"","background-image":"","background-repeat":"repeat","background-position":"center center","background-size":"auto","background-attachment":"scroll","background-type":"","background-media":"","overlay-type":"","overlay-color":"","overlay-opacity":"","overlay-gradient":""},"mobile":{"background-color":"","background-image":"","background-repeat":"repeat","background-position":"center center","background-size":"auto","background-attachment":"scroll","background-type":"","background-media":"","overlay-type":"","overlay-color":"","overlay-opacity":"","overlay-gradient":""}},"ast-content-background-meta":{"desktop":{"background-color":"var(--ast-global-color-4)","background-image":"","background-repeat":"repeat","background-position":"center center","background-size":"auto","background-attachment":"scroll","background-type":"","background-media":"","overlay-type":"","overlay-color":"","overlay-opacity":"","overlay-gradient":""},"tablet":{"background-color":"var(--ast-global-color-4)","background-image":"","background-repeat":"repeat","background-position":"center center","background-size":"auto","background-attachment":"scroll","background-type":"","background-media":"","overlay-type":"","overlay-color":"","overlay-opacity":"","overlay-gradient":""},"mobile":{"background-color":"var(--ast-global-color-4)","background-image":"","background-repeat":"repeat","background-position":"center center","background-size":"auto","background-attachment":"scroll","background-type":"","background-media":"","overlay-type":"","overlay-color":"","overlay-opacity":"","overlay-gradient":""}},"footnotes":""},"categories":[166],"tags":[35],"class_list":["post-619","post","type-post","status-publish","format-standard","has-post-thumbnail","hentry","category-tendenze","tag-interflora"],"yoast_head":"<!-- This site is optimized with the Yoast SEO plugin v26.4 - https:\/\/yoast.com\/wordpress\/plugins\/seo\/ -->\n<title>SIETE I NOSTRI FIORI | Interflora<\/title>\n<meta name=\"robots\" content=\"index, follow, max-snippet:-1, max-image-preview:large, max-video-preview:-1\" \/>\n<link rel=\"canonical\" href=\"https:\/\/www.interflora.it\/blog\/siete-i-nostri-fiori\/\" \/>\n<meta property=\"og:locale\" content=\"it_IT\" \/>\n<meta property=\"og:type\" content=\"article\" \/>\n<meta property=\"og:title\" content=\"SIETE I NOSTRI FIORI | Interflora\" \/>\n<meta property=\"og:description\" content=\"INTERFLORA PER CROCE ROSSA ITALIANA AI VOLONTARI DELLA CROCE ROSSA DI ROMA I TULIPANI DEL ROME FLOWERS PARK \u00a0 Da [&hellip;]\" \/>\n<meta property=\"og:url\" content=\"https:\/\/www.interflora.it\/blog\/siete-i-nostri-fiori\/\" \/>\n<meta property=\"og:site_name\" content=\"Il blog di Interflora: consigli, idee e ispirazione per godersi fiori e piante\" \/>\n<meta property=\"article:published_time\" content=\"2020-04-07T11:31:46+00:00\" \/>\n<meta property=\"article:modified_time\" content=\"2025-08-11T14:02:28+00:00\" \/>\n<meta property=\"og:image\" content=\"https:\/\/www.interflora.it\/blog\/wp-content\/uploads\/2020\/04\/banner_ok_giusto.jpg\" \/>\n\t<meta property=\"og:image:width\" content=\"768\" \/>\n\t<meta property=\"og:image:height\" content=\"437\" \/>\n\t<meta property=\"og:image:type\" content=\"image\/jpeg\" \/>\n<meta name=\"author\" content=\"Interflora\" \/>\n<meta name=\"twitter:card\" content=\"summary_large_image\" \/>\n<script type=\"application\/ld+json\" class=\"yoast-schema-graph\">{\"@context\":\"https:\/\/schema.org\",\"@graph\":[{\"@type\":\"Article\",\"@id\":\"https:\/\/www.interflora.it\/blog\/siete-i-nostri-fiori\/#article\",\"isPartOf\":{\"@id\":\"https:\/\/www.interflora.it\/blog\/siete-i-nostri-fiori\/\"},\"author\":{\"name\":\"Interflora\",\"@id\":\"https:\/\/www.interflora.it\/blog\/#\/schema\/person\/37c1677fb37e37e1d52ee86644974c72\"},\"headline\":\"SIETE I NOSTRI FIORI\",\"datePublished\":\"2020-04-07T11:31:46+00:00\",\"dateModified\":\"2025-08-11T14:02:28+00:00\",\"mainEntityOfPage\":{\"@id\":\"https:\/\/www.interflora.it\/blog\/siete-i-nostri-fiori\/\"},\"wordCount\":509,\"publisher\":{\"@id\":\"https:\/\/www.interflora.it\/blog\/#organization\"},\"image\":{\"@id\":\"https:\/\/www.interflora.it\/blog\/siete-i-nostri-fiori\/#primaryimage\"},\"thumbnailUrl\":\"https:\/\/prodblog.interflora.it\/blog\/wp-content\/uploads\/2020\/04\/banner_ok_giusto.jpg\",\"keywords\":[\"interflora\"],\"articleSection\":[\"Tendenze\"],\"inLanguage\":\"it-IT\"},{\"@type\":\"WebPage\",\"@id\":\"https:\/\/www.interflora.it\/blog\/siete-i-nostri-fiori\/\",\"url\":\"https:\/\/www.interflora.it\/blog\/siete-i-nostri-fiori\/\",\"name\":\"SIETE I NOSTRI FIORI | Interflora\",\"isPartOf\":{\"@id\":\"https:\/\/www.interflora.it\/blog\/#website\"},\"primaryImageOfPage\":{\"@id\":\"https:\/\/www.interflora.it\/blog\/siete-i-nostri-fiori\/#primaryimage\"},\"image\":{\"@id\":\"https:\/\/www.interflora.it\/blog\/siete-i-nostri-fiori\/#primaryimage\"},\"thumbnailUrl\":\"https:\/\/prodblog.interflora.it\/blog\/wp-content\/uploads\/2020\/04\/banner_ok_giusto.jpg\",\"datePublished\":\"2020-04-07T11:31:46+00:00\",\"dateModified\":\"2025-08-11T14:02:28+00:00\",\"breadcrumb\":{\"@id\":\"https:\/\/www.interflora.it\/blog\/siete-i-nostri-fiori\/#breadcrumb\"},\"inLanguage\":\"it-IT\",\"potentialAction\":[{\"@type\":\"ReadAction\",\"target\":[\"https:\/\/www.interflora.it\/blog\/siete-i-nostri-fiori\/\"]}]},{\"@type\":\"ImageObject\",\"inLanguage\":\"it-IT\",\"@id\":\"https:\/\/www.interflora.it\/blog\/siete-i-nostri-fiori\/#primaryimage\",\"url\":\"https:\/\/prodblog.interflora.it\/blog\/wp-content\/uploads\/2020\/04\/banner_ok_giusto.jpg\",\"contentUrl\":\"https:\/\/prodblog.interflora.it\/blog\/wp-content\/uploads\/2020\/04\/banner_ok_giusto.jpg\",\"width\":768,\"height\":437},{\"@type\":\"BreadcrumbList\",\"@id\":\"https:\/\/www.interflora.it\/blog\/siete-i-nostri-fiori\/#breadcrumb\",\"itemListElement\":[{\"@type\":\"ListItem\",\"position\":1,\"name\":\"Home\",\"item\":\"https:\/\/prodblog.interflora.it\/blog\/\"},{\"@type\":\"ListItem\",\"position\":2,\"name\":\"SIETE I NOSTRI FIORI\"}]},{\"@type\":\"WebSite\",\"@id\":\"https:\/\/www.interflora.it\/blog\/#website\",\"url\":\"https:\/\/www.interflora.it\/blog\/\",\"name\":\"Il blog di Interflora: consigli, idee e ispirazione per godersi fiori e piante\",\"description\":\"\",\"publisher\":{\"@id\":\"https:\/\/www.interflora.it\/blog\/#organization\"},\"potentialAction\":[{\"@type\":\"SearchAction\",\"target\":{\"@type\":\"EntryPoint\",\"urlTemplate\":\"https:\/\/www.interflora.it\/blog\/?s={search_term_string}\"},\"query-input\":{\"@type\":\"PropertyValueSpecification\",\"valueRequired\":true,\"valueName\":\"search_term_string\"}}],\"inLanguage\":\"it-IT\"},{\"@type\":\"Organization\",\"@id\":\"https:\/\/www.interflora.it\/blog\/#organization\",\"name\":\"Il blog di Interflora: consigli, idee e ispirazione per godersi fiori e piante\",\"url\":\"https:\/\/www.interflora.it\/blog\/\",\"logo\":{\"@type\":\"ImageObject\",\"inLanguage\":\"it-IT\",\"@id\":\"https:\/\/www.interflora.it\/blog\/#\/schema\/logo\/image\/\",\"url\":\"https:\/\/prodblog.interflora.it\/blog\/wp-content\/uploads\/2025\/04\/220221_INTERFLORA_Logo_rgb_Half_Circle-e1670413381661.png\",\"contentUrl\":\"https:\/\/prodblog.interflora.it\/blog\/wp-content\/uploads\/2025\/04\/220221_INTERFLORA_Logo_rgb_Half_Circle-e1670413381661.png\",\"width\":1351,\"height\":656,\"caption\":\"Il blog di Interflora: consigli, idee e ispirazione per godersi fiori e piante\"},\"image\":{\"@id\":\"https:\/\/www.interflora.it\/blog\/#\/schema\/logo\/image\/\"}},{\"@type\":\"Person\",\"@id\":\"https:\/\/www.interflora.it\/blog\/#\/schema\/person\/37c1677fb37e37e1d52ee86644974c72\",\"name\":\"Interflora\",\"image\":{\"@type\":\"ImageObject\",\"inLanguage\":\"it-IT\",\"@id\":\"https:\/\/www.interflora.it\/blog\/#\/schema\/person\/image\/\",\"url\":\"https:\/\/secure.gravatar.com\/avatar\/f8ee11e6b2ddd835aba806604014e0f5960629fa9ff333f1d1f0db3e39ad3bad?s=96&d=mm&r=g\",\"contentUrl\":\"https:\/\/secure.gravatar.com\/avatar\/f8ee11e6b2ddd835aba806604014e0f5960629fa9ff333f1d1f0db3e39ad3bad?s=96&d=mm&r=g\",\"caption\":\"Interflora\"}}]}<\/script>\n<!-- \/ Yoast SEO plugin. -->","yoast_head_json":{"title":"SIETE I NOSTRI FIORI | Interflora","robots":{"index":"index","follow":"follow","max-snippet":"max-snippet:-1","max-image-preview":"max-image-preview:large","max-video-preview":"max-video-preview:-1"},"canonical":"https:\/\/www.interflora.it\/blog\/siete-i-nostri-fiori\/","og_locale":"it_IT","og_type":"article","og_title":"SIETE I NOSTRI FIORI | Interflora","og_description":"INTERFLORA PER CROCE ROSSA ITALIANA AI VOLONTARI DELLA CROCE ROSSA DI ROMA I TULIPANI DEL ROME FLOWERS PARK \u00a0 Da [&hellip;]","og_url":"https:\/\/www.interflora.it\/blog\/siete-i-nostri-fiori\/","og_site_name":"Il blog di Interflora: consigli, idee e ispirazione per godersi fiori e piante","article_published_time":"2020-04-07T11:31:46+00:00","article_modified_time":"2025-08-11T14:02:28+00:00","og_image":[{"width":768,"height":437,"url":"https:\/\/www.interflora.it\/blog\/wp-content\/uploads\/2020\/04\/banner_ok_giusto.jpg","type":"image\/jpeg"}],"author":"Interflora","twitter_card":"summary_large_image","schema":{"@context":"https:\/\/schema.org","@graph":[{"@type":"Article","@id":"https:\/\/www.interflora.it\/blog\/siete-i-nostri-fiori\/#article","isPartOf":{"@id":"https:\/\/www.interflora.it\/blog\/siete-i-nostri-fiori\/"},"author":{"name":"Interflora","@id":"https:\/\/www.interflora.it\/blog\/#\/schema\/person\/37c1677fb37e37e1d52ee86644974c72"},"headline":"SIETE I NOSTRI FIORI","datePublished":"2020-04-07T11:31:46+00:00","dateModified":"2025-08-11T14:02:28+00:00","mainEntityOfPage":{"@id":"https:\/\/www.interflora.it\/blog\/siete-i-nostri-fiori\/"},"wordCount":509,"publisher":{"@id":"https:\/\/www.interflora.it\/blog\/#organization"},"image":{"@id":"https:\/\/www.interflora.it\/blog\/siete-i-nostri-fiori\/#primaryimage"},"thumbnailUrl":"https:\/\/prodblog.interflora.it\/blog\/wp-content\/uploads\/2020\/04\/banner_ok_giusto.jpg","keywords":["interflora"],"articleSection":["Tendenze"],"inLanguage":"it-IT"},{"@type":"WebPage","@id":"https:\/\/www.interflora.it\/blog\/siete-i-nostri-fiori\/","url":"https:\/\/www.interflora.it\/blog\/siete-i-nostri-fiori\/","name":"SIETE I NOSTRI FIORI | Interflora","isPartOf":{"@id":"https:\/\/www.interflora.it\/blog\/#website"},"primaryImageOfPage":{"@id":"https:\/\/www.interflora.it\/blog\/siete-i-nostri-fiori\/#primaryimage"},"image":{"@id":"https:\/\/www.interflora.it\/blog\/siete-i-nostri-fiori\/#primaryimage"},"thumbnailUrl":"https:\/\/prodblog.interflora.it\/blog\/wp-content\/uploads\/2020\/04\/banner_ok_giusto.jpg","datePublished":"2020-04-07T11:31:46+00:00","dateModified":"2025-08-11T14:02:28+00:00","breadcrumb":{"@id":"https:\/\/www.interflora.it\/blog\/siete-i-nostri-fiori\/#breadcrumb"},"inLanguage":"it-IT","potentialAction":[{"@type":"ReadAction","target":["https:\/\/www.interflora.it\/blog\/siete-i-nostri-fiori\/"]}]},{"@type":"ImageObject","inLanguage":"it-IT","@id":"https:\/\/www.interflora.it\/blog\/siete-i-nostri-fiori\/#primaryimage","url":"https:\/\/prodblog.interflora.it\/blog\/wp-content\/uploads\/2020\/04\/banner_ok_giusto.jpg","contentUrl":"https:\/\/prodblog.interflora.it\/blog\/wp-content\/uploads\/2020\/04\/banner_ok_giusto.jpg","width":768,"height":437},{"@type":"BreadcrumbList","@id":"https:\/\/www.interflora.it\/blog\/siete-i-nostri-fiori\/#breadcrumb","itemListElement":[{"@type":"ListItem","position":1,"name":"Home","item":"https:\/\/prodblog.interflora.it\/blog\/"},{"@type":"ListItem","position":2,"name":"SIETE I NOSTRI FIORI"}]},{"@type":"WebSite","@id":"https:\/\/www.interflora.it\/blog\/#website","url":"https:\/\/www.interflora.it\/blog\/","name":"Il blog di Interflora: consigli, idee e ispirazione per godersi fiori e piante","description":"","publisher":{"@id":"https:\/\/www.interflora.it\/blog\/#organization"},"potentialAction":[{"@type":"SearchAction","target":{"@type":"EntryPoint","urlTemplate":"https:\/\/www.interflora.it\/blog\/?s={search_term_string}"},"query-input":{"@type":"PropertyValueSpecification","valueRequired":true,"valueName":"search_term_string"}}],"inLanguage":"it-IT"},{"@type":"Organization","@id":"https:\/\/www.interflora.it\/blog\/#organization","name":"Il blog di Interflora: consigli, idee e ispirazione per godersi fiori e piante","url":"https:\/\/www.interflora.it\/blog\/","logo":{"@type":"ImageObject","inLanguage":"it-IT","@id":"https:\/\/www.interflora.it\/blog\/#\/schema\/logo\/image\/","url":"https:\/\/prodblog.interflora.it\/blog\/wp-content\/uploads\/2025\/04\/220221_INTERFLORA_Logo_rgb_Half_Circle-e1670413381661.png","contentUrl":"https:\/\/prodblog.interflora.it\/blog\/wp-content\/uploads\/2025\/04\/220221_INTERFLORA_Logo_rgb_Half_Circle-e1670413381661.png","width":1351,"height":656,"caption":"Il blog di Interflora: consigli, idee e ispirazione per godersi fiori e piante"},"image":{"@id":"https:\/\/www.interflora.it\/blog\/#\/schema\/logo\/image\/"}},{"@type":"Person","@id":"https:\/\/www.interflora.it\/blog\/#\/schema\/person\/37c1677fb37e37e1d52ee86644974c72","name":"Interflora","image":{"@type":"ImageObject","inLanguage":"it-IT","@id":"https:\/\/www.interflora.it\/blog\/#\/schema\/person\/image\/","url":"https:\/\/secure.gravatar.com\/avatar\/f8ee11e6b2ddd835aba806604014e0f5960629fa9ff333f1d1f0db3e39ad3bad?s=96&d=mm&r=g","contentUrl":"https:\/\/secure.gravatar.com\/avatar\/f8ee11e6b2ddd835aba806604014e0f5960629fa9ff333f1d1f0db3e39ad3bad?s=96&d=mm&r=g","caption":"Interflora"}}]}},"uagb_featured_image_src":{"full":["https:\/\/prodblog.interflora.it\/blog\/wp-content\/uploads\/2020\/04\/banner_ok_giusto.jpg",768,437,false],"thumbnail":["https:\/\/prodblog.interflora.it\/blog\/wp-content\/uploads\/2020\/04\/banner_ok_giusto-150x150.jpg",150,150,true],"medium":["https:\/\/prodblog.interflora.it\/blog\/wp-content\/uploads\/2020\/04\/banner_ok_giusto-300x171.jpg",300,171,true],"medium_large":["https:\/\/prodblog.interflora.it\/blog\/wp-content\/uploads\/2020\/04\/banner_ok_giusto.jpg",768,437,false],"large":["https:\/\/prodblog.interflora.it\/blog\/wp-content\/uploads\/2020\/04\/banner_ok_giusto.jpg",768,437,false],"1536x1536":["https:\/\/prodblog.interflora.it\/blog\/wp-content\/uploads\/2020\/04\/banner_ok_giusto.jpg",768,437,false],"2048x2048":["https:\/\/prodblog.interflora.it\/blog\/wp-content\/uploads\/2020\/04\/banner_ok_giusto.jpg",768,437,false]},"uagb_author_info":{"display_name":"Interflora","author_link":"https:\/\/prodblog.interflora.it\/blog\/author\/lisa-contini\/"},"uagb_comment_info":0,"uagb_excerpt":"INTERFLORA PER CROCE ROSSA ITALIANA AI VOLONTARI DELLA CROCE ROSSA DI ROMA I TULIPANI DEL ROME FLOWERS PARK \u00a0 Da [&hellip;]","_links":{"self":[{"href":"https:\/\/prodblog.interflora.it\/blog\/wp-json\/wp\/v2\/posts\/619","targetHints":{"allow":["GET"]}}],"collection":[{"href":"https:\/\/prodblog.interflora.it\/blog\/wp-json\/wp\/v2\/posts"}],"about":[{"href":"https:\/\/prodblog.interflora.it\/blog\/wp-json\/wp\/v2\/types\/post"}],"author":[{"embeddable":true,"href":"https:\/\/prodblog.interflora.it\/blog\/wp-json\/wp\/v2\/users\/8"}],"replies":[{"embeddable":true,"href":"https:\/\/prodblog.interflora.it\/blog\/wp-json\/wp\/v2\/comments?post=619"}],"version-history":[{"count":0,"href":"https:\/\/prodblog.interflora.it\/blog\/wp-json\/wp\/v2\/posts\/619\/revisions"}],"wp:featuredmedia":[{"embeddable":true,"href":"https:\/\/prodblog.interflora.it\/blog\/wp-json\/wp\/v2\/media\/31022"}],"wp:attachment":[{"href":"https:\/\/prodblog.interflora.it\/blog\/wp-json\/wp\/v2\/media?parent=619"}],"wp:term":[{"taxonomy":"category","embeddable":true,"href":"https:\/\/prodblog.interflora.it\/blog\/wp-json\/wp\/v2\/categories?post=619"},{"taxonomy":"post_tag","embeddable":true,"href":"https:\/\/prodblog.interflora.it\/blog\/wp-json\/wp\/v2\/tags?post=619"}],"curies":[{"name":"wp","href":"https:\/\/api.w.org\/{rel}","templated":true}]}}