{"id":72,"date":"2020-06-18T15:53:00","date_gmt":"2020-06-18T13:53:00","guid":{"rendered":"https:\/\/blog.interflora.it\/?p=72"},"modified":"2025-08-11T16:02:28","modified_gmt":"2025-08-11T14:02:28","slug":"bouquet-velo-da-sposa","status":"publish","type":"post","link":"https:\/\/prodblog.interflora.it\/blog\/bouquet-velo-da-sposa\/","title":{"rendered":"Bouquet con velo da sposa"},"content":{"rendered":"\n<p><span style=\"font-weight: 400;\">Come vuole la tradizione, dopo aver celebrato la cerimonia di nozze, la sposa lancia il suo bouquet di fiori in aria e la persona che riesce a prenderlo sar\u00e0 la prossima a dire addio al nubilato.&nbsp;<\/span><\/p>\n\n\n\n<p><span style=\"font-weight: 400;\">Il giorno del matrimonio \u00e8 uno dei pi\u00f9 importanti della vita: per questo motivo Interflora ha <\/span><b>creato dei bouquet da abbinare al velo della sposa<\/b><span style=\"font-weight: 400;\">. Scopri qui tutti i segreti del bouquet da sposa e come riceverlo!<\/span><\/p>\n\n\n\n<h2 class=\"wp-block-heading alignwide\"><b>Opzioni di mazzo di fiori&nbsp; per il matrimonio<\/b><\/h2>\n\n\n\n<p><span style=\"font-weight: 400;\">Tra le composizioni di <\/span><a href=\"https:\/\/www.interflora.it\/c\/ricorrenze\/nozze\"><span style=\"font-weight: 400;\">fiori per il matrimonio<\/span><\/a><span style=\"font-weight: 400;\"> e di piante per le nozze adatti per la sposa, la scelta \u00e8 vasta. Sono infatti disponibili varie opzioni che saranno perfetti come regalo per questo giorno speciale.<\/span><\/p>\n\n\n\n<p><span style=\"font-weight: 400;\">Nella nostra collezione di prodotti tra i fiori per il matrimonio, troverai soprattutto composizioni di rose, di <\/span><a href=\"https:\/\/www.interflora.it\/c\/fiori\/peonie\"><span style=\"font-weight: 400;\">peonie<\/span><\/a><span style=\"font-weight: 400;\"> e composizioni miste con <\/span><a href=\"https:\/\/www.interflora.it\/c\/fiori\"><span style=\"font-weight: 400;\">fiori di colore bianco<\/span><\/a><span style=\"font-weight: 400;\"> o rosa perfetti per la festa nuziale.<\/span><\/p>\n\n\n\n<p><span style=\"font-weight: 400;\">Ma oltre al mazzo di fiori di sempre che si regala come segno di amore e buon auspicio il giorno delle nozze, abbiamo pensato ad un prodotto del tutto particolare. Scopri qui di cosa stiamo parlando.&nbsp;<\/span><\/p>\n\n\n<div class=\"lp-produits-grid\"><div class=\"lp-produit\"><div class=\"lp-thumbnail-wrapper\"><img loading=\"lazy\" decoding=\"async\" width=\"300\" height=\"300\" src=\"https:\/\/prodblog.interflora.it\/blog\/wp-content\/uploads\/2025\/04\/1706255669-batticuore-hd-1-300x300.jpg\" class=\"attachment-medium size-medium wp-post-image\" alt=\"\" srcset=\"https:\/\/prodblog.interflora.it\/blog\/wp-content\/uploads\/2025\/04\/1706255669-batticuore-hd-1-300x300.jpg 300w, https:\/\/prodblog.interflora.it\/blog\/wp-content\/uploads\/2025\/04\/1706255669-batticuore-hd-1-1024x1024.jpg 1024w, https:\/\/prodblog.interflora.it\/blog\/wp-content\/uploads\/2025\/04\/1706255669-batticuore-hd-1-150x150.jpg 150w, https:\/\/prodblog.interflora.it\/blog\/wp-content\/uploads\/2025\/04\/1706255669-batticuore-hd-1-768x768.jpg 768w, https:\/\/prodblog.interflora.it\/blog\/wp-content\/uploads\/2025\/04\/1706255669-batticuore-hd-1.jpg 1400w\" sizes=\"auto, (max-width: 300px) 100vw, 300px\" \/><img decoding=\"async\" class=\"lp-badge\" src=\"https:\/\/www.interflora.it\/blog\/wp-content\/uploads\/cropped-cropped-220221_INTERFLORA_Logo_rgb_Social_Media.png\" alt=\"Consegna in giornata\"><\/div><span>Batticuore<\/span><p>44.99 \u20ac<\/p><span class=\"obf-link lp-cta\" role=\"link\" tabindex=\"0\" data-b64=\"aHR0cHM6Ly93d3cuaW50ZXJmbG9yYS5pdC9wL2JhdHRpY3VvcmUvMT91dG1fbWVkaXVtPW9yZ2FuaWMmdXRtX3NvdXJjZT1ibG9nX3Byb2R1Y3RzJnV0bV9jYW1wYWlnbj1CTTUyNQ==\" data-target=\"_blank\"><svg xmlns=\"http:\/\/www.w3.org\/2000\/svg\" width=\"16\" height=\"16\" fill=\"currentColor\" class=\"bi bi-bag\" viewBox=\"0 0 16 16\"><path d=\"M8 1a2 2 0 0 1 2 2v1h2.5A1.5 1.5 0 0 1 14 5.5v8A1.5 1.5 0 0 1 12.5 15h-9A1.5 1.5 0 0 1 2 13.5v-8A1.5 1.5 0 0 1 3.5 3H6V2a2 2 0 0 1 2-1zm1 3V3a1 1 0 0 0-2 0v1h2z\"\/><\/svg>Scopri di pi\u00f9<\/span><p class=\"rapido\">Servizio clienti sempre disponibile<\/p><\/div><div class=\"lp-produit\"><div class=\"lp-thumbnail-wrapper\"><img loading=\"lazy\" decoding=\"async\" width=\"300\" height=\"300\" src=\"https:\/\/prodblog.interflora.it\/blog\/wp-content\/uploads\/2025\/08\/1753172359-ff156-deco-300x300.jpg\" class=\"attachment-medium size-medium wp-post-image\" alt=\"\" srcset=\"https:\/\/prodblog.interflora.it\/blog\/wp-content\/uploads\/2025\/08\/1753172359-ff156-deco-300x300.jpg 300w, https:\/\/prodblog.interflora.it\/blog\/wp-content\/uploads\/2025\/08\/1753172359-ff156-deco-1024x1024.jpg 1024w, https:\/\/prodblog.interflora.it\/blog\/wp-content\/uploads\/2025\/08\/1753172359-ff156-deco-150x150.jpg 150w, https:\/\/prodblog.interflora.it\/blog\/wp-content\/uploads\/2025\/08\/1753172359-ff156-deco-768x768.jpg 768w, https:\/\/prodblog.interflora.it\/blog\/wp-content\/uploads\/2025\/08\/1753172359-ff156-deco-1536x1536.jpg 1536w, https:\/\/prodblog.interflora.it\/blog\/wp-content\/uploads\/2025\/08\/1753172359-ff156-deco-2048x2048.jpg 2048w\" sizes=\"auto, (max-width: 300px) 100vw, 300px\" \/><img decoding=\"async\" class=\"lp-badge\" src=\"https:\/\/www.interflora.it\/blog\/wp-content\/uploads\/cropped-cropped-220221_INTERFLORA_Logo_rgb_Social_Media.png\" alt=\"Consegna in giornata\"><\/div><span>Giorno Felice<\/span><p>32.99 \u20ac<\/p><span class=\"obf-link lp-cta\" role=\"link\" tabindex=\"0\" data-b64=\"aHR0cHM6Ly93d3cuaW50ZXJmbG9yYS5pdC9wL2dpb3Juby1mZWxpY2UvMT91dG1fbWVkaXVtPW9yZ2FuaWMmdXRtX3NvdXJjZT1ibG9nX3Byb2R1Y3RzJnV0bV9jYW1wYWlnbj1GRjE1Ng==\" data-target=\"_blank\"><svg xmlns=\"http:\/\/www.w3.org\/2000\/svg\" width=\"16\" height=\"16\" fill=\"currentColor\" class=\"bi bi-bag\" viewBox=\"0 0 16 16\"><path d=\"M8 1a2 2 0 0 1 2 2v1h2.5A1.5 1.5 0 0 1 14 5.5v8A1.5 1.5 0 0 1 12.5 15h-9A1.5 1.5 0 0 1 2 13.5v-8A1.5 1.5 0 0 1 3.5 3H6V2a2 2 0 0 1 2-1zm1 3V3a1 1 0 0 0-2 0v1h2z\"\/><\/svg>Scopri di pi\u00f9<\/span><p class=\"rapido\">Servizio clienti sempre disponibile<\/p><\/div><div class=\"lp-produit\"><div class=\"lp-thumbnail-wrapper\"><img loading=\"lazy\" decoding=\"async\" width=\"300\" height=\"300\" src=\"https:\/\/prodblog.interflora.it\/blog\/wp-content\/uploads\/2025\/04\/1734514274-pf001-orchidea-rosa-zoom-key-300x300.jpg\" class=\"attachment-medium size-medium wp-post-image\" alt=\"\" srcset=\"https:\/\/prodblog.interflora.it\/blog\/wp-content\/uploads\/2025\/04\/1734514274-pf001-orchidea-rosa-zoom-key-300x300.jpg 300w, https:\/\/prodblog.interflora.it\/blog\/wp-content\/uploads\/2025\/04\/1734514274-pf001-orchidea-rosa-zoom-key-1024x1024.jpg 1024w, https:\/\/prodblog.interflora.it\/blog\/wp-content\/uploads\/2025\/04\/1734514274-pf001-orchidea-rosa-zoom-key-150x150.jpg 150w, https:\/\/prodblog.interflora.it\/blog\/wp-content\/uploads\/2025\/04\/1734514274-pf001-orchidea-rosa-zoom-key-768x768.jpg 768w, https:\/\/prodblog.interflora.it\/blog\/wp-content\/uploads\/2025\/04\/1734514274-pf001-orchidea-rosa-zoom-key-1536x1536.jpg 1536w, https:\/\/prodblog.interflora.it\/blog\/wp-content\/uploads\/2025\/04\/1734514274-pf001-orchidea-rosa-zoom-key-2048x2048.jpg 2048w\" sizes=\"auto, (max-width: 300px) 100vw, 300px\" \/><img decoding=\"async\" class=\"lp-badge\" src=\"https:\/\/www.interflora.it\/blog\/wp-content\/uploads\/cropped-cropped-220221_INTERFLORA_Logo_rgb_Social_Media.png\" alt=\"Consegna in giornata\"><\/div><span>Orchidea Rosa<\/span><p>49.99 \u20ac<\/p><span class=\"obf-link lp-cta\" role=\"link\" tabindex=\"0\" data-b64=\"aHR0cHM6Ly93d3cuaW50ZXJmbG9yYS5pdC9wL29yY2hpZGVhLXJvc2EvMT91dG1fbWVkaXVtPW9yZ2FuaWMmdXRtX3NvdXJjZT1ibG9nX3Byb2R1Y3RzJnV0bV9jYW1wYWlnbj1QMDAz\" data-target=\"_blank\"><svg xmlns=\"http:\/\/www.w3.org\/2000\/svg\" width=\"16\" height=\"16\" fill=\"currentColor\" class=\"bi bi-bag\" viewBox=\"0 0 16 16\"><path d=\"M8 1a2 2 0 0 1 2 2v1h2.5A1.5 1.5 0 0 1 14 5.5v8A1.5 1.5 0 0 1 12.5 15h-9A1.5 1.5 0 0 1 2 13.5v-8A1.5 1.5 0 0 1 3.5 3H6V2a2 2 0 0 1 2-1zm1 3V3a1 1 0 0 0-2 0v1h2z\"\/><\/svg>Scopri di pi\u00f9<\/span><p class=\"rapido\">Spedizione veloce<\/p><\/div><div class=\"lp-produit\"><div class=\"lp-thumbnail-wrapper\"><img loading=\"lazy\" decoding=\"async\" width=\"300\" height=\"300\" src=\"https:\/\/prodblog.interflora.it\/blog\/wp-content\/uploads\/2025\/04\/1687785636-roses-rouges-unite-it-1-300x300.jpg\" class=\"attachment-medium size-medium wp-post-image\" alt=\"\" srcset=\"https:\/\/prodblog.interflora.it\/blog\/wp-content\/uploads\/2025\/04\/1687785636-roses-rouges-unite-it-1-300x300.jpg 300w, https:\/\/prodblog.interflora.it\/blog\/wp-content\/uploads\/2025\/04\/1687785636-roses-rouges-unite-it-1-1024x1024.jpg 1024w, https:\/\/prodblog.interflora.it\/blog\/wp-content\/uploads\/2025\/04\/1687785636-roses-rouges-unite-it-1-150x150.jpg 150w, https:\/\/prodblog.interflora.it\/blog\/wp-content\/uploads\/2025\/04\/1687785636-roses-rouges-unite-it-1-768x768.jpg 768w, https:\/\/prodblog.interflora.it\/blog\/wp-content\/uploads\/2025\/04\/1687785636-roses-rouges-unite-it-1-1536x1536.jpg 1536w, https:\/\/prodblog.interflora.it\/blog\/wp-content\/uploads\/2025\/04\/1687785636-roses-rouges-unite-it-1-2048x2048.jpg 2048w\" sizes=\"auto, (max-width: 300px) 100vw, 300px\" \/><img decoding=\"async\" class=\"lp-badge\" src=\"https:\/\/www.interflora.it\/blog\/wp-content\/uploads\/cropped-cropped-220221_INTERFLORA_Logo_rgb_Social_Media.png\" alt=\"Consegna in giornata\"><\/div><span>Rose Rosse Premium<\/span><p>42 \u20ac<\/p><span class=\"obf-link lp-cta\" role=\"link\" tabindex=\"0\" data-b64=\"aHR0cHM6Ly93d3cuaW50ZXJmbG9yYS5pdC9wL3Jvc2Utcm9zc2UtcHJlbWl1bS8xP3V0bV9tZWRpdW09b3JnYW5pYyZ1dG1fc291cmNlPWJsb2dfcHJvZHVjdHMmdXRtX2NhbXBhaWduPVJPU0VRVEE=\" data-target=\"_blank\"><svg xmlns=\"http:\/\/www.w3.org\/2000\/svg\" width=\"16\" height=\"16\" fill=\"currentColor\" class=\"bi bi-bag\" viewBox=\"0 0 16 16\"><path d=\"M8 1a2 2 0 0 1 2 2v1h2.5A1.5 1.5 0 0 1 14 5.5v8A1.5 1.5 0 0 1 12.5 15h-9A1.5 1.5 0 0 1 2 13.5v-8A1.5 1.5 0 0 1 3.5 3H6V2a2 2 0 0 1 2-1zm1 3V3a1 1 0 0 0-2 0v1h2z\"\/><\/svg>Scopri di pi\u00f9<\/span><p class=\"rapido\">Consegna rapida<\/p><\/div><\/div>\n\n\n\n<div style=\"height:30px\" aria-hidden=\"true\" class=\"wp-block-spacer\"><\/div>\n\n\n\n<h2 class=\"wp-block-heading alignwide\"><b>Bouquet con velo da sposa di fiori stabilizzati&nbsp;<\/b><\/h2>\n\n\n\n<p><span style=\"font-weight: 400;\">Ebbene si, lo sappiamo anche noi: quella bellissima composizione di fiori di colore bianco o di <\/span><a href=\"https:\/\/www.interflora.it\/c\/rose\"><span style=\"font-weight: 400;\">rose<\/span><\/a><span style=\"font-weight: 400;\"> rosa e peonie ci ha colpito il cuore.&nbsp;<\/span><\/p>\n\n\n\n<p><span style=\"font-weight: 400;\">Il bouquet della sposa ha un <\/span><b>significato del tutto particolare<\/b><span style=\"font-weight: 400;\"> perch\u00e9 ricorder\u00e0 per sempre il giorno delle nozze e tutte le emozioni che abbiamo provato. Non si tratta di decorazioni, \u00e8 molto di pi\u00f9 !<\/span><\/p>\n\n\n\n<p><span style=\"font-weight: 400;\">Per questo motivo, abbiamo pensato ad un bouquet per la sposa con rose di colore rosa e altri fiori stabilizzati che abbiano delle decorazioni con gli stessi materiali del velo della sposa. Il risultato \u00e8 un bouquet con velo da sposa che rimane nel tempo da tenere in casa o giardino.&nbsp;<\/span><\/p>\n\n\n\n<p><span style=\"font-weight: 400;\">Si tratta di un prodotto perfetto per tutti i nostalgici del giorno delle nozze, in effetti \u00e8 possibile conservarlo pi\u00f9 tempo del tradizionale bouquet di fiori che viene lanciato dalla sposa il giorno del matrimonio. A quale donna non piacerebbe?<\/span><\/p>\n\n\n\n<p><span style=\"font-weight: 400;\">Stiamo parlando di un <\/span><b>secondo bouquet<\/b><span style=\"font-weight: 400;\">, <\/span><b>identico a quello che la sposa porta all\u2019altare<\/b><span style=\"font-weight: 400;\">, realizzato con fiori stabilizzati e con medesimi tessuti della creazione di nozze, una composizione pi\u00f9 durevole di un normale bouquet di fiori freschi.<\/span><\/p>\n\n\n\n<figure class=\"wp-block-image aligncenter size-full is-resized\"><img decoding=\"async\" src=\"https:\/\/www.interflora.it\/blog\/wp-content\/uploads\/bouquet-fiori-semplice-matrimonio-civile.jpg\" alt=\"\" class=\"wp-image-5676\" style=\"width:600px\" width=\"600\"\/><\/figure>\n\n\n\n<div style=\"height:30px\" aria-hidden=\"true\" class=\"wp-block-spacer\"><\/div>\n\n\n\n<h3 class=\"wp-block-heading alignwide\"><b>Come scegliere il proprio bouquet con velo da sposa&nbsp;<\/b><\/h3>\n\n\n\n<p><span style=\"font-weight: 400;\">Il bouquet per la sposa sar\u00e0 realizzato chiaramente in accordo con i tessuti e i colori del velo e del vestito quindi si pu\u00f2 personalizzare a seconda delle esigenze.&nbsp;<\/span><\/p>\n\n\n\n<p><span style=\"font-weight: 400;\">Ma si tratta di un\u2019idea di composizione di fiori che si adatta bene a qualsiasi tipo di festa di nozze e di celebrazione, dalle pi\u00f9 semplici alle pi\u00f9 eleganti: la cosa importante \u00e8 che potrai mantenerne i colori e la bellezza del tuo mazzo di fiori pi\u00f9 a lungo!<\/span><\/p>\n\n\n\n<h3 class=\"wp-block-heading alignwide\"><b>Come mantenere i bouquet con velo da sposa<\/b><\/h3>\n\n\n\n<p><span style=\"font-weight: 400;\">Per <\/span><b>mantenere a lungo <\/b><span style=\"font-weight: 400;\">questo tipo di composizione con fiori artificiali occorre scegliere un angolo della casa o giardino lontano dall\u2019esposizione del sole diretta, in maniera tale che il bouquet possa rimanere uguale al giorno delle nozze.<\/span><\/p>\n\n\n\n<p><span style=\"font-weight: 400;\">Non \u00e8 necessario collocarlo in vaso essendo un mazzo di fiori artificiali ma \u00e8 possibile utilizzarlo come decorazione per la casa o il giardino.<\/span><\/p>\n\n\n\n<h2 class=\"wp-block-heading alignwide\"><b>Spedizione a casa del tuo bouquet con velo da sposa&nbsp;<\/b><\/h2>\n\n\n\n<p><span style=\"font-weight: 400;\">Che sia per un regalo alla sposa oppure perch\u00e9 la sposa sei proprio tu, sappi che l\u2019acquisto del bouquet di fiori con velo da sposa \u00e8 molto facile con Interflora.<\/span><\/p>\n\n\n\n<p><span style=\"font-weight: 400;\">Basta scegliere la composizione che ti piace di pi\u00f9 e la spedizione del prodotto arriva direttamente a casa tua da uno dei nostri fioristi, pronto per essere usato nel giorno delle nozze in tutta la sua bellezza!<\/span><\/p>\n\n\n\n<figure class=\"wp-block-image aligncenter size-full is-resized\"><img decoding=\"async\" src=\"https:\/\/www.interflora.it\/blog\/wp-content\/uploads\/bouquet-della-sposa-maggio.jpg\" alt=\"bouquet della sposa maggio\" class=\"wp-image-5477\" style=\"width:600px\" width=\"600\"\/><\/figure>\n\n\n\n<div style=\"height:30px\" aria-hidden=\"true\" class=\"wp-block-spacer\"><\/div>\n","protected":false},"excerpt":{"rendered":"<p>Come vuole la tradizione, dopo aver celebrato la cerimonia di nozze, la sposa lancia il suo bouquet di fiori in [&hellip;]<\/p>\n","protected":false},"author":1,"featured_media":30942,"comment_status":"closed","ping_status":"closed","sticky":false,"template":"","format":"standard","meta":{"_uag_custom_page_level_css":"","site-sidebar-layout":"default","site-content-layout":"","ast-site-content-layout":"default","site-content-style":"default","site-sidebar-style":"default","ast-global-header-display":"","ast-banner-title-visibility":"","ast-main-header-display":"","ast-hfb-above-header-display":"","ast-hfb-below-header-display":"","ast-hfb-mobile-header-display":"","site-post-title":"","ast-breadcrumbs-content":"","ast-featured-img":"","footer-sml-layout":"","ast-disable-related-posts":"","theme-transparent-header-meta":"","adv-header-id-meta":"","stick-header-meta":"","header-above-stick-meta":"","header-main-stick-meta":"","header-below-stick-meta":"","astra-migrate-meta-layouts":"set","ast-page-background-enabled":"default","ast-page-background-meta":{"desktop":{"background-color":"var(--ast-global-color-5)","background-image":"","background-repeat":"repeat","background-position":"center center","background-size":"auto","background-attachment":"scroll","background-type":"","background-media":"","overlay-type":"","overlay-color":"","overlay-opacity":"","overlay-gradient":""},"tablet":{"background-color":"","background-image":"","background-repeat":"repeat","background-position":"center center","background-size":"auto","background-attachment":"scroll","background-type":"","background-media":"","overlay-type":"","overlay-color":"","overlay-opacity":"","overlay-gradient":""},"mobile":{"background-color":"","background-image":"","background-repeat":"repeat","background-position":"center center","background-size":"auto","background-attachment":"scroll","background-type":"","background-media":"","overlay-type":"","overlay-color":"","overlay-opacity":"","overlay-gradient":""}},"ast-content-background-meta":{"desktop":{"background-color":"var(--ast-global-color-4)","background-image":"","background-repeat":"repeat","background-position":"center center","background-size":"auto","background-attachment":"scroll","background-type":"","background-media":"","overlay-type":"","overlay-color":"","overlay-opacity":"","overlay-gradient":""},"tablet":{"background-color":"var(--ast-global-color-4)","background-image":"","background-repeat":"repeat","background-position":"center center","background-size":"auto","background-attachment":"scroll","background-type":"","background-media":"","overlay-type":"","overlay-color":"","overlay-opacity":"","overlay-gradient":""},"mobile":{"background-color":"var(--ast-global-color-4)","background-image":"","background-repeat":"repeat","background-position":"center center","background-size":"auto","background-attachment":"scroll","background-type":"","background-media":"","overlay-type":"","overlay-color":"","overlay-opacity":"","overlay-gradient":""}},"footnotes":""},"categories":[170,173],"tags":[171],"class_list":["post-72","post","type-post","status-publish","format-standard","has-post-thumbnail","hentry","category-matrimonio","category-occasioni","tag-matrimonio"],"yoast_head":"<!-- This site is optimized with the Yoast SEO plugin v26.4 - https:\/\/yoast.com\/wordpress\/plugins\/seo\/ -->\n<title>Bouquet con velo da sposa | Interflora<\/title>\n<meta name=\"description\" content=\"Quali sono i segreti per combinare in modo sorprendente, ma secondo i dovuti canoni, i mazzi di fiori con gli abiti da sposa?\" \/>\n<meta name=\"robots\" content=\"index, follow, max-snippet:-1, max-image-preview:large, max-video-preview:-1\" \/>\n<link rel=\"canonical\" href=\"https:\/\/www.interflora.it\/blog\/bouquet-velo-da-sposa\/\" \/>\n<meta property=\"og:locale\" content=\"it_IT\" \/>\n<meta property=\"og:type\" content=\"article\" \/>\n<meta property=\"og:title\" content=\"Bouquet con velo da sposa | Interflora\" \/>\n<meta property=\"og:description\" content=\"Quali sono i segreti per combinare in modo sorprendente, ma secondo i dovuti canoni, i mazzi di fiori con gli abiti da sposa?\" \/>\n<meta property=\"og:url\" content=\"https:\/\/www.interflora.it\/blog\/bouquet-velo-da-sposa\/\" \/>\n<meta property=\"og:site_name\" content=\"Il blog di Interflora: consigli, idee e ispirazione per godersi fiori e piante\" \/>\n<meta property=\"article:published_time\" content=\"2020-06-18T13:53:00+00:00\" \/>\n<meta property=\"article:modified_time\" content=\"2025-08-11T14:02:28+00:00\" \/>\n<meta property=\"og:image\" content=\"https:\/\/www.interflora.it\/blog\/wp-content\/uploads\/2018\/06\/Bouquet-velo-da-sposa.jpg\" \/>\n\t<meta property=\"og:image:width\" content=\"960\" \/>\n\t<meta property=\"og:image:height\" content=\"546\" \/>\n\t<meta property=\"og:image:type\" content=\"image\/jpeg\" \/>\n<meta name=\"author\" content=\"admin\" \/>\n<meta name=\"twitter:card\" content=\"summary_large_image\" \/>\n<script type=\"application\/ld+json\" class=\"yoast-schema-graph\">{\"@context\":\"https:\/\/schema.org\",\"@graph\":[{\"@type\":\"Article\",\"@id\":\"https:\/\/www.interflora.it\/blog\/bouquet-velo-da-sposa\/#article\",\"isPartOf\":{\"@id\":\"https:\/\/www.interflora.it\/blog\/bouquet-velo-da-sposa\/\"},\"author\":{\"name\":\"admin\",\"@id\":\"https:\/\/www.interflora.it\/blog\/#\/schema\/person\/dbbd1ad45e05409c356dc639597669f2\"},\"headline\":\"Bouquet con velo da sposa\",\"datePublished\":\"2020-06-18T13:53:00+00:00\",\"dateModified\":\"2025-08-11T14:02:28+00:00\",\"mainEntityOfPage\":{\"@id\":\"https:\/\/www.interflora.it\/blog\/bouquet-velo-da-sposa\/\"},\"wordCount\":630,\"publisher\":{\"@id\":\"https:\/\/www.interflora.it\/blog\/#organization\"},\"image\":{\"@id\":\"https:\/\/www.interflora.it\/blog\/bouquet-velo-da-sposa\/#primaryimage\"},\"thumbnailUrl\":\"https:\/\/prodblog.interflora.it\/blog\/wp-content\/uploads\/2018\/06\/Bouquet-velo-da-sposa.jpg\",\"keywords\":[\"Matrimonio\"],\"articleSection\":[\"Matrimonio\",\"Occasioni\"],\"inLanguage\":\"it-IT\"},{\"@type\":\"WebPage\",\"@id\":\"https:\/\/www.interflora.it\/blog\/bouquet-velo-da-sposa\/\",\"url\":\"https:\/\/www.interflora.it\/blog\/bouquet-velo-da-sposa\/\",\"name\":\"Bouquet con velo da sposa | Interflora\",\"isPartOf\":{\"@id\":\"https:\/\/www.interflora.it\/blog\/#website\"},\"primaryImageOfPage\":{\"@id\":\"https:\/\/www.interflora.it\/blog\/bouquet-velo-da-sposa\/#primaryimage\"},\"image\":{\"@id\":\"https:\/\/www.interflora.it\/blog\/bouquet-velo-da-sposa\/#primaryimage\"},\"thumbnailUrl\":\"https:\/\/prodblog.interflora.it\/blog\/wp-content\/uploads\/2018\/06\/Bouquet-velo-da-sposa.jpg\",\"datePublished\":\"2020-06-18T13:53:00+00:00\",\"dateModified\":\"2025-08-11T14:02:28+00:00\",\"description\":\"Quali sono i segreti per combinare in modo sorprendente, ma secondo i dovuti canoni, i mazzi di fiori con gli abiti da sposa?\",\"breadcrumb\":{\"@id\":\"https:\/\/www.interflora.it\/blog\/bouquet-velo-da-sposa\/#breadcrumb\"},\"inLanguage\":\"it-IT\",\"potentialAction\":[{\"@type\":\"ReadAction\",\"target\":[\"https:\/\/www.interflora.it\/blog\/bouquet-velo-da-sposa\/\"]}]},{\"@type\":\"ImageObject\",\"inLanguage\":\"it-IT\",\"@id\":\"https:\/\/www.interflora.it\/blog\/bouquet-velo-da-sposa\/#primaryimage\",\"url\":\"https:\/\/prodblog.interflora.it\/blog\/wp-content\/uploads\/2018\/06\/Bouquet-velo-da-sposa.jpg\",\"contentUrl\":\"https:\/\/prodblog.interflora.it\/blog\/wp-content\/uploads\/2018\/06\/Bouquet-velo-da-sposa.jpg\",\"width\":960,\"height\":546},{\"@type\":\"BreadcrumbList\",\"@id\":\"https:\/\/www.interflora.it\/blog\/bouquet-velo-da-sposa\/#breadcrumb\",\"itemListElement\":[{\"@type\":\"ListItem\",\"position\":1,\"name\":\"Home\",\"item\":\"https:\/\/prodblog.interflora.it\/blog\/\"},{\"@type\":\"ListItem\",\"position\":2,\"name\":\"Bouquet con velo da sposa\"}]},{\"@type\":\"WebSite\",\"@id\":\"https:\/\/www.interflora.it\/blog\/#website\",\"url\":\"https:\/\/www.interflora.it\/blog\/\",\"name\":\"Il blog di Interflora: consigli, idee e ispirazione per godersi fiori e piante\",\"description\":\"\",\"publisher\":{\"@id\":\"https:\/\/www.interflora.it\/blog\/#organization\"},\"potentialAction\":[{\"@type\":\"SearchAction\",\"target\":{\"@type\":\"EntryPoint\",\"urlTemplate\":\"https:\/\/www.interflora.it\/blog\/?s={search_term_string}\"},\"query-input\":{\"@type\":\"PropertyValueSpecification\",\"valueRequired\":true,\"valueName\":\"search_term_string\"}}],\"inLanguage\":\"it-IT\"},{\"@type\":\"Organization\",\"@id\":\"https:\/\/www.interflora.it\/blog\/#organization\",\"name\":\"Il blog di Interflora: consigli, idee e ispirazione per godersi fiori e piante\",\"url\":\"https:\/\/www.interflora.it\/blog\/\",\"logo\":{\"@type\":\"ImageObject\",\"inLanguage\":\"it-IT\",\"@id\":\"https:\/\/www.interflora.it\/blog\/#\/schema\/logo\/image\/\",\"url\":\"https:\/\/prodblog.interflora.it\/blog\/wp-content\/uploads\/2025\/04\/220221_INTERFLORA_Logo_rgb_Half_Circle-e1670413381661.png\",\"contentUrl\":\"https:\/\/prodblog.interflora.it\/blog\/wp-content\/uploads\/2025\/04\/220221_INTERFLORA_Logo_rgb_Half_Circle-e1670413381661.png\",\"width\":1351,\"height\":656,\"caption\":\"Il blog di Interflora: consigli, idee e ispirazione per godersi fiori e piante\"},\"image\":{\"@id\":\"https:\/\/www.interflora.it\/blog\/#\/schema\/logo\/image\/\"}},{\"@type\":\"Person\",\"@id\":\"https:\/\/www.interflora.it\/blog\/#\/schema\/person\/dbbd1ad45e05409c356dc639597669f2\",\"name\":\"admin\",\"image\":{\"@type\":\"ImageObject\",\"inLanguage\":\"it-IT\",\"@id\":\"https:\/\/www.interflora.it\/blog\/#\/schema\/person\/image\/\",\"url\":\"https:\/\/secure.gravatar.com\/avatar\/42ef4147e700c5be2e3fd1dfd99731af107e05f321b9a482783ec3515451fc63?s=96&d=mm&r=g\",\"contentUrl\":\"https:\/\/secure.gravatar.com\/avatar\/42ef4147e700c5be2e3fd1dfd99731af107e05f321b9a482783ec3515451fc63?s=96&d=mm&r=g\",\"caption\":\"admin\"},\"sameAs\":[\"http:\/\/prewww.interflora.se\/blog\"]}]}<\/script>\n<!-- \/ Yoast SEO plugin. -->","yoast_head_json":{"title":"Bouquet con velo da sposa | Interflora","description":"Quali sono i segreti per combinare in modo sorprendente, ma secondo i dovuti canoni, i mazzi di fiori con gli abiti da sposa?","robots":{"index":"index","follow":"follow","max-snippet":"max-snippet:-1","max-image-preview":"max-image-preview:large","max-video-preview":"max-video-preview:-1"},"canonical":"https:\/\/www.interflora.it\/blog\/bouquet-velo-da-sposa\/","og_locale":"it_IT","og_type":"article","og_title":"Bouquet con velo da sposa | Interflora","og_description":"Quali sono i segreti per combinare in modo sorprendente, ma secondo i dovuti canoni, i mazzi di fiori con gli abiti da sposa?","og_url":"https:\/\/www.interflora.it\/blog\/bouquet-velo-da-sposa\/","og_site_name":"Il blog di Interflora: consigli, idee e ispirazione per godersi fiori e piante","article_published_time":"2020-06-18T13:53:00+00:00","article_modified_time":"2025-08-11T14:02:28+00:00","og_image":[{"width":960,"height":546,"url":"https:\/\/www.interflora.it\/blog\/wp-content\/uploads\/2018\/06\/Bouquet-velo-da-sposa.jpg","type":"image\/jpeg"}],"author":"admin","twitter_card":"summary_large_image","schema":{"@context":"https:\/\/schema.org","@graph":[{"@type":"Article","@id":"https:\/\/www.interflora.it\/blog\/bouquet-velo-da-sposa\/#article","isPartOf":{"@id":"https:\/\/www.interflora.it\/blog\/bouquet-velo-da-sposa\/"},"author":{"name":"admin","@id":"https:\/\/www.interflora.it\/blog\/#\/schema\/person\/dbbd1ad45e05409c356dc639597669f2"},"headline":"Bouquet con velo da sposa","datePublished":"2020-06-18T13:53:00+00:00","dateModified":"2025-08-11T14:02:28+00:00","mainEntityOfPage":{"@id":"https:\/\/www.interflora.it\/blog\/bouquet-velo-da-sposa\/"},"wordCount":630,"publisher":{"@id":"https:\/\/www.interflora.it\/blog\/#organization"},"image":{"@id":"https:\/\/www.interflora.it\/blog\/bouquet-velo-da-sposa\/#primaryimage"},"thumbnailUrl":"https:\/\/prodblog.interflora.it\/blog\/wp-content\/uploads\/2018\/06\/Bouquet-velo-da-sposa.jpg","keywords":["Matrimonio"],"articleSection":["Matrimonio","Occasioni"],"inLanguage":"it-IT"},{"@type":"WebPage","@id":"https:\/\/www.interflora.it\/blog\/bouquet-velo-da-sposa\/","url":"https:\/\/www.interflora.it\/blog\/bouquet-velo-da-sposa\/","name":"Bouquet con velo da sposa | Interflora","isPartOf":{"@id":"https:\/\/www.interflora.it\/blog\/#website"},"primaryImageOfPage":{"@id":"https:\/\/www.interflora.it\/blog\/bouquet-velo-da-sposa\/#primaryimage"},"image":{"@id":"https:\/\/www.interflora.it\/blog\/bouquet-velo-da-sposa\/#primaryimage"},"thumbnailUrl":"https:\/\/prodblog.interflora.it\/blog\/wp-content\/uploads\/2018\/06\/Bouquet-velo-da-sposa.jpg","datePublished":"2020-06-18T13:53:00+00:00","dateModified":"2025-08-11T14:02:28+00:00","description":"Quali sono i segreti per combinare in modo sorprendente, ma secondo i dovuti canoni, i mazzi di fiori con gli abiti da sposa?","breadcrumb":{"@id":"https:\/\/www.interflora.it\/blog\/bouquet-velo-da-sposa\/#breadcrumb"},"inLanguage":"it-IT","potentialAction":[{"@type":"ReadAction","target":["https:\/\/www.interflora.it\/blog\/bouquet-velo-da-sposa\/"]}]},{"@type":"ImageObject","inLanguage":"it-IT","@id":"https:\/\/www.interflora.it\/blog\/bouquet-velo-da-sposa\/#primaryimage","url":"https:\/\/prodblog.interflora.it\/blog\/wp-content\/uploads\/2018\/06\/Bouquet-velo-da-sposa.jpg","contentUrl":"https:\/\/prodblog.interflora.it\/blog\/wp-content\/uploads\/2018\/06\/Bouquet-velo-da-sposa.jpg","width":960,"height":546},{"@type":"BreadcrumbList","@id":"https:\/\/www.interflora.it\/blog\/bouquet-velo-da-sposa\/#breadcrumb","itemListElement":[{"@type":"ListItem","position":1,"name":"Home","item":"https:\/\/prodblog.interflora.it\/blog\/"},{"@type":"ListItem","position":2,"name":"Bouquet con velo da sposa"}]},{"@type":"WebSite","@id":"https:\/\/www.interflora.it\/blog\/#website","url":"https:\/\/www.interflora.it\/blog\/","name":"Il blog di Interflora: consigli, idee e ispirazione per godersi fiori e piante","description":"","publisher":{"@id":"https:\/\/www.interflora.it\/blog\/#organization"},"potentialAction":[{"@type":"SearchAction","target":{"@type":"EntryPoint","urlTemplate":"https:\/\/www.interflora.it\/blog\/?s={search_term_string}"},"query-input":{"@type":"PropertyValueSpecification","valueRequired":true,"valueName":"search_term_string"}}],"inLanguage":"it-IT"},{"@type":"Organization","@id":"https:\/\/www.interflora.it\/blog\/#organization","name":"Il blog di Interflora: consigli, idee e ispirazione per godersi fiori e piante","url":"https:\/\/www.interflora.it\/blog\/","logo":{"@type":"ImageObject","inLanguage":"it-IT","@id":"https:\/\/www.interflora.it\/blog\/#\/schema\/logo\/image\/","url":"https:\/\/prodblog.interflora.it\/blog\/wp-content\/uploads\/2025\/04\/220221_INTERFLORA_Logo_rgb_Half_Circle-e1670413381661.png","contentUrl":"https:\/\/prodblog.interflora.it\/blog\/wp-content\/uploads\/2025\/04\/220221_INTERFLORA_Logo_rgb_Half_Circle-e1670413381661.png","width":1351,"height":656,"caption":"Il blog di Interflora: consigli, idee e ispirazione per godersi fiori e piante"},"image":{"@id":"https:\/\/www.interflora.it\/blog\/#\/schema\/logo\/image\/"}},{"@type":"Person","@id":"https:\/\/www.interflora.it\/blog\/#\/schema\/person\/dbbd1ad45e05409c356dc639597669f2","name":"admin","image":{"@type":"ImageObject","inLanguage":"it-IT","@id":"https:\/\/www.interflora.it\/blog\/#\/schema\/person\/image\/","url":"https:\/\/secure.gravatar.com\/avatar\/42ef4147e700c5be2e3fd1dfd99731af107e05f321b9a482783ec3515451fc63?s=96&d=mm&r=g","contentUrl":"https:\/\/secure.gravatar.com\/avatar\/42ef4147e700c5be2e3fd1dfd99731af107e05f321b9a482783ec3515451fc63?s=96&d=mm&r=g","caption":"admin"},"sameAs":["http:\/\/prewww.interflora.se\/blog"]}]}},"uagb_featured_image_src":{"full":["https:\/\/prodblog.interflora.it\/blog\/wp-content\/uploads\/2018\/06\/Bouquet-velo-da-sposa.jpg",960,546,false],"thumbnail":["https:\/\/prodblog.interflora.it\/blog\/wp-content\/uploads\/2018\/06\/Bouquet-velo-da-sposa-150x150.jpg",150,150,true],"medium":["https:\/\/prodblog.interflora.it\/blog\/wp-content\/uploads\/2018\/06\/Bouquet-velo-da-sposa-300x171.jpg",300,171,true],"medium_large":["https:\/\/prodblog.interflora.it\/blog\/wp-content\/uploads\/2018\/06\/Bouquet-velo-da-sposa-768x437.jpg",768,437,true],"large":["https:\/\/prodblog.interflora.it\/blog\/wp-content\/uploads\/2018\/06\/Bouquet-velo-da-sposa.jpg",960,546,false],"1536x1536":["https:\/\/prodblog.interflora.it\/blog\/wp-content\/uploads\/2018\/06\/Bouquet-velo-da-sposa.jpg",960,546,false],"2048x2048":["https:\/\/prodblog.interflora.it\/blog\/wp-content\/uploads\/2018\/06\/Bouquet-velo-da-sposa.jpg",960,546,false]},"uagb_author_info":{"display_name":"admin","author_link":"https:\/\/prodblog.interflora.it\/blog\/author\/admin\/"},"uagb_comment_info":0,"uagb_excerpt":"Come vuole la tradizione, dopo aver celebrato la cerimonia di nozze, la sposa lancia il suo bouquet di fiori in [&hellip;]","_links":{"self":[{"href":"https:\/\/prodblog.interflora.it\/blog\/wp-json\/wp\/v2\/posts\/72","targetHints":{"allow":["GET"]}}],"collection":[{"href":"https:\/\/prodblog.interflora.it\/blog\/wp-json\/wp\/v2\/posts"}],"about":[{"href":"https:\/\/prodblog.interflora.it\/blog\/wp-json\/wp\/v2\/types\/post"}],"author":[{"embeddable":true,"href":"https:\/\/prodblog.interflora.it\/blog\/wp-json\/wp\/v2\/users\/1"}],"replies":[{"embeddable":true,"href":"https:\/\/prodblog.interflora.it\/blog\/wp-json\/wp\/v2\/comments?post=72"}],"version-history":[{"count":0,"href":"https:\/\/prodblog.interflora.it\/blog\/wp-json\/wp\/v2\/posts\/72\/revisions"}],"wp:featuredmedia":[{"embeddable":true,"href":"https:\/\/prodblog.interflora.it\/blog\/wp-json\/wp\/v2\/media\/30942"}],"wp:attachment":[{"href":"https:\/\/prodblog.interflora.it\/blog\/wp-json\/wp\/v2\/media?parent=72"}],"wp:term":[{"taxonomy":"category","embeddable":true,"href":"https:\/\/prodblog.interflora.it\/blog\/wp-json\/wp\/v2\/categories?post=72"},{"taxonomy":"post_tag","embeddable":true,"href":"https:\/\/prodblog.interflora.it\/blog\/wp-json\/wp\/v2\/tags?post=72"}],"curies":[{"name":"wp","href":"https:\/\/api.w.org\/{rel}","templated":true}]}}