{"id":8453,"date":"2025-07-14T18:05:18","date_gmt":"2025-07-14T16:05:18","guid":{"rendered":"https:\/\/blog.interflora.it\/?p=8453"},"modified":"2025-08-14T18:05:21","modified_gmt":"2025-08-14T16:05:21","slug":"tombe-vegetali-sostenibili","status":"publish","type":"post","link":"https:\/\/prodblog.interflora.it\/blog\/tombe-vegetali-sostenibili\/","title":{"rendered":"Ispirazione per tombe vegetali uniche e sostenibili"},"content":{"rendered":"\n<p>Crea un luogo di riposo unico, naturale e vivente per un caro defunto scegliendo una<strong> tomba moderna vegetale.<\/strong> Scopri questo nuovo concetto di sepoltura che esalta la natura e lasciati ispirare dalle nostre idee di <strong>tombe verdi<\/strong> originali che uniscono bellezza, rispetto e sostenibilit\u00e0.<\/p>\n\n\n<div class=\"lp-produits-grid\"><div class=\"lp-produit\"><div class=\"lp-thumbnail-wrapper\"><img loading=\"lazy\" decoding=\"async\" width=\"300\" height=\"300\" src=\"https:\/\/prodblog.interflora.it\/blog\/wp-content\/uploads\/2025\/04\/1706771876-lilium_gerbere-1344-1_new-300x300.jpg\" class=\"attachment-medium size-medium wp-post-image\" alt=\"\" srcset=\"https:\/\/prodblog.interflora.it\/blog\/wp-content\/uploads\/2025\/04\/1706771876-lilium_gerbere-1344-1_new-300x300.jpg 300w, https:\/\/prodblog.interflora.it\/blog\/wp-content\/uploads\/2025\/04\/1706771876-lilium_gerbere-1344-1_new-1024x1024.jpg 1024w, https:\/\/prodblog.interflora.it\/blog\/wp-content\/uploads\/2025\/04\/1706771876-lilium_gerbere-1344-1_new-150x150.jpg 150w, https:\/\/prodblog.interflora.it\/blog\/wp-content\/uploads\/2025\/04\/1706771876-lilium_gerbere-1344-1_new-768x768.jpg 768w, https:\/\/prodblog.interflora.it\/blog\/wp-content\/uploads\/2025\/04\/1706771876-lilium_gerbere-1344-1_new.jpg 1344w\" sizes=\"auto, (max-width: 300px) 100vw, 300px\" \/><img decoding=\"async\" class=\"lp-badge\" src=\"https:\/\/www.interflora.it\/blog\/wp-content\/uploads\/cropped-cropped-220221_INTERFLORA_Logo_rgb_Social_Media.png\" alt=\"Consegna in giornata\"><\/div><span>Ricordo Luminoso<\/span><p>49.99 \u20ac<\/p><span class=\"obf-link lp-cta\" role=\"link\" tabindex=\"0\" data-b64=\"aHR0cHM6Ly93d3cuaW50ZXJmbG9yYS5pdC9wL2xpbGl1bS1lLWdlcmJlcmUvMT91dG1fbWVkaXVtPW9yZ2FuaWMmdXRtX3NvdXJjZT1ibG9nX3Byb2R1Y3RzJnV0bV9jYW1wYWlnbj1GMDM0\" data-target=\"_blank\"><svg xmlns=\"http:\/\/www.w3.org\/2000\/svg\" width=\"16\" height=\"16\" fill=\"currentColor\" class=\"bi bi-bag\" viewBox=\"0 0 16 16\"><path d=\"M8 1a2 2 0 0 1 2 2v1h2.5A1.5 1.5 0 0 1 14 5.5v8A1.5 1.5 0 0 1 12.5 15h-9A1.5 1.5 0 0 1 2 13.5v-8A1.5 1.5 0 0 1 3.5 3H6V2a2 2 0 0 1 2-1zm1 3V3a1 1 0 0 0-2 0v1h2z\"\/><\/svg>Scopri di pi\u00f9<\/span><p class=\"rapido\">Consegna rapida<\/p><\/div><div class=\"lp-produit\"><div class=\"lp-thumbnail-wrapper\"><img loading=\"lazy\" decoding=\"async\" width=\"300\" height=\"300\" src=\"https:\/\/prodblog.interflora.it\/blog\/wp-content\/uploads\/2025\/04\/1698057723-6dc-hd-1-300x300.jpg\" class=\"attachment-medium size-medium wp-post-image\" alt=\"\" srcset=\"https:\/\/prodblog.interflora.it\/blog\/wp-content\/uploads\/2025\/04\/1698057723-6dc-hd-1-300x300.jpg 300w, https:\/\/prodblog.interflora.it\/blog\/wp-content\/uploads\/2025\/04\/1698057723-6dc-hd-1-1024x1024.jpg 1024w, https:\/\/prodblog.interflora.it\/blog\/wp-content\/uploads\/2025\/04\/1698057723-6dc-hd-1-150x150.jpg 150w, https:\/\/prodblog.interflora.it\/blog\/wp-content\/uploads\/2025\/04\/1698057723-6dc-hd-1-768x768.jpg 768w, https:\/\/prodblog.interflora.it\/blog\/wp-content\/uploads\/2025\/04\/1698057723-6dc-hd-1.jpg 1200w\" sizes=\"auto, (max-width: 300px) 100vw, 300px\" \/><img decoding=\"async\" class=\"lp-badge\" src=\"https:\/\/www.interflora.it\/blog\/wp-content\/uploads\/cropped-cropped-220221_INTERFLORA_Logo_rgb_Social_Media.png\" alt=\"Consegna in giornata\"><\/div><span>Composizione Abbraccio fiorito<\/span><p>74.99 \u20ac<\/p><span class=\"obf-link lp-cta\" role=\"link\" tabindex=\"0\" data-b64=\"aHR0cHM6Ly93d3cuaW50ZXJmbG9yYS5pdC9wL2NvbmZvcnRvLWRlbGljYXRvLzE\/dXRtX21lZGl1bT1vcmdhbmljJnV0bV9zb3VyY2U9YmxvZ19wcm9kdWN0cyZ1dG1fY2FtcGFpZ249RjA3OA==\" data-target=\"_blank\"><svg xmlns=\"http:\/\/www.w3.org\/2000\/svg\" width=\"16\" height=\"16\" fill=\"currentColor\" class=\"bi bi-bag\" viewBox=\"0 0 16 16\"><path d=\"M8 1a2 2 0 0 1 2 2v1h2.5A1.5 1.5 0 0 1 14 5.5v8A1.5 1.5 0 0 1 12.5 15h-9A1.5 1.5 0 0 1 2 13.5v-8A1.5 1.5 0 0 1 3.5 3H6V2a2 2 0 0 1 2-1zm1 3V3a1 1 0 0 0-2 0v1h2z\"\/><\/svg>Scopri di pi\u00f9<\/span><p class=\"rapido\">Best seller<\/p><\/div><div class=\"lp-produit\"><div class=\"lp-thumbnail-wrapper\"><img loading=\"lazy\" decoding=\"async\" width=\"300\" height=\"300\" src=\"https:\/\/prodblog.interflora.it\/blog\/wp-content\/uploads\/2025\/04\/1696492931-6bhw-hd-1-300x300.jpg\" class=\"attachment-medium size-medium wp-post-image\" alt=\"\" srcset=\"https:\/\/prodblog.interflora.it\/blog\/wp-content\/uploads\/2025\/04\/1696492931-6bhw-hd-1-300x300.jpg 300w, https:\/\/prodblog.interflora.it\/blog\/wp-content\/uploads\/2025\/04\/1696492931-6bhw-hd-1-1024x1024.jpg 1024w, https:\/\/prodblog.interflora.it\/blog\/wp-content\/uploads\/2025\/04\/1696492931-6bhw-hd-1-150x150.jpg 150w, https:\/\/prodblog.interflora.it\/blog\/wp-content\/uploads\/2025\/04\/1696492931-6bhw-hd-1-768x768.jpg 768w, https:\/\/prodblog.interflora.it\/blog\/wp-content\/uploads\/2025\/04\/1696492931-6bhw-hd-1.jpg 1200w\" sizes=\"auto, (max-width: 300px) 100vw, 300px\" \/><img decoding=\"async\" class=\"lp-badge\" src=\"https:\/\/www.interflora.it\/blog\/wp-content\/uploads\/cropped-cropped-220221_INTERFLORA_Logo_rgb_Social_Media.png\" alt=\"Consegna in giornata\"><\/div><span>Omaggio Bianco<\/span><p>99.99 \u20ac<\/p><span class=\"obf-link lp-cta\" role=\"link\" tabindex=\"0\" data-b64=\"aHR0cHM6Ly93d3cuaW50ZXJmbG9yYS5pdC9wL29tYWdnaW8tYmlhbmNvLzE\/dXRtX21lZGl1bT1vcmdhbmljJnV0bV9zb3VyY2U9YmxvZ19wcm9kdWN0cyZ1dG1fY2FtcGFpZ249RjA3OQ==\" data-target=\"_blank\"><svg xmlns=\"http:\/\/www.w3.org\/2000\/svg\" width=\"16\" height=\"16\" fill=\"currentColor\" class=\"bi bi-bag\" viewBox=\"0 0 16 16\"><path d=\"M8 1a2 2 0 0 1 2 2v1h2.5A1.5 1.5 0 0 1 14 5.5v8A1.5 1.5 0 0 1 12.5 15h-9A1.5 1.5 0 0 1 2 13.5v-8A1.5 1.5 0 0 1 3.5 3H6V2a2 2 0 0 1 2-1zm1 3V3a1 1 0 0 0-2 0v1h2z\"\/><\/svg>Scopri di pi\u00f9<\/span><p class=\"rapido\">Spedizione veloce<\/p><\/div><div class=\"lp-produit\"><div class=\"lp-thumbnail-wrapper\"><img loading=\"lazy\" decoding=\"async\" width=\"300\" height=\"300\" src=\"https:\/\/prodblog.interflora.it\/blog\/wp-content\/uploads\/2025\/04\/1695046640-6ds-hd-1-300x300.jpg\" class=\"attachment-medium size-medium wp-post-image\" alt=\"\" srcset=\"https:\/\/prodblog.interflora.it\/blog\/wp-content\/uploads\/2025\/04\/1695046640-6ds-hd-1-300x300.jpg 300w, https:\/\/prodblog.interflora.it\/blog\/wp-content\/uploads\/2025\/04\/1695046640-6ds-hd-1-1024x1024.jpg 1024w, https:\/\/prodblog.interflora.it\/blog\/wp-content\/uploads\/2025\/04\/1695046640-6ds-hd-1-150x150.jpg 150w, https:\/\/prodblog.interflora.it\/blog\/wp-content\/uploads\/2025\/04\/1695046640-6ds-hd-1-768x768.jpg 768w, https:\/\/prodblog.interflora.it\/blog\/wp-content\/uploads\/2025\/04\/1695046640-6ds-hd-1.jpg 1200w\" sizes=\"auto, (max-width: 300px) 100vw, 300px\" \/><img decoding=\"async\" class=\"lp-badge\" src=\"https:\/\/www.interflora.it\/blog\/wp-content\/uploads\/cropped-cropped-220221_INTERFLORA_Logo_rgb_Social_Media.png\" alt=\"Consegna in giornata\"><\/div><span>Ricordo in Rosa<\/span><p>44.99 \u20ac<\/p><span class=\"obf-link lp-cta\" role=\"link\" tabindex=\"0\" data-b64=\"aHR0cHM6Ly93d3cuaW50ZXJmbG9yYS5pdC9wL2RvbGNlLXJpY29yZG8tcm9zYS8xP3V0bV9tZWRpdW09b3JnYW5pYyZ1dG1fc291cmNlPWJsb2dfcHJvZHVjdHMmdXRtX2NhbXBhaWduPUYwNzU=\" data-target=\"_blank\"><svg xmlns=\"http:\/\/www.w3.org\/2000\/svg\" width=\"16\" height=\"16\" fill=\"currentColor\" class=\"bi bi-bag\" viewBox=\"0 0 16 16\"><path d=\"M8 1a2 2 0 0 1 2 2v1h2.5A1.5 1.5 0 0 1 14 5.5v8A1.5 1.5 0 0 1 12.5 15h-9A1.5 1.5 0 0 1 2 13.5v-8A1.5 1.5 0 0 1 3.5 3H6V2a2 2 0 0 1 2-1zm1 3V3a1 1 0 0 0-2 0v1h2z\"\/><\/svg>Scopri di pi\u00f9<\/span><p class=\"rapido\">Spedizione veloce<\/p><\/div><\/div>\n\n\n\n<div style=\"height:20px\" aria-hidden=\"true\" class=\"wp-block-spacer\"><\/div>\n\n\n\n<h2 class=\"wp-block-heading\">Le tombe vegetali, sempre pi\u00f9 apprezzate<\/h2>\n\n\n\n<p>Non \u00e8 un caso se le tombe verdi sono cos\u00ec popolari. Infatti, sono un ottimo modo per integrare la natura in un luogo di riposo, offrendo al contempo un omaggio duraturo e tranquillizzante al defunto.<\/p>\n\n\n\n<h3 class=\"wp-block-heading\">La tomba vegetale, un&#8217;alternativa pi\u00f9 naturale alla tomba tradizionale<\/h3>\n\n\n\n<div class=\"wp-block-media-text is-stacked-on-mobile\"><figure class=\"wp-block-media-text__media\"><img decoding=\"async\" src=\"https:\/\/www.interflora.it\/blog\/wp-content\/uploads\/margherite-funerale.jpg\" alt=\"margherite bianche\" class=\"wp-image-3400 size-full\"\/><\/figure><div class=\"wp-block-media-text__content\">\n<p>Le sepolture vegetali sono spesso progettate con un&#8217;ottica di rispetto per l&#8217;ambiente. Possono includere piante autoctone che supportano la biodiversit\u00e0 locale ed evitano l&#8217;uso di materiali inquinanti.<\/p>\n<\/div><\/div>\n\n\n\n<div style=\"height:35px\" aria-hidden=\"true\" class=\"wp-block-spacer\"><\/div>\n\n\n\n<p>Inoltre, utilizzando elementi naturali anzich\u00e9 lapidi massicce, la tomba vegetale si integra con il paesaggio circostante, creando una continuit\u00e0 con la natura piuttosto che una rottura.<\/p>\n\n\n\n<h2 class=\"wp-block-heading\">La tomba paesaggistica, uno spazio estetico, personalizzato e simbolico<\/h2>\n\n\n\n<p>Le tombe naturali offrono una scelta infinita di vegetali, con associazioni multiple e variegate che possono essere modificate in base ai desideri o alle stagioni. Questo consente di personalizzare lo spazio in base ai gusti del defunto o della sua famiglia, riflettendo cos\u00ec la personalit\u00e0 o i valori del defunto.<\/p>\n\n\n\n<p>Grazie al loro aspetto pi\u00f9 morbido e naturale rispetto alle tombe tradizionali, esse creano un luogo di riposo pi\u00f9 sereno e meno austero.<\/p>\n\n\n\n<div class=\"wp-block-media-text is-stacked-on-mobile\"><figure class=\"wp-block-media-text__media\"><img decoding=\"async\" src=\"https:\/\/www.interflora.it\/blog\/wp-content\/uploads\/2022\/08\/fiori-per-un-funerale.jpg\" alt=\"fiori per un funerale\" class=\"wp-image-1944 size-full\"\/><\/figure><div class=\"wp-block-media-text__content\">\n<p>Integrando elementi naturali, come <a href=\"https:\/\/www.interflora.it\/blog\/quali-fiori-scegliere-per-una-tomba\/\">fiori per la tomba<\/a>,&nbsp; diventa uno spazio che evolve con il tempo simboleggiando il ciclo della vita e della morte in modo delicato e rassicurante. In questo modo, diviene&nbsp; una sorta di spazio vivente per il riposo del defunto.<\/p>\n<\/div><\/div>\n\n\n\n<div style=\"height:35px\" aria-hidden=\"true\" class=\"wp-block-spacer\"><\/div>\n\n\n\n<h2 class=\"wp-block-heading\">Come rendere verde una tomba?<\/h2>\n\n\n\n<p>Rendere pi\u00f9 verde una tomba significa integrare elementi naturali, principalmente piante, per trasformare la sepoltura in uno spazio vivente, rilassante e rispettoso dell&#8217;ambiente. Ecco i principali passaggi per creare un giardino funerario:<\/p>\n\n\n\n<ol class=\"wp-block-list\">\n<li>Rispettare le regole del cimitero&nbsp;<\/li>\n<\/ol>\n\n\n\n<p>Informati sul regolamento del cimitero riguardo alla vegetazione, se impone restrizioni sui tipi di piante o sugli allestimenti.<\/p>\n\n\n\n<ol start=\"2\" class=\"wp-block-list\">\n<li>Analizzare il sito&nbsp;<\/li>\n<\/ol>\n\n\n\n<p>Inizia misurando le dimensioni della tomba per conoscere lo spazio disponibile per la vegetazione.<\/p>\n\n\n\n<p>Poi, come per qualsiasi piantagione, \u00e8 necessario valutare le condizioni di esposizione al sole, conoscere il tipo di terreno (sabbioso, argilloso, calcareo) e il suo pH, e assicurarsi che il terreno abbia la giusta umidit\u00e0 e drenaggio.<\/p>\n\n\n\n<h3 class=\"wp-block-heading\">3. Prepara il terreno&nbsp;<\/h3>\n\n\n\n<ul class=\"wp-block-list\">\n<li><strong>Pulisci l\u2019area<\/strong>: rimuovi erbacce, pietre e altri detriti, poi lavora il terreno per facilitare la piantagione.&nbsp;<\/li>\n\n\n\n<li><strong>Migliora il terreno<\/strong>: se necessario, aggiungi compost, sabbia o altri ammendanti per migliorare la qualit\u00e0 del terreno e favorire la crescita delle piante.<\/li>\n<\/ul>\n\n\n\n<h3 class=\"wp-block-heading\">4. Scegli le piante adatte&nbsp;<\/h3>\n\n\n\n<p>Dopo, potrai scegliere le piante pi\u00f9 adatte al sito e all\u2019effetto estetico e simbolico desiderato.<\/p>\n\n\n\n<p>Ecco<strong> che piante mettere su una tomba.<\/strong><\/p>\n\n\n\n<ul class=\"wp-block-list\">\n<li><strong>Piante perenni<\/strong>: pratiche, sono piante che tornano ogni anno, richiedono poca manutenzione e offrono una presenza duratura. Opta per lavande, heuch\u00e8re o hosta.<\/li>\n<\/ul>\n\n\n\n<ul class=\"wp-block-list\">\n<li><strong>Piante tappezzanti<\/strong>: piante come il sedum, le pervinche o l&#8217;edera sono perfette per coprire uniformemente la superficie della tomba e garantire resistenza.<\/li>\n<\/ul>\n\n\n\n<ul class=\"wp-block-list\">\n<li><strong>Arbusti a bassa manutenzione<\/strong>: integra piccoli arbusti come il bosso, le santoline o le lavande per aggiungere volume e struttura alla tomba.<\/li>\n<\/ul>\n\n\n\n<ul class=\"wp-block-list\">\n<li><strong>Fiori stagionali<\/strong>: scegli piante fiorite che fioriscono in diverse stagioni per mantenere la tomba sempre fiorita, come i bulbi di tulipani in primavera, le rose in estate, i crisantemi in autunno, o le eriche in inverno.<\/li>\n<\/ul>\n\n\n\n<div style=\"height:35px\" aria-hidden=\"true\" class=\"wp-block-spacer\"><\/div>\n\n\n\n<h3 class=\"wp-block-heading\">5. Crea un allestimento armonioso<\/h3>\n\n\n\n<ul class=\"wp-block-list\">\n<li><strong>Bilancia le altezze<\/strong>: per una composizione visivamente equilibrata, pianta gli elementi pi\u00f9 alti sul retro o al centro e quelli pi\u00f9 bassi attorno o davanti.<\/li>\n<\/ul>\n\n\n\n<ul class=\"wp-block-list\">\n<li><strong>Scegli una palette di colori<\/strong>: seleziona piante con colori complementari, contrastanti o ton sur ton per creare armonia o un effetto visivo specifico.<\/li>\n<\/ul>\n\n\n\n<ul class=\"wp-block-list\">\n<li><strong>Aggiungi elementi decorativi<\/strong>: integra pietre, ciottoli o ornamenti discreti per delimitare le piantagioni o aggiungere un tocco personale.<\/li>\n<\/ul>\n\n\n\n<h3 class=\"wp-block-heading\">6. Interra le piante<\/h3>\n\n\n\n<ul class=\"wp-block-list\">\n<li>Disponi le piante secondo l\u2019allestimento previsto.<\/li>\n<\/ul>\n\n\n\n<ul class=\"wp-block-list\">\n<li>Scava buche sufficientemente larghe per le radici.<\/li>\n<\/ul>\n\n\n\n<ul class=\"wp-block-list\">\n<li>Interra le piante mantenendo la giusta distanza per permettere il loro sviluppo.<\/li>\n<\/ul>\n\n\n\n<ul class=\"wp-block-list\">\n<li>Annaffia generosamente dopo la piantagione per aiutare le piante ad acclimatarsi.<\/li>\n<\/ul>\n\n\n\n<h3 class=\"wp-block-heading\">7. Mantieni la sepoltura vegetale&nbsp;<\/h3>\n\n\n\n<p>\u00c8 importante sapere che una tomba paesaggistica richiede una manutenzione regolare, pi\u00f9 di una tomba tradizionale. Questo \u00e8 infatti il principale svantaggio che le si pu\u00f2 attribuire.<\/p>\n\n\n\n<ul class=\"wp-block-list\">\n<li>Annaffia regolarmente, specialmente nelle prime settimane dopo la piantagione, per garantire un buon radicamento delle piante.<\/li>\n<\/ul>\n\n\n\n<ul class=\"wp-block-list\">\n<li>Estirpa le erbacce e rimuovi foglie o fiori appassiti.<\/li>\n<\/ul>\n\n\n\n<ul class=\"wp-block-list\">\n<li>Potatura e manutenzione: pota e cura le piante e gli arbusti per mantenerli in forma e favorire una fioritura abbondante.<\/li>\n<\/ul>\n\n\n\n<ul class=\"wp-block-list\">\n<li>Sostituisci stagionalmente le piante che appassiscono o non sono pi\u00f9 adatte.<\/li>\n<\/ul>\n\n\n\n<h3 class=\"wp-block-heading\">8. Pensa alla sostenibilit\u00e0<\/h3>\n\n\n\n<ul class=\"wp-block-list\">\n<li><strong>Piante locali<\/strong>: privilegia le piante autoctone, che sono adatte al clima locale e richiedono meno manutenzione.<\/li>\n<\/ul>\n\n\n\n<ul class=\"wp-block-list\">\n<li><strong>Pacciamatura:<\/strong> aggiungi uno strato di pacciame attorno alle piante per trattenere l&#8217;umidit\u00e0, limitare le erbacce e proteggere il terreno.<\/li>\n<\/ul>\n\n\n\n<ul class=\"wp-block-list\">\n<li><strong>Irrigazione automatica:<\/strong> se possibile, installa un sistema di irrigazione a goccia per garantire un annaffiamento regolare.<\/li>\n<\/ul>\n\n\n\n<h2 class=\"wp-block-heading\">Le nostre idee per tombe naturali<\/h2>\n\n\n\n<h3 class=\"wp-block-heading\">Un giardino della memoria<\/h3>\n\n\n\n<ul class=\"wp-block-list\">\n<li><strong>Una tomba con giardino zen<\/strong>: crea una tomba adatta alla riflessione e alla contemplazione progettando un mini giardino zen, vero e proprio spazio di meditazione, con ghiaia bianca, pietre disposte in modo armonioso e piante resistenti come muschi. Aggiungi mini-bamb\u00f9 per un tocco asiatico rilassante e completa il tutto con una stele in ardesia. Infine, se il sito lo permette, puoi integrare una mini fontana, dove l\u2019acqua simbolegger\u00e0 le emozioni.<\/li>\n<\/ul>\n\n\n\n<ul class=\"wp-block-list\">\n<li><strong>Giardino di erbe aromatiche<\/strong>: pianta erbe aromatiche come timo, rosmarino e lavanda che, oltre a emanare un profumo piacevole, simboleggiano la continuit\u00e0 della vita.<\/li>\n<\/ul>\n\n\n\n<p>Un tappeto vegetale fiorito<\/p>\n\n\n\n<ul class=\"wp-block-list\">\n<li>Crea un bel<strong> tappeto vegetale con piante tappezzanti<\/strong>, come sedum, pervinche o campanule, che hanno il vantaggio di essere resistenti e di richiedere poca manutenzione.<\/li>\n<\/ul>\n\n\n\n<h3 class=\"wp-block-heading\">Una tomba vegetale stagionale<\/h3>\n\n\n\n<ul class=\"wp-block-list\">\n<li><strong>Fiori stagionali:<\/strong> pianta fiori che fioriscono in diverse stagioni dell\u2019anno per mantenere la tomba sempre colorata. Ad esempio, bulbi di tulipani in primavera, rose o dalie in estate, e eriche in autunno; Opta per <a href=\"https:\/\/www.interflora.it\/c\/condoglianze\">fiori per funerale<\/a>, sono la scelta pi\u00f9 adatta.<\/li>\n<\/ul>\n\n\n\n<ul class=\"wp-block-list\">\n<li><strong>Giardino delle quattro stagioni<\/strong>: allestisci la tomba con piante che offrono interesse durante tutto l\u2019anno, come crochi in primavera, graminacee in estate, crisantemi in autunno e arbusti con bacche in inverno.<\/li>\n<\/ul>\n\n\n\n<h3 class=\"wp-block-heading\">4. Una tomba ecologica&nbsp;<\/h3>\n\n\n\n<div class=\"wp-block-media-text is-stacked-on-mobile\"><figure class=\"wp-block-media-text__media\"><img decoding=\"async\" src=\"https:\/\/www.interflora.it\/blog\/wp-content\/uploads\/fiori-funerale-uomo-bianchi.jpg\" alt=\"Giglio bianco su una tomba\" class=\"wp-image-3706 size-full\"\/><\/figure><div class=\"wp-block-media-text__content\">\n<p>Se l&#8217;ambiente era particolarmente importante per il defunto, trasforma la sua tomba in un piccolo prato fiorito seminando fiori selvatici, papaveri, margherite e fiordalisi, soprattutto se non sai come abbellire una tomba a terra. Oltre a essere esteticamente piacevole e facile da mantenere, questo favorisce la biodiversit\u00e0 e attrae gli insetti impollinatori.<\/p>\n<\/div><\/div>\n\n\n\n<div style=\"height:35px\" aria-hidden=\"true\" class=\"wp-block-spacer\"><\/div>\n\n\n\n<h3 class=\"wp-block-heading\">5. Un mandala vegetale<\/h3>\n\n\n\n<p>Creare un mandala, simbolo dell&#8217;effimero della vita, ha un significato profondo per decorare la tomba di una persona defunta. Hai due opzioni:<\/p>\n\n\n\n<ul class=\"wp-block-list\">\n<li>Disporre molte piccole piante di colori diversi formando un motivo.<\/li>\n\n\n\n<li>Decorare una tomba tradizionale con fiori, petali colorati, foglie e rametti formando un mandala.<\/li>\n<\/ul>\n\n\n\n<p>Non esitate a riunirvi per realizzarla insieme, sia durante i funerali che durante una visita al cimitero. La creazione di questa tomba mandala, alla quale possono partecipare anche i bambini, mescola abilmente approccio artistico, spirituale e comunione.<\/p>\n\n\n<div class=\"lp-produits-grid\"><div class=\"lp-produit\"><div class=\"lp-thumbnail-wrapper\"><img loading=\"lazy\" decoding=\"async\" width=\"300\" height=\"300\" src=\"https:\/\/prodblog.interflora.it\/blog\/wp-content\/uploads\/2025\/04\/1695047587-6be-hd-3-300x300.jpg\" class=\"attachment-medium size-medium wp-post-image\" alt=\"\" srcset=\"https:\/\/prodblog.interflora.it\/blog\/wp-content\/uploads\/2025\/04\/1695047587-6be-hd-3-300x300.jpg 300w, https:\/\/prodblog.interflora.it\/blog\/wp-content\/uploads\/2025\/04\/1695047587-6be-hd-3-1024x1024.jpg 1024w, https:\/\/prodblog.interflora.it\/blog\/wp-content\/uploads\/2025\/04\/1695047587-6be-hd-3-150x150.jpg 150w, https:\/\/prodblog.interflora.it\/blog\/wp-content\/uploads\/2025\/04\/1695047587-6be-hd-3-768x768.jpg 768w, https:\/\/prodblog.interflora.it\/blog\/wp-content\/uploads\/2025\/04\/1695047587-6be-hd-3.jpg 1200w\" sizes=\"auto, (max-width: 300px) 100vw, 300px\" \/><img decoding=\"async\" class=\"lp-badge\" src=\"https:\/\/www.interflora.it\/blog\/wp-content\/uploads\/cropped-cropped-220221_INTERFLORA_Logo_rgb_Social_Media.png\" alt=\"Consegna in giornata\"><\/div><span>Composizione Serenit\u00e0 Bianca<\/span><p>49.99 \u20ac<\/p><span class=\"obf-link lp-cta\" role=\"link\" tabindex=\"0\" data-b64=\"aHR0cHM6Ly93d3cuaW50ZXJmbG9yYS5pdC9wL3N0ZWxsYS1uZWwtY2llbG8vMT91dG1fbWVkaXVtPW9yZ2FuaWMmdXRtX3NvdXJjZT1ibG9nX3Byb2R1Y3RzJnV0bV9jYW1wYWlnbj1GMDY4\" data-target=\"_blank\"><svg xmlns=\"http:\/\/www.w3.org\/2000\/svg\" width=\"16\" height=\"16\" fill=\"currentColor\" class=\"bi bi-bag\" viewBox=\"0 0 16 16\"><path d=\"M8 1a2 2 0 0 1 2 2v1h2.5A1.5 1.5 0 0 1 14 5.5v8A1.5 1.5 0 0 1 12.5 15h-9A1.5 1.5 0 0 1 2 13.5v-8A1.5 1.5 0 0 1 3.5 3H6V2a2 2 0 0 1 2-1zm1 3V3a1 1 0 0 0-2 0v1h2z\"\/><\/svg>Scopri di pi\u00f9<\/span><p class=\"rapido\">Spedizione veloce<\/p><\/div><div class=\"lp-produit\"><div class=\"lp-thumbnail-wrapper\"><img loading=\"lazy\" decoding=\"async\" width=\"300\" height=\"300\" src=\"https:\/\/prodblog.interflora.it\/blog\/wp-content\/uploads\/2025\/04\/1695047483-6hl-hd-1-300x300.jpg\" class=\"attachment-medium size-medium wp-post-image\" alt=\"\" srcset=\"https:\/\/prodblog.interflora.it\/blog\/wp-content\/uploads\/2025\/04\/1695047483-6hl-hd-1-300x300.jpg 300w, https:\/\/prodblog.interflora.it\/blog\/wp-content\/uploads\/2025\/04\/1695047483-6hl-hd-1-1024x1024.jpg 1024w, https:\/\/prodblog.interflora.it\/blog\/wp-content\/uploads\/2025\/04\/1695047483-6hl-hd-1-150x150.jpg 150w, https:\/\/prodblog.interflora.it\/blog\/wp-content\/uploads\/2025\/04\/1695047483-6hl-hd-1-768x768.jpg 768w, https:\/\/prodblog.interflora.it\/blog\/wp-content\/uploads\/2025\/04\/1695047483-6hl-hd-1.jpg 1200w\" sizes=\"auto, (max-width: 300px) 100vw, 300px\" \/><img decoding=\"async\" class=\"lp-badge\" src=\"https:\/\/www.interflora.it\/blog\/wp-content\/uploads\/cropped-cropped-220221_INTERFLORA_Logo_rgb_Social_Media.png\" alt=\"Consegna in giornata\"><\/div><span>Corona Funebre Bianca e Verde<\/span><p>249 \u20ac<\/p><span class=\"obf-link lp-cta\" role=\"link\" tabindex=\"0\" data-b64=\"aHR0cHM6Ly93d3cuaW50ZXJmbG9yYS5pdC9wL2Nvcm9uYS1iaWFuY2EvMT91dG1fbWVkaXVtPW9yZ2FuaWMmdXRtX3NvdXJjZT1ibG9nX3Byb2R1Y3RzJnV0bV9jYW1wYWlnbj1GMDU3\" data-target=\"_blank\"><svg xmlns=\"http:\/\/www.w3.org\/2000\/svg\" width=\"16\" height=\"16\" fill=\"currentColor\" class=\"bi bi-bag\" viewBox=\"0 0 16 16\"><path d=\"M8 1a2 2 0 0 1 2 2v1h2.5A1.5 1.5 0 0 1 14 5.5v8A1.5 1.5 0 0 1 12.5 15h-9A1.5 1.5 0 0 1 2 13.5v-8A1.5 1.5 0 0 1 3.5 3H6V2a2 2 0 0 1 2-1zm1 3V3a1 1 0 0 0-2 0v1h2z\"\/><\/svg>Scopri di pi\u00f9<\/span><p class=\"rapido\">Spedizione veloce<\/p><\/div><div class=\"lp-produit\"><div class=\"lp-thumbnail-wrapper\"><img loading=\"lazy\" decoding=\"async\" width=\"300\" height=\"300\" src=\"https:\/\/prodblog.interflora.it\/blog\/wp-content\/uploads\/2025\/07\/1752506106-c0183-key-300x300.jpg\" class=\"attachment-medium size-medium wp-post-image\" alt=\"\" srcset=\"https:\/\/prodblog.interflora.it\/blog\/wp-content\/uploads\/2025\/07\/1752506106-c0183-key-300x300.jpg 300w, https:\/\/prodblog.interflora.it\/blog\/wp-content\/uploads\/2025\/07\/1752506106-c0183-key-150x150.jpg 150w, https:\/\/prodblog.interflora.it\/blog\/wp-content\/uploads\/2025\/07\/1752506106-c0183-key-768x768.jpg 768w, https:\/\/prodblog.interflora.it\/blog\/wp-content\/uploads\/2025\/07\/1752506106-c0183-key.jpg 1000w\" sizes=\"auto, (max-width: 300px) 100vw, 300px\" \/><img decoding=\"async\" class=\"lp-badge\" src=\"https:\/\/www.interflora.it\/blog\/wp-content\/uploads\/cropped-cropped-220221_INTERFLORA_Logo_rgb_Social_Media.png\" alt=\"Consegna in giornata\"><\/div><span>Gigli del Ricordo<\/span><p>39.99 \u20ac<\/p><span class=\"obf-link lp-cta\" role=\"link\" tabindex=\"0\" data-b64=\"aHR0cHM6Ly93d3cuaW50ZXJmbG9yYS5pdC9wL2dpZ2xpLWRlbC1yaWNvcmRvLzE\/dXRtX21lZGl1bT1vcmdhbmljJnV0bV9zb3VyY2U9YmxvZ19wcm9kdWN0cyZ1dG1fY2FtcGFpZ249QzAxODM=\" data-target=\"_blank\"><svg xmlns=\"http:\/\/www.w3.org\/2000\/svg\" width=\"16\" height=\"16\" fill=\"currentColor\" class=\"bi bi-bag\" viewBox=\"0 0 16 16\"><path d=\"M8 1a2 2 0 0 1 2 2v1h2.5A1.5 1.5 0 0 1 14 5.5v8A1.5 1.5 0 0 1 12.5 15h-9A1.5 1.5 0 0 1 2 13.5v-8A1.5 1.5 0 0 1 3.5 3H6V2a2 2 0 0 1 2-1zm1 3V3a1 1 0 0 0-2 0v1h2z\"\/><\/svg>Scopri di pi\u00f9<\/span><p class=\"rapido\">Spedizione veloce<\/p><\/div><div class=\"lp-produit\"><div class=\"lp-thumbnail-wrapper\"><img loading=\"lazy\" decoding=\"async\" width=\"300\" height=\"300\" src=\"https:\/\/prodblog.interflora.it\/blog\/wp-content\/uploads\/2025\/04\/1706771876-lilium_gerbere-1344-1_new-300x300.jpg\" class=\"attachment-medium size-medium wp-post-image\" alt=\"\" srcset=\"https:\/\/prodblog.interflora.it\/blog\/wp-content\/uploads\/2025\/04\/1706771876-lilium_gerbere-1344-1_new-300x300.jpg 300w, https:\/\/prodblog.interflora.it\/blog\/wp-content\/uploads\/2025\/04\/1706771876-lilium_gerbere-1344-1_new-1024x1024.jpg 1024w, https:\/\/prodblog.interflora.it\/blog\/wp-content\/uploads\/2025\/04\/1706771876-lilium_gerbere-1344-1_new-150x150.jpg 150w, https:\/\/prodblog.interflora.it\/blog\/wp-content\/uploads\/2025\/04\/1706771876-lilium_gerbere-1344-1_new-768x768.jpg 768w, https:\/\/prodblog.interflora.it\/blog\/wp-content\/uploads\/2025\/04\/1706771876-lilium_gerbere-1344-1_new.jpg 1344w\" sizes=\"auto, (max-width: 300px) 100vw, 300px\" \/><img decoding=\"async\" class=\"lp-badge\" src=\"https:\/\/www.interflora.it\/blog\/wp-content\/uploads\/cropped-cropped-220221_INTERFLORA_Logo_rgb_Social_Media.png\" alt=\"Consegna in giornata\"><\/div><span>Ricordo Luminoso<\/span><p>49.99 \u20ac<\/p><span class=\"obf-link lp-cta\" role=\"link\" tabindex=\"0\" data-b64=\"aHR0cHM6Ly93d3cuaW50ZXJmbG9yYS5pdC9wL2xpbGl1bS1lLWdlcmJlcmUvMT91dG1fbWVkaXVtPW9yZ2FuaWMmdXRtX3NvdXJjZT1ibG9nX3Byb2R1Y3RzJnV0bV9jYW1wYWlnbj1GMDM0\" data-target=\"_blank\"><svg xmlns=\"http:\/\/www.w3.org\/2000\/svg\" width=\"16\" height=\"16\" fill=\"currentColor\" class=\"bi bi-bag\" viewBox=\"0 0 16 16\"><path d=\"M8 1a2 2 0 0 1 2 2v1h2.5A1.5 1.5 0 0 1 14 5.5v8A1.5 1.5 0 0 1 12.5 15h-9A1.5 1.5 0 0 1 2 13.5v-8A1.5 1.5 0 0 1 3.5 3H6V2a2 2 0 0 1 2-1zm1 3V3a1 1 0 0 0-2 0v1h2z\"\/><\/svg>Scopri di pi\u00f9<\/span><p class=\"rapido\">Consegna rapida<\/p><\/div><div class=\"lp-produit\"><div class=\"lp-thumbnail-wrapper\"><img loading=\"lazy\" decoding=\"async\" width=\"300\" height=\"300\" src=\"https:\/\/prodblog.interflora.it\/blog\/wp-content\/uploads\/2025\/04\/1695046736-6ee-hd-1-300x300.jpg\" class=\"attachment-medium size-medium wp-post-image\" alt=\"\" srcset=\"https:\/\/prodblog.interflora.it\/blog\/wp-content\/uploads\/2025\/04\/1695046736-6ee-hd-1-300x300.jpg 300w, https:\/\/prodblog.interflora.it\/blog\/wp-content\/uploads\/2025\/04\/1695046736-6ee-hd-1-1024x1024.jpg 1024w, https:\/\/prodblog.interflora.it\/blog\/wp-content\/uploads\/2025\/04\/1695046736-6ee-hd-1-150x150.jpg 150w, https:\/\/prodblog.interflora.it\/blog\/wp-content\/uploads\/2025\/04\/1695046736-6ee-hd-1-768x768.jpg 768w, https:\/\/prodblog.interflora.it\/blog\/wp-content\/uploads\/2025\/04\/1695046736-6ee-hd-1.jpg 1200w\" sizes=\"auto, (max-width: 300px) 100vw, 300px\" \/><img decoding=\"async\" class=\"lp-badge\" src=\"https:\/\/www.interflora.it\/blog\/wp-content\/uploads\/cropped-cropped-220221_INTERFLORA_Logo_rgb_Social_Media.png\" alt=\"Consegna in giornata\"><\/div><span>Ricordo di Luce<\/span><p>59.99 \u20ac<\/p><span class=\"obf-link lp-cta\" role=\"link\" tabindex=\"0\" data-b64=\"aHR0cHM6Ly93d3cuaW50ZXJmbG9yYS5pdC9wL3JpY29yZG8tZmlvcml0by1iaWFuY28vMT91dG1fbWVkaXVtPW9yZ2FuaWMmdXRtX3NvdXJjZT1ibG9nX3Byb2R1Y3RzJnV0bV9jYW1wYWlnbj1GMDc2\" data-target=\"_blank\"><svg xmlns=\"http:\/\/www.w3.org\/2000\/svg\" width=\"16\" height=\"16\" fill=\"currentColor\" class=\"bi bi-bag\" viewBox=\"0 0 16 16\"><path d=\"M8 1a2 2 0 0 1 2 2v1h2.5A1.5 1.5 0 0 1 14 5.5v8A1.5 1.5 0 0 1 12.5 15h-9A1.5 1.5 0 0 1 2 13.5v-8A1.5 1.5 0 0 1 3.5 3H6V2a2 2 0 0 1 2-1zm1 3V3a1 1 0 0 0-2 0v1h2z\"\/><\/svg>Scopri di pi\u00f9<\/span><p class=\"rapido\">Spedizione veloce<\/p><\/div><div class=\"lp-produit\"><div class=\"lp-thumbnail-wrapper\"><img loading=\"lazy\" decoding=\"async\" width=\"300\" height=\"300\" src=\"https:\/\/prodblog.interflora.it\/blog\/wp-content\/uploads\/2025\/04\/1698057723-6dc-hd-1-300x300.jpg\" class=\"attachment-medium size-medium wp-post-image\" alt=\"\" srcset=\"https:\/\/prodblog.interflora.it\/blog\/wp-content\/uploads\/2025\/04\/1698057723-6dc-hd-1-300x300.jpg 300w, https:\/\/prodblog.interflora.it\/blog\/wp-content\/uploads\/2025\/04\/1698057723-6dc-hd-1-1024x1024.jpg 1024w, https:\/\/prodblog.interflora.it\/blog\/wp-content\/uploads\/2025\/04\/1698057723-6dc-hd-1-150x150.jpg 150w, https:\/\/prodblog.interflora.it\/blog\/wp-content\/uploads\/2025\/04\/1698057723-6dc-hd-1-768x768.jpg 768w, https:\/\/prodblog.interflora.it\/blog\/wp-content\/uploads\/2025\/04\/1698057723-6dc-hd-1.jpg 1200w\" sizes=\"auto, (max-width: 300px) 100vw, 300px\" \/><img decoding=\"async\" class=\"lp-badge\" src=\"https:\/\/www.interflora.it\/blog\/wp-content\/uploads\/cropped-cropped-220221_INTERFLORA_Logo_rgb_Social_Media.png\" alt=\"Consegna in giornata\"><\/div><span>Composizione Abbraccio fiorito<\/span><p>74.99 \u20ac<\/p><span class=\"obf-link lp-cta\" role=\"link\" tabindex=\"0\" data-b64=\"aHR0cHM6Ly93d3cuaW50ZXJmbG9yYS5pdC9wL2NvbmZvcnRvLWRlbGljYXRvLzE\/dXRtX21lZGl1bT1vcmdhbmljJnV0bV9zb3VyY2U9YmxvZ19wcm9kdWN0cyZ1dG1fY2FtcGFpZ249RjA3OA==\" data-target=\"_blank\"><svg xmlns=\"http:\/\/www.w3.org\/2000\/svg\" width=\"16\" height=\"16\" fill=\"currentColor\" class=\"bi bi-bag\" viewBox=\"0 0 16 16\"><path d=\"M8 1a2 2 0 0 1 2 2v1h2.5A1.5 1.5 0 0 1 14 5.5v8A1.5 1.5 0 0 1 12.5 15h-9A1.5 1.5 0 0 1 2 13.5v-8A1.5 1.5 0 0 1 3.5 3H6V2a2 2 0 0 1 2-1zm1 3V3a1 1 0 0 0-2 0v1h2z\"\/><\/svg>Scopri di pi\u00f9<\/span><p class=\"rapido\">Spedizione veloce<\/p><\/div><div class=\"lp-produit\"><div class=\"lp-thumbnail-wrapper\"><img loading=\"lazy\" decoding=\"async\" width=\"300\" height=\"300\" src=\"https:\/\/prodblog.interflora.it\/blog\/wp-content\/uploads\/2025\/07\/1752503772-c0186-key-it-300x300.png\" class=\"attachment-medium size-medium wp-post-image\" alt=\"\" srcset=\"https:\/\/prodblog.interflora.it\/blog\/wp-content\/uploads\/2025\/07\/1752503772-c0186-key-it-300x300.png 300w, https:\/\/prodblog.interflora.it\/blog\/wp-content\/uploads\/2025\/07\/1752503772-c0186-key-it-150x150.png 150w, https:\/\/prodblog.interflora.it\/blog\/wp-content\/uploads\/2025\/07\/1752503772-c0186-key-it-768x768.png 768w, https:\/\/prodblog.interflora.it\/blog\/wp-content\/uploads\/2025\/07\/1752503772-c0186-key-it.png 1024w\" sizes=\"auto, (max-width: 300px) 100vw, 300px\" \/><img decoding=\"async\" class=\"lp-badge\" src=\"https:\/\/www.interflora.it\/blog\/wp-content\/uploads\/cropped-cropped-220221_INTERFLORA_Logo_rgb_Social_Media.png\" alt=\"Consegna in giornata\"><\/div><span>Corona del Fiorista Multicolore<\/span><p>199 \u20ac<\/p><span class=\"obf-link lp-cta\" role=\"link\" tabindex=\"0\" data-b64=\"aHR0cHM6Ly93d3cuaW50ZXJmbG9yYS5pdC9wL2Nvcm9uYS1kZWwtZmlvcmlzdGEtbXVsdGljb2xvcmUvMT91dG1fbWVkaXVtPW9yZ2FuaWMmdXRtX3NvdXJjZT1ibG9nX3Byb2R1Y3RzJnV0bV9jYW1wYWlnbj1DMDE4Ng==\" data-target=\"_blank\"><svg xmlns=\"http:\/\/www.w3.org\/2000\/svg\" width=\"16\" height=\"16\" fill=\"currentColor\" class=\"bi bi-bag\" viewBox=\"0 0 16 16\"><path d=\"M8 1a2 2 0 0 1 2 2v1h2.5A1.5 1.5 0 0 1 14 5.5v8A1.5 1.5 0 0 1 12.5 15h-9A1.5 1.5 0 0 1 2 13.5v-8A1.5 1.5 0 0 1 3.5 3H6V2a2 2 0 0 1 2-1zm1 3V3a1 1 0 0 0-2 0v1h2z\"\/><\/svg>Scopri di pi\u00f9<\/span><p class=\"rapido\">Consegna rapida<\/p><\/div><div class=\"lp-produit\"><div class=\"lp-thumbnail-wrapper\"><img loading=\"lazy\" decoding=\"async\" width=\"300\" height=\"300\" src=\"https:\/\/prodblog.interflora.it\/blog\/wp-content\/uploads\/2025\/07\/1752562389-c0184-key-300x300.jpeg\" class=\"attachment-medium size-medium wp-post-image\" alt=\"\" srcset=\"https:\/\/prodblog.interflora.it\/blog\/wp-content\/uploads\/2025\/07\/1752562389-c0184-key-300x300.jpeg 300w, https:\/\/prodblog.interflora.it\/blog\/wp-content\/uploads\/2025\/07\/1752562389-c0184-key-1024x1024.jpeg 1024w, https:\/\/prodblog.interflora.it\/blog\/wp-content\/uploads\/2025\/07\/1752562389-c0184-key-150x150.jpeg 150w, https:\/\/prodblog.interflora.it\/blog\/wp-content\/uploads\/2025\/07\/1752562389-c0184-key-768x768.jpeg 768w, https:\/\/prodblog.interflora.it\/blog\/wp-content\/uploads\/2025\/07\/1752562389-c0184-key.jpeg 1280w\" sizes=\"auto, (max-width: 300px) 100vw, 300px\" \/><img decoding=\"async\" class=\"lp-badge\" src=\"https:\/\/www.interflora.it\/blog\/wp-content\/uploads\/cropped-cropped-220221_INTERFLORA_Logo_rgb_Social_Media.png\" alt=\"Consegna in giornata\"><\/div><span>Orchidea del Ricordo<\/span><p>54.99 \u20ac<\/p><span class=\"obf-link lp-cta\" role=\"link\" tabindex=\"0\" data-b64=\"aHR0cHM6Ly93d3cuaW50ZXJmbG9yYS5pdC9wL29yY2hpZGVhLWRlbC1yaWNvcmRvLXZhc28taW5jbHVzby8xP3V0bV9tZWRpdW09b3JnYW5pYyZ1dG1fc291cmNlPWJsb2dfcHJvZHVjdHMmdXRtX2NhbXBhaWduPUMwMTg0\" data-target=\"_blank\"><svg xmlns=\"http:\/\/www.w3.org\/2000\/svg\" width=\"16\" height=\"16\" fill=\"currentColor\" class=\"bi bi-bag\" viewBox=\"0 0 16 16\"><path d=\"M8 1a2 2 0 0 1 2 2v1h2.5A1.5 1.5 0 0 1 14 5.5v8A1.5 1.5 0 0 1 12.5 15h-9A1.5 1.5 0 0 1 2 13.5v-8A1.5 1.5 0 0 1 3.5 3H6V2a2 2 0 0 1 2-1zm1 3V3a1 1 0 0 0-2 0v1h2z\"\/><\/svg>Scopri di pi\u00f9<\/span><p class=\"rapido\">Best seller<\/p><\/div><\/div>\n","protected":false},"excerpt":{"rendered":"<p>Crea un luogo di riposo unico, naturale e vivente per un caro defunto scegliendo una tomba moderna vegetale. Scopri questo [&hellip;]<\/p>\n","protected":false},"author":1,"featured_media":32580,"comment_status":"closed","ping_status":"closed","sticky":false,"template":"","format":"standard","meta":{"_uag_custom_page_level_css":"","site-sidebar-layout":"default","site-content-layout":"","ast-site-content-layout":"default","site-content-style":"default","site-sidebar-style":"default","ast-global-header-display":"","ast-banner-title-visibility":"","ast-main-header-display":"","ast-hfb-above-header-display":"","ast-hfb-below-header-display":"","ast-hfb-mobile-header-display":"","site-post-title":"","ast-breadcrumbs-content":"","ast-featured-img":"","footer-sml-layout":"","ast-disable-related-posts":"","theme-transparent-header-meta":"","adv-header-id-meta":"","stick-header-meta":"","header-above-stick-meta":"","header-main-stick-meta":"","header-below-stick-meta":"","astra-migrate-meta-layouts":"set","ast-page-background-enabled":"default","ast-page-background-meta":{"desktop":{"background-color":"var(--ast-global-color-5)","background-image":"","background-repeat":"repeat","background-position":"center center","background-size":"auto","background-attachment":"scroll","background-type":"","background-media":"","overlay-type":"","overlay-color":"","overlay-opacity":"","overlay-gradient":""},"tablet":{"background-color":"","background-image":"","background-repeat":"repeat","background-position":"center center","background-size":"auto","background-attachment":"scroll","background-type":"","background-media":"","overlay-type":"","overlay-color":"","overlay-opacity":"","overlay-gradient":""},"mobile":{"background-color":"","background-image":"","background-repeat":"repeat","background-position":"center center","background-size":"auto","background-attachment":"scroll","background-type":"","background-media":"","overlay-type":"","overlay-color":"","overlay-opacity":"","overlay-gradient":""}},"ast-content-background-meta":{"desktop":{"background-color":"var(--ast-global-color-4)","background-image":"","background-repeat":"repeat","background-position":"center center","background-size":"auto","background-attachment":"scroll","background-type":"","background-media":"","overlay-type":"","overlay-color":"","overlay-opacity":"","overlay-gradient":""},"tablet":{"background-color":"var(--ast-global-color-4)","background-image":"","background-repeat":"repeat","background-position":"center center","background-size":"auto","background-attachment":"scroll","background-type":"","background-media":"","overlay-type":"","overlay-color":"","overlay-opacity":"","overlay-gradient":""},"mobile":{"background-color":"var(--ast-global-color-4)","background-image":"","background-repeat":"repeat","background-position":"center center","background-size":"auto","background-attachment":"scroll","background-type":"","background-media":"","overlay-type":"","overlay-color":"","overlay-opacity":"","overlay-gradient":""}},"footnotes":""},"categories":[217],"tags":[216],"class_list":["post-8453","post","type-post","status-publish","format-standard","has-post-thumbnail","hentry","category-lutto","tag-lutto"],"yoast_head":"<!-- This site is optimized with the Yoast SEO plugin v26.4 - https:\/\/yoast.com\/wordpress\/plugins\/seo\/ -->\n<title>Ispirazione per tombe vegetali uniche e sostenibili | Interflora<\/title>\n<meta name=\"description\" content=\"Hai mai sentito parlare delle tombe vegetali? In questo approfondimento ti guidiamo nella scelta delle piante per abbellire una tomba.\" \/>\n<meta name=\"robots\" content=\"index, follow, max-snippet:-1, max-image-preview:large, max-video-preview:-1\" \/>\n<link rel=\"canonical\" href=\"https:\/\/www.interflora.it\/blog\/tombe-vegetali-sostenibili\/\" \/>\n<meta property=\"og:locale\" content=\"it_IT\" \/>\n<meta property=\"og:type\" content=\"article\" \/>\n<meta property=\"og:title\" content=\"Ispirazione per tombe vegetali uniche e sostenibili | Interflora\" \/>\n<meta property=\"og:description\" content=\"Hai mai sentito parlare delle tombe vegetali? In questo approfondimento ti guidiamo nella scelta delle piante per abbellire una tomba.\" \/>\n<meta property=\"og:url\" content=\"https:\/\/www.interflora.it\/blog\/tombe-vegetali-sostenibili\/\" \/>\n<meta property=\"og:site_name\" content=\"Il blog di Interflora: consigli, idee e ispirazione per godersi fiori e piante\" \/>\n<meta property=\"article:published_time\" content=\"2025-07-14T16:05:18+00:00\" \/>\n<meta property=\"article:modified_time\" content=\"2025-08-14T16:05:21+00:00\" \/>\n<meta property=\"og:image\" content=\"https:\/\/www.interflora.it\/blog\/wp-content\/uploads\/composizioni-funebri.jpg\" \/>\n\t<meta property=\"og:image:width\" content=\"682\" \/>\n\t<meta property=\"og:image:height\" content=\"383\" \/>\n\t<meta property=\"og:image:type\" content=\"image\/jpeg\" \/>\n<meta name=\"author\" content=\"admin\" \/>\n<meta name=\"twitter:card\" content=\"summary_large_image\" \/>\n<script type=\"application\/ld+json\" class=\"yoast-schema-graph\">{\"@context\":\"https:\/\/schema.org\",\"@graph\":[{\"@type\":\"Article\",\"@id\":\"https:\/\/www.interflora.it\/blog\/tombe-vegetali-sostenibili\/#article\",\"isPartOf\":{\"@id\":\"https:\/\/www.interflora.it\/blog\/tombe-vegetali-sostenibili\/\"},\"author\":{\"name\":\"admin\",\"@id\":\"https:\/\/www.interflora.it\/blog\/#\/schema\/person\/dbbd1ad45e05409c356dc639597669f2\"},\"headline\":\"Ispirazione per tombe vegetali uniche e sostenibili\",\"datePublished\":\"2025-07-14T16:05:18+00:00\",\"dateModified\":\"2025-08-14T16:05:21+00:00\",\"mainEntityOfPage\":{\"@id\":\"https:\/\/www.interflora.it\/blog\/tombe-vegetali-sostenibili\/\"},\"wordCount\":1200,\"publisher\":{\"@id\":\"https:\/\/www.interflora.it\/blog\/#organization\"},\"image\":{\"@id\":\"https:\/\/www.interflora.it\/blog\/tombe-vegetali-sostenibili\/#primaryimage\"},\"thumbnailUrl\":\"https:\/\/prodblog.interflora.it\/blog\/wp-content\/uploads\/composizioni-funebri.jpg\",\"keywords\":[\"Lutto\"],\"articleSection\":[\"Lutto\"],\"inLanguage\":\"it-IT\"},{\"@type\":\"WebPage\",\"@id\":\"https:\/\/www.interflora.it\/blog\/tombe-vegetali-sostenibili\/\",\"url\":\"https:\/\/www.interflora.it\/blog\/tombe-vegetali-sostenibili\/\",\"name\":\"Ispirazione per tombe vegetali uniche e sostenibili | Interflora\",\"isPartOf\":{\"@id\":\"https:\/\/www.interflora.it\/blog\/#website\"},\"primaryImageOfPage\":{\"@id\":\"https:\/\/www.interflora.it\/blog\/tombe-vegetali-sostenibili\/#primaryimage\"},\"image\":{\"@id\":\"https:\/\/www.interflora.it\/blog\/tombe-vegetali-sostenibili\/#primaryimage\"},\"thumbnailUrl\":\"https:\/\/prodblog.interflora.it\/blog\/wp-content\/uploads\/composizioni-funebri.jpg\",\"datePublished\":\"2025-07-14T16:05:18+00:00\",\"dateModified\":\"2025-08-14T16:05:21+00:00\",\"description\":\"Hai mai sentito parlare delle tombe vegetali? In questo approfondimento ti guidiamo nella scelta delle piante per abbellire una tomba.\",\"breadcrumb\":{\"@id\":\"https:\/\/www.interflora.it\/blog\/tombe-vegetali-sostenibili\/#breadcrumb\"},\"inLanguage\":\"it-IT\",\"potentialAction\":[{\"@type\":\"ReadAction\",\"target\":[\"https:\/\/www.interflora.it\/blog\/tombe-vegetali-sostenibili\/\"]}]},{\"@type\":\"ImageObject\",\"inLanguage\":\"it-IT\",\"@id\":\"https:\/\/www.interflora.it\/blog\/tombe-vegetali-sostenibili\/#primaryimage\",\"url\":\"https:\/\/prodblog.interflora.it\/blog\/wp-content\/uploads\/composizioni-funebri.jpg\",\"contentUrl\":\"https:\/\/prodblog.interflora.it\/blog\/wp-content\/uploads\/composizioni-funebri.jpg\",\"width\":682,\"height\":383},{\"@type\":\"BreadcrumbList\",\"@id\":\"https:\/\/www.interflora.it\/blog\/tombe-vegetali-sostenibili\/#breadcrumb\",\"itemListElement\":[{\"@type\":\"ListItem\",\"position\":1,\"name\":\"Home\",\"item\":\"https:\/\/www.interflora.it\/blog\/\"},{\"@type\":\"ListItem\",\"position\":2,\"name\":\"Ispirazione per tombe vegetali uniche e sostenibili\"}]},{\"@type\":\"WebSite\",\"@id\":\"https:\/\/www.interflora.it\/blog\/#website\",\"url\":\"https:\/\/www.interflora.it\/blog\/\",\"name\":\"Il blog di Interflora: consigli, idee e ispirazione per godersi fiori e piante\",\"description\":\"\",\"publisher\":{\"@id\":\"https:\/\/www.interflora.it\/blog\/#organization\"},\"potentialAction\":[{\"@type\":\"SearchAction\",\"target\":{\"@type\":\"EntryPoint\",\"urlTemplate\":\"https:\/\/www.interflora.it\/blog\/?s={search_term_string}\"},\"query-input\":{\"@type\":\"PropertyValueSpecification\",\"valueRequired\":true,\"valueName\":\"search_term_string\"}}],\"inLanguage\":\"it-IT\"},{\"@type\":\"Organization\",\"@id\":\"https:\/\/www.interflora.it\/blog\/#organization\",\"name\":\"Il blog di Interflora: consigli, idee e ispirazione per godersi fiori e piante\",\"url\":\"https:\/\/www.interflora.it\/blog\/\",\"logo\":{\"@type\":\"ImageObject\",\"inLanguage\":\"it-IT\",\"@id\":\"https:\/\/www.interflora.it\/blog\/#\/schema\/logo\/image\/\",\"url\":\"https:\/\/prodblog.interflora.it\/blog\/wp-content\/uploads\/2025\/04\/220221_INTERFLORA_Logo_rgb_Half_Circle-e1670413381661.png\",\"contentUrl\":\"https:\/\/prodblog.interflora.it\/blog\/wp-content\/uploads\/2025\/04\/220221_INTERFLORA_Logo_rgb_Half_Circle-e1670413381661.png\",\"width\":1351,\"height\":656,\"caption\":\"Il blog di Interflora: consigli, idee e ispirazione per godersi fiori e piante\"},\"image\":{\"@id\":\"https:\/\/www.interflora.it\/blog\/#\/schema\/logo\/image\/\"}},{\"@type\":\"Person\",\"@id\":\"https:\/\/www.interflora.it\/blog\/#\/schema\/person\/dbbd1ad45e05409c356dc639597669f2\",\"name\":\"admin\",\"image\":{\"@type\":\"ImageObject\",\"inLanguage\":\"it-IT\",\"@id\":\"https:\/\/www.interflora.it\/blog\/#\/schema\/person\/image\/\",\"url\":\"https:\/\/secure.gravatar.com\/avatar\/42ef4147e700c5be2e3fd1dfd99731af107e05f321b9a482783ec3515451fc63?s=96&d=mm&r=g\",\"contentUrl\":\"https:\/\/secure.gravatar.com\/avatar\/42ef4147e700c5be2e3fd1dfd99731af107e05f321b9a482783ec3515451fc63?s=96&d=mm&r=g\",\"caption\":\"admin\"},\"sameAs\":[\"http:\/\/prewww.interflora.se\/blog\"]}]}<\/script>\n<!-- \/ Yoast SEO plugin. -->","yoast_head_json":{"title":"Ispirazione per tombe vegetali uniche e sostenibili | Interflora","description":"Hai mai sentito parlare delle tombe vegetali? In questo approfondimento ti guidiamo nella scelta delle piante per abbellire una tomba.","robots":{"index":"index","follow":"follow","max-snippet":"max-snippet:-1","max-image-preview":"max-image-preview:large","max-video-preview":"max-video-preview:-1"},"canonical":"https:\/\/www.interflora.it\/blog\/tombe-vegetali-sostenibili\/","og_locale":"it_IT","og_type":"article","og_title":"Ispirazione per tombe vegetali uniche e sostenibili | Interflora","og_description":"Hai mai sentito parlare delle tombe vegetali? In questo approfondimento ti guidiamo nella scelta delle piante per abbellire una tomba.","og_url":"https:\/\/www.interflora.it\/blog\/tombe-vegetali-sostenibili\/","og_site_name":"Il blog di Interflora: consigli, idee e ispirazione per godersi fiori e piante","article_published_time":"2025-07-14T16:05:18+00:00","article_modified_time":"2025-08-14T16:05:21+00:00","og_image":[{"width":682,"height":383,"url":"https:\/\/www.interflora.it\/blog\/wp-content\/uploads\/composizioni-funebri.jpg","type":"image\/jpeg"}],"author":"admin","twitter_card":"summary_large_image","schema":{"@context":"https:\/\/schema.org","@graph":[{"@type":"Article","@id":"https:\/\/www.interflora.it\/blog\/tombe-vegetali-sostenibili\/#article","isPartOf":{"@id":"https:\/\/www.interflora.it\/blog\/tombe-vegetali-sostenibili\/"},"author":{"name":"admin","@id":"https:\/\/www.interflora.it\/blog\/#\/schema\/person\/dbbd1ad45e05409c356dc639597669f2"},"headline":"Ispirazione per tombe vegetali uniche e sostenibili","datePublished":"2025-07-14T16:05:18+00:00","dateModified":"2025-08-14T16:05:21+00:00","mainEntityOfPage":{"@id":"https:\/\/www.interflora.it\/blog\/tombe-vegetali-sostenibili\/"},"wordCount":1200,"publisher":{"@id":"https:\/\/www.interflora.it\/blog\/#organization"},"image":{"@id":"https:\/\/www.interflora.it\/blog\/tombe-vegetali-sostenibili\/#primaryimage"},"thumbnailUrl":"https:\/\/prodblog.interflora.it\/blog\/wp-content\/uploads\/composizioni-funebri.jpg","keywords":["Lutto"],"articleSection":["Lutto"],"inLanguage":"it-IT"},{"@type":"WebPage","@id":"https:\/\/www.interflora.it\/blog\/tombe-vegetali-sostenibili\/","url":"https:\/\/www.interflora.it\/blog\/tombe-vegetali-sostenibili\/","name":"Ispirazione per tombe vegetali uniche e sostenibili | Interflora","isPartOf":{"@id":"https:\/\/www.interflora.it\/blog\/#website"},"primaryImageOfPage":{"@id":"https:\/\/www.interflora.it\/blog\/tombe-vegetali-sostenibili\/#primaryimage"},"image":{"@id":"https:\/\/www.interflora.it\/blog\/tombe-vegetali-sostenibili\/#primaryimage"},"thumbnailUrl":"https:\/\/prodblog.interflora.it\/blog\/wp-content\/uploads\/composizioni-funebri.jpg","datePublished":"2025-07-14T16:05:18+00:00","dateModified":"2025-08-14T16:05:21+00:00","description":"Hai mai sentito parlare delle tombe vegetali? In questo approfondimento ti guidiamo nella scelta delle piante per abbellire una tomba.","breadcrumb":{"@id":"https:\/\/www.interflora.it\/blog\/tombe-vegetali-sostenibili\/#breadcrumb"},"inLanguage":"it-IT","potentialAction":[{"@type":"ReadAction","target":["https:\/\/www.interflora.it\/blog\/tombe-vegetali-sostenibili\/"]}]},{"@type":"ImageObject","inLanguage":"it-IT","@id":"https:\/\/www.interflora.it\/blog\/tombe-vegetali-sostenibili\/#primaryimage","url":"https:\/\/prodblog.interflora.it\/blog\/wp-content\/uploads\/composizioni-funebri.jpg","contentUrl":"https:\/\/prodblog.interflora.it\/blog\/wp-content\/uploads\/composizioni-funebri.jpg","width":682,"height":383},{"@type":"BreadcrumbList","@id":"https:\/\/www.interflora.it\/blog\/tombe-vegetali-sostenibili\/#breadcrumb","itemListElement":[{"@type":"ListItem","position":1,"name":"Home","item":"https:\/\/www.interflora.it\/blog\/"},{"@type":"ListItem","position":2,"name":"Ispirazione per tombe vegetali uniche e sostenibili"}]},{"@type":"WebSite","@id":"https:\/\/www.interflora.it\/blog\/#website","url":"https:\/\/www.interflora.it\/blog\/","name":"Il blog di Interflora: consigli, idee e ispirazione per godersi fiori e piante","description":"","publisher":{"@id":"https:\/\/www.interflora.it\/blog\/#organization"},"potentialAction":[{"@type":"SearchAction","target":{"@type":"EntryPoint","urlTemplate":"https:\/\/www.interflora.it\/blog\/?s={search_term_string}"},"query-input":{"@type":"PropertyValueSpecification","valueRequired":true,"valueName":"search_term_string"}}],"inLanguage":"it-IT"},{"@type":"Organization","@id":"https:\/\/www.interflora.it\/blog\/#organization","name":"Il blog di Interflora: consigli, idee e ispirazione per godersi fiori e piante","url":"https:\/\/www.interflora.it\/blog\/","logo":{"@type":"ImageObject","inLanguage":"it-IT","@id":"https:\/\/www.interflora.it\/blog\/#\/schema\/logo\/image\/","url":"https:\/\/prodblog.interflora.it\/blog\/wp-content\/uploads\/2025\/04\/220221_INTERFLORA_Logo_rgb_Half_Circle-e1670413381661.png","contentUrl":"https:\/\/prodblog.interflora.it\/blog\/wp-content\/uploads\/2025\/04\/220221_INTERFLORA_Logo_rgb_Half_Circle-e1670413381661.png","width":1351,"height":656,"caption":"Il blog di Interflora: consigli, idee e ispirazione per godersi fiori e piante"},"image":{"@id":"https:\/\/www.interflora.it\/blog\/#\/schema\/logo\/image\/"}},{"@type":"Person","@id":"https:\/\/www.interflora.it\/blog\/#\/schema\/person\/dbbd1ad45e05409c356dc639597669f2","name":"admin","image":{"@type":"ImageObject","inLanguage":"it-IT","@id":"https:\/\/www.interflora.it\/blog\/#\/schema\/person\/image\/","url":"https:\/\/secure.gravatar.com\/avatar\/42ef4147e700c5be2e3fd1dfd99731af107e05f321b9a482783ec3515451fc63?s=96&d=mm&r=g","contentUrl":"https:\/\/secure.gravatar.com\/avatar\/42ef4147e700c5be2e3fd1dfd99731af107e05f321b9a482783ec3515451fc63?s=96&d=mm&r=g","caption":"admin"},"sameAs":["http:\/\/prewww.interflora.se\/blog"]}]}},"uagb_featured_image_src":{"full":["https:\/\/prodblog.interflora.it\/blog\/wp-content\/uploads\/composizioni-funebri.jpg",682,383,false],"thumbnail":["https:\/\/prodblog.interflora.it\/blog\/wp-content\/uploads\/composizioni-funebri-150x150.jpg",150,150,true],"medium":["https:\/\/prodblog.interflora.it\/blog\/wp-content\/uploads\/composizioni-funebri-300x168.jpg",300,168,true],"medium_large":["https:\/\/prodblog.interflora.it\/blog\/wp-content\/uploads\/composizioni-funebri.jpg",682,383,false],"large":["https:\/\/prodblog.interflora.it\/blog\/wp-content\/uploads\/composizioni-funebri.jpg",682,383,false],"1536x1536":["https:\/\/prodblog.interflora.it\/blog\/wp-content\/uploads\/composizioni-funebri.jpg",682,383,false],"2048x2048":["https:\/\/prodblog.interflora.it\/blog\/wp-content\/uploads\/composizioni-funebri.jpg",682,383,false]},"uagb_author_info":{"display_name":"admin","author_link":"https:\/\/prodblog.interflora.it\/blog\/author\/admin\/"},"uagb_comment_info":0,"uagb_excerpt":"Crea un luogo di riposo unico, naturale e vivente per un caro defunto scegliendo una tomba moderna vegetale. Scopri questo [&hellip;]","_links":{"self":[{"href":"https:\/\/prodblog.interflora.it\/blog\/wp-json\/wp\/v2\/posts\/8453","targetHints":{"allow":["GET"]}}],"collection":[{"href":"https:\/\/prodblog.interflora.it\/blog\/wp-json\/wp\/v2\/posts"}],"about":[{"href":"https:\/\/prodblog.interflora.it\/blog\/wp-json\/wp\/v2\/types\/post"}],"author":[{"embeddable":true,"href":"https:\/\/prodblog.interflora.it\/blog\/wp-json\/wp\/v2\/users\/1"}],"replies":[{"embeddable":true,"href":"https:\/\/prodblog.interflora.it\/blog\/wp-json\/wp\/v2\/comments?post=8453"}],"version-history":[{"count":1,"href":"https:\/\/prodblog.interflora.it\/blog\/wp-json\/wp\/v2\/posts\/8453\/revisions"}],"predecessor-version":[{"id":33299,"href":"https:\/\/prodblog.interflora.it\/blog\/wp-json\/wp\/v2\/posts\/8453\/revisions\/33299"}],"wp:featuredmedia":[{"embeddable":true,"href":"https:\/\/prodblog.interflora.it\/blog\/wp-json\/wp\/v2\/media\/32580"}],"wp:attachment":[{"href":"https:\/\/prodblog.interflora.it\/blog\/wp-json\/wp\/v2\/media?parent=8453"}],"wp:term":[{"taxonomy":"category","embeddable":true,"href":"https:\/\/prodblog.interflora.it\/blog\/wp-json\/wp\/v2\/categories?post=8453"},{"taxonomy":"post_tag","embeddable":true,"href":"https:\/\/prodblog.interflora.it\/blog\/wp-json\/wp\/v2\/tags?post=8453"}],"curies":[{"name":"wp","href":"https:\/\/api.w.org\/{rel}","templated":true}]}}