{"id":846,"date":"2020-09-24T18:14:33","date_gmt":"2020-09-24T16:14:33","guid":{"rendered":"https:\/\/blog.interflora.it\/?p=846"},"modified":"2025-08-11T16:02:28","modified_gmt":"2025-08-11T14:02:28","slug":"interflora-per-la-musica-alla-direttrice-dorchestra-tianyi-lu-il-premio-cantelli-2020","status":"publish","type":"post","link":"https:\/\/prodblog.interflora.it\/blog\/interflora-per-la-musica-alla-direttrice-dorchestra-tianyi-lu-il-premio-cantelli-2020\/","title":{"rendered":"Interflora per la musica: alla direttrice d&#8217;orchestra Tianyi Lu il premio Cantelli 2020"},"content":{"rendered":"<p>Musica, emozioni, fiori. L\u2019incontro tra Interflora ed il Premio Guido Cantelli \u2013 evento che in passato ha lanciato la carriera di grandi direttori d\u2019orchestra come\u00a0Riccardo Muti,\u00a0Eliahu Inbal\u00a0e\u00a0\u00c1d\u00e1m Fischer &#8211; \u00e8 avvenuto durante il primo <em>lockdown<\/em> nazionale al causa del codiv 19, grazie alla caparbiet\u00e0 della Direttrice del Teatro Coccia di Novara, Corinne Baroni, che \u00e8 anche Direttrice Artistica del concorso.<\/p>\n<p>L\u2019importante manifestazione \u00e8 rinata nel 2020 &#8211; dopo quarant\u2019anni di pausa &#8211; in occasione del centenario della nascita di\u00a0Guido Cantelli, il celebre direttore d\u2019orchestra novarese scomparso prematuramente a soli trentacinque anni nel 1956.<\/p>\n<p>Non potevano i fiori per il loro effetto scenico ed emozionale, in occasione di un evento cos\u00ec importante ed unico, soprattutto durante un cos\u00ec difficile periodo. Da sempre, ha ricordato la Direttrice Baroni, i fiori sono l\u2019omaggio preferito dagli artisti, sia per il buon augurio che per manifestare apprezzamento al termine della performance.<\/p>\n<p>Da qui il <em>claim<\/em> \u201cInterflora per la Musica\u201d, lanciato in occasione dell\u2019XI edizione della manifestazione che si \u00e8 tenuta a Novara e che ha premiato la giovane neozelandese di origine cinese\u00a0Tianyi Lu.<\/p>\n<p>Negli spazi del Teatro Coccia di Novara nella sala del <em>gala-dinner<\/em> &#8211; in cui si sono radunati gli artisti ed i giudici in occasione delle giornate finali della manifestazione settembrina &#8211; i maestri floral designer di Interflora hanno allestito eleganti creazioni composte da rose e Lisianthus nei colori tenui dell\u2019avorio, giallo canarino, panna. \u00abDa sempre vicina alle arti\u00bb \u2013 afferma il Direttore Generale di Interflora Italia, Luca Iannarone &#8211; \u00abInterflora \u00e8 un network mondiale leader nella consegna di fiori e piante in tutto il mondo, con il motto\u00a0l\u2019arte di regalare emozioni\u00bb.<\/p>\n<p>&nbsp;<\/p>\n<p><strong>ROSE E LISIANTHUS PER LA VINCITRICE DEL PREMIO CANTELLI<\/strong><\/p>\n<p>A Tianyi Lu &#8211; vincitrice dell\u2019XI Edizione del\u00a0Premio Internazionale di direzione d\u2019orchestra \u201cGuido Cantelli\u201d \u2013 si adattano perfettamente i significati dei fiori scelti da Interflora per allestire il Teatro Coccia. Rose e Lisianthus, sono tra i fiori pi\u00f9 rappresentativi dei concetti di emozione, bellezza, eleganze. Le rose, in particolare, rappresentano il sentimento amoroso, non solo verso qualcuno, ma, anche verso qualcosa: un progetto, un impegno lavorativo. Il Lisianthus \u00e8 il fiore che rappresenta il bello ed il buono. Un connubio florale perfetto, quindi, da dedicare alla trentenne nata a Shanghai che si \u00e8 imposta sui gli altri finalisti &#8211;\u00a0Bertie Baigent (venticinquenne inglese),\u00a0Diego Ceretta\u00a0(ventitreenne italiano) e\u00a0Dmitry Matvienko\u00a0(ventinovenne bielorusso) &#8211; nel concerto finale del concorso che si \u00e8 svolto domenica 13 settembre\u00a0al\u00a0Teatro Coccia di Novara.\u00a0Sul podio dell\u2019Orchestra del Teatro Regio Torino i candidati hanno diretto la Sinfonia n. 4 in la maggiore &amp;quot;Italiana&amp;quot; di Felix Mendelssohn Bartholdy e la Sinfonia n. 7 in la maggiore di Ludwig van Beethoven.Tianyi Lu ha passaporto neozelandese, ma, attualmente, vive nei Paesi Bassi. \u00c8 Direttrice d\u2019orchestra in residenza presso la Welsh National Opera, Direttrice principale della St Woolos Sinfonia in Regno Unito e, fino allo scorso dicembre, \u00e8 stata Direttrice Assistente della Melbourne Symphony Orchestra. Si\u00a0\u00e8 aggiudicata il\u00a0Primo Premio, assegnato dalla giuria composta da Donato Renzetti\u00a0(ultimo vincitore del Premio Cantelli nel 1980 e Presidente della giuria),\u00a0Christoph Becher\u00a0(Direttore della RSO \u2013 Orchestra Sinfonica della Radio di Vienna ORF),\u00a0Nazzareno Carusi (pianista),\u00a0Gabriel Chmura (Medaglia d\u2019oro Premio Cantelli, Direttore artistico dell\u2019Opera di Poznan e Primo Direttore Ospite della Filarmonica di Cracovia),\u00a0Didier de Cottignies (Direttore Artistico dell\u2019Orchestra Filarmonica di Monte-Carlo),\u00a0Jos\u00e9 Luis G\u00f3mez\u00a0(Direttore Musicale dell\u2019Orchestra Sinfonica di Tucson),\u00a0Hein Mulders (Sovrintendente dell\u2019Opera e della Filarmonica di Essen),\u00a0Sebastian F. Schwarz\u00a0(Sovrintendente e Direttore Artistico del Teatro Regio Torino), e dai direttori d\u2019orchestra\u00a0Matteo Beltrami,\u00a0Jordi Bern\u00e0cer\u00a0e\u00a0Antonino Fogliani, che si sono anche occupati della preselezione dei candidati. Oltre a questo, Tianyi Lu ha anche vinto: il\u00a0Premio dell\u2019Orchestra del Teatro Regio Torino, assegnato dai professori dell\u2019Orchestra del Regio; il\u00a0Premio Giovani, assegnato da una giuria di studenti delle scuole secondarie di primo grado di Novara, coordinati dall\u2019associazione\u00a0Giovani Dietro Le Quinte; e scritture artistiche per dirigere un concerto alla Fondazione Teatro Coccia e uno\u00a0al Teatro Regio Torino.<\/p>\n<p>&nbsp;<\/p>\n<p><strong>GLI ALTRI PREMI<\/strong><\/p>\n<p>Il\u00a0Premio della Critica\u00a0\u00e8 stato invece attribuito a\u00a0Dmitry Matvienko da una giuria presieduta da\u00a0Angelo Foletto\u00a0(La Repubblica) e composta da\u00a0Enrico Girardi\u00a0(Il corriere della sera),\u00a0Elvio Giudici\u00a0(Il Giorno),\u00a0Alberto Mattioli\u00a0(La Stampa) e\u00a0Carla Moreni\u00a0(Il Sole 24 Ore).\u00a0Matvienko si \u00e8 anche\u00a0aggiudicato il\u00a0Premio Made in Italy\u00a0(un frac disegnato da Carlo Pignatelli), conferito dal Presidente della Fondazione Teatro Coccia,\u00a0Fabio Ravanelli, e dal Direttore\u00a0Corinne Baroni. Il\u00a0Premio della Citt\u00e0\u00a0\u00e8 stato invece attribuito a Diego Ceretta\u00a0da\u00a0Emilio Iodice\u00a0(Assessore alla Cultura del Comune di Novara e Presidente della giuria della Citt\u00e0),\u00a0Ettore Borri (Presidente dell\u2019Associazione Amici della Musica Vittorio Cocito) e\u00a0Roberto Politi\u00a0(Direttore\u00a0del\u00a0Conservatorio \u201cGuido Cantelli\u201d di Novara). Infine, gli altri riconoscimenti in scritture artistiche\u00a0per dirigere concerti sono stati assegnati a Bertie Baigent, che sar\u00e0 protagonista di un concerto alla Fondazione Arturo Toscanini\u00a0di Parma, e a\u00a0Diego Ceretta, che diriger\u00e0 un titolo al Rossini in Wildbad &#8211; Belcanto Opera Festival.<\/p>\n<p>&nbsp;<\/p>\n<p><strong>IL MESSAGGIO DI CORINNE BARONI<\/strong><\/p>\n<p>\u00abLa XI edizione del Premio Cantelli\u00bb \u2013 chiosa\u00a0Corinne Baroni &#8211; \u00ab\u00e8 stata vinta dalla tenacia, dal lavoro di squadra e dall\u2019amore per la musica. Grande protagonista di questa edizione \u00e8 stata in primis l\u2019Orchestra del Teatro Regio Torino, sempre professionale, disponibile e soprattutto con un grande cuore. \u00c8 stata una settimana magica quella che abbiamo vissuto a Torino per le fasi eliminatorie e, oggi pi\u00f9 che mai, risulta chiaro che questa luce, riaccesa dopo quarant\u2019anni di assenza del concorso, non dovr\u00e0 pi\u00f9 spegnersi. Proprio per questo siamo tutti chiamati a fare la nostra parte.<\/p>\n<p>Un grazie a chi ha sostenuto il progetto, tra cui Interflora Italia: grazie ad Interflora, lo dico sempre, lo\u00a0 spettacolo continua anche dopo l\u2019esibizione grazie all\u2019emozione che regalano i fiori\u00bb.<\/p>\n<p><em>a cura dell\u2019Area Comunicazione<\/em><\/p>\n<p><strong>Emilio Sturla Furn\u00f2<\/strong><\/p>\n<p><strong>Responsabile Comunicazione Interflora Italia<\/strong><\/p>\n","protected":false},"excerpt":{"rendered":"<p>Musica, emozioni, fiori. L\u2019incontro tra Interflora ed il Premio Guido Cantelli \u2013 evento che in passato ha lanciato la carriera [&hellip;]<\/p>\n","protected":false},"author":8,"featured_media":31006,"comment_status":"closed","ping_status":"closed","sticky":false,"template":"","format":"standard","meta":{"_uag_custom_page_level_css":"","site-sidebar-layout":"default","site-content-layout":"","ast-site-content-layout":"default","site-content-style":"default","site-sidebar-style":"default","ast-global-header-display":"","ast-banner-title-visibility":"","ast-main-header-display":"","ast-hfb-above-header-display":"","ast-hfb-below-header-display":"","ast-hfb-mobile-header-display":"","site-post-title":"","ast-breadcrumbs-content":"","ast-featured-img":"","footer-sml-layout":"","ast-disable-related-posts":"","theme-transparent-header-meta":"","adv-header-id-meta":"","stick-header-meta":"","header-above-stick-meta":"","header-main-stick-meta":"","header-below-stick-meta":"","astra-migrate-meta-layouts":"default","ast-page-background-enabled":"default","ast-page-background-meta":{"desktop":{"background-color":"var(--ast-global-color-5)","background-image":"","background-repeat":"repeat","background-position":"center center","background-size":"auto","background-attachment":"scroll","background-type":"","background-media":"","overlay-type":"","overlay-color":"","overlay-opacity":"","overlay-gradient":""},"tablet":{"background-color":"","background-image":"","background-repeat":"repeat","background-position":"center center","background-size":"auto","background-attachment":"scroll","background-type":"","background-media":"","overlay-type":"","overlay-color":"","overlay-opacity":"","overlay-gradient":""},"mobile":{"background-color":"","background-image":"","background-repeat":"repeat","background-position":"center center","background-size":"auto","background-attachment":"scroll","background-type":"","background-media":"","overlay-type":"","overlay-color":"","overlay-opacity":"","overlay-gradient":""}},"ast-content-background-meta":{"desktop":{"background-color":"var(--ast-global-color-4)","background-image":"","background-repeat":"repeat","background-position":"center center","background-size":"auto","background-attachment":"scroll","background-type":"","background-media":"","overlay-type":"","overlay-color":"","overlay-opacity":"","overlay-gradient":""},"tablet":{"background-color":"var(--ast-global-color-4)","background-image":"","background-repeat":"repeat","background-position":"center center","background-size":"auto","background-attachment":"scroll","background-type":"","background-media":"","overlay-type":"","overlay-color":"","overlay-opacity":"","overlay-gradient":""},"mobile":{"background-color":"var(--ast-global-color-4)","background-image":"","background-repeat":"repeat","background-position":"center center","background-size":"auto","background-attachment":"scroll","background-type":"","background-media":"","overlay-type":"","overlay-color":"","overlay-opacity":"","overlay-gradient":""}},"footnotes":""},"categories":[166],"tags":[35],"class_list":["post-846","post","type-post","status-publish","format-standard","has-post-thumbnail","hentry","category-tendenze","tag-interflora"],"yoast_head":"<!-- This site is optimized with the Yoast SEO plugin v26.4 - https:\/\/yoast.com\/wordpress\/plugins\/seo\/ -->\n<title>Interflora per la musica: alla direttrice d&#039;orchestra Tianyi Lu il premio Cantelli 2020 | Interflora<\/title>\n<meta name=\"robots\" content=\"index, follow, max-snippet:-1, max-image-preview:large, max-video-preview:-1\" \/>\n<link rel=\"canonical\" href=\"https:\/\/www.interflora.it\/blog\/interflora-per-la-musica-alla-direttrice-dorchestra-tianyi-lu-il-premio-cantelli-2020\/\" \/>\n<meta property=\"og:locale\" content=\"it_IT\" \/>\n<meta property=\"og:type\" content=\"article\" \/>\n<meta property=\"og:title\" content=\"Interflora per la musica: alla direttrice d&#039;orchestra Tianyi Lu il premio Cantelli 2020 | Interflora\" \/>\n<meta property=\"og:description\" content=\"Musica, emozioni, fiori. L\u2019incontro tra Interflora ed il Premio Guido Cantelli \u2013 evento che in passato ha lanciato la carriera [&hellip;]\" \/>\n<meta property=\"og:url\" content=\"https:\/\/www.interflora.it\/blog\/interflora-per-la-musica-alla-direttrice-dorchestra-tianyi-lu-il-premio-cantelli-2020\/\" \/>\n<meta property=\"og:site_name\" content=\"Il blog di Interflora: consigli, idee e ispirazione per godersi fiori e piante\" \/>\n<meta property=\"article:published_time\" content=\"2020-09-24T16:14:33+00:00\" \/>\n<meta property=\"article:modified_time\" content=\"2025-08-11T14:02:28+00:00\" \/>\n<meta property=\"og:image\" content=\"https:\/\/www.interflora.it\/blog\/wp-content\/uploads\/2020\/09\/1ami.jpg\" \/>\n\t<meta property=\"og:image:width\" content=\"767\" \/>\n\t<meta property=\"og:image:height\" content=\"437\" \/>\n\t<meta property=\"og:image:type\" content=\"image\/jpeg\" \/>\n<meta name=\"author\" content=\"Interflora\" \/>\n<meta name=\"twitter:card\" content=\"summary_large_image\" \/>\n<script type=\"application\/ld+json\" class=\"yoast-schema-graph\">{\"@context\":\"https:\/\/schema.org\",\"@graph\":[{\"@type\":\"Article\",\"@id\":\"https:\/\/www.interflora.it\/blog\/interflora-per-la-musica-alla-direttrice-dorchestra-tianyi-lu-il-premio-cantelli-2020\/#article\",\"isPartOf\":{\"@id\":\"https:\/\/www.interflora.it\/blog\/interflora-per-la-musica-alla-direttrice-dorchestra-tianyi-lu-il-premio-cantelli-2020\/\"},\"author\":{\"name\":\"Interflora\",\"@id\":\"https:\/\/www.interflora.it\/blog\/#\/schema\/person\/37c1677fb37e37e1d52ee86644974c72\"},\"headline\":\"Interflora per la musica: alla direttrice d&#8217;orchestra Tianyi Lu il premio Cantelli 2020\",\"datePublished\":\"2020-09-24T16:14:33+00:00\",\"dateModified\":\"2025-08-11T14:02:28+00:00\",\"mainEntityOfPage\":{\"@id\":\"https:\/\/www.interflora.it\/blog\/interflora-per-la-musica-alla-direttrice-dorchestra-tianyi-lu-il-premio-cantelli-2020\/\"},\"wordCount\":1002,\"publisher\":{\"@id\":\"https:\/\/www.interflora.it\/blog\/#organization\"},\"image\":{\"@id\":\"https:\/\/www.interflora.it\/blog\/interflora-per-la-musica-alla-direttrice-dorchestra-tianyi-lu-il-premio-cantelli-2020\/#primaryimage\"},\"thumbnailUrl\":\"https:\/\/prodblog.interflora.it\/blog\/wp-content\/uploads\/2020\/09\/1ami.jpg\",\"keywords\":[\"interflora\"],\"articleSection\":[\"Tendenze\"],\"inLanguage\":\"it-IT\"},{\"@type\":\"WebPage\",\"@id\":\"https:\/\/www.interflora.it\/blog\/interflora-per-la-musica-alla-direttrice-dorchestra-tianyi-lu-il-premio-cantelli-2020\/\",\"url\":\"https:\/\/www.interflora.it\/blog\/interflora-per-la-musica-alla-direttrice-dorchestra-tianyi-lu-il-premio-cantelli-2020\/\",\"name\":\"Interflora per la musica: alla direttrice d'orchestra Tianyi Lu il premio Cantelli 2020 | Interflora\",\"isPartOf\":{\"@id\":\"https:\/\/www.interflora.it\/blog\/#website\"},\"primaryImageOfPage\":{\"@id\":\"https:\/\/www.interflora.it\/blog\/interflora-per-la-musica-alla-direttrice-dorchestra-tianyi-lu-il-premio-cantelli-2020\/#primaryimage\"},\"image\":{\"@id\":\"https:\/\/www.interflora.it\/blog\/interflora-per-la-musica-alla-direttrice-dorchestra-tianyi-lu-il-premio-cantelli-2020\/#primaryimage\"},\"thumbnailUrl\":\"https:\/\/prodblog.interflora.it\/blog\/wp-content\/uploads\/2020\/09\/1ami.jpg\",\"datePublished\":\"2020-09-24T16:14:33+00:00\",\"dateModified\":\"2025-08-11T14:02:28+00:00\",\"breadcrumb\":{\"@id\":\"https:\/\/www.interflora.it\/blog\/interflora-per-la-musica-alla-direttrice-dorchestra-tianyi-lu-il-premio-cantelli-2020\/#breadcrumb\"},\"inLanguage\":\"it-IT\",\"potentialAction\":[{\"@type\":\"ReadAction\",\"target\":[\"https:\/\/www.interflora.it\/blog\/interflora-per-la-musica-alla-direttrice-dorchestra-tianyi-lu-il-premio-cantelli-2020\/\"]}]},{\"@type\":\"ImageObject\",\"inLanguage\":\"it-IT\",\"@id\":\"https:\/\/www.interflora.it\/blog\/interflora-per-la-musica-alla-direttrice-dorchestra-tianyi-lu-il-premio-cantelli-2020\/#primaryimage\",\"url\":\"https:\/\/prodblog.interflora.it\/blog\/wp-content\/uploads\/2020\/09\/1ami.jpg\",\"contentUrl\":\"https:\/\/prodblog.interflora.it\/blog\/wp-content\/uploads\/2020\/09\/1ami.jpg\",\"width\":767,\"height\":437},{\"@type\":\"BreadcrumbList\",\"@id\":\"https:\/\/www.interflora.it\/blog\/interflora-per-la-musica-alla-direttrice-dorchestra-tianyi-lu-il-premio-cantelli-2020\/#breadcrumb\",\"itemListElement\":[{\"@type\":\"ListItem\",\"position\":1,\"name\":\"Home\",\"item\":\"https:\/\/prodblog.interflora.it\/blog\/\"},{\"@type\":\"ListItem\",\"position\":2,\"name\":\"Interflora per la musica: alla direttrice d&#8217;orchestra Tianyi Lu il premio Cantelli 2020\"}]},{\"@type\":\"WebSite\",\"@id\":\"https:\/\/www.interflora.it\/blog\/#website\",\"url\":\"https:\/\/www.interflora.it\/blog\/\",\"name\":\"Il blog di Interflora: consigli, idee e ispirazione per godersi fiori e piante\",\"description\":\"\",\"publisher\":{\"@id\":\"https:\/\/www.interflora.it\/blog\/#organization\"},\"potentialAction\":[{\"@type\":\"SearchAction\",\"target\":{\"@type\":\"EntryPoint\",\"urlTemplate\":\"https:\/\/www.interflora.it\/blog\/?s={search_term_string}\"},\"query-input\":{\"@type\":\"PropertyValueSpecification\",\"valueRequired\":true,\"valueName\":\"search_term_string\"}}],\"inLanguage\":\"it-IT\"},{\"@type\":\"Organization\",\"@id\":\"https:\/\/www.interflora.it\/blog\/#organization\",\"name\":\"Il blog di Interflora: consigli, idee e ispirazione per godersi fiori e piante\",\"url\":\"https:\/\/www.interflora.it\/blog\/\",\"logo\":{\"@type\":\"ImageObject\",\"inLanguage\":\"it-IT\",\"@id\":\"https:\/\/www.interflora.it\/blog\/#\/schema\/logo\/image\/\",\"url\":\"https:\/\/prodblog.interflora.it\/blog\/wp-content\/uploads\/2025\/04\/220221_INTERFLORA_Logo_rgb_Half_Circle-e1670413381661.png\",\"contentUrl\":\"https:\/\/prodblog.interflora.it\/blog\/wp-content\/uploads\/2025\/04\/220221_INTERFLORA_Logo_rgb_Half_Circle-e1670413381661.png\",\"width\":1351,\"height\":656,\"caption\":\"Il blog di Interflora: consigli, idee e ispirazione per godersi fiori e piante\"},\"image\":{\"@id\":\"https:\/\/www.interflora.it\/blog\/#\/schema\/logo\/image\/\"}},{\"@type\":\"Person\",\"@id\":\"https:\/\/www.interflora.it\/blog\/#\/schema\/person\/37c1677fb37e37e1d52ee86644974c72\",\"name\":\"Interflora\",\"image\":{\"@type\":\"ImageObject\",\"inLanguage\":\"it-IT\",\"@id\":\"https:\/\/www.interflora.it\/blog\/#\/schema\/person\/image\/\",\"url\":\"https:\/\/secure.gravatar.com\/avatar\/f8ee11e6b2ddd835aba806604014e0f5960629fa9ff333f1d1f0db3e39ad3bad?s=96&d=mm&r=g\",\"contentUrl\":\"https:\/\/secure.gravatar.com\/avatar\/f8ee11e6b2ddd835aba806604014e0f5960629fa9ff333f1d1f0db3e39ad3bad?s=96&d=mm&r=g\",\"caption\":\"Interflora\"}}]}<\/script>\n<!-- \/ Yoast SEO plugin. -->","yoast_head_json":{"title":"Interflora per la musica: alla direttrice d'orchestra Tianyi Lu il premio Cantelli 2020 | Interflora","robots":{"index":"index","follow":"follow","max-snippet":"max-snippet:-1","max-image-preview":"max-image-preview:large","max-video-preview":"max-video-preview:-1"},"canonical":"https:\/\/www.interflora.it\/blog\/interflora-per-la-musica-alla-direttrice-dorchestra-tianyi-lu-il-premio-cantelli-2020\/","og_locale":"it_IT","og_type":"article","og_title":"Interflora per la musica: alla direttrice d'orchestra Tianyi Lu il premio Cantelli 2020 | Interflora","og_description":"Musica, emozioni, fiori. L\u2019incontro tra Interflora ed il Premio Guido Cantelli \u2013 evento che in passato ha lanciato la carriera [&hellip;]","og_url":"https:\/\/www.interflora.it\/blog\/interflora-per-la-musica-alla-direttrice-dorchestra-tianyi-lu-il-premio-cantelli-2020\/","og_site_name":"Il blog di Interflora: consigli, idee e ispirazione per godersi fiori e piante","article_published_time":"2020-09-24T16:14:33+00:00","article_modified_time":"2025-08-11T14:02:28+00:00","og_image":[{"width":767,"height":437,"url":"https:\/\/www.interflora.it\/blog\/wp-content\/uploads\/2020\/09\/1ami.jpg","type":"image\/jpeg"}],"author":"Interflora","twitter_card":"summary_large_image","schema":{"@context":"https:\/\/schema.org","@graph":[{"@type":"Article","@id":"https:\/\/www.interflora.it\/blog\/interflora-per-la-musica-alla-direttrice-dorchestra-tianyi-lu-il-premio-cantelli-2020\/#article","isPartOf":{"@id":"https:\/\/www.interflora.it\/blog\/interflora-per-la-musica-alla-direttrice-dorchestra-tianyi-lu-il-premio-cantelli-2020\/"},"author":{"name":"Interflora","@id":"https:\/\/www.interflora.it\/blog\/#\/schema\/person\/37c1677fb37e37e1d52ee86644974c72"},"headline":"Interflora per la musica: alla direttrice d&#8217;orchestra Tianyi Lu il premio Cantelli 2020","datePublished":"2020-09-24T16:14:33+00:00","dateModified":"2025-08-11T14:02:28+00:00","mainEntityOfPage":{"@id":"https:\/\/www.interflora.it\/blog\/interflora-per-la-musica-alla-direttrice-dorchestra-tianyi-lu-il-premio-cantelli-2020\/"},"wordCount":1002,"publisher":{"@id":"https:\/\/www.interflora.it\/blog\/#organization"},"image":{"@id":"https:\/\/www.interflora.it\/blog\/interflora-per-la-musica-alla-direttrice-dorchestra-tianyi-lu-il-premio-cantelli-2020\/#primaryimage"},"thumbnailUrl":"https:\/\/prodblog.interflora.it\/blog\/wp-content\/uploads\/2020\/09\/1ami.jpg","keywords":["interflora"],"articleSection":["Tendenze"],"inLanguage":"it-IT"},{"@type":"WebPage","@id":"https:\/\/www.interflora.it\/blog\/interflora-per-la-musica-alla-direttrice-dorchestra-tianyi-lu-il-premio-cantelli-2020\/","url":"https:\/\/www.interflora.it\/blog\/interflora-per-la-musica-alla-direttrice-dorchestra-tianyi-lu-il-premio-cantelli-2020\/","name":"Interflora per la musica: alla direttrice d'orchestra Tianyi Lu il premio Cantelli 2020 | Interflora","isPartOf":{"@id":"https:\/\/www.interflora.it\/blog\/#website"},"primaryImageOfPage":{"@id":"https:\/\/www.interflora.it\/blog\/interflora-per-la-musica-alla-direttrice-dorchestra-tianyi-lu-il-premio-cantelli-2020\/#primaryimage"},"image":{"@id":"https:\/\/www.interflora.it\/blog\/interflora-per-la-musica-alla-direttrice-dorchestra-tianyi-lu-il-premio-cantelli-2020\/#primaryimage"},"thumbnailUrl":"https:\/\/prodblog.interflora.it\/blog\/wp-content\/uploads\/2020\/09\/1ami.jpg","datePublished":"2020-09-24T16:14:33+00:00","dateModified":"2025-08-11T14:02:28+00:00","breadcrumb":{"@id":"https:\/\/www.interflora.it\/blog\/interflora-per-la-musica-alla-direttrice-dorchestra-tianyi-lu-il-premio-cantelli-2020\/#breadcrumb"},"inLanguage":"it-IT","potentialAction":[{"@type":"ReadAction","target":["https:\/\/www.interflora.it\/blog\/interflora-per-la-musica-alla-direttrice-dorchestra-tianyi-lu-il-premio-cantelli-2020\/"]}]},{"@type":"ImageObject","inLanguage":"it-IT","@id":"https:\/\/www.interflora.it\/blog\/interflora-per-la-musica-alla-direttrice-dorchestra-tianyi-lu-il-premio-cantelli-2020\/#primaryimage","url":"https:\/\/prodblog.interflora.it\/blog\/wp-content\/uploads\/2020\/09\/1ami.jpg","contentUrl":"https:\/\/prodblog.interflora.it\/blog\/wp-content\/uploads\/2020\/09\/1ami.jpg","width":767,"height":437},{"@type":"BreadcrumbList","@id":"https:\/\/www.interflora.it\/blog\/interflora-per-la-musica-alla-direttrice-dorchestra-tianyi-lu-il-premio-cantelli-2020\/#breadcrumb","itemListElement":[{"@type":"ListItem","position":1,"name":"Home","item":"https:\/\/prodblog.interflora.it\/blog\/"},{"@type":"ListItem","position":2,"name":"Interflora per la musica: alla direttrice d&#8217;orchestra Tianyi Lu il premio Cantelli 2020"}]},{"@type":"WebSite","@id":"https:\/\/www.interflora.it\/blog\/#website","url":"https:\/\/www.interflora.it\/blog\/","name":"Il blog di Interflora: consigli, idee e ispirazione per godersi fiori e piante","description":"","publisher":{"@id":"https:\/\/www.interflora.it\/blog\/#organization"},"potentialAction":[{"@type":"SearchAction","target":{"@type":"EntryPoint","urlTemplate":"https:\/\/www.interflora.it\/blog\/?s={search_term_string}"},"query-input":{"@type":"PropertyValueSpecification","valueRequired":true,"valueName":"search_term_string"}}],"inLanguage":"it-IT"},{"@type":"Organization","@id":"https:\/\/www.interflora.it\/blog\/#organization","name":"Il blog di Interflora: consigli, idee e ispirazione per godersi fiori e piante","url":"https:\/\/www.interflora.it\/blog\/","logo":{"@type":"ImageObject","inLanguage":"it-IT","@id":"https:\/\/www.interflora.it\/blog\/#\/schema\/logo\/image\/","url":"https:\/\/prodblog.interflora.it\/blog\/wp-content\/uploads\/2025\/04\/220221_INTERFLORA_Logo_rgb_Half_Circle-e1670413381661.png","contentUrl":"https:\/\/prodblog.interflora.it\/blog\/wp-content\/uploads\/2025\/04\/220221_INTERFLORA_Logo_rgb_Half_Circle-e1670413381661.png","width":1351,"height":656,"caption":"Il blog di Interflora: consigli, idee e ispirazione per godersi fiori e piante"},"image":{"@id":"https:\/\/www.interflora.it\/blog\/#\/schema\/logo\/image\/"}},{"@type":"Person","@id":"https:\/\/www.interflora.it\/blog\/#\/schema\/person\/37c1677fb37e37e1d52ee86644974c72","name":"Interflora","image":{"@type":"ImageObject","inLanguage":"it-IT","@id":"https:\/\/www.interflora.it\/blog\/#\/schema\/person\/image\/","url":"https:\/\/secure.gravatar.com\/avatar\/f8ee11e6b2ddd835aba806604014e0f5960629fa9ff333f1d1f0db3e39ad3bad?s=96&d=mm&r=g","contentUrl":"https:\/\/secure.gravatar.com\/avatar\/f8ee11e6b2ddd835aba806604014e0f5960629fa9ff333f1d1f0db3e39ad3bad?s=96&d=mm&r=g","caption":"Interflora"}}]}},"uagb_featured_image_src":{"full":["https:\/\/prodblog.interflora.it\/blog\/wp-content\/uploads\/2020\/09\/1ami.jpg",767,437,false],"thumbnail":["https:\/\/prodblog.interflora.it\/blog\/wp-content\/uploads\/2020\/09\/1ami-150x150.jpg",150,150,true],"medium":["https:\/\/prodblog.interflora.it\/blog\/wp-content\/uploads\/2020\/09\/1ami-300x171.jpg",300,171,true],"medium_large":["https:\/\/prodblog.interflora.it\/blog\/wp-content\/uploads\/2020\/09\/1ami.jpg",767,437,false],"large":["https:\/\/prodblog.interflora.it\/blog\/wp-content\/uploads\/2020\/09\/1ami.jpg",767,437,false],"1536x1536":["https:\/\/prodblog.interflora.it\/blog\/wp-content\/uploads\/2020\/09\/1ami.jpg",767,437,false],"2048x2048":["https:\/\/prodblog.interflora.it\/blog\/wp-content\/uploads\/2020\/09\/1ami.jpg",767,437,false]},"uagb_author_info":{"display_name":"Interflora","author_link":"https:\/\/prodblog.interflora.it\/blog\/author\/lisa-contini\/"},"uagb_comment_info":0,"uagb_excerpt":"Musica, emozioni, fiori. L\u2019incontro tra Interflora ed il Premio Guido Cantelli \u2013 evento che in passato ha lanciato la carriera [&hellip;]","_links":{"self":[{"href":"https:\/\/prodblog.interflora.it\/blog\/wp-json\/wp\/v2\/posts\/846","targetHints":{"allow":["GET"]}}],"collection":[{"href":"https:\/\/prodblog.interflora.it\/blog\/wp-json\/wp\/v2\/posts"}],"about":[{"href":"https:\/\/prodblog.interflora.it\/blog\/wp-json\/wp\/v2\/types\/post"}],"author":[{"embeddable":true,"href":"https:\/\/prodblog.interflora.it\/blog\/wp-json\/wp\/v2\/users\/8"}],"replies":[{"embeddable":true,"href":"https:\/\/prodblog.interflora.it\/blog\/wp-json\/wp\/v2\/comments?post=846"}],"version-history":[{"count":0,"href":"https:\/\/prodblog.interflora.it\/blog\/wp-json\/wp\/v2\/posts\/846\/revisions"}],"wp:featuredmedia":[{"embeddable":true,"href":"https:\/\/prodblog.interflora.it\/blog\/wp-json\/wp\/v2\/media\/31006"}],"wp:attachment":[{"href":"https:\/\/prodblog.interflora.it\/blog\/wp-json\/wp\/v2\/media?parent=846"}],"wp:term":[{"taxonomy":"category","embeddable":true,"href":"https:\/\/prodblog.interflora.it\/blog\/wp-json\/wp\/v2\/categories?post=846"},{"taxonomy":"post_tag","embeddable":true,"href":"https:\/\/prodblog.interflora.it\/blog\/wp-json\/wp\/v2\/tags?post=846"}],"curies":[{"name":"wp","href":"https:\/\/api.w.org\/{rel}","templated":true}]}}