{"id":860,"date":"2020-09-30T19:52:06","date_gmt":"2020-09-30T17:52:06","guid":{"rendered":"https:\/\/blog.interflora.it\/?p=860"},"modified":"2025-08-11T16:02:28","modified_gmt":"2025-08-11T14:02:28","slug":"due-ottobre-giornata-dedicata-ai-nonni","status":"publish","type":"post","link":"https:\/\/prodblog.interflora.it\/blog\/due-ottobre-giornata-dedicata-ai-nonni\/","title":{"rendered":"Due ottobre: la giornata dedicata a nonni e nonne si festeggia con un fiore"},"content":{"rendered":"\n<p>Affetto e gratitudine. Quando si pensa ai nonni ed alle nonne non si pu\u00f2 fare a meno di pensare a sentimenti di dolcezza e tenerezza verso una presenza molto importante. Vediamo insieme quando \u00e8 la<b> giornata dei nonni<\/b> e come stupirli con un regalo speciale.<\/p>\n\n\n\n<h2 class=\"wp-block-heading alignwide\">Che giorno \u00e8 la festa dei nonni?<\/h2>\n\n\n\n<p>A tutti i nostri nonni il <b>2 ottobre <\/b>\u00e8 stata dedicata una data del calendario, cos\u00ec da dare una giusta celebrazione a queste figure cos\u00ec importanti. Una risorsa di grandissimo valore, grazie all\u2019inesauribile esperienza di vita, memoria storica del nucleo famigliare, nonch\u00e9 al sostegno nell\u2019educazione e cura dei nipoti. A nonni e nonne di tutto il mondo \u00e8 stata offerta una giornata simbolo, pensata per dire grazie.<\/p>\n\n\n\n<p>Ma, <b>come nasce la festa dei nonni?&nbsp;<\/b><\/p>\n\n\n\n<p>L\u2019idea venne ad una simpatica signora americana \u2013 Marian Mc Quade, madre di ben quindici figli e nonna di una quarantina di nipoti \u2013 che nei primi anni \u201970 immagin\u00f2 una giornata\/tributo. Il suo impegno per divulgare la giornata ebbe il punto d\u2019arrivo nel 1978, sotto la presidenza di Jimmy Carter, che riconobbe la necessit\u00e0 di festeggiare un <i>Grandparents Day<\/i>, dando come riferimento la prima domenica del mese di settembre.<\/p>\n\n\n\n<h2 class=\"wp-block-heading alignwide\">In Europa: la festa dei nonni nasce dai fiori<\/h2>\n\n\n\n<p>Nel vecchio continente, la <a href=\"https:\/\/www.interflora.it\/c\/festivita\/festa-dei-nonni\"><b>Festa dei nonni<\/b><\/a> \u00e8 di recente creazione grazie all\u2019impegno dell\u2019Ufficio Olandese dei Fiori che ha lanciato la celebrazione una decina di anni fa, organizzando attivit\u00e0 e manifestazioni con lo scopo di donare una pianta per dire ai nonni \u201cgrazie\u201d e \u201cTi voglio bene\u201d.<\/p>\n\n\n\n<p>In Italia, la data riconosciuta dal 2005 per la giornata dei nonni \u00e8 quella del <b>2 ottobre <\/b>perch\u00e9 coincide con il giorno in cui la chiesa cattolica celebra gli Angeli custodi. In effetti, i nonni e le nonne sono dei veri e propri angeli custodi che proteggono e custodiscono i bambini.<\/p>\n\n\n\n<p>\u00c8 grazie all\u2019intervento del Parlamento Italiano che la celebrazione ha acquisito un riconoscimento ufficiale, accostando, per importanza, i nonni e le nonne a componenti della famiglia che hanno gi\u00e0 una loro festa: mamma e pap\u00e0.<\/p>\n\n\n\n<p>Oltre alle iniziative intime e private, la festa dei nonni coinvolge Regioni, Province e Comuni nell\u2019istituzione ed organizzazione di attivit\u00e0 volte a valorizzare il ruolo dei nonni a cui viene attribuito anche un riconoscimento che viene consegnato ogni anno direttamente dal Presidente della Repubblica al \u201cNonno ed alla Nonna d\u2019Italia\u201d.<\/p>\n\n\n\n<h2 class=\"wp-block-heading alignwide\">Qual \u00e8 il fiore dei nonni?<\/h2>\n\n\n\n<figure class=\"wp-block-image alignleft\"><img decoding=\"async\" src=\" https:\/\/www.interflora.it\/blog\/wp-content\/uploads\/2022\/09\/regalo-festa-dei-nonni-non-ti-scordar-di-me-200x300.jpg\" alt=\"ragazza giovane che tiene un bouquet di non ti scordar di me. Fiori celesti. Foto sfocata ai lati.\" class=\"wp-image-2043\"\/><\/figure>\n\n\n\n<p>Tra i fiori pi\u00f9 importanti legati alla <a href=\" https:\/\/www.interflora.it\/blog\/fiore-dei-nonni\/\">figura dei nonni<\/a>, c\u2019\u00e8 il <b>Non ti scordar di me<\/b> (o <i>myosotis<\/i>), un piccolo fiore di campo dal colore azzurro, tipico della primavera, detto anche \u201cOcchi della Madonna\u201d.<\/p>\n\n\n\n<p>La storia del nome di questo bellissimo fiore \u00e8 legata ad un&#8217;antica e triste leggenda austriaca che narra come due innamorati che stavano passeggiando lungo le rive del Danubio, colpiti dalla bellezza di quei piccoli fiori, decisero di suggellare le loro promesse raccogliendone alcuni.<\/p>\n\n\n\n<p>Ad un certo punto del loro percorso il ragazzo cadde nel fiume e, mentre veniva trascinato via dalla corrente, url\u00f2 alla sua amata: \u201cnon ti scordar di me!\u201d, lanciandole il mazzolino dei fiori che aveva raccolto poco prima.<\/p>\n\n\n\n<p>La sciagura capitata alla giovane coppietta fece ben presto il giro dell\u2019Europa, consacrando i myosotis con il nome di <i>Non ti scordar di me<\/i> e rendendoli il simbolo dell\u2019amore eterno e sincero, proprio come quello rivolto ai nostri nonni.<\/p>\n\n\n\n<h2 class=\"wp-block-heading alignwide\">Che fiori regalare per la festa dei nonni<\/h2>\n\n\n\n<p>La giornata dei nonni \u00e8 un\u2019importante opportunit\u00e0 di incontro tra generazioni diverse che pu\u00f2 essere celebrata anche attraverso il <a href=\"https:\/\/www.interflora.it\/linguaggio\"><b>linguaggio dei fiori<\/b><\/a>. Regalare fiori ai nonni, magari una pianta fiorita e profumata o un sempreverde, \u00e8 un gesto denso di significati e portatore di gioia e felicit\u00e0.<\/p>\n\n\n\n<p>Ma tra i fiori che, per significato, sono un ottimo dono da portare a nonni e nonne non ci sono solamente i <i>Non ti scordar di me<\/i>. Ci sono, infatti, anche l\u2019Erica Bianca (buona fortuna e protezione), il fiore o albero bonsai del Melograno (eleganza matura), la Rosa nelle tinte del rosa (ammirazione e tenerezza), l\u2019Orchidea (bellezza raffinata) e la profumata pianta di Salvia (lunga vita, salute e stima).<\/p>\n\n\n\n<p>Un bouquet di fiori diversi \u00e8 allora la scelta ideale per stupire i nostri angeli custodi: rose e orchidee stanno benissimo insieme per rappresentare il simbolo dell&#8217;amore.<\/p>\n\n\n\n<p>Anche un <strong>albero bonsai<\/strong> pu\u00f2 essere il pensiero giusto da donare ai nonni, come anche un Ulivo, pianta sempreverde portatrice di importanti significati come generosit\u00e0 e pace.<\/p>\n\n\n\n<p>Tra le <a href=\"https:\/\/www.interflora.it\/c\/piante\">piante<\/a> perfette da donare ai nonni vi \u00e8, infine, anche il Croton, elegante pianta arborea originaria delle aree equatoriali, che ha il significato di \u201ccapo\u201d, in questo caso &#8220;capofamiglia&#8221;.<\/p>\n\n\n\n<h2 class=\"wp-block-heading alignwide\">Idee regalo per i futuri nonni<\/h2>\n\n\n\n<p><b>Come annunciare una gravidanza ai nonni? <\/b>Le idee regalo sono numerose, ma la semplicit\u00e0 \u00e8 sempre la scelta giusta.<\/p>\n\n\n\n<p>Potete infatti decidere di regalare ai futuri nonni oppure ai vostri nonni attuali una scatola regalo elegante, chiusa da un bel nastro in raso, con all\u2019interno tante bellissime rose\u2026ma non solo! Al centro potete pensare, infatti, di mettere un paio di scarpine da neonato, un ciuccio, un biberon oppure la prima ecografia. Lo stesso pensiero pu\u00f2 essere realizzato per i parenti pi\u00f9 stretti.<\/p>\n","protected":false},"excerpt":{"rendered":"<p>Affetto e gratitudine. Quando si pensa ai nonni ed alle nonne non si pu\u00f2 fare a meno di pensare a [&hellip;]<\/p>\n","protected":false},"author":8,"featured_media":33153,"comment_status":"closed","ping_status":"closed","sticky":false,"template":"","format":"standard","meta":{"_uag_custom_page_level_css":"","site-sidebar-layout":"default","site-content-layout":"","ast-site-content-layout":"default","site-content-style":"default","site-sidebar-style":"default","ast-global-header-display":"","ast-banner-title-visibility":"","ast-main-header-display":"","ast-hfb-above-header-display":"","ast-hfb-below-header-display":"","ast-hfb-mobile-header-display":"","site-post-title":"","ast-breadcrumbs-content":"","ast-featured-img":"","footer-sml-layout":"","ast-disable-related-posts":"","theme-transparent-header-meta":"","adv-header-id-meta":"","stick-header-meta":"","header-above-stick-meta":"","header-main-stick-meta":"","header-below-stick-meta":"","astra-migrate-meta-layouts":"default","ast-page-background-enabled":"default","ast-page-background-meta":{"desktop":{"background-color":"var(--ast-global-color-5)","background-image":"","background-repeat":"repeat","background-position":"center center","background-size":"auto","background-attachment":"scroll","background-type":"","background-media":"","overlay-type":"","overlay-color":"","overlay-opacity":"","overlay-gradient":""},"tablet":{"background-color":"","background-image":"","background-repeat":"repeat","background-position":"center center","background-size":"auto","background-attachment":"scroll","background-type":"","background-media":"","overlay-type":"","overlay-color":"","overlay-opacity":"","overlay-gradient":""},"mobile":{"background-color":"","background-image":"","background-repeat":"repeat","background-position":"center center","background-size":"auto","background-attachment":"scroll","background-type":"","background-media":"","overlay-type":"","overlay-color":"","overlay-opacity":"","overlay-gradient":""}},"ast-content-background-meta":{"desktop":{"background-color":"var(--ast-global-color-4)","background-image":"","background-repeat":"repeat","background-position":"center center","background-size":"auto","background-attachment":"scroll","background-type":"","background-media":"","overlay-type":"","overlay-color":"","overlay-opacity":"","overlay-gradient":""},"tablet":{"background-color":"var(--ast-global-color-4)","background-image":"","background-repeat":"repeat","background-position":"center center","background-size":"auto","background-attachment":"scroll","background-type":"","background-media":"","overlay-type":"","overlay-color":"","overlay-opacity":"","overlay-gradient":""},"mobile":{"background-color":"var(--ast-global-color-4)","background-image":"","background-repeat":"repeat","background-position":"center center","background-size":"auto","background-attachment":"scroll","background-type":"","background-media":"","overlay-type":"","overlay-color":"","overlay-opacity":"","overlay-gradient":""}},"footnotes":""},"categories":[179,173],"tags":[180],"class_list":["post-860","post","type-post","status-publish","format-standard","has-post-thumbnail","hentry","category-festa-dei-nonni","category-occasioni","tag-festa-dei-nonni"],"yoast_head":"<!-- This site is optimized with the Yoast SEO plugin v26.4 - https:\/\/yoast.com\/wordpress\/plugins\/seo\/ -->\n<title>Due ottobre: la giornata dedicata a nonni e nonne si festeggia con un fiore | Interflora<\/title>\n<meta name=\"description\" content=\"Il due ottobre \u00e8 la giornata dedicata ai nonni e alle nonne. Scopri qual \u00e8 il fiore dei nonni e come stupirli con un regalo speciale.\" \/>\n<meta name=\"robots\" content=\"index, follow, max-snippet:-1, max-image-preview:large, max-video-preview:-1\" \/>\n<link rel=\"canonical\" href=\"https:\/\/prodblog.interflora.it\/blog\/due-ottobre-giornata-dedicata-ai-nonni\/\" \/>\n<meta property=\"og:locale\" content=\"it_IT\" \/>\n<meta property=\"og:type\" content=\"article\" \/>\n<meta property=\"og:title\" content=\"Due ottobre: la giornata dedicata a nonni e nonne si festeggia con un fiore | Interflora\" \/>\n<meta property=\"og:description\" content=\"Il due ottobre \u00e8 la giornata dedicata ai nonni e alle nonne. Scopri qual \u00e8 il fiore dei nonni e come stupirli con un regalo speciale.\" \/>\n<meta property=\"og:url\" content=\"https:\/\/prodblog.interflora.it\/blog\/due-ottobre-giornata-dedicata-ai-nonni\/\" \/>\n<meta property=\"og:site_name\" content=\"Il blog di Interflora: consigli, idee e ispirazione per godersi fiori e piante\" \/>\n<meta property=\"article:published_time\" content=\"2020-09-30T17:52:06+00:00\" \/>\n<meta property=\"article:modified_time\" content=\"2025-08-11T14:02:28+00:00\" \/>\n<meta property=\"og:image\" content=\"https:\/\/prodblog.interflora.it\/blog\/wp-content\/uploads\/2025\/08\/fiori-a-domicilio.jpg\" \/>\n\t<meta property=\"og:image:width\" content=\"880\" \/>\n\t<meta property=\"og:image:height\" content=\"550\" \/>\n\t<meta property=\"og:image:type\" content=\"image\/jpeg\" \/>\n<meta name=\"author\" content=\"Interflora\" \/>\n<meta name=\"twitter:card\" content=\"summary_large_image\" \/>\n<script type=\"application\/ld+json\" class=\"yoast-schema-graph\">{\"@context\":\"https:\/\/schema.org\",\"@graph\":[{\"@type\":\"Article\",\"@id\":\"https:\/\/prodblog.interflora.it\/blog\/due-ottobre-giornata-dedicata-ai-nonni\/#article\",\"isPartOf\":{\"@id\":\"https:\/\/prodblog.interflora.it\/blog\/due-ottobre-giornata-dedicata-ai-nonni\/\"},\"author\":{\"name\":\"Interflora\",\"@id\":\"https:\/\/www.interflora.it\/blog\/#\/schema\/person\/37c1677fb37e37e1d52ee86644974c72\"},\"headline\":\"Due ottobre: la giornata dedicata a nonni e nonne si festeggia con un fiore\",\"datePublished\":\"2020-09-30T17:52:06+00:00\",\"dateModified\":\"2025-08-11T14:02:28+00:00\",\"mainEntityOfPage\":{\"@id\":\"https:\/\/prodblog.interflora.it\/blog\/due-ottobre-giornata-dedicata-ai-nonni\/\"},\"wordCount\":860,\"publisher\":{\"@id\":\"https:\/\/www.interflora.it\/blog\/#organization\"},\"image\":{\"@id\":\"https:\/\/prodblog.interflora.it\/blog\/due-ottobre-giornata-dedicata-ai-nonni\/#primaryimage\"},\"thumbnailUrl\":\"https:\/\/prodblog.interflora.it\/blog\/wp-content\/uploads\/2025\/08\/fiori-a-domicilio.jpg\",\"keywords\":[\"Festa dei nonni\"],\"articleSection\":[\"Festa dei Nonni\",\"Occasioni\"],\"inLanguage\":\"it-IT\"},{\"@type\":\"WebPage\",\"@id\":\"https:\/\/prodblog.interflora.it\/blog\/due-ottobre-giornata-dedicata-ai-nonni\/\",\"url\":\"https:\/\/prodblog.interflora.it\/blog\/due-ottobre-giornata-dedicata-ai-nonni\/\",\"name\":\"Due ottobre: la giornata dedicata a nonni e nonne si festeggia con un fiore | Interflora\",\"isPartOf\":{\"@id\":\"https:\/\/www.interflora.it\/blog\/#website\"},\"primaryImageOfPage\":{\"@id\":\"https:\/\/prodblog.interflora.it\/blog\/due-ottobre-giornata-dedicata-ai-nonni\/#primaryimage\"},\"image\":{\"@id\":\"https:\/\/prodblog.interflora.it\/blog\/due-ottobre-giornata-dedicata-ai-nonni\/#primaryimage\"},\"thumbnailUrl\":\"https:\/\/prodblog.interflora.it\/blog\/wp-content\/uploads\/2025\/08\/fiori-a-domicilio.jpg\",\"datePublished\":\"2020-09-30T17:52:06+00:00\",\"dateModified\":\"2025-08-11T14:02:28+00:00\",\"description\":\"Il due ottobre \u00e8 la giornata dedicata ai nonni e alle nonne. Scopri qual \u00e8 il fiore dei nonni e come stupirli con un regalo speciale.\",\"breadcrumb\":{\"@id\":\"https:\/\/prodblog.interflora.it\/blog\/due-ottobre-giornata-dedicata-ai-nonni\/#breadcrumb\"},\"inLanguage\":\"it-IT\",\"potentialAction\":[{\"@type\":\"ReadAction\",\"target\":[\"https:\/\/prodblog.interflora.it\/blog\/due-ottobre-giornata-dedicata-ai-nonni\/\"]}]},{\"@type\":\"ImageObject\",\"inLanguage\":\"it-IT\",\"@id\":\"https:\/\/prodblog.interflora.it\/blog\/due-ottobre-giornata-dedicata-ai-nonni\/#primaryimage\",\"url\":\"https:\/\/prodblog.interflora.it\/blog\/wp-content\/uploads\/2025\/08\/fiori-a-domicilio.jpg\",\"contentUrl\":\"https:\/\/prodblog.interflora.it\/blog\/wp-content\/uploads\/2025\/08\/fiori-a-domicilio.jpg\",\"width\":880,\"height\":550},{\"@type\":\"BreadcrumbList\",\"@id\":\"https:\/\/prodblog.interflora.it\/blog\/due-ottobre-giornata-dedicata-ai-nonni\/#breadcrumb\",\"itemListElement\":[{\"@type\":\"ListItem\",\"position\":1,\"name\":\"Home\",\"item\":\"https:\/\/prodblog.interflora.it\/blog\/\"},{\"@type\":\"ListItem\",\"position\":2,\"name\":\"Due ottobre: la giornata dedicata a nonni e nonne si festeggia con un fiore\"}]},{\"@type\":\"WebSite\",\"@id\":\"https:\/\/www.interflora.it\/blog\/#website\",\"url\":\"https:\/\/www.interflora.it\/blog\/\",\"name\":\"Il blog di Interflora: consigli, idee e ispirazione per godersi fiori e piante\",\"description\":\"\",\"publisher\":{\"@id\":\"https:\/\/www.interflora.it\/blog\/#organization\"},\"potentialAction\":[{\"@type\":\"SearchAction\",\"target\":{\"@type\":\"EntryPoint\",\"urlTemplate\":\"https:\/\/www.interflora.it\/blog\/?s={search_term_string}\"},\"query-input\":{\"@type\":\"PropertyValueSpecification\",\"valueRequired\":true,\"valueName\":\"search_term_string\"}}],\"inLanguage\":\"it-IT\"},{\"@type\":\"Organization\",\"@id\":\"https:\/\/www.interflora.it\/blog\/#organization\",\"name\":\"Il blog di Interflora: consigli, idee e ispirazione per godersi fiori e piante\",\"url\":\"https:\/\/www.interflora.it\/blog\/\",\"logo\":{\"@type\":\"ImageObject\",\"inLanguage\":\"it-IT\",\"@id\":\"https:\/\/www.interflora.it\/blog\/#\/schema\/logo\/image\/\",\"url\":\"https:\/\/prodblog.interflora.it\/blog\/wp-content\/uploads\/2025\/04\/220221_INTERFLORA_Logo_rgb_Half_Circle-e1670413381661.png\",\"contentUrl\":\"https:\/\/prodblog.interflora.it\/blog\/wp-content\/uploads\/2025\/04\/220221_INTERFLORA_Logo_rgb_Half_Circle-e1670413381661.png\",\"width\":1351,\"height\":656,\"caption\":\"Il blog di Interflora: consigli, idee e ispirazione per godersi fiori e piante\"},\"image\":{\"@id\":\"https:\/\/www.interflora.it\/blog\/#\/schema\/logo\/image\/\"}},{\"@type\":\"Person\",\"@id\":\"https:\/\/www.interflora.it\/blog\/#\/schema\/person\/37c1677fb37e37e1d52ee86644974c72\",\"name\":\"Interflora\",\"image\":{\"@type\":\"ImageObject\",\"inLanguage\":\"it-IT\",\"@id\":\"https:\/\/www.interflora.it\/blog\/#\/schema\/person\/image\/\",\"url\":\"https:\/\/secure.gravatar.com\/avatar\/f8ee11e6b2ddd835aba806604014e0f5960629fa9ff333f1d1f0db3e39ad3bad?s=96&d=mm&r=g\",\"contentUrl\":\"https:\/\/secure.gravatar.com\/avatar\/f8ee11e6b2ddd835aba806604014e0f5960629fa9ff333f1d1f0db3e39ad3bad?s=96&d=mm&r=g\",\"caption\":\"Interflora\"}}]}<\/script>\n<!-- \/ Yoast SEO plugin. -->","yoast_head_json":{"title":"Due ottobre: la giornata dedicata a nonni e nonne si festeggia con un fiore | Interflora","description":"Il due ottobre \u00e8 la giornata dedicata ai nonni e alle nonne. Scopri qual \u00e8 il fiore dei nonni e come stupirli con un regalo speciale.","robots":{"index":"index","follow":"follow","max-snippet":"max-snippet:-1","max-image-preview":"max-image-preview:large","max-video-preview":"max-video-preview:-1"},"canonical":"https:\/\/prodblog.interflora.it\/blog\/due-ottobre-giornata-dedicata-ai-nonni\/","og_locale":"it_IT","og_type":"article","og_title":"Due ottobre: la giornata dedicata a nonni e nonne si festeggia con un fiore | Interflora","og_description":"Il due ottobre \u00e8 la giornata dedicata ai nonni e alle nonne. Scopri qual \u00e8 il fiore dei nonni e come stupirli con un regalo speciale.","og_url":"https:\/\/prodblog.interflora.it\/blog\/due-ottobre-giornata-dedicata-ai-nonni\/","og_site_name":"Il blog di Interflora: consigli, idee e ispirazione per godersi fiori e piante","article_published_time":"2020-09-30T17:52:06+00:00","article_modified_time":"2025-08-11T14:02:28+00:00","og_image":[{"width":880,"height":550,"url":"https:\/\/prodblog.interflora.it\/blog\/wp-content\/uploads\/2025\/08\/fiori-a-domicilio.jpg","type":"image\/jpeg"}],"author":"Interflora","twitter_card":"summary_large_image","schema":{"@context":"https:\/\/schema.org","@graph":[{"@type":"Article","@id":"https:\/\/prodblog.interflora.it\/blog\/due-ottobre-giornata-dedicata-ai-nonni\/#article","isPartOf":{"@id":"https:\/\/prodblog.interflora.it\/blog\/due-ottobre-giornata-dedicata-ai-nonni\/"},"author":{"name":"Interflora","@id":"https:\/\/www.interflora.it\/blog\/#\/schema\/person\/37c1677fb37e37e1d52ee86644974c72"},"headline":"Due ottobre: la giornata dedicata a nonni e nonne si festeggia con un fiore","datePublished":"2020-09-30T17:52:06+00:00","dateModified":"2025-08-11T14:02:28+00:00","mainEntityOfPage":{"@id":"https:\/\/prodblog.interflora.it\/blog\/due-ottobre-giornata-dedicata-ai-nonni\/"},"wordCount":860,"publisher":{"@id":"https:\/\/www.interflora.it\/blog\/#organization"},"image":{"@id":"https:\/\/prodblog.interflora.it\/blog\/due-ottobre-giornata-dedicata-ai-nonni\/#primaryimage"},"thumbnailUrl":"https:\/\/prodblog.interflora.it\/blog\/wp-content\/uploads\/2025\/08\/fiori-a-domicilio.jpg","keywords":["Festa dei nonni"],"articleSection":["Festa dei Nonni","Occasioni"],"inLanguage":"it-IT"},{"@type":"WebPage","@id":"https:\/\/prodblog.interflora.it\/blog\/due-ottobre-giornata-dedicata-ai-nonni\/","url":"https:\/\/prodblog.interflora.it\/blog\/due-ottobre-giornata-dedicata-ai-nonni\/","name":"Due ottobre: la giornata dedicata a nonni e nonne si festeggia con un fiore | Interflora","isPartOf":{"@id":"https:\/\/www.interflora.it\/blog\/#website"},"primaryImageOfPage":{"@id":"https:\/\/prodblog.interflora.it\/blog\/due-ottobre-giornata-dedicata-ai-nonni\/#primaryimage"},"image":{"@id":"https:\/\/prodblog.interflora.it\/blog\/due-ottobre-giornata-dedicata-ai-nonni\/#primaryimage"},"thumbnailUrl":"https:\/\/prodblog.interflora.it\/blog\/wp-content\/uploads\/2025\/08\/fiori-a-domicilio.jpg","datePublished":"2020-09-30T17:52:06+00:00","dateModified":"2025-08-11T14:02:28+00:00","description":"Il due ottobre \u00e8 la giornata dedicata ai nonni e alle nonne. Scopri qual \u00e8 il fiore dei nonni e come stupirli con un regalo speciale.","breadcrumb":{"@id":"https:\/\/prodblog.interflora.it\/blog\/due-ottobre-giornata-dedicata-ai-nonni\/#breadcrumb"},"inLanguage":"it-IT","potentialAction":[{"@type":"ReadAction","target":["https:\/\/prodblog.interflora.it\/blog\/due-ottobre-giornata-dedicata-ai-nonni\/"]}]},{"@type":"ImageObject","inLanguage":"it-IT","@id":"https:\/\/prodblog.interflora.it\/blog\/due-ottobre-giornata-dedicata-ai-nonni\/#primaryimage","url":"https:\/\/prodblog.interflora.it\/blog\/wp-content\/uploads\/2025\/08\/fiori-a-domicilio.jpg","contentUrl":"https:\/\/prodblog.interflora.it\/blog\/wp-content\/uploads\/2025\/08\/fiori-a-domicilio.jpg","width":880,"height":550},{"@type":"BreadcrumbList","@id":"https:\/\/prodblog.interflora.it\/blog\/due-ottobre-giornata-dedicata-ai-nonni\/#breadcrumb","itemListElement":[{"@type":"ListItem","position":1,"name":"Home","item":"https:\/\/prodblog.interflora.it\/blog\/"},{"@type":"ListItem","position":2,"name":"Due ottobre: la giornata dedicata a nonni e nonne si festeggia con un fiore"}]},{"@type":"WebSite","@id":"https:\/\/www.interflora.it\/blog\/#website","url":"https:\/\/www.interflora.it\/blog\/","name":"Il blog di Interflora: consigli, idee e ispirazione per godersi fiori e piante","description":"","publisher":{"@id":"https:\/\/www.interflora.it\/blog\/#organization"},"potentialAction":[{"@type":"SearchAction","target":{"@type":"EntryPoint","urlTemplate":"https:\/\/www.interflora.it\/blog\/?s={search_term_string}"},"query-input":{"@type":"PropertyValueSpecification","valueRequired":true,"valueName":"search_term_string"}}],"inLanguage":"it-IT"},{"@type":"Organization","@id":"https:\/\/www.interflora.it\/blog\/#organization","name":"Il blog di Interflora: consigli, idee e ispirazione per godersi fiori e piante","url":"https:\/\/www.interflora.it\/blog\/","logo":{"@type":"ImageObject","inLanguage":"it-IT","@id":"https:\/\/www.interflora.it\/blog\/#\/schema\/logo\/image\/","url":"https:\/\/prodblog.interflora.it\/blog\/wp-content\/uploads\/2025\/04\/220221_INTERFLORA_Logo_rgb_Half_Circle-e1670413381661.png","contentUrl":"https:\/\/prodblog.interflora.it\/blog\/wp-content\/uploads\/2025\/04\/220221_INTERFLORA_Logo_rgb_Half_Circle-e1670413381661.png","width":1351,"height":656,"caption":"Il blog di Interflora: consigli, idee e ispirazione per godersi fiori e piante"},"image":{"@id":"https:\/\/www.interflora.it\/blog\/#\/schema\/logo\/image\/"}},{"@type":"Person","@id":"https:\/\/www.interflora.it\/blog\/#\/schema\/person\/37c1677fb37e37e1d52ee86644974c72","name":"Interflora","image":{"@type":"ImageObject","inLanguage":"it-IT","@id":"https:\/\/www.interflora.it\/blog\/#\/schema\/person\/image\/","url":"https:\/\/secure.gravatar.com\/avatar\/f8ee11e6b2ddd835aba806604014e0f5960629fa9ff333f1d1f0db3e39ad3bad?s=96&d=mm&r=g","contentUrl":"https:\/\/secure.gravatar.com\/avatar\/f8ee11e6b2ddd835aba806604014e0f5960629fa9ff333f1d1f0db3e39ad3bad?s=96&d=mm&r=g","caption":"Interflora"}}]}},"uagb_featured_image_src":{"full":["https:\/\/prodblog.interflora.it\/blog\/wp-content\/uploads\/2025\/08\/fiori-a-domicilio.jpg",880,550,false],"thumbnail":["https:\/\/prodblog.interflora.it\/blog\/wp-content\/uploads\/2025\/08\/fiori-a-domicilio-150x150.jpg",150,150,true],"medium":["https:\/\/prodblog.interflora.it\/blog\/wp-content\/uploads\/2025\/08\/fiori-a-domicilio-300x188.jpg",300,188,true],"medium_large":["https:\/\/prodblog.interflora.it\/blog\/wp-content\/uploads\/2025\/08\/fiori-a-domicilio-768x480.jpg",768,480,true],"large":["https:\/\/prodblog.interflora.it\/blog\/wp-content\/uploads\/2025\/08\/fiori-a-domicilio.jpg",880,550,false],"1536x1536":["https:\/\/prodblog.interflora.it\/blog\/wp-content\/uploads\/2025\/08\/fiori-a-domicilio.jpg",880,550,false],"2048x2048":["https:\/\/prodblog.interflora.it\/blog\/wp-content\/uploads\/2025\/08\/fiori-a-domicilio.jpg",880,550,false]},"uagb_author_info":{"display_name":"Interflora","author_link":"https:\/\/prodblog.interflora.it\/blog\/author\/lisa-contini\/"},"uagb_comment_info":0,"uagb_excerpt":"Affetto e gratitudine. Quando si pensa ai nonni ed alle nonne non si pu\u00f2 fare a meno di pensare a [&hellip;]","_links":{"self":[{"href":"https:\/\/prodblog.interflora.it\/blog\/wp-json\/wp\/v2\/posts\/860","targetHints":{"allow":["GET"]}}],"collection":[{"href":"https:\/\/prodblog.interflora.it\/blog\/wp-json\/wp\/v2\/posts"}],"about":[{"href":"https:\/\/prodblog.interflora.it\/blog\/wp-json\/wp\/v2\/types\/post"}],"author":[{"embeddable":true,"href":"https:\/\/prodblog.interflora.it\/blog\/wp-json\/wp\/v2\/users\/8"}],"replies":[{"embeddable":true,"href":"https:\/\/prodblog.interflora.it\/blog\/wp-json\/wp\/v2\/comments?post=860"}],"version-history":[{"count":0,"href":"https:\/\/prodblog.interflora.it\/blog\/wp-json\/wp\/v2\/posts\/860\/revisions"}],"wp:featuredmedia":[{"embeddable":true,"href":"https:\/\/prodblog.interflora.it\/blog\/wp-json\/wp\/v2\/media\/33153"}],"wp:attachment":[{"href":"https:\/\/prodblog.interflora.it\/blog\/wp-json\/wp\/v2\/media?parent=860"}],"wp:term":[{"taxonomy":"category","embeddable":true,"href":"https:\/\/prodblog.interflora.it\/blog\/wp-json\/wp\/v2\/categories?post=860"},{"taxonomy":"post_tag","embeddable":true,"href":"https:\/\/prodblog.interflora.it\/blog\/wp-json\/wp\/v2\/tags?post=860"}],"curies":[{"name":"wp","href":"https:\/\/api.w.org\/{rel}","templated":true}]}}