{"id":891,"date":"2020-11-11T15:03:11","date_gmt":"2020-11-11T14:03:11","guid":{"rendered":"https:\/\/blog.interflora.it\/?p=891"},"modified":"2025-08-11T16:02:28","modified_gmt":"2025-08-11T14:02:28","slug":"i-fiori-doni-gentili-nella-giornata-mondiale-della-gentilezza","status":"publish","type":"post","link":"https:\/\/prodblog.interflora.it\/blog\/i-fiori-doni-gentili-nella-giornata-mondiale-della-gentilezza\/","title":{"rendered":"I fiori: doni \u201cgentili\u201d nella Giornata Mondiale della Gentilezza"},"content":{"rendered":"<p>Doni gentili della natura, ambasciatori di messaggi emotivi da poter inviare in ogni momento e per ogni occasione: i <b>fiori<\/b>.<\/p>\n<p>Regalare un fiore, portare in dono un bouquet floreale, una composizione: una pianta \u00e8 un gesto che non passa mai di moda, un\u2019azione di gentilezza valida sempre, ogni giorno dell\u2019anno, ma che nella seconda settimana di Novembre assume un\u2019importanza in pi\u00f9<\/p>\n<p>Il <b>13 Novembre<\/b>, infatti, si celebra la Giornata Mondiale della Gentilezza, ricorrenza istituita nel 1998 con il nome di World Kindness Day. Nel nostro Paese tale celebrazione \u00e8 entrata nel calendario due anni pi\u00f9 tardi \u2013 nel 2000 \u2013 con una continua crescita di valore e considerazione.<\/p>\n<p>&nbsp;<\/p>\n<h2>Che cos&#8217;\u00e8 la Giornata della Gentilezza<\/h2>\n<p>L\u2019idea \u00e8 nata in Giappone su spinta del <b>Japan Small Kindness Movement<\/b> (fondato nel 1988 a Tokyo), partendo dal Movimento mondiale per la Gentilezza, pensato per divulgare i concetti di gentilezza, buone maniere, cortesia, buona educazione, rispetto e considerazione.<\/p>\n<p>La gentilezza \u00e8 una caratteristica che ognuno ha in s\u00e9, ma spesso (e purtroppo) \u00e8 poco utilizzata. L\u2019idea di creare una giornata per rammentare la necessit\u00e0 di essere gentili, di operare con garbo, di esporci in gesti cortesi \u00e8 un pensiero trascinante, una spinta alla riflessione sull\u2019importanza di valori che \u2013 spesso erroneamente \u2013 vengono considerati desueti.<\/p>\n<p>La data del 13 Novembre \u00e8 diventata, man mano, sempre pi\u00f9 importante tanto da prendere piede in tutta la settimana in cui cade. Il 13 Novembre, pertanto, \u00e8 considerata la<b> giornata clou della Settimana Mondiale della Gentilezza<\/b>, ricordata in tutto il mondo.<\/p>\n<p>Per fare un gesto gentile basta una parola, un abbraccio, un piccolo pensiero, ma anche un bel bouquet di fiori freschi.<\/p>\n<p>&nbsp;<\/p>\n<h2>Quali fiori regalare per la Giornata della Gentilezza<\/h2>\n<p><img loading=\"lazy\" decoding=\"async\" class=\"size-medium wp-image-2056 alignright\" src=\" https:\/\/www.interflora.it\/blog\/wp-content\/uploads\/2022\/09\/fiori-giornata-gentilezza-gelsomino-300x267.jpg\" alt=\"fiori di gelsomino gialli\" width=\"300\" height=\"267\" \/><\/p>\n<p>Premesso che ogni fiore ha, di per s\u00e9, fattezze gentili, esistono nell\u2019infinito panorama di scelta floreale alcuni fiori che vengono considerati messaggeri di Gentilezza.<\/p>\n<p>Ma, quali sono i fiori migliori da regalare per la giornata della gentilezza?<\/p>\n<p>Secondo il <a href=\"https:\/\/www.interflora.it\/linguaggio\">Linguaggio dei fiori<\/a>, tra tanti, il <b>gelsomino <\/b>di colore giallo \u00e8 il principale fiore simbolo della gentilezza. \u00c8 conosciuto anche nella colorazione bianca proveniente dall\u2019Asia ed \u00e8 presente anche nel bacino del Mediterraneo. La specie pi\u00f9 frequente in Occidente \u00e8 lo Jasminum Officinale che ha un fiore a cinque petali da cui viene estratta l\u2019inconfondibile essenza profumata. Simbolo di amabilit\u00e0 ed eleganza il gelsomino giallo rappresenta perci\u00f2 la gentilezza di chi fa del bene, ma anche quella di chi riceve il gesto.<\/p>\n<p>Altro fiore accostato ufficialmente alla gentilezza \u00e8 la rosa, ma non una rosa classica, bens\u00ec la <b>Rosa Tea<\/b>.<\/p>\n<p>In generale le rose sono fiori che raccontano numerosi significati: l\u2019amore, la bellezza, ma anche, la gelosia e la sofferenza. Fiore della perfezione assoluta, la rosa \u00e8 il fiore sacro alla dea dell\u2019amore, Venere, cantata dai poeti, rappresentata fin dall\u2019antichit\u00e0 in dipinti e blasoni. Donare una rosa \u00e8 un gesto mai inopportuno, senza distinzioni di sesso, et\u00e0, religione.<\/p>\n<p>Regalare rose nella giornata mondiale della gentilezza, assume cos\u00ec un significato ancor pi\u00f9 intenso se la scelta verte su una particolare tipologia di rosa: la <strong>Rosa Tea<\/strong>. Si tratta di una specie di rosa che ha origine in Cina, un arbusto perenne a forma di cespuglio che pu\u00f2 crescere fino a metri di altezza. Chiamata Tea per via del profumo di T\u00e8 tipico delle foglie, questa rosa \u00e8 il risultato di un incrocio con altre tipologie di rose cinesi. Sia solitari che in piccoli gruppi di due o tre, i fiori della Rosa Tea sono composti dal calice, formato da cinque sepali e da un\u2019elegante corolla di cinque petali.<\/p>\n<p><img loading=\"lazy\" decoding=\"async\" class=\" wp-image-2058 aligncenter\" src=\" https:\/\/www.interflora.it\/blog\/wp-content\/uploads\/2022\/09\/fiori-giornata-gentilezza-rosa-tea-300x200.jpg\" alt=\"rosa tea in primo piano rosa e bianca\" width=\"335\" height=\"223\" \/><\/p>\n<p>Altro fiore legato al concetto di gentilezza \u00e8 il <b>Geranio <\/b>&#8211; o Pelargonio &#8211; originario dell\u2019Africa meridionale, appartenente alla famiglia delle Geraniacee. Pianta universalmente scelta per l\u2019ornamento di terrazzi e balconi, il geranio \u00e8 una pianta di facile gestione, molto resistente ed estremamente prolifica grazie ad una fioritura lunga e costante. L\u2019introduzione in Italia di questa pianta \u00e8 avvenuta grazie ad un nobile veneziano che ne rimase colpito dai colori e dall\u2019insolito profumo sprigionato nelle ore notturne.<\/p>\n<p><img loading=\"lazy\" decoding=\"async\" class=\"wp-image-2057 aligncenter\" src=\" https:\/\/www.interflora.it\/blog\/wp-content\/uploads\/2022\/09\/fiori-giornata-gentilezza-geranio-300x198.jpg\" alt=\"geranio in vaso rosa e bianchi\" width=\"365\" height=\"241\" \/><\/p>\n<p>Se solitamente il geranio \u00e8 associato ad altri significati,in questi ultimi anni \u00e8 stato associato anche al concetto di gentilezza.<\/p>\n<p>Ma va detto che donare un fiore \u00e8 un gesto gentile al di l\u00e0 della scelta del fiore da regalare.<\/p>\n","protected":false},"excerpt":{"rendered":"<p>Doni gentili della natura, ambasciatori di messaggi emotivi da poter inviare in ogni momento e per ogni occasione: i fiori. [&hellip;]<\/p>\n","protected":false},"author":8,"featured_media":31156,"comment_status":"closed","ping_status":"closed","sticky":false,"template":"","format":"standard","meta":{"_uag_custom_page_level_css":"","site-sidebar-layout":"default","site-content-layout":"","ast-site-content-layout":"default","site-content-style":"default","site-sidebar-style":"default","ast-global-header-display":"","ast-banner-title-visibility":"","ast-main-header-display":"","ast-hfb-above-header-display":"","ast-hfb-below-header-display":"","ast-hfb-mobile-header-display":"","site-post-title":"","ast-breadcrumbs-content":"","ast-featured-img":"","footer-sml-layout":"","ast-disable-related-posts":"","theme-transparent-header-meta":"","adv-header-id-meta":"","stick-header-meta":"","header-above-stick-meta":"","header-main-stick-meta":"","header-below-stick-meta":"","astra-migrate-meta-layouts":"default","ast-page-background-enabled":"default","ast-page-background-meta":{"desktop":{"background-color":"var(--ast-global-color-5)","background-image":"","background-repeat":"repeat","background-position":"center center","background-size":"auto","background-attachment":"scroll","background-type":"","background-media":"","overlay-type":"","overlay-color":"","overlay-opacity":"","overlay-gradient":""},"tablet":{"background-color":"","background-image":"","background-repeat":"repeat","background-position":"center center","background-size":"auto","background-attachment":"scroll","background-type":"","background-media":"","overlay-type":"","overlay-color":"","overlay-opacity":"","overlay-gradient":""},"mobile":{"background-color":"","background-image":"","background-repeat":"repeat","background-position":"center center","background-size":"auto","background-attachment":"scroll","background-type":"","background-media":"","overlay-type":"","overlay-color":"","overlay-opacity":"","overlay-gradient":""}},"ast-content-background-meta":{"desktop":{"background-color":"var(--ast-global-color-4)","background-image":"","background-repeat":"repeat","background-position":"center center","background-size":"auto","background-attachment":"scroll","background-type":"","background-media":"","overlay-type":"","overlay-color":"","overlay-opacity":"","overlay-gradient":""},"tablet":{"background-color":"var(--ast-global-color-4)","background-image":"","background-repeat":"repeat","background-position":"center center","background-size":"auto","background-attachment":"scroll","background-type":"","background-media":"","overlay-type":"","overlay-color":"","overlay-opacity":"","overlay-gradient":""},"mobile":{"background-color":"var(--ast-global-color-4)","background-image":"","background-repeat":"repeat","background-position":"center center","background-size":"auto","background-attachment":"scroll","background-type":"","background-media":"","overlay-type":"","overlay-color":"","overlay-opacity":"","overlay-gradient":""}},"footnotes":""},"categories":[173],"tags":[183],"class_list":["post-891","post","type-post","status-publish","format-standard","has-post-thumbnail","hentry","category-occasioni","tag-fiori"],"yoast_head":"<!-- This site is optimized with the Yoast SEO plugin v26.4 - https:\/\/yoast.com\/wordpress\/plugins\/seo\/ -->\n<title>I fiori: doni \u201cgentili\u201d nella Giornata Mondiale della Gentilezza | Interflora<\/title>\n<meta name=\"description\" content=\"Vuoi stupire chi ti sta pi\u00f9 a cuore? scegli i fiori della gentilezza, per far assumere alla Giornata Mondiale della Gentilezza un&#039;importanza in pi\u00f9.\" \/>\n<meta name=\"robots\" content=\"index, follow, max-snippet:-1, max-image-preview:large, max-video-preview:-1\" \/>\n<link rel=\"canonical\" href=\"https:\/\/prodblog.interflora.it\/blog\/i-fiori-doni-gentili-nella-giornata-mondiale-della-gentilezza\/\" \/>\n<meta property=\"og:locale\" content=\"it_IT\" \/>\n<meta property=\"og:type\" content=\"article\" \/>\n<meta property=\"og:title\" content=\"I fiori: doni \u201cgentili\u201d nella Giornata Mondiale della Gentilezza | Interflora\" \/>\n<meta property=\"og:description\" content=\"Vuoi stupire chi ti sta pi\u00f9 a cuore? scegli i fiori della gentilezza, per far assumere alla Giornata Mondiale della Gentilezza un&#039;importanza in pi\u00f9.\" \/>\n<meta property=\"og:url\" content=\"https:\/\/prodblog.interflora.it\/blog\/i-fiori-doni-gentili-nella-giornata-mondiale-della-gentilezza\/\" \/>\n<meta property=\"og:site_name\" content=\"Il blog di Interflora: consigli, idee e ispirazione per godersi fiori e piante\" \/>\n<meta property=\"article:published_time\" content=\"2020-11-11T14:03:11+00:00\" \/>\n<meta property=\"article:modified_time\" content=\"2025-08-11T14:02:28+00:00\" \/>\n<meta property=\"og:image\" content=\"https:\/\/prodblog.interflora.it\/blog\/wp-content\/uploads\/2020\/11\/Progetto-senza-titolo-13.png\" \/>\n\t<meta property=\"og:image:width\" content=\"767\" \/>\n\t<meta property=\"og:image:height\" content=\"437\" \/>\n\t<meta property=\"og:image:type\" content=\"image\/png\" \/>\n<meta name=\"author\" content=\"Interflora\" \/>\n<meta name=\"twitter:card\" content=\"summary_large_image\" \/>\n<script type=\"application\/ld+json\" class=\"yoast-schema-graph\">{\"@context\":\"https:\/\/schema.org\",\"@graph\":[{\"@type\":\"Article\",\"@id\":\"https:\/\/prodblog.interflora.it\/blog\/i-fiori-doni-gentili-nella-giornata-mondiale-della-gentilezza\/#article\",\"isPartOf\":{\"@id\":\"https:\/\/prodblog.interflora.it\/blog\/i-fiori-doni-gentili-nella-giornata-mondiale-della-gentilezza\/\"},\"author\":{\"name\":\"Interflora\",\"@id\":\"https:\/\/www.interflora.it\/blog\/#\/schema\/person\/37c1677fb37e37e1d52ee86644974c72\"},\"headline\":\"I fiori: doni \u201cgentili\u201d nella Giornata Mondiale della Gentilezza\",\"datePublished\":\"2020-11-11T14:03:11+00:00\",\"dateModified\":\"2025-08-11T14:02:28+00:00\",\"mainEntityOfPage\":{\"@id\":\"https:\/\/prodblog.interflora.it\/blog\/i-fiori-doni-gentili-nella-giornata-mondiale-della-gentilezza\/\"},\"wordCount\":701,\"publisher\":{\"@id\":\"https:\/\/www.interflora.it\/blog\/#organization\"},\"image\":{\"@id\":\"https:\/\/prodblog.interflora.it\/blog\/i-fiori-doni-gentili-nella-giornata-mondiale-della-gentilezza\/#primaryimage\"},\"thumbnailUrl\":\"https:\/\/prodblog.interflora.it\/blog\/wp-content\/uploads\/2020\/11\/Progetto-senza-titolo-13.png\",\"keywords\":[\"Fiori\"],\"articleSection\":[\"Occasioni\"],\"inLanguage\":\"it-IT\"},{\"@type\":\"WebPage\",\"@id\":\"https:\/\/prodblog.interflora.it\/blog\/i-fiori-doni-gentili-nella-giornata-mondiale-della-gentilezza\/\",\"url\":\"https:\/\/prodblog.interflora.it\/blog\/i-fiori-doni-gentili-nella-giornata-mondiale-della-gentilezza\/\",\"name\":\"I fiori: doni \u201cgentili\u201d nella Giornata Mondiale della Gentilezza | Interflora\",\"isPartOf\":{\"@id\":\"https:\/\/www.interflora.it\/blog\/#website\"},\"primaryImageOfPage\":{\"@id\":\"https:\/\/prodblog.interflora.it\/blog\/i-fiori-doni-gentili-nella-giornata-mondiale-della-gentilezza\/#primaryimage\"},\"image\":{\"@id\":\"https:\/\/prodblog.interflora.it\/blog\/i-fiori-doni-gentili-nella-giornata-mondiale-della-gentilezza\/#primaryimage\"},\"thumbnailUrl\":\"https:\/\/prodblog.interflora.it\/blog\/wp-content\/uploads\/2020\/11\/Progetto-senza-titolo-13.png\",\"datePublished\":\"2020-11-11T14:03:11+00:00\",\"dateModified\":\"2025-08-11T14:02:28+00:00\",\"description\":\"Vuoi stupire chi ti sta pi\u00f9 a cuore? scegli i fiori della gentilezza, per far assumere alla Giornata Mondiale della Gentilezza un'importanza in pi\u00f9.\",\"breadcrumb\":{\"@id\":\"https:\/\/prodblog.interflora.it\/blog\/i-fiori-doni-gentili-nella-giornata-mondiale-della-gentilezza\/#breadcrumb\"},\"inLanguage\":\"it-IT\",\"potentialAction\":[{\"@type\":\"ReadAction\",\"target\":[\"https:\/\/prodblog.interflora.it\/blog\/i-fiori-doni-gentili-nella-giornata-mondiale-della-gentilezza\/\"]}]},{\"@type\":\"ImageObject\",\"inLanguage\":\"it-IT\",\"@id\":\"https:\/\/prodblog.interflora.it\/blog\/i-fiori-doni-gentili-nella-giornata-mondiale-della-gentilezza\/#primaryimage\",\"url\":\"https:\/\/prodblog.interflora.it\/blog\/wp-content\/uploads\/2020\/11\/Progetto-senza-titolo-13.png\",\"contentUrl\":\"https:\/\/prodblog.interflora.it\/blog\/wp-content\/uploads\/2020\/11\/Progetto-senza-titolo-13.png\",\"width\":767,\"height\":437},{\"@type\":\"BreadcrumbList\",\"@id\":\"https:\/\/prodblog.interflora.it\/blog\/i-fiori-doni-gentili-nella-giornata-mondiale-della-gentilezza\/#breadcrumb\",\"itemListElement\":[{\"@type\":\"ListItem\",\"position\":1,\"name\":\"Home\",\"item\":\"https:\/\/prodblog.interflora.it\/blog\/\"},{\"@type\":\"ListItem\",\"position\":2,\"name\":\"I fiori: doni \u201cgentili\u201d nella Giornata Mondiale della Gentilezza\"}]},{\"@type\":\"WebSite\",\"@id\":\"https:\/\/www.interflora.it\/blog\/#website\",\"url\":\"https:\/\/www.interflora.it\/blog\/\",\"name\":\"Il blog di Interflora: consigli, idee e ispirazione per godersi fiori e piante\",\"description\":\"\",\"publisher\":{\"@id\":\"https:\/\/www.interflora.it\/blog\/#organization\"},\"potentialAction\":[{\"@type\":\"SearchAction\",\"target\":{\"@type\":\"EntryPoint\",\"urlTemplate\":\"https:\/\/www.interflora.it\/blog\/?s={search_term_string}\"},\"query-input\":{\"@type\":\"PropertyValueSpecification\",\"valueRequired\":true,\"valueName\":\"search_term_string\"}}],\"inLanguage\":\"it-IT\"},{\"@type\":\"Organization\",\"@id\":\"https:\/\/www.interflora.it\/blog\/#organization\",\"name\":\"Il blog di Interflora: consigli, idee e ispirazione per godersi fiori e piante\",\"url\":\"https:\/\/www.interflora.it\/blog\/\",\"logo\":{\"@type\":\"ImageObject\",\"inLanguage\":\"it-IT\",\"@id\":\"https:\/\/www.interflora.it\/blog\/#\/schema\/logo\/image\/\",\"url\":\"https:\/\/prodblog.interflora.it\/blog\/wp-content\/uploads\/2025\/04\/220221_INTERFLORA_Logo_rgb_Half_Circle-e1670413381661.png\",\"contentUrl\":\"https:\/\/prodblog.interflora.it\/blog\/wp-content\/uploads\/2025\/04\/220221_INTERFLORA_Logo_rgb_Half_Circle-e1670413381661.png\",\"width\":1351,\"height\":656,\"caption\":\"Il blog di Interflora: consigli, idee e ispirazione per godersi fiori e piante\"},\"image\":{\"@id\":\"https:\/\/www.interflora.it\/blog\/#\/schema\/logo\/image\/\"}},{\"@type\":\"Person\",\"@id\":\"https:\/\/www.interflora.it\/blog\/#\/schema\/person\/37c1677fb37e37e1d52ee86644974c72\",\"name\":\"Interflora\",\"image\":{\"@type\":\"ImageObject\",\"inLanguage\":\"it-IT\",\"@id\":\"https:\/\/www.interflora.it\/blog\/#\/schema\/person\/image\/\",\"url\":\"https:\/\/secure.gravatar.com\/avatar\/f8ee11e6b2ddd835aba806604014e0f5960629fa9ff333f1d1f0db3e39ad3bad?s=96&d=mm&r=g\",\"contentUrl\":\"https:\/\/secure.gravatar.com\/avatar\/f8ee11e6b2ddd835aba806604014e0f5960629fa9ff333f1d1f0db3e39ad3bad?s=96&d=mm&r=g\",\"caption\":\"Interflora\"}}]}<\/script>\n<!-- \/ Yoast SEO plugin. -->","yoast_head_json":{"title":"I fiori: doni \u201cgentili\u201d nella Giornata Mondiale della Gentilezza | Interflora","description":"Vuoi stupire chi ti sta pi\u00f9 a cuore? scegli i fiori della gentilezza, per far assumere alla Giornata Mondiale della Gentilezza un'importanza in pi\u00f9.","robots":{"index":"index","follow":"follow","max-snippet":"max-snippet:-1","max-image-preview":"max-image-preview:large","max-video-preview":"max-video-preview:-1"},"canonical":"https:\/\/prodblog.interflora.it\/blog\/i-fiori-doni-gentili-nella-giornata-mondiale-della-gentilezza\/","og_locale":"it_IT","og_type":"article","og_title":"I fiori: doni \u201cgentili\u201d nella Giornata Mondiale della Gentilezza | Interflora","og_description":"Vuoi stupire chi ti sta pi\u00f9 a cuore? scegli i fiori della gentilezza, per far assumere alla Giornata Mondiale della Gentilezza un'importanza in pi\u00f9.","og_url":"https:\/\/prodblog.interflora.it\/blog\/i-fiori-doni-gentili-nella-giornata-mondiale-della-gentilezza\/","og_site_name":"Il blog di Interflora: consigli, idee e ispirazione per godersi fiori e piante","article_published_time":"2020-11-11T14:03:11+00:00","article_modified_time":"2025-08-11T14:02:28+00:00","og_image":[{"width":767,"height":437,"url":"https:\/\/prodblog.interflora.it\/blog\/wp-content\/uploads\/2020\/11\/Progetto-senza-titolo-13.png","type":"image\/png"}],"author":"Interflora","twitter_card":"summary_large_image","schema":{"@context":"https:\/\/schema.org","@graph":[{"@type":"Article","@id":"https:\/\/prodblog.interflora.it\/blog\/i-fiori-doni-gentili-nella-giornata-mondiale-della-gentilezza\/#article","isPartOf":{"@id":"https:\/\/prodblog.interflora.it\/blog\/i-fiori-doni-gentili-nella-giornata-mondiale-della-gentilezza\/"},"author":{"name":"Interflora","@id":"https:\/\/www.interflora.it\/blog\/#\/schema\/person\/37c1677fb37e37e1d52ee86644974c72"},"headline":"I fiori: doni \u201cgentili\u201d nella Giornata Mondiale della Gentilezza","datePublished":"2020-11-11T14:03:11+00:00","dateModified":"2025-08-11T14:02:28+00:00","mainEntityOfPage":{"@id":"https:\/\/prodblog.interflora.it\/blog\/i-fiori-doni-gentili-nella-giornata-mondiale-della-gentilezza\/"},"wordCount":701,"publisher":{"@id":"https:\/\/www.interflora.it\/blog\/#organization"},"image":{"@id":"https:\/\/prodblog.interflora.it\/blog\/i-fiori-doni-gentili-nella-giornata-mondiale-della-gentilezza\/#primaryimage"},"thumbnailUrl":"https:\/\/prodblog.interflora.it\/blog\/wp-content\/uploads\/2020\/11\/Progetto-senza-titolo-13.png","keywords":["Fiori"],"articleSection":["Occasioni"],"inLanguage":"it-IT"},{"@type":"WebPage","@id":"https:\/\/prodblog.interflora.it\/blog\/i-fiori-doni-gentili-nella-giornata-mondiale-della-gentilezza\/","url":"https:\/\/prodblog.interflora.it\/blog\/i-fiori-doni-gentili-nella-giornata-mondiale-della-gentilezza\/","name":"I fiori: doni \u201cgentili\u201d nella Giornata Mondiale della Gentilezza | Interflora","isPartOf":{"@id":"https:\/\/www.interflora.it\/blog\/#website"},"primaryImageOfPage":{"@id":"https:\/\/prodblog.interflora.it\/blog\/i-fiori-doni-gentili-nella-giornata-mondiale-della-gentilezza\/#primaryimage"},"image":{"@id":"https:\/\/prodblog.interflora.it\/blog\/i-fiori-doni-gentili-nella-giornata-mondiale-della-gentilezza\/#primaryimage"},"thumbnailUrl":"https:\/\/prodblog.interflora.it\/blog\/wp-content\/uploads\/2020\/11\/Progetto-senza-titolo-13.png","datePublished":"2020-11-11T14:03:11+00:00","dateModified":"2025-08-11T14:02:28+00:00","description":"Vuoi stupire chi ti sta pi\u00f9 a cuore? scegli i fiori della gentilezza, per far assumere alla Giornata Mondiale della Gentilezza un'importanza in pi\u00f9.","breadcrumb":{"@id":"https:\/\/prodblog.interflora.it\/blog\/i-fiori-doni-gentili-nella-giornata-mondiale-della-gentilezza\/#breadcrumb"},"inLanguage":"it-IT","potentialAction":[{"@type":"ReadAction","target":["https:\/\/prodblog.interflora.it\/blog\/i-fiori-doni-gentili-nella-giornata-mondiale-della-gentilezza\/"]}]},{"@type":"ImageObject","inLanguage":"it-IT","@id":"https:\/\/prodblog.interflora.it\/blog\/i-fiori-doni-gentili-nella-giornata-mondiale-della-gentilezza\/#primaryimage","url":"https:\/\/prodblog.interflora.it\/blog\/wp-content\/uploads\/2020\/11\/Progetto-senza-titolo-13.png","contentUrl":"https:\/\/prodblog.interflora.it\/blog\/wp-content\/uploads\/2020\/11\/Progetto-senza-titolo-13.png","width":767,"height":437},{"@type":"BreadcrumbList","@id":"https:\/\/prodblog.interflora.it\/blog\/i-fiori-doni-gentili-nella-giornata-mondiale-della-gentilezza\/#breadcrumb","itemListElement":[{"@type":"ListItem","position":1,"name":"Home","item":"https:\/\/prodblog.interflora.it\/blog\/"},{"@type":"ListItem","position":2,"name":"I fiori: doni \u201cgentili\u201d nella Giornata Mondiale della Gentilezza"}]},{"@type":"WebSite","@id":"https:\/\/www.interflora.it\/blog\/#website","url":"https:\/\/www.interflora.it\/blog\/","name":"Il blog di Interflora: consigli, idee e ispirazione per godersi fiori e piante","description":"","publisher":{"@id":"https:\/\/www.interflora.it\/blog\/#organization"},"potentialAction":[{"@type":"SearchAction","target":{"@type":"EntryPoint","urlTemplate":"https:\/\/www.interflora.it\/blog\/?s={search_term_string}"},"query-input":{"@type":"PropertyValueSpecification","valueRequired":true,"valueName":"search_term_string"}}],"inLanguage":"it-IT"},{"@type":"Organization","@id":"https:\/\/www.interflora.it\/blog\/#organization","name":"Il blog di Interflora: consigli, idee e ispirazione per godersi fiori e piante","url":"https:\/\/www.interflora.it\/blog\/","logo":{"@type":"ImageObject","inLanguage":"it-IT","@id":"https:\/\/www.interflora.it\/blog\/#\/schema\/logo\/image\/","url":"https:\/\/prodblog.interflora.it\/blog\/wp-content\/uploads\/2025\/04\/220221_INTERFLORA_Logo_rgb_Half_Circle-e1670413381661.png","contentUrl":"https:\/\/prodblog.interflora.it\/blog\/wp-content\/uploads\/2025\/04\/220221_INTERFLORA_Logo_rgb_Half_Circle-e1670413381661.png","width":1351,"height":656,"caption":"Il blog di Interflora: consigli, idee e ispirazione per godersi fiori e piante"},"image":{"@id":"https:\/\/www.interflora.it\/blog\/#\/schema\/logo\/image\/"}},{"@type":"Person","@id":"https:\/\/www.interflora.it\/blog\/#\/schema\/person\/37c1677fb37e37e1d52ee86644974c72","name":"Interflora","image":{"@type":"ImageObject","inLanguage":"it-IT","@id":"https:\/\/www.interflora.it\/blog\/#\/schema\/person\/image\/","url":"https:\/\/secure.gravatar.com\/avatar\/f8ee11e6b2ddd835aba806604014e0f5960629fa9ff333f1d1f0db3e39ad3bad?s=96&d=mm&r=g","contentUrl":"https:\/\/secure.gravatar.com\/avatar\/f8ee11e6b2ddd835aba806604014e0f5960629fa9ff333f1d1f0db3e39ad3bad?s=96&d=mm&r=g","caption":"Interflora"}}]}},"uagb_featured_image_src":{"full":["https:\/\/prodblog.interflora.it\/blog\/wp-content\/uploads\/2020\/11\/Progetto-senza-titolo-13.png",767,437,false],"thumbnail":["https:\/\/prodblog.interflora.it\/blog\/wp-content\/uploads\/2020\/11\/Progetto-senza-titolo-13-150x150.png",150,150,true],"medium":["https:\/\/prodblog.interflora.it\/blog\/wp-content\/uploads\/2020\/11\/Progetto-senza-titolo-13-300x171.png",300,171,true],"medium_large":["https:\/\/prodblog.interflora.it\/blog\/wp-content\/uploads\/2020\/11\/Progetto-senza-titolo-13.png",767,437,false],"large":["https:\/\/prodblog.interflora.it\/blog\/wp-content\/uploads\/2020\/11\/Progetto-senza-titolo-13.png",767,437,false],"1536x1536":["https:\/\/prodblog.interflora.it\/blog\/wp-content\/uploads\/2020\/11\/Progetto-senza-titolo-13.png",767,437,false],"2048x2048":["https:\/\/prodblog.interflora.it\/blog\/wp-content\/uploads\/2020\/11\/Progetto-senza-titolo-13.png",767,437,false]},"uagb_author_info":{"display_name":"Interflora","author_link":"https:\/\/prodblog.interflora.it\/blog\/author\/lisa-contini\/"},"uagb_comment_info":0,"uagb_excerpt":"Doni gentili della natura, ambasciatori di messaggi emotivi da poter inviare in ogni momento e per ogni occasione: i fiori. [&hellip;]","_links":{"self":[{"href":"https:\/\/prodblog.interflora.it\/blog\/wp-json\/wp\/v2\/posts\/891","targetHints":{"allow":["GET"]}}],"collection":[{"href":"https:\/\/prodblog.interflora.it\/blog\/wp-json\/wp\/v2\/posts"}],"about":[{"href":"https:\/\/prodblog.interflora.it\/blog\/wp-json\/wp\/v2\/types\/post"}],"author":[{"embeddable":true,"href":"https:\/\/prodblog.interflora.it\/blog\/wp-json\/wp\/v2\/users\/8"}],"replies":[{"embeddable":true,"href":"https:\/\/prodblog.interflora.it\/blog\/wp-json\/wp\/v2\/comments?post=891"}],"version-history":[{"count":0,"href":"https:\/\/prodblog.interflora.it\/blog\/wp-json\/wp\/v2\/posts\/891\/revisions"}],"wp:featuredmedia":[{"embeddable":true,"href":"https:\/\/prodblog.interflora.it\/blog\/wp-json\/wp\/v2\/media\/31156"}],"wp:attachment":[{"href":"https:\/\/prodblog.interflora.it\/blog\/wp-json\/wp\/v2\/media?parent=891"}],"wp:term":[{"taxonomy":"category","embeddable":true,"href":"https:\/\/prodblog.interflora.it\/blog\/wp-json\/wp\/v2\/categories?post=891"},{"taxonomy":"post_tag","embeddable":true,"href":"https:\/\/prodblog.interflora.it\/blog\/wp-json\/wp\/v2\/tags?post=891"}],"curies":[{"name":"wp","href":"https:\/\/api.w.org\/{rel}","templated":true}]}}