{"id":8976,"date":"2024-12-24T09:11:00","date_gmt":"2024-12-24T08:11:00","guid":{"rendered":"https:\/\/blog.interflora.it\/?p=8976"},"modified":"2025-08-11T16:02:28","modified_gmt":"2025-08-11T14:02:28","slug":"coltivazione-elleboro-in-vaso","status":"publish","type":"post","link":"https:\/\/prodblog.interflora.it\/blog\/coltivazione-elleboro-in-vaso\/","title":{"rendered":"Consigli sulla coltivazione dell\u2019elleboro in vaso"},"content":{"rendered":"\n<p>Una fioritura in pieno inverno: ecco cosa ci offre la pianta nota come <strong>rosa di Natale. <\/strong>Che sia in vaso, su un balcone o in giardino, l\u2019<strong>elleboro<\/strong> \u00e8 un fiore che riscalda i mesi pi\u00f9 freddi grazie ai suoi petali colorati. Per la gioia di chi desidera averla in casa, la <strong>coltivazione della rosa di Natale<\/strong> \u00e8 semplice.<\/p>\n\n\n\n<p><strong>Facile da curare, l\u2019elleboro <\/strong>\u00e8 una pianta perenne molto resistente!<\/p>\n\n\n\n<p>Ma <strong>come prendersi cura di un elleboro?<\/strong> Piantagione, coltivazione, manutenzione: scoprite <strong>come prendervi cura della vostra pianta invernale.<\/strong><\/p>\n\n\n\n<h2 class=\"wp-block-heading\"><strong>Piantare la rosa di Natale: iniziare con il piede giusto<\/strong><\/h2>\n\n\n\n<div class=\"wp-block-media-text is-stacked-on-mobile\"><figure class=\"wp-block-media-text__media\"><img decoding=\"async\" src=\"https:\/\/www.interflora.it\/blog\/wp-content\/uploads\/Elleboro-in-vaso-1024x1024.jpg\" alt=\"Elleboro in vaso poggiato su un tavolo in legno.\" class=\"wp-image-8981 size-full\"\/><\/figure><div class=\"wp-block-media-text__content\">\n<p>Per offrire al vostro elleboro le migliori condizioni di crescita, \u00e8 essenziale scegliere il momento giusto, il luogo adatto e seguire alcuni semplici, ma fondamentali, passaggi per godere di questi fiori ogni anno.<\/p>\n<\/div><\/div>\n\n\n\n<div style=\"height:35px\" aria-hidden=\"true\" class=\"wp-block-spacer\"><\/div>\n\n\n\n<h3 class=\"wp-block-heading\"><strong>Quando piantare l\u2019elleboro?<\/strong><\/h3>\n\n\n\n<p>L\u2019ideale \u00e8<strong> piantare la rosa di Natale in primavera<\/strong>, tra marzo e maggio, una volta terminate le ultime gelate. Questo periodo consente alla pianta di radicarsi prima dell\u2019inverno. Tuttavia, se gradite una fioritura immediata in inverno, \u00e8 possibile effettuare la<strong> piantagione anche in autunno.<\/strong><\/p>\n\n\n\n<h3 class=\"wp-block-heading\"><strong>Dove e come piantare la rosa di Natale?<\/strong><\/h3>\n\n\n\n<p>Vediamo insieme <strong>dove si tiene la rosa di Natale<\/strong>.<\/p>\n\n\n\n<p>Scegliere un posto<strong> riparato dal vento<\/strong>, come ad esempio sotto arbusti a foglia caduca o in un angolo ombreggiato del vostro giardino. <\/p>\n\n\n\n<div class=\"wp-block-media-text is-stacked-on-mobile\"><figure class=\"wp-block-media-text__media\"><img decoding=\"async\" src=\"https:\/\/www.interflora.it\/blog\/wp-content\/uploads\/Elleboro-1024x1024.jpg\" alt=\"Pianta di Elleboro con i fiori bianchi\" class=\"wp-image-8888 size-full\"\/><\/figure><div class=\"wp-block-media-text__content\">\n<p>Se il vostro elleboro \u00e8 in vaso, preferite un balcone o una terrazza a mezz\u2019ombra. Evitate i terreni acidi: gli ellebori prediligono<strong> terreni neutri o calcarei, ben drenati.<\/strong> <\/p>\n\n\n\n<p>Prendetevi il tempo per scegliere in modo accurato il pi\u00f9 adatto, perch\u00e9 una volta piantato, l\u2019elleboro non ama essere spostato.<\/p>\n<\/div><\/div>\n\n\n\n<div style=\"height:35px\" aria-hidden=\"true\" class=\"wp-block-spacer\"><\/div>\n\n\n\n<p>Passaggi per <strong>piantare il vostro elleboro:<\/strong><\/p>\n\n\n\n<ol class=\"wp-block-list\">\n<li>scavate una buca larga e profonda 40 cm, distanziando ogni buca di 50 cm;<\/li>\n<\/ol>\n\n\n\n<ol start=\"2\" class=\"wp-block-list\">\n<li>migliorate il drenaggio con l&#8217;aggiunta di sabbia o palline di argilla espansa sul fondo;<\/li>\n<\/ol>\n\n\n\n<ol start=\"3\" class=\"wp-block-list\">\n<li>mescolate in parti uguali terriccio, terra da giardino e sabbia, e riempite la buca o il vaso;<\/li>\n<\/ol>\n\n\n\n<ol start=\"4\" class=\"wp-block-list\">\n<li>posizionate delicatamente la pianta, facendo attenzione a non danneggiare le radici;<\/li>\n<\/ol>\n\n\n\n<ol start=\"5\" class=\"wp-block-list\">\n<li>concludete con un\u2019abbondante irrigazione.<\/li>\n<\/ol>\n\n\n\n<p>Per una rosa di Natale in vaso, assicuratevi che il contenitore sia forato cos\u00ec da scongiurare ristagni d\u2019acqua che potrebbero creare marciume radicale.<\/p>\n\n\n\n<h2 class=\"wp-block-heading\"><strong>Manutenzione dell\u2019elleboro: le cure essenziali<\/strong><\/h2>\n\n\n\n<p>Che sia <em>Helleborus niger<\/em> o <em>orientalis,<\/em> tutte le variet\u00e0 di elleboro sono relativamente facili da curare. Queste piante perenni si possono coltivare sia in vaso che in giardino. Tuttavia, la rosa di Natale non \u00e8 una pianta da interno, poich\u00e9 la fioritura avviene solo quando la temperatura \u00e8 fredda.<\/p>\n\n\n\n<h3 class=\"wp-block-heading\"><strong>Irrigazione della rosa di Natale<\/strong><\/h3>\n\n\n\n<p><strong>Quanto bagnare la rosa di Natale?<\/strong><\/p>\n\n\n\n<p>L\u2019elleboro richiede poca acqua, ma i suoi bisogni variano a seconda della collocazione:<\/p>\n\n\n\n<ul class=\"wp-block-list\">\n<li><strong>in vaso<\/strong>: annaffiate regolarmente, in particolare nei mesi pi\u00f9 caldi. Per mantenere il substrato umido. Evitate o ristagni d\u2019acqua;<\/li>\n<\/ul>\n\n\n\n<ul class=\"wp-block-list\">\n<li><strong>in piena terra<\/strong>: l\u2019irrigazione \u00e8 meno frequente. Una pacciamatura intorno alla base pu\u00f2 conservare bene l\u2019umidit\u00e0 e proteggere la pianta dal gelo.<\/li>\n<\/ul>\n\n\n\n<h3 class=\"wp-block-heading\"><strong>Quando e come potare l\u2019elleboro?<\/strong><\/h3>\n\n\n\n<p>La potatura delle rose di Natale \u00e8 principalmente <strong>estetica<\/strong>. Rimuovete le foglie gialle o danneggiate, cos\u00ec come i fiori appassiti, per incoraggiare la crescita di nuove foglie. Si consiglia di <strong>potare l\u2019elleboro dopo la fioritura<\/strong>, per ridare vitalit\u00e0 alla pianta.<\/p>\n\n\n\n<h3 class=\"wp-block-heading\"><strong>Gestione dei problemi comuni<\/strong><\/h3>\n\n\n\n<ul class=\"wp-block-list\">\n<li><strong>foglie ingiallite o macchiate<\/strong>: indicano un eccesso d\u2019acqua. Regolate l\u2019irrigazione e, quando necessario, aggiungete sabbia al terreno per migliorare il drenaggio.<\/li>\n<\/ul>\n\n\n\n<ul class=\"wp-block-list\">\n<li><strong>parassiti<\/strong>: lumache e chiocciole possono essere rimosse a mano. Per prevenire il ritorno, utilizzate cenere di legna come barriera naturale contro questi gastropodi.<\/li>\n<\/ul>\n\n\n\n<ul class=\"wp-block-list\">\n<li><strong>afidi<\/strong>: per combatterli, spruzzate una soluzione di acqua e sapone sulla pianta, questo dovrebbe essere sufficiente per eliminarli.<\/li>\n<\/ul>\n\n\n\n<h2 class=\"wp-block-heading\"><strong>Come mantenere una rosa di Natale in casa? Sfide e consigli<\/strong><\/h2>\n\n\n\n<p>Anche se la rosa di Natale non \u00e8 una pianta da interno, pu\u00f2 essere coltivata al chiuso temporaneamente. Ecco alcuni suggerimenti per mantenerla sempre in salute:<\/p>\n\n\n\n<ul class=\"wp-block-list\">\n<li><strong>luce<\/strong>: posizionate la rosa di Natale in un luogo luminoso, ma a riparo dalla luce solare diretta;<\/li>\n<\/ul>\n\n\n\n<ul class=\"wp-block-list\">\n<li><strong>temperatura:<\/strong> l\u2019elleboro preferisce temperature fresche. Evitate di collocarli vicino a fonti di calore;<\/li>\n<\/ul>\n\n\n\n<ul class=\"wp-block-list\">\n<li><strong>umidit\u00e0<\/strong>: vaporizzate regolarmente le foglie per ricreare un ambiente umido.<\/li>\n<\/ul>\n\n\n\n<p>Non dimenticate di spostare l\u2019elleboro in vaso all\u2019esterno appena terminata la fioritura. Questa pianta, infatti, ha bisogno di condizioni esterne per prosperare a lungo termine.<\/p>\n\n\n\n<h2 class=\"wp-block-heading\"><strong>E all\u2019esterno? Le rose di Natale temono il gelo?<\/strong><\/h2>\n\n\n\n<p>L\u2019elleboro \u00e8 particolarmente resistente al freddo e pu\u00f2 sopportare temperature fino a -15 \u00b0C. Tuttavia, semplici accorgimenti possono aiutarli ad affrontare meglio gli inverni pi\u00f9 rigidi:<\/p>\n\n\n\n<ul class=\"wp-block-list\">\n<li><strong>protezione delle radici<\/strong>: una pacciamatura spessa protegge la base della pianta dal gelo;<\/li>\n<\/ul>\n\n\n\n<ul class=\"wp-block-list\">\n<li><strong>riparo dalla neve<\/strong>: una campana di vetro o una copertura temporanea pu\u00f2 preservare i boccioli floreali.<\/li>\n<\/ul>\n\n\n\n<div class=\"wp-block-media-text is-stacked-on-mobile\"><figure class=\"wp-block-media-text__media\"><img decoding=\"async\" src=\"https:\/\/www.interflora.it\/blog\/wp-content\/uploads\/elleboro-nero-fiori-bianchi.jpg\" alt=\"due fiori di elleboro nero di colore bianco che spuntano dal giardino\" class=\"wp-image-6395 size-full\"\/><\/figure><div class=\"wp-block-media-text__content\">\n<p>Con queste precauzioni la rosa di Natale fiorir\u00e0 anche sotto la neve, regalando fiori splendenti quando la natura sembra essere addormentata.<\/p>\n<\/div><\/div>\n\n\n\n<div style=\"height:35px\" aria-hidden=\"true\" class=\"wp-block-spacer\"><\/div>\n\n\n\n<p>Ora, la<strong> manutenzione dell\u2019elleboro<\/strong> non ha pi\u00f9 segreti! Ricordate che questa <a href=\"https:\/\/www.interflora.it\/blog\/fiori-piante-natalizie\/\">pianta natalizia <\/a>impiega tra i 2 e i 3 anni per produrre i primi fiori, quindi abbiate pazienza. L\u2019attesa sar\u00e0 magnificamente ricompensata quando i primi boccioli sbocceranno nel cuore dell\u2019inverno. E perch\u00e9 non coglierne qualcuno per creare un bouquet di<a href=\"https:\/\/www.interflora.it\/c\/festivita\/natale\"> fiori natalizi<\/a>?<\/p>\n\n\n\n<p>Inoltre non dimenticate che una buona alternativa \u00e8 la <a href=\"https:\/\/www.interflora.it\/c\/festivita\/stelle-di-natale\">stella di Natale <\/a>e, dopo l\u2019inverno, potrete scoprire tutto sul giacinto, un fiore che vi dar\u00e0 un assaggio di primavera!<\/p>\n\n\n\n<p><\/p>\n","protected":false},"excerpt":{"rendered":"<p>Una fioritura in pieno inverno: ecco cosa ci offre la pianta nota come rosa di Natale. Che sia in vaso, [&hellip;]<\/p>\n","protected":false},"author":1,"featured_media":33153,"comment_status":"closed","ping_status":"closed","sticky":false,"template":"","format":"standard","meta":{"_uag_custom_page_level_css":"","site-sidebar-layout":"default","site-content-layout":"","ast-site-content-layout":"default","site-content-style":"default","site-sidebar-style":"default","ast-global-header-display":"","ast-banner-title-visibility":"","ast-main-header-display":"","ast-hfb-above-header-display":"","ast-hfb-below-header-display":"","ast-hfb-mobile-header-display":"","site-post-title":"","ast-breadcrumbs-content":"","ast-featured-img":"","footer-sml-layout":"","ast-disable-related-posts":"","theme-transparent-header-meta":"","adv-header-id-meta":"","stick-header-meta":"","header-above-stick-meta":"","header-main-stick-meta":"","header-below-stick-meta":"","astra-migrate-meta-layouts":"set","ast-page-background-enabled":"default","ast-page-background-meta":{"desktop":{"background-color":"var(--ast-global-color-4)","background-image":"","background-repeat":"repeat","background-position":"center center","background-size":"auto","background-attachment":"scroll","background-type":"","background-media":"","overlay-type":"","overlay-color":"","overlay-opacity":"","overlay-gradient":""},"tablet":{"background-color":"","background-image":"","background-repeat":"repeat","background-position":"center center","background-size":"auto","background-attachment":"scroll","background-type":"","background-media":"","overlay-type":"","overlay-color":"","overlay-opacity":"","overlay-gradient":""},"mobile":{"background-color":"","background-image":"","background-repeat":"repeat","background-position":"center center","background-size":"auto","background-attachment":"scroll","background-type":"","background-media":"","overlay-type":"","overlay-color":"","overlay-opacity":"","overlay-gradient":""}},"ast-content-background-meta":{"desktop":{"background-color":"var(--ast-global-color-5)","background-image":"","background-repeat":"repeat","background-position":"center center","background-size":"auto","background-attachment":"scroll","background-type":"","background-media":"","overlay-type":"","overlay-color":"","overlay-opacity":"","overlay-gradient":""},"tablet":{"background-color":"var(--ast-global-color-5)","background-image":"","background-repeat":"repeat","background-position":"center center","background-size":"auto","background-attachment":"scroll","background-type":"","background-media":"","overlay-type":"","overlay-color":"","overlay-opacity":"","overlay-gradient":""},"mobile":{"background-color":"var(--ast-global-color-5)","background-image":"","background-repeat":"repeat","background-position":"center center","background-size":"auto","background-attachment":"scroll","background-type":"","background-media":"","overlay-type":"","overlay-color":"","overlay-opacity":"","overlay-gradient":""}},"footnotes":""},"categories":[198,196,199],"tags":[195,168],"class_list":["post-8976","post","type-post","status-publish","format-standard","has-post-thumbnail","hentry","category-cura","category-inverno","category-piante","tag-inverno","tag-natale"],"yoast_head":"<!-- This site is optimized with the Yoast SEO plugin v26.4 - https:\/\/yoast.com\/wordpress\/plugins\/seo\/ -->\n<title>Consigli sulla coltivazione dell\u2019elleboro in vaso | Interflora<\/title>\n<meta name=\"description\" content=\"Tra i fiori natalizi vi presentiamo l\u2019elleboro in vaso e alcuni consigli sulla piantagione, coltivazione e cura.\" \/>\n<meta name=\"robots\" content=\"index, follow, max-snippet:-1, max-image-preview:large, max-video-preview:-1\" \/>\n<link rel=\"canonical\" href=\"https:\/\/www.interflora.it\/blog\/coltivazione-elleboro-in-vaso\/\" \/>\n<meta property=\"og:locale\" content=\"it_IT\" \/>\n<meta property=\"og:type\" content=\"article\" \/>\n<meta property=\"og:title\" content=\"Consigli sulla coltivazione dell\u2019elleboro in vaso | Interflora\" \/>\n<meta property=\"og:description\" content=\"Tra i fiori natalizi vi presentiamo l\u2019elleboro in vaso e alcuni consigli sulla piantagione, coltivazione e cura.\" \/>\n<meta property=\"og:url\" content=\"https:\/\/www.interflora.it\/blog\/coltivazione-elleboro-in-vaso\/\" \/>\n<meta property=\"og:site_name\" content=\"Il blog di Interflora: consigli, idee e ispirazione per godersi fiori e piante\" \/>\n<meta property=\"article:published_time\" content=\"2024-12-24T08:11:00+00:00\" \/>\n<meta property=\"article:modified_time\" content=\"2025-08-11T14:02:28+00:00\" \/>\n<meta property=\"og:image\" content=\"https:\/\/www.interflora.it\/blog\/wp-content\/uploads\/2025\/08\/fiori-a-domicilio.jpg\" \/>\n\t<meta property=\"og:image:width\" content=\"880\" \/>\n\t<meta property=\"og:image:height\" content=\"550\" \/>\n\t<meta property=\"og:image:type\" content=\"image\/jpeg\" \/>\n<meta name=\"author\" content=\"admin\" \/>\n<meta name=\"twitter:card\" content=\"summary_large_image\" \/>\n<script type=\"application\/ld+json\" class=\"yoast-schema-graph\">{\"@context\":\"https:\/\/schema.org\",\"@graph\":[{\"@type\":\"Article\",\"@id\":\"https:\/\/www.interflora.it\/blog\/coltivazione-elleboro-in-vaso\/#article\",\"isPartOf\":{\"@id\":\"https:\/\/www.interflora.it\/blog\/coltivazione-elleboro-in-vaso\/\"},\"author\":{\"name\":\"admin\",\"@id\":\"https:\/\/www.interflora.it\/blog\/#\/schema\/person\/dbbd1ad45e05409c356dc639597669f2\"},\"headline\":\"Consigli sulla coltivazione dell\u2019elleboro in vaso\",\"datePublished\":\"2024-12-24T08:11:00+00:00\",\"dateModified\":\"2025-08-11T14:02:28+00:00\",\"mainEntityOfPage\":{\"@id\":\"https:\/\/www.interflora.it\/blog\/coltivazione-elleboro-in-vaso\/\"},\"wordCount\":868,\"publisher\":{\"@id\":\"https:\/\/www.interflora.it\/blog\/#organization\"},\"image\":{\"@id\":\"https:\/\/www.interflora.it\/blog\/coltivazione-elleboro-in-vaso\/#primaryimage\"},\"thumbnailUrl\":\"https:\/\/prodblog.interflora.it\/blog\/wp-content\/uploads\/2025\/08\/fiori-a-domicilio.jpg\",\"keywords\":[\"Inverno\",\"Natale\"],\"articleSection\":[\"Cura\",\"Inverno\",\"Piante\"],\"inLanguage\":\"it-IT\"},{\"@type\":\"WebPage\",\"@id\":\"https:\/\/www.interflora.it\/blog\/coltivazione-elleboro-in-vaso\/\",\"url\":\"https:\/\/www.interflora.it\/blog\/coltivazione-elleboro-in-vaso\/\",\"name\":\"Consigli sulla coltivazione dell\u2019elleboro in vaso | Interflora\",\"isPartOf\":{\"@id\":\"https:\/\/www.interflora.it\/blog\/#website\"},\"primaryImageOfPage\":{\"@id\":\"https:\/\/www.interflora.it\/blog\/coltivazione-elleboro-in-vaso\/#primaryimage\"},\"image\":{\"@id\":\"https:\/\/www.interflora.it\/blog\/coltivazione-elleboro-in-vaso\/#primaryimage\"},\"thumbnailUrl\":\"https:\/\/prodblog.interflora.it\/blog\/wp-content\/uploads\/2025\/08\/fiori-a-domicilio.jpg\",\"datePublished\":\"2024-12-24T08:11:00+00:00\",\"dateModified\":\"2025-08-11T14:02:28+00:00\",\"description\":\"Tra i fiori natalizi vi presentiamo l\u2019elleboro in vaso e alcuni consigli sulla piantagione, coltivazione e cura.\",\"breadcrumb\":{\"@id\":\"https:\/\/www.interflora.it\/blog\/coltivazione-elleboro-in-vaso\/#breadcrumb\"},\"inLanguage\":\"it-IT\",\"potentialAction\":[{\"@type\":\"ReadAction\",\"target\":[\"https:\/\/www.interflora.it\/blog\/coltivazione-elleboro-in-vaso\/\"]}]},{\"@type\":\"ImageObject\",\"inLanguage\":\"it-IT\",\"@id\":\"https:\/\/www.interflora.it\/blog\/coltivazione-elleboro-in-vaso\/#primaryimage\",\"url\":\"https:\/\/prodblog.interflora.it\/blog\/wp-content\/uploads\/2025\/08\/fiori-a-domicilio.jpg\",\"contentUrl\":\"https:\/\/prodblog.interflora.it\/blog\/wp-content\/uploads\/2025\/08\/fiori-a-domicilio.jpg\",\"width\":880,\"height\":550},{\"@type\":\"BreadcrumbList\",\"@id\":\"https:\/\/www.interflora.it\/blog\/coltivazione-elleboro-in-vaso\/#breadcrumb\",\"itemListElement\":[{\"@type\":\"ListItem\",\"position\":1,\"name\":\"Home\",\"item\":\"https:\/\/prodblog.interflora.it\/blog\/\"},{\"@type\":\"ListItem\",\"position\":2,\"name\":\"Consigli sulla coltivazione dell\u2019elleboro in vaso\"}]},{\"@type\":\"WebSite\",\"@id\":\"https:\/\/www.interflora.it\/blog\/#website\",\"url\":\"https:\/\/www.interflora.it\/blog\/\",\"name\":\"Il blog di Interflora: consigli, idee e ispirazione per godersi fiori e piante\",\"description\":\"\",\"publisher\":{\"@id\":\"https:\/\/www.interflora.it\/blog\/#organization\"},\"potentialAction\":[{\"@type\":\"SearchAction\",\"target\":{\"@type\":\"EntryPoint\",\"urlTemplate\":\"https:\/\/www.interflora.it\/blog\/?s={search_term_string}\"},\"query-input\":{\"@type\":\"PropertyValueSpecification\",\"valueRequired\":true,\"valueName\":\"search_term_string\"}}],\"inLanguage\":\"it-IT\"},{\"@type\":\"Organization\",\"@id\":\"https:\/\/www.interflora.it\/blog\/#organization\",\"name\":\"Il blog di Interflora: consigli, idee e ispirazione per godersi fiori e piante\",\"url\":\"https:\/\/www.interflora.it\/blog\/\",\"logo\":{\"@type\":\"ImageObject\",\"inLanguage\":\"it-IT\",\"@id\":\"https:\/\/www.interflora.it\/blog\/#\/schema\/logo\/image\/\",\"url\":\"https:\/\/prodblog.interflora.it\/blog\/wp-content\/uploads\/2025\/04\/220221_INTERFLORA_Logo_rgb_Half_Circle-e1670413381661.png\",\"contentUrl\":\"https:\/\/prodblog.interflora.it\/blog\/wp-content\/uploads\/2025\/04\/220221_INTERFLORA_Logo_rgb_Half_Circle-e1670413381661.png\",\"width\":1351,\"height\":656,\"caption\":\"Il blog di Interflora: consigli, idee e ispirazione per godersi fiori e piante\"},\"image\":{\"@id\":\"https:\/\/www.interflora.it\/blog\/#\/schema\/logo\/image\/\"}},{\"@type\":\"Person\",\"@id\":\"https:\/\/www.interflora.it\/blog\/#\/schema\/person\/dbbd1ad45e05409c356dc639597669f2\",\"name\":\"admin\",\"image\":{\"@type\":\"ImageObject\",\"inLanguage\":\"it-IT\",\"@id\":\"https:\/\/www.interflora.it\/blog\/#\/schema\/person\/image\/\",\"url\":\"https:\/\/secure.gravatar.com\/avatar\/42ef4147e700c5be2e3fd1dfd99731af107e05f321b9a482783ec3515451fc63?s=96&d=mm&r=g\",\"contentUrl\":\"https:\/\/secure.gravatar.com\/avatar\/42ef4147e700c5be2e3fd1dfd99731af107e05f321b9a482783ec3515451fc63?s=96&d=mm&r=g\",\"caption\":\"admin\"},\"sameAs\":[\"http:\/\/prewww.interflora.se\/blog\"]}]}<\/script>\n<!-- \/ Yoast SEO plugin. -->","yoast_head_json":{"title":"Consigli sulla coltivazione dell\u2019elleboro in vaso | Interflora","description":"Tra i fiori natalizi vi presentiamo l\u2019elleboro in vaso e alcuni consigli sulla piantagione, coltivazione e cura.","robots":{"index":"index","follow":"follow","max-snippet":"max-snippet:-1","max-image-preview":"max-image-preview:large","max-video-preview":"max-video-preview:-1"},"canonical":"https:\/\/www.interflora.it\/blog\/coltivazione-elleboro-in-vaso\/","og_locale":"it_IT","og_type":"article","og_title":"Consigli sulla coltivazione dell\u2019elleboro in vaso | Interflora","og_description":"Tra i fiori natalizi vi presentiamo l\u2019elleboro in vaso e alcuni consigli sulla piantagione, coltivazione e cura.","og_url":"https:\/\/www.interflora.it\/blog\/coltivazione-elleboro-in-vaso\/","og_site_name":"Il blog di Interflora: consigli, idee e ispirazione per godersi fiori e piante","article_published_time":"2024-12-24T08:11:00+00:00","article_modified_time":"2025-08-11T14:02:28+00:00","og_image":[{"width":880,"height":550,"url":"https:\/\/www.interflora.it\/blog\/wp-content\/uploads\/2025\/08\/fiori-a-domicilio.jpg","type":"image\/jpeg"}],"author":"admin","twitter_card":"summary_large_image","schema":{"@context":"https:\/\/schema.org","@graph":[{"@type":"Article","@id":"https:\/\/www.interflora.it\/blog\/coltivazione-elleboro-in-vaso\/#article","isPartOf":{"@id":"https:\/\/www.interflora.it\/blog\/coltivazione-elleboro-in-vaso\/"},"author":{"name":"admin","@id":"https:\/\/www.interflora.it\/blog\/#\/schema\/person\/dbbd1ad45e05409c356dc639597669f2"},"headline":"Consigli sulla coltivazione dell\u2019elleboro in vaso","datePublished":"2024-12-24T08:11:00+00:00","dateModified":"2025-08-11T14:02:28+00:00","mainEntityOfPage":{"@id":"https:\/\/www.interflora.it\/blog\/coltivazione-elleboro-in-vaso\/"},"wordCount":868,"publisher":{"@id":"https:\/\/www.interflora.it\/blog\/#organization"},"image":{"@id":"https:\/\/www.interflora.it\/blog\/coltivazione-elleboro-in-vaso\/#primaryimage"},"thumbnailUrl":"https:\/\/prodblog.interflora.it\/blog\/wp-content\/uploads\/2025\/08\/fiori-a-domicilio.jpg","keywords":["Inverno","Natale"],"articleSection":["Cura","Inverno","Piante"],"inLanguage":"it-IT"},{"@type":"WebPage","@id":"https:\/\/www.interflora.it\/blog\/coltivazione-elleboro-in-vaso\/","url":"https:\/\/www.interflora.it\/blog\/coltivazione-elleboro-in-vaso\/","name":"Consigli sulla coltivazione dell\u2019elleboro in vaso | Interflora","isPartOf":{"@id":"https:\/\/www.interflora.it\/blog\/#website"},"primaryImageOfPage":{"@id":"https:\/\/www.interflora.it\/blog\/coltivazione-elleboro-in-vaso\/#primaryimage"},"image":{"@id":"https:\/\/www.interflora.it\/blog\/coltivazione-elleboro-in-vaso\/#primaryimage"},"thumbnailUrl":"https:\/\/prodblog.interflora.it\/blog\/wp-content\/uploads\/2025\/08\/fiori-a-domicilio.jpg","datePublished":"2024-12-24T08:11:00+00:00","dateModified":"2025-08-11T14:02:28+00:00","description":"Tra i fiori natalizi vi presentiamo l\u2019elleboro in vaso e alcuni consigli sulla piantagione, coltivazione e cura.","breadcrumb":{"@id":"https:\/\/www.interflora.it\/blog\/coltivazione-elleboro-in-vaso\/#breadcrumb"},"inLanguage":"it-IT","potentialAction":[{"@type":"ReadAction","target":["https:\/\/www.interflora.it\/blog\/coltivazione-elleboro-in-vaso\/"]}]},{"@type":"ImageObject","inLanguage":"it-IT","@id":"https:\/\/www.interflora.it\/blog\/coltivazione-elleboro-in-vaso\/#primaryimage","url":"https:\/\/prodblog.interflora.it\/blog\/wp-content\/uploads\/2025\/08\/fiori-a-domicilio.jpg","contentUrl":"https:\/\/prodblog.interflora.it\/blog\/wp-content\/uploads\/2025\/08\/fiori-a-domicilio.jpg","width":880,"height":550},{"@type":"BreadcrumbList","@id":"https:\/\/www.interflora.it\/blog\/coltivazione-elleboro-in-vaso\/#breadcrumb","itemListElement":[{"@type":"ListItem","position":1,"name":"Home","item":"https:\/\/prodblog.interflora.it\/blog\/"},{"@type":"ListItem","position":2,"name":"Consigli sulla coltivazione dell\u2019elleboro in vaso"}]},{"@type":"WebSite","@id":"https:\/\/www.interflora.it\/blog\/#website","url":"https:\/\/www.interflora.it\/blog\/","name":"Il blog di Interflora: consigli, idee e ispirazione per godersi fiori e piante","description":"","publisher":{"@id":"https:\/\/www.interflora.it\/blog\/#organization"},"potentialAction":[{"@type":"SearchAction","target":{"@type":"EntryPoint","urlTemplate":"https:\/\/www.interflora.it\/blog\/?s={search_term_string}"},"query-input":{"@type":"PropertyValueSpecification","valueRequired":true,"valueName":"search_term_string"}}],"inLanguage":"it-IT"},{"@type":"Organization","@id":"https:\/\/www.interflora.it\/blog\/#organization","name":"Il blog di Interflora: consigli, idee e ispirazione per godersi fiori e piante","url":"https:\/\/www.interflora.it\/blog\/","logo":{"@type":"ImageObject","inLanguage":"it-IT","@id":"https:\/\/www.interflora.it\/blog\/#\/schema\/logo\/image\/","url":"https:\/\/prodblog.interflora.it\/blog\/wp-content\/uploads\/2025\/04\/220221_INTERFLORA_Logo_rgb_Half_Circle-e1670413381661.png","contentUrl":"https:\/\/prodblog.interflora.it\/blog\/wp-content\/uploads\/2025\/04\/220221_INTERFLORA_Logo_rgb_Half_Circle-e1670413381661.png","width":1351,"height":656,"caption":"Il blog di Interflora: consigli, idee e ispirazione per godersi fiori e piante"},"image":{"@id":"https:\/\/www.interflora.it\/blog\/#\/schema\/logo\/image\/"}},{"@type":"Person","@id":"https:\/\/www.interflora.it\/blog\/#\/schema\/person\/dbbd1ad45e05409c356dc639597669f2","name":"admin","image":{"@type":"ImageObject","inLanguage":"it-IT","@id":"https:\/\/www.interflora.it\/blog\/#\/schema\/person\/image\/","url":"https:\/\/secure.gravatar.com\/avatar\/42ef4147e700c5be2e3fd1dfd99731af107e05f321b9a482783ec3515451fc63?s=96&d=mm&r=g","contentUrl":"https:\/\/secure.gravatar.com\/avatar\/42ef4147e700c5be2e3fd1dfd99731af107e05f321b9a482783ec3515451fc63?s=96&d=mm&r=g","caption":"admin"},"sameAs":["http:\/\/prewww.interflora.se\/blog"]}]}},"uagb_featured_image_src":{"full":["https:\/\/prodblog.interflora.it\/blog\/wp-content\/uploads\/2025\/08\/fiori-a-domicilio.jpg",880,550,false],"thumbnail":["https:\/\/prodblog.interflora.it\/blog\/wp-content\/uploads\/2025\/08\/fiori-a-domicilio-150x150.jpg",150,150,true],"medium":["https:\/\/prodblog.interflora.it\/blog\/wp-content\/uploads\/2025\/08\/fiori-a-domicilio-300x188.jpg",300,188,true],"medium_large":["https:\/\/prodblog.interflora.it\/blog\/wp-content\/uploads\/2025\/08\/fiori-a-domicilio-768x480.jpg",768,480,true],"large":["https:\/\/prodblog.interflora.it\/blog\/wp-content\/uploads\/2025\/08\/fiori-a-domicilio.jpg",880,550,false],"1536x1536":["https:\/\/prodblog.interflora.it\/blog\/wp-content\/uploads\/2025\/08\/fiori-a-domicilio.jpg",880,550,false],"2048x2048":["https:\/\/prodblog.interflora.it\/blog\/wp-content\/uploads\/2025\/08\/fiori-a-domicilio.jpg",880,550,false]},"uagb_author_info":{"display_name":"admin","author_link":"https:\/\/prodblog.interflora.it\/blog\/author\/admin\/"},"uagb_comment_info":0,"uagb_excerpt":"Una fioritura in pieno inverno: ecco cosa ci offre la pianta nota come rosa di Natale. Che sia in vaso, [&hellip;]","_links":{"self":[{"href":"https:\/\/prodblog.interflora.it\/blog\/wp-json\/wp\/v2\/posts\/8976","targetHints":{"allow":["GET"]}}],"collection":[{"href":"https:\/\/prodblog.interflora.it\/blog\/wp-json\/wp\/v2\/posts"}],"about":[{"href":"https:\/\/prodblog.interflora.it\/blog\/wp-json\/wp\/v2\/types\/post"}],"author":[{"embeddable":true,"href":"https:\/\/prodblog.interflora.it\/blog\/wp-json\/wp\/v2\/users\/1"}],"replies":[{"embeddable":true,"href":"https:\/\/prodblog.interflora.it\/blog\/wp-json\/wp\/v2\/comments?post=8976"}],"version-history":[{"count":0,"href":"https:\/\/prodblog.interflora.it\/blog\/wp-json\/wp\/v2\/posts\/8976\/revisions"}],"wp:featuredmedia":[{"embeddable":true,"href":"https:\/\/prodblog.interflora.it\/blog\/wp-json\/wp\/v2\/media\/33153"}],"wp:attachment":[{"href":"https:\/\/prodblog.interflora.it\/blog\/wp-json\/wp\/v2\/media?parent=8976"}],"wp:term":[{"taxonomy":"category","embeddable":true,"href":"https:\/\/prodblog.interflora.it\/blog\/wp-json\/wp\/v2\/categories?post=8976"},{"taxonomy":"post_tag","embeddable":true,"href":"https:\/\/prodblog.interflora.it\/blog\/wp-json\/wp\/v2\/tags?post=8976"}],"curies":[{"name":"wp","href":"https:\/\/api.w.org\/{rel}","templated":true}]}}