{"id":907,"date":"2020-11-20T15:29:20","date_gmt":"2020-11-20T14:29:20","guid":{"rendered":"https:\/\/blog.interflora.it\/?p=907"},"modified":"2025-08-11T16:02:28","modified_gmt":"2025-08-11T14:02:28","slug":"i-fiori-che-amano-il-freddo-raccontati-da-marilena-calbini-nella-rubrica-interflora-di-ricette-allitaliana-su-rete4","status":"publish","type":"post","link":"https:\/\/prodblog.interflora.it\/blog\/i-fiori-che-amano-il-freddo-raccontati-da-marilena-calbini-nella-rubrica-interflora-di-ricette-allitaliana-su-rete4\/","title":{"rendered":"I Fiori che amano il freddo raccontati da Marilena Calbini nella rubrica Interflora di &#8220;Ricette all&#8217;italiana&#8221; su Rete4"},"content":{"rendered":"<p>Grande successo di ascolti per l\u2019appuntamento settimanale dedicato all\u2019infinito mondo dei fiori che si rinnova ogni gioved\u00ec mattina su Rete 4, all\u2019interno del programma <strong>Ricette all\u2019Italiana<\/strong> condotto &#8211; \u00a0in alternanza &#8211; da <strong>Davide Mengacci<\/strong>, <strong>Annalisa Mandolini<\/strong> e <strong>Annabruna Di Iorio<\/strong>, assieme all\u2019inossidabile <strong>Anna Moroni. <\/strong><\/p>\n<p>Per la stagione autunnale della rubrica, partita a met\u00e0 ottobre, l\u2019incontro con i floral designer <strong>Marilena Calbini <\/strong>e <strong>Vincenzo Antonuccio\u00a0<\/strong>si trasforma in un vero e proprio tutorial dove i creativi mostrano alle simpatiche conduttrici <strong>Annalisa<\/strong> ed <strong>Annabruna<\/strong> i vari passaggi di preparazione delle composizioni floreali.<\/p>\n<p>Nel pieno rispetto di tutte le disposizioni di sicurezza e distanziamento previste dai decreti governativi in tempo di covid-19, i floral designer insegnano a creare il centrotavola per una tavola delle feste, il bouquet da portare in dono, la composizione da regalare. Ogni preparazione svela trucchi e segreti del mestiere, tra significati dei fiori e costumi.<\/p>\n<p>Tra la registrazione di una rubrica e l\u2019altra incontriamo <strong>Marilena Calbini.<\/strong><\/p>\n<p><strong>Divisa tra famiglia e lavoro: cosa significa essere floral designer?<\/strong><\/p>\n<p>Essere floral designer e mamma di due splendide bimbe significa trovare il tempo che spesso non c\u2019\u00e8, alternandosi tra momenti colmi di sentimento e di amore materno ed il desiderio di ideare, progettare e creare con i doni della Natura, ricchi di profumi e colori. L\u2019energia che scaturisce da questo alternarsi \u00e8 costellata di sacrifici, ma non per questo meno ricca di ispirazione: i figli sono i fiori pi\u00f9 belli per una mamma.<\/p>\n<p>&nbsp;<\/p>\n<p><strong>Seconda stagione tv nella settimanale Rubrica Interflora all&#8217;interno del programma &#8220;Ricette all&#8217;Italiana&#8221; su Rete 4. Cosa \u00e8 cambiato dalla precedente edizione?<\/strong><\/p>\n<p>In questa nuova edizione della <strong>Rubrica <a href=\"https:\/\/www.interflora.it\" target=\"_blank\" rel=\"noopener\">Interflora<\/a><\/strong>, gli autori del programma \u2013 ideato e prodotto da Elio Bonsignore \u2013 hanno puntato sul concetto di vicinanza con il pubblico. Su questa linea, \u00e8 stato rivisto il format con l\u2019accorciamento delle distanze tra creativi e conduttori entrando nella <em>modalit\u00e0 tutorial<\/em>, cos\u00ec da facilitare lo spettatore nella comprensione del progetto presentato di volta in volta. Si mostra, si spiega, si illustra e si realizza: il poter condividere la nostra conoscenza, la passione e la creativit\u00e0 ad un cos\u00ec vasto pubblico \u00e8 fonte incredibile di speranza e soddisfazione, la speranza che la bellezza dei fiori e la magia nascosta nei messaggi della Natura possa essere contagiosa, quasi un vaccino virtuale alla pandemia che ha colpito tutto il mondo.<\/p>\n<p>&nbsp;<\/p>\n<p><strong>E&#8217; consuetudine pensare che le stagioni fredde non regalino fiori. Fiori e colori dell\u2019Autunno.<\/strong><\/p>\n<p>Ogni stagione che cambia \u00e8 come un nuovo fiore che sboccia. Nonostante le credenze, l\u2019autunno regala fiori e piante bellissimi, dalle forme originali e declinati in colori e profumi inconfondibili.<\/p>\n<p>Nella stagione pi\u00f9 fredda, infatti, la Natura riesce a regalare toni e colori malinconici, ma di grandissima suggestione ed in continuo mutamento. Si passa dalle tonalit\u00e0 di arancione brillante a tutta la gamma del marrone, dai toni verdi muschiati che profumano di umido alle tonalit\u00e0 gialle e oro che si confondono tra loro creando scenari unici. Un trionfo di colori e vitalit\u00e0.<\/p>\n<p>Tanti sono i fiori che ci regala questa stagione, fiori che preferiscono temperature pi\u00f9 fresche. Tra i miei preferiti ci sono <strong>Dalie<\/strong>, <strong>Zinnie<\/strong>, <strong>Crocus<\/strong> e <strong>Crisantemi<\/strong> di diverse dimensioni. E, poi, non vanno dimenticati i frutti secchi e le ultime <strong>Rose<\/strong> di stagione che lasciano il posto alle bacche che ci ricordano quanto sia ricco questo magico momento dell\u2019anno. Anche in questa stagione televisiva, abbiamo scelto i fiori di <strong>Barile Flowers Service<\/strong>, azienda leader nell\u2019importazione ed esportazione di fiori e piante.<\/p>\n<p><strong>Quali sono le composizioni di tendenza di questo periodo?<\/strong><\/p>\n<p>Sembra che ci siano due strade ben divise ma che si possono unire armonicamente.<\/p>\n<p>Da una parte, il professionista che ha un sapere dato dallo studio del design, dalla conoscenza ricevuta da una scuola e dall\u2019esperienza sul campo che si pu\u00f2 divertire a dare espressioni poliedriche ad una materia cos\u00ec meravigliosa. Dall\u2019altra, il bisogno inconscio della bellezza naturale di un fiore raccolto e regalato in modo estemporaneo che ha sempre un fascino unico, ma \u00e8 l\u2019unione di queste due visioni che da espressione massima sia alla materia che al messaggio.<\/p>\n<p>&nbsp;<\/p>\n<p><strong>Fiori porta fortuna da regalare per le prossime festivit\u00e0 natalizie.<\/strong><\/p>\n<p>Senza dubbio, l\u2019<strong>Elleboro<\/strong>, pianta perenne rizomatosa appartenente alla famiglia delle ranuncolacee. Una delle sue variet\u00e0 \u00e8 detta, anche, Rosa di Natale. E\u2019 un fiore di incredibile semplicit\u00e0, ma dal significato importante: rinascita e liberazione da qualsiasi situazione poco gradita. Reputo fondamentale \u2013 in particolar modo, in questo difficile periodo colpito dal <em>covid<\/em>19 &#8211; affidare le nostre emozioni positive, le nostre speranze ed i nostri desideri pi\u00f9 veri ad un gesto semplice come quello di regalare un fiore, perch\u00e9 ogni fiore regalato \u00e8 un omaggio all\u2019animo pi\u00f9 profondo dell\u2019essere.<\/p>\n<p>&nbsp;<\/p>\n<p><strong>Con i fiori si pu\u00f2 fare del bene<\/strong>?<\/p>\n<p>I fiori sono uno strumento incredibile per veicolare la bellezza della vita, poich\u00e9, se gli animi sono sensibili, gli incontri magici arrivano. Con l\u2019Associazione Sogni Onlus di Rudy Zanatta, che realizza i sogni dei bambini malati terminali di tumore, stiamo lavorando a pi\u00f9 progetti dove \u00e8 proprio l\u2019incontro tra la Natura e gli occhi di questi bambini speciali a produrre nuove strade e nuove idee per vedere sbocciare una nuova luce di speranza anche laddove la speranza sembra non esserci pi\u00f9.<\/p>\n<p>&nbsp;<\/p>\n<p><strong>Amore e professione in condivisione con Suo marito Vincenzo Antonuccio? Come \u00e8 l&#8217;esperienza di lavoro in coppia?<\/strong><\/p>\n<p>Un\u2019esperienza intensa e densa di momenti che mettono \u2013 in alcune occasioni &#8211; alla prova. Un costante e continuo arricchimento che porta a risultati positivi, in ogni senso.\u00a0 Con Vincenzo ci alterniamo nelle rubriche in tv, ma non per questo siamo soli di fronte alla telecamera. Ogni progetto presentato \u00e8 frutto di una preparazione e di uno scambio. Pensiamo, progettiamo e creiamo le nostre idee sempre insieme, nel pieno rispetto delle attitudini e le competenze personali. Tanti sono i ricordi e i momenti che affiorano alla mente, dall\u2019insegnamento del Corso Internazionale di Flora Design in 72 giorni, all\u2019esperienza nel campo del Design alla direzione artistica di varie aziende, all\u2019essere portatori della bandiera italiana alla Coppa del Mondo.<\/p>\n<p>Davvero molto significativa \u00e8 l\u2019esperienza televisiva che <strong>Interflora<\/strong> ci ha permesso di vivere assieme.<\/p>\n<p>L\u2019amore \u00e8 un collante che tiene uniti anche quando la distanza o le divergenze tenderebbero a dividere quando parlo di amore mi riferisco sia a quello per la famiglia che a quello che ci ha unito vent\u2019anni fa\u2019, quello per i fiori e le piante.<\/p>\n","protected":false},"excerpt":{"rendered":"<p>Grande successo di ascolti per l\u2019appuntamento settimanale dedicato all\u2019infinito mondo dei fiori che si rinnova ogni gioved\u00ec mattina su Rete [&hellip;]<\/p>\n","protected":false},"author":1,"featured_media":31154,"comment_status":"closed","ping_status":"closed","sticky":false,"template":"","format":"standard","meta":{"_uag_custom_page_level_css":"","site-sidebar-layout":"default","site-content-layout":"","ast-site-content-layout":"default","site-content-style":"default","site-sidebar-style":"default","ast-global-header-display":"","ast-banner-title-visibility":"","ast-main-header-display":"","ast-hfb-above-header-display":"","ast-hfb-below-header-display":"","ast-hfb-mobile-header-display":"","site-post-title":"","ast-breadcrumbs-content":"","ast-featured-img":"","footer-sml-layout":"","ast-disable-related-posts":"","theme-transparent-header-meta":"","adv-header-id-meta":"","stick-header-meta":"","header-above-stick-meta":"","header-main-stick-meta":"","header-below-stick-meta":"","astra-migrate-meta-layouts":"default","ast-page-background-enabled":"default","ast-page-background-meta":{"desktop":{"background-color":"var(--ast-global-color-5)","background-image":"","background-repeat":"repeat","background-position":"center center","background-size":"auto","background-attachment":"scroll","background-type":"","background-media":"","overlay-type":"","overlay-color":"","overlay-opacity":"","overlay-gradient":""},"tablet":{"background-color":"","background-image":"","background-repeat":"repeat","background-position":"center center","background-size":"auto","background-attachment":"scroll","background-type":"","background-media":"","overlay-type":"","overlay-color":"","overlay-opacity":"","overlay-gradient":""},"mobile":{"background-color":"","background-image":"","background-repeat":"repeat","background-position":"center center","background-size":"auto","background-attachment":"scroll","background-type":"","background-media":"","overlay-type":"","overlay-color":"","overlay-opacity":"","overlay-gradient":""}},"ast-content-background-meta":{"desktop":{"background-color":"var(--ast-global-color-4)","background-image":"","background-repeat":"repeat","background-position":"center center","background-size":"auto","background-attachment":"scroll","background-type":"","background-media":"","overlay-type":"","overlay-color":"","overlay-opacity":"","overlay-gradient":""},"tablet":{"background-color":"var(--ast-global-color-4)","background-image":"","background-repeat":"repeat","background-position":"center center","background-size":"auto","background-attachment":"scroll","background-type":"","background-media":"","overlay-type":"","overlay-color":"","overlay-opacity":"","overlay-gradient":""},"mobile":{"background-color":"var(--ast-global-color-4)","background-image":"","background-repeat":"repeat","background-position":"center center","background-size":"auto","background-attachment":"scroll","background-type":"","background-media":"","overlay-type":"","overlay-color":"","overlay-opacity":"","overlay-gradient":""}},"footnotes":""},"categories":[166],"tags":[35],"class_list":["post-907","post","type-post","status-publish","format-standard","has-post-thumbnail","hentry","category-tendenze","tag-interflora"],"yoast_head":"<!-- This site is optimized with the Yoast SEO plugin v26.4 - https:\/\/yoast.com\/wordpress\/plugins\/seo\/ -->\n<title>Ricette all&#039;<\/title>\n<meta name=\"robots\" content=\"index, follow, max-snippet:-1, max-image-preview:large, max-video-preview:-1\" \/>\n<link rel=\"canonical\" href=\"https:\/\/www.interflora.it\/blog\/i-fiori-che-amano-il-freddo-raccontati-da-marilena-calbini-nella-rubrica-interflora-di-ricette-allitaliana-su-rete4\/\" \/>\n<meta property=\"og:locale\" content=\"it_IT\" \/>\n<meta property=\"og:type\" content=\"article\" \/>\n<meta property=\"og:title\" content=\"Ricette all&#039;\" \/>\n<meta property=\"og:description\" content=\"Grande successo di ascolti per l\u2019appuntamento settimanale dedicato all\u2019infinito mondo dei fiori che si rinnova ogni gioved\u00ec mattina su Rete [&hellip;]\" \/>\n<meta property=\"og:url\" content=\"https:\/\/www.interflora.it\/blog\/i-fiori-che-amano-il-freddo-raccontati-da-marilena-calbini-nella-rubrica-interflora-di-ricette-allitaliana-su-rete4\/\" \/>\n<meta property=\"og:site_name\" content=\"Il blog di Interflora: consigli, idee e ispirazione per godersi fiori e piante\" \/>\n<meta property=\"article:published_time\" content=\"2020-11-20T14:29:20+00:00\" \/>\n<meta property=\"article:modified_time\" content=\"2025-08-11T14:02:28+00:00\" \/>\n<meta property=\"og:image\" content=\"https:\/\/www.interflora.it\/blog\/wp-content\/uploads\/2020\/11\/Progetto-senza-titolo-16.png\" \/>\n\t<meta property=\"og:image:width\" content=\"767\" \/>\n\t<meta property=\"og:image:height\" content=\"437\" \/>\n\t<meta property=\"og:image:type\" content=\"image\/png\" \/>\n<meta name=\"author\" content=\"admin\" \/>\n<meta name=\"twitter:card\" content=\"summary_large_image\" \/>\n<script type=\"application\/ld+json\" class=\"yoast-schema-graph\">{\"@context\":\"https:\/\/schema.org\",\"@graph\":[{\"@type\":\"Article\",\"@id\":\"https:\/\/www.interflora.it\/blog\/i-fiori-che-amano-il-freddo-raccontati-da-marilena-calbini-nella-rubrica-interflora-di-ricette-allitaliana-su-rete4\/#article\",\"isPartOf\":{\"@id\":\"https:\/\/www.interflora.it\/blog\/i-fiori-che-amano-il-freddo-raccontati-da-marilena-calbini-nella-rubrica-interflora-di-ricette-allitaliana-su-rete4\/\"},\"author\":{\"name\":\"admin\",\"@id\":\"https:\/\/www.interflora.it\/blog\/#\/schema\/person\/dbbd1ad45e05409c356dc639597669f2\"},\"headline\":\"I Fiori che amano il freddo raccontati da Marilena Calbini nella rubrica Interflora di &#8220;Ricette all&#8217;italiana&#8221; su Rete4\",\"datePublished\":\"2020-11-20T14:29:20+00:00\",\"dateModified\":\"2025-08-11T14:02:28+00:00\",\"mainEntityOfPage\":{\"@id\":\"https:\/\/www.interflora.it\/blog\/i-fiori-che-amano-il-freddo-raccontati-da-marilena-calbini-nella-rubrica-interflora-di-ricette-allitaliana-su-rete4\/\"},\"wordCount\":1086,\"publisher\":{\"@id\":\"https:\/\/www.interflora.it\/blog\/#organization\"},\"image\":{\"@id\":\"https:\/\/www.interflora.it\/blog\/i-fiori-che-amano-il-freddo-raccontati-da-marilena-calbini-nella-rubrica-interflora-di-ricette-allitaliana-su-rete4\/#primaryimage\"},\"thumbnailUrl\":\"https:\/\/prodblog.interflora.it\/blog\/wp-content\/uploads\/2020\/11\/Progetto-senza-titolo-16.png\",\"keywords\":[\"interflora\"],\"articleSection\":[\"Tendenze\"],\"inLanguage\":\"it-IT\"},{\"@type\":\"WebPage\",\"@id\":\"https:\/\/www.interflora.it\/blog\/i-fiori-che-amano-il-freddo-raccontati-da-marilena-calbini-nella-rubrica-interflora-di-ricette-allitaliana-su-rete4\/\",\"url\":\"https:\/\/www.interflora.it\/blog\/i-fiori-che-amano-il-freddo-raccontati-da-marilena-calbini-nella-rubrica-interflora-di-ricette-allitaliana-su-rete4\/\",\"name\":\"Ricette all'\",\"isPartOf\":{\"@id\":\"https:\/\/www.interflora.it\/blog\/#website\"},\"primaryImageOfPage\":{\"@id\":\"https:\/\/www.interflora.it\/blog\/i-fiori-che-amano-il-freddo-raccontati-da-marilena-calbini-nella-rubrica-interflora-di-ricette-allitaliana-su-rete4\/#primaryimage\"},\"image\":{\"@id\":\"https:\/\/www.interflora.it\/blog\/i-fiori-che-amano-il-freddo-raccontati-da-marilena-calbini-nella-rubrica-interflora-di-ricette-allitaliana-su-rete4\/#primaryimage\"},\"thumbnailUrl\":\"https:\/\/prodblog.interflora.it\/blog\/wp-content\/uploads\/2020\/11\/Progetto-senza-titolo-16.png\",\"datePublished\":\"2020-11-20T14:29:20+00:00\",\"dateModified\":\"2025-08-11T14:02:28+00:00\",\"breadcrumb\":{\"@id\":\"https:\/\/www.interflora.it\/blog\/i-fiori-che-amano-il-freddo-raccontati-da-marilena-calbini-nella-rubrica-interflora-di-ricette-allitaliana-su-rete4\/#breadcrumb\"},\"inLanguage\":\"it-IT\",\"potentialAction\":[{\"@type\":\"ReadAction\",\"target\":[\"https:\/\/www.interflora.it\/blog\/i-fiori-che-amano-il-freddo-raccontati-da-marilena-calbini-nella-rubrica-interflora-di-ricette-allitaliana-su-rete4\/\"]}]},{\"@type\":\"ImageObject\",\"inLanguage\":\"it-IT\",\"@id\":\"https:\/\/www.interflora.it\/blog\/i-fiori-che-amano-il-freddo-raccontati-da-marilena-calbini-nella-rubrica-interflora-di-ricette-allitaliana-su-rete4\/#primaryimage\",\"url\":\"https:\/\/prodblog.interflora.it\/blog\/wp-content\/uploads\/2020\/11\/Progetto-senza-titolo-16.png\",\"contentUrl\":\"https:\/\/prodblog.interflora.it\/blog\/wp-content\/uploads\/2020\/11\/Progetto-senza-titolo-16.png\",\"width\":767,\"height\":437},{\"@type\":\"BreadcrumbList\",\"@id\":\"https:\/\/www.interflora.it\/blog\/i-fiori-che-amano-il-freddo-raccontati-da-marilena-calbini-nella-rubrica-interflora-di-ricette-allitaliana-su-rete4\/#breadcrumb\",\"itemListElement\":[{\"@type\":\"ListItem\",\"position\":1,\"name\":\"Home\",\"item\":\"https:\/\/prodblog.interflora.it\/blog\/\"},{\"@type\":\"ListItem\",\"position\":2,\"name\":\"I Fiori che amano il freddo raccontati da Marilena Calbini nella rubrica Interflora di &#8220;Ricette all&#8217;italiana&#8221; su Rete4\"}]},{\"@type\":\"WebSite\",\"@id\":\"https:\/\/www.interflora.it\/blog\/#website\",\"url\":\"https:\/\/www.interflora.it\/blog\/\",\"name\":\"Il blog di Interflora: consigli, idee e ispirazione per godersi fiori e piante\",\"description\":\"\",\"publisher\":{\"@id\":\"https:\/\/www.interflora.it\/blog\/#organization\"},\"potentialAction\":[{\"@type\":\"SearchAction\",\"target\":{\"@type\":\"EntryPoint\",\"urlTemplate\":\"https:\/\/www.interflora.it\/blog\/?s={search_term_string}\"},\"query-input\":{\"@type\":\"PropertyValueSpecification\",\"valueRequired\":true,\"valueName\":\"search_term_string\"}}],\"inLanguage\":\"it-IT\"},{\"@type\":\"Organization\",\"@id\":\"https:\/\/www.interflora.it\/blog\/#organization\",\"name\":\"Il blog di Interflora: consigli, idee e ispirazione per godersi fiori e piante\",\"url\":\"https:\/\/www.interflora.it\/blog\/\",\"logo\":{\"@type\":\"ImageObject\",\"inLanguage\":\"it-IT\",\"@id\":\"https:\/\/www.interflora.it\/blog\/#\/schema\/logo\/image\/\",\"url\":\"https:\/\/prodblog.interflora.it\/blog\/wp-content\/uploads\/2025\/04\/220221_INTERFLORA_Logo_rgb_Half_Circle-e1670413381661.png\",\"contentUrl\":\"https:\/\/prodblog.interflora.it\/blog\/wp-content\/uploads\/2025\/04\/220221_INTERFLORA_Logo_rgb_Half_Circle-e1670413381661.png\",\"width\":1351,\"height\":656,\"caption\":\"Il blog di Interflora: consigli, idee e ispirazione per godersi fiori e piante\"},\"image\":{\"@id\":\"https:\/\/www.interflora.it\/blog\/#\/schema\/logo\/image\/\"}},{\"@type\":\"Person\",\"@id\":\"https:\/\/www.interflora.it\/blog\/#\/schema\/person\/dbbd1ad45e05409c356dc639597669f2\",\"name\":\"admin\",\"image\":{\"@type\":\"ImageObject\",\"inLanguage\":\"it-IT\",\"@id\":\"https:\/\/www.interflora.it\/blog\/#\/schema\/person\/image\/\",\"url\":\"https:\/\/secure.gravatar.com\/avatar\/42ef4147e700c5be2e3fd1dfd99731af107e05f321b9a482783ec3515451fc63?s=96&d=mm&r=g\",\"contentUrl\":\"https:\/\/secure.gravatar.com\/avatar\/42ef4147e700c5be2e3fd1dfd99731af107e05f321b9a482783ec3515451fc63?s=96&d=mm&r=g\",\"caption\":\"admin\"},\"sameAs\":[\"http:\/\/prewww.interflora.se\/blog\"]}]}<\/script>\n<!-- \/ Yoast SEO plugin. -->","yoast_head_json":{"title":"Ricette all'","robots":{"index":"index","follow":"follow","max-snippet":"max-snippet:-1","max-image-preview":"max-image-preview:large","max-video-preview":"max-video-preview:-1"},"canonical":"https:\/\/www.interflora.it\/blog\/i-fiori-che-amano-il-freddo-raccontati-da-marilena-calbini-nella-rubrica-interflora-di-ricette-allitaliana-su-rete4\/","og_locale":"it_IT","og_type":"article","og_title":"Ricette all'","og_description":"Grande successo di ascolti per l\u2019appuntamento settimanale dedicato all\u2019infinito mondo dei fiori che si rinnova ogni gioved\u00ec mattina su Rete [&hellip;]","og_url":"https:\/\/www.interflora.it\/blog\/i-fiori-che-amano-il-freddo-raccontati-da-marilena-calbini-nella-rubrica-interflora-di-ricette-allitaliana-su-rete4\/","og_site_name":"Il blog di Interflora: consigli, idee e ispirazione per godersi fiori e piante","article_published_time":"2020-11-20T14:29:20+00:00","article_modified_time":"2025-08-11T14:02:28+00:00","og_image":[{"width":767,"height":437,"url":"https:\/\/www.interflora.it\/blog\/wp-content\/uploads\/2020\/11\/Progetto-senza-titolo-16.png","type":"image\/png"}],"author":"admin","twitter_card":"summary_large_image","schema":{"@context":"https:\/\/schema.org","@graph":[{"@type":"Article","@id":"https:\/\/www.interflora.it\/blog\/i-fiori-che-amano-il-freddo-raccontati-da-marilena-calbini-nella-rubrica-interflora-di-ricette-allitaliana-su-rete4\/#article","isPartOf":{"@id":"https:\/\/www.interflora.it\/blog\/i-fiori-che-amano-il-freddo-raccontati-da-marilena-calbini-nella-rubrica-interflora-di-ricette-allitaliana-su-rete4\/"},"author":{"name":"admin","@id":"https:\/\/www.interflora.it\/blog\/#\/schema\/person\/dbbd1ad45e05409c356dc639597669f2"},"headline":"I Fiori che amano il freddo raccontati da Marilena Calbini nella rubrica Interflora di &#8220;Ricette all&#8217;italiana&#8221; su Rete4","datePublished":"2020-11-20T14:29:20+00:00","dateModified":"2025-08-11T14:02:28+00:00","mainEntityOfPage":{"@id":"https:\/\/www.interflora.it\/blog\/i-fiori-che-amano-il-freddo-raccontati-da-marilena-calbini-nella-rubrica-interflora-di-ricette-allitaliana-su-rete4\/"},"wordCount":1086,"publisher":{"@id":"https:\/\/www.interflora.it\/blog\/#organization"},"image":{"@id":"https:\/\/www.interflora.it\/blog\/i-fiori-che-amano-il-freddo-raccontati-da-marilena-calbini-nella-rubrica-interflora-di-ricette-allitaliana-su-rete4\/#primaryimage"},"thumbnailUrl":"https:\/\/prodblog.interflora.it\/blog\/wp-content\/uploads\/2020\/11\/Progetto-senza-titolo-16.png","keywords":["interflora"],"articleSection":["Tendenze"],"inLanguage":"it-IT"},{"@type":"WebPage","@id":"https:\/\/www.interflora.it\/blog\/i-fiori-che-amano-il-freddo-raccontati-da-marilena-calbini-nella-rubrica-interflora-di-ricette-allitaliana-su-rete4\/","url":"https:\/\/www.interflora.it\/blog\/i-fiori-che-amano-il-freddo-raccontati-da-marilena-calbini-nella-rubrica-interflora-di-ricette-allitaliana-su-rete4\/","name":"Ricette all'","isPartOf":{"@id":"https:\/\/www.interflora.it\/blog\/#website"},"primaryImageOfPage":{"@id":"https:\/\/www.interflora.it\/blog\/i-fiori-che-amano-il-freddo-raccontati-da-marilena-calbini-nella-rubrica-interflora-di-ricette-allitaliana-su-rete4\/#primaryimage"},"image":{"@id":"https:\/\/www.interflora.it\/blog\/i-fiori-che-amano-il-freddo-raccontati-da-marilena-calbini-nella-rubrica-interflora-di-ricette-allitaliana-su-rete4\/#primaryimage"},"thumbnailUrl":"https:\/\/prodblog.interflora.it\/blog\/wp-content\/uploads\/2020\/11\/Progetto-senza-titolo-16.png","datePublished":"2020-11-20T14:29:20+00:00","dateModified":"2025-08-11T14:02:28+00:00","breadcrumb":{"@id":"https:\/\/www.interflora.it\/blog\/i-fiori-che-amano-il-freddo-raccontati-da-marilena-calbini-nella-rubrica-interflora-di-ricette-allitaliana-su-rete4\/#breadcrumb"},"inLanguage":"it-IT","potentialAction":[{"@type":"ReadAction","target":["https:\/\/www.interflora.it\/blog\/i-fiori-che-amano-il-freddo-raccontati-da-marilena-calbini-nella-rubrica-interflora-di-ricette-allitaliana-su-rete4\/"]}]},{"@type":"ImageObject","inLanguage":"it-IT","@id":"https:\/\/www.interflora.it\/blog\/i-fiori-che-amano-il-freddo-raccontati-da-marilena-calbini-nella-rubrica-interflora-di-ricette-allitaliana-su-rete4\/#primaryimage","url":"https:\/\/prodblog.interflora.it\/blog\/wp-content\/uploads\/2020\/11\/Progetto-senza-titolo-16.png","contentUrl":"https:\/\/prodblog.interflora.it\/blog\/wp-content\/uploads\/2020\/11\/Progetto-senza-titolo-16.png","width":767,"height":437},{"@type":"BreadcrumbList","@id":"https:\/\/www.interflora.it\/blog\/i-fiori-che-amano-il-freddo-raccontati-da-marilena-calbini-nella-rubrica-interflora-di-ricette-allitaliana-su-rete4\/#breadcrumb","itemListElement":[{"@type":"ListItem","position":1,"name":"Home","item":"https:\/\/prodblog.interflora.it\/blog\/"},{"@type":"ListItem","position":2,"name":"I Fiori che amano il freddo raccontati da Marilena Calbini nella rubrica Interflora di &#8220;Ricette all&#8217;italiana&#8221; su Rete4"}]},{"@type":"WebSite","@id":"https:\/\/www.interflora.it\/blog\/#website","url":"https:\/\/www.interflora.it\/blog\/","name":"Il blog di Interflora: consigli, idee e ispirazione per godersi fiori e piante","description":"","publisher":{"@id":"https:\/\/www.interflora.it\/blog\/#organization"},"potentialAction":[{"@type":"SearchAction","target":{"@type":"EntryPoint","urlTemplate":"https:\/\/www.interflora.it\/blog\/?s={search_term_string}"},"query-input":{"@type":"PropertyValueSpecification","valueRequired":true,"valueName":"search_term_string"}}],"inLanguage":"it-IT"},{"@type":"Organization","@id":"https:\/\/www.interflora.it\/blog\/#organization","name":"Il blog di Interflora: consigli, idee e ispirazione per godersi fiori e piante","url":"https:\/\/www.interflora.it\/blog\/","logo":{"@type":"ImageObject","inLanguage":"it-IT","@id":"https:\/\/www.interflora.it\/blog\/#\/schema\/logo\/image\/","url":"https:\/\/prodblog.interflora.it\/blog\/wp-content\/uploads\/2025\/04\/220221_INTERFLORA_Logo_rgb_Half_Circle-e1670413381661.png","contentUrl":"https:\/\/prodblog.interflora.it\/blog\/wp-content\/uploads\/2025\/04\/220221_INTERFLORA_Logo_rgb_Half_Circle-e1670413381661.png","width":1351,"height":656,"caption":"Il blog di Interflora: consigli, idee e ispirazione per godersi fiori e piante"},"image":{"@id":"https:\/\/www.interflora.it\/blog\/#\/schema\/logo\/image\/"}},{"@type":"Person","@id":"https:\/\/www.interflora.it\/blog\/#\/schema\/person\/dbbd1ad45e05409c356dc639597669f2","name":"admin","image":{"@type":"ImageObject","inLanguage":"it-IT","@id":"https:\/\/www.interflora.it\/blog\/#\/schema\/person\/image\/","url":"https:\/\/secure.gravatar.com\/avatar\/42ef4147e700c5be2e3fd1dfd99731af107e05f321b9a482783ec3515451fc63?s=96&d=mm&r=g","contentUrl":"https:\/\/secure.gravatar.com\/avatar\/42ef4147e700c5be2e3fd1dfd99731af107e05f321b9a482783ec3515451fc63?s=96&d=mm&r=g","caption":"admin"},"sameAs":["http:\/\/prewww.interflora.se\/blog"]}]}},"uagb_featured_image_src":{"full":["https:\/\/prodblog.interflora.it\/blog\/wp-content\/uploads\/2020\/11\/Progetto-senza-titolo-16.png",767,437,false],"thumbnail":["https:\/\/prodblog.interflora.it\/blog\/wp-content\/uploads\/2020\/11\/Progetto-senza-titolo-16-150x150.png",150,150,true],"medium":["https:\/\/prodblog.interflora.it\/blog\/wp-content\/uploads\/2020\/11\/Progetto-senza-titolo-16-300x171.png",300,171,true],"medium_large":["https:\/\/prodblog.interflora.it\/blog\/wp-content\/uploads\/2020\/11\/Progetto-senza-titolo-16.png",767,437,false],"large":["https:\/\/prodblog.interflora.it\/blog\/wp-content\/uploads\/2020\/11\/Progetto-senza-titolo-16.png",767,437,false],"1536x1536":["https:\/\/prodblog.interflora.it\/blog\/wp-content\/uploads\/2020\/11\/Progetto-senza-titolo-16.png",767,437,false],"2048x2048":["https:\/\/prodblog.interflora.it\/blog\/wp-content\/uploads\/2020\/11\/Progetto-senza-titolo-16.png",767,437,false]},"uagb_author_info":{"display_name":"admin","author_link":"https:\/\/prodblog.interflora.it\/blog\/author\/admin\/"},"uagb_comment_info":0,"uagb_excerpt":"Grande successo di ascolti per l\u2019appuntamento settimanale dedicato all\u2019infinito mondo dei fiori che si rinnova ogni gioved\u00ec mattina su Rete [&hellip;]","_links":{"self":[{"href":"https:\/\/prodblog.interflora.it\/blog\/wp-json\/wp\/v2\/posts\/907","targetHints":{"allow":["GET"]}}],"collection":[{"href":"https:\/\/prodblog.interflora.it\/blog\/wp-json\/wp\/v2\/posts"}],"about":[{"href":"https:\/\/prodblog.interflora.it\/blog\/wp-json\/wp\/v2\/types\/post"}],"author":[{"embeddable":true,"href":"https:\/\/prodblog.interflora.it\/blog\/wp-json\/wp\/v2\/users\/1"}],"replies":[{"embeddable":true,"href":"https:\/\/prodblog.interflora.it\/blog\/wp-json\/wp\/v2\/comments?post=907"}],"version-history":[{"count":0,"href":"https:\/\/prodblog.interflora.it\/blog\/wp-json\/wp\/v2\/posts\/907\/revisions"}],"wp:featuredmedia":[{"embeddable":true,"href":"https:\/\/prodblog.interflora.it\/blog\/wp-json\/wp\/v2\/media\/31154"}],"wp:attachment":[{"href":"https:\/\/prodblog.interflora.it\/blog\/wp-json\/wp\/v2\/media?parent=907"}],"wp:term":[{"taxonomy":"category","embeddable":true,"href":"https:\/\/prodblog.interflora.it\/blog\/wp-json\/wp\/v2\/categories?post=907"},{"taxonomy":"post_tag","embeddable":true,"href":"https:\/\/prodblog.interflora.it\/blog\/wp-json\/wp\/v2\/tags?post=907"}],"curies":[{"name":"wp","href":"https:\/\/api.w.org\/{rel}","templated":true}]}}