{"id":966,"date":"2020-12-31T12:15:25","date_gmt":"2020-12-31T11:15:25","guid":{"rendered":"https:\/\/blog.interflora.it\/?p=966"},"modified":"2025-08-11T16:02:28","modified_gmt":"2025-08-11T14:02:28","slug":"rifioriremo-assieme-alle-primule","status":"publish","type":"post","link":"https:\/\/prodblog.interflora.it\/blog\/rifioriremo-assieme-alle-primule\/","title":{"rendered":"Rifioriremo assieme alle primule"},"content":{"rendered":"\n<h2 class=\"wp-block-heading\"><b>Chi dice primula dice primavera!<\/b><\/h2>\n\n\n\n<p><span style=\"font-weight: 400;\">Ecco un fiore che porta gioia e allegria quando lo si incontra in giardino! La sua comparsa, infatti, preannuncia la fine del periodo dell\u2019anno pi\u00f9 freddo, l\u2019inverno, e l&#8217;arrivo della stagione pi\u00f9 apprezzata: la primavera.&nbsp;<\/span><\/p>\n\n\n\n<p><span style=\"font-weight: 400;\">La primula \u00e8 in effetti una pianta fiorita che <\/span><b>fiorisce \u201cprematuramente\u201d<\/b><span style=\"font-weight: 400;\"> come dice il suo stesso nome. La fioritura della primula avviene a inizio primavera, con leggere variazioni a seconda della specie, ma si tratta di uno dei primi fiori che incontriamo in questo periodo dell\u2019anno.<\/span><\/p>\n\n\n\n<h2 class=\"wp-block-heading\"><b>Storia e origini della primula<\/b><span style=\"font-weight: 400;\">&nbsp;<\/span><\/h2>\n\n\n\n<p><span style=\"font-weight: 400;\">Appartenente alla famiglia delle primulacee, questo fiore ha<\/span><b> origine nelle aree europee a clima temperato<\/b><span style=\"font-weight: 400;\">, ma la si trova anche in America ed in molte zone asiatiche, dove cresce spontanea, prediligendo le pendici montuose.&nbsp;<\/span><\/p>\n\n\n\n<p><span style=\"font-weight: 400;\">Si contano cinquecento specie di queste <\/span><b>piante erbacee annuali e perenni<\/b><span style=\"font-weight: 400;\">. Le specie pi\u00f9 comuni sono la Primula Veris e la Primula Vulgaris, ma anche la variet\u00e0 della primula obconica \u00e8 abbasta nota, quest&#8217;ultima comincia la fioritura a fine inverno fino alla fine della <\/span><a href=\"https:\/\/www.interflora.it\/c\/fiori\/primavera\"><span style=\"font-weight: 400;\">primavera<\/span><\/a><span style=\"font-weight: 400;\">.<\/span><\/p>\n\n\n\n<p><span style=\"font-weight: 400;\">Le primule sono perlopi\u00f9 di piccole dimensioni, hanno fiori dai <\/span><b>petali con colori vivaci:<\/b><span style=\"font-weight: 400;\"> arancione, rosso, bianco, viola ed indaco, anche se il colore pi\u00f9 conosciuto e comune \u00e8 il giallo, il tipico \u201cgiallo primula\u201d.<\/span><\/p>\n\n\n\n<h2 class=\"wp-block-heading\"><b>Curiosit\u00e0 sulla pianta della primula<\/b><\/h2>\n\n\n\n<p><span style=\"font-weight: 400;\">Infusi, decotti, sciroppi dalle propriet\u00e0 inaspettate. Non tutti sanno che i rizomi della Primula Veris \u2013 ripuliti ed essiccati in maniera naturale direttamente al sole \u2013 vantano ottime <\/span><b>propriet\u00e0 diuretiche ed espettoranti<\/b><span style=\"font-weight: 400;\">. Possono essere di grande beneficio per combattere malattie legate al&nbsp; sistema nervoso. Anche le foglie di questo fiore hanno un\u2019azione depurativa per l\u2019organismo. Per questo, le primule essiccate si usano anche in <\/span><b>cucina <\/b><span style=\"font-weight: 400;\">perch\u00e9 hanno un sapore delicato e aromatico, andranno quindi benissimo come decorazione dei tuoi piatti preferiti.&nbsp;<\/span><\/p>\n\n\n\n<h2 class=\"wp-block-heading\"><b>Significato della primula&nbsp;<\/b><\/h2>\n\n\n\n<h3 class=\"wp-block-heading\"><b>Significato della primula secondo la leggenda&nbsp;<\/b><\/h3>\n\n\n\n<p><span style=\"font-weight: 400;\">Il suo nome deriva dal latino primus che sottolinea il concetto di<\/span><b> precocit\u00e0 di fioritura. <\/b><span style=\"font-weight: 400;\">Secondo la leggenda, la primula \u00e8 un fiore nobile perch\u00e9 Apollo lo invi\u00f2 sulla terra per combattere il freddo e il gelo dell\u2019inverno e per permettere cos\u00ec la fioritura degli altri fiori e l\u2019avvento della primavera. Da questo momento in poi, la fioritura della primula decret\u00f2<\/span><b> l\u2019inizio della primavera.&nbsp;<\/b><\/p>\n\n\n\n<h3 class=\"wp-block-heading\"><b>Significato della primula nel linguaggio dei fiori&nbsp;<\/b><\/h3>\n\n\n\n<p><span style=\"font-weight: 400;\">Nel <\/span><a href=\"https:\/\/www.interflora.it\/linguaggio\"><span style=\"font-weight: 400;\">linguaggio dei fiori<\/span><\/a><span style=\"font-weight: 400;\"> la primula ha un <\/span><b>significato legato alla rinascita, alla speranza e al&nbsp; pensare positiv<\/b><span style=\"font-weight: 400;\"><strong>o<\/strong>. La Primula si associa agli affetti in procinto di nascere e ai sentimenti di amicizia che \u201csbocciano\u201d come i primi fiori che annunciano l\u2019arrivo della Primavera. Questo fiore rappresenta anche<\/span><b> la giovent\u00f9, la freschezza e la purezza del pensiero.<\/b><\/p>\n\n\n\n<h2 class=\"wp-block-heading\"><b>Quando regalare le primule<\/b><\/h2>\n\n\n\n<p><span style=\"font-weight: 400;\">Si tratta di un bellissimo fiore da regalare ad un\u2019amica o ad un amico per festeggiare un <\/span><b>traguardo o il raggiungimento di un sogno<\/b><span style=\"font-weight: 400;\">. Inviare a casa una Primula \u00e8 un augurio sincero, un messaggio di amicizia e sostegno, un portafortuna per affrontare gli obiettivi prefissati.<\/span><\/p>\n\n\n\n<p><span style=\"font-weight: 400;\">Si tratta quindi di una <a href=\"https:\/\/www.interflora.it\/c\/piante\/piante-fiorite\">pianta fiorita<\/a> da regalare in molte occasioni che sia come<\/span><b> bouquet di fiori <\/b><span style=\"font-weight: 400;\">oppure come pianta da coltivare in vaso per la casa, l\u2019appartamento o il giardino. Ti consigliamo di regalare delle primule rosa se vuoi dimostrare affetto sincero e delle primule gialle ai tuoi amici del cuore. In tutti questi casi, avr\u00e0 sempre un<\/span><b> significato positivo <\/b><span style=\"font-weight: 400;\">e porter\u00e0 fortuna a chi la riceve.<\/span><\/p>\n\n\n\n<h2 class=\"wp-block-heading\"><b>Cura delle primule in casa e giardino<\/b><\/h2>\n\n\n\n<p><span style=\"font-weight: 400;\">Ecco un\u2019altra buona notizia: la cura delle primule non richiede grandi sforzi di giardinaggio! Si tratta infatti di una pianta di <\/span><b>facile coltivazione <\/b>che c<span style=\"font-weight: 400;\">on poche accortezze e con la sua fioritura aggiunger\u00e0 colori meravigliosi al tuo giardino o al tuo balcone di casa.<\/span><\/p>\n\n\n\n<p><span style=\"font-weight: 400;\">Per coltivare al meglio le primule, \u00e8 bene scegliere<\/span><b> vasi abbastanza grandi <\/b><span style=\"font-weight: 400;\">per permettere alla pianta di crescere al meglio e uno spazio del giardino a mezz\u2019ombra, la primula infatti non soffre una temperatura bassa ma non va lasciata durante tutto il giorno al sole perch\u00e9 un calore eccessivo potrebbe seccarne i fiori.&nbsp;<\/span><\/p>\n\n\n\n<p><span style=\"font-weight: 400;\">Per quanto riguarda l\u2019irrigazione, nelle stagioni dell\u2019anno pi\u00f9 calde, tra fine primavera e inizio estate, \u00e8 bene <\/span><b>dare acqua a sufficienza<\/b><span style=\"font-weight: 400;\"> alla tua pianta di primula per mantenere il terreno sempre umido. Se necessario, si potr\u00e0 arricchire il terreno con terriccio specifico per piante fiorite che aiuter\u00e0 la pianta della primula a crescere forte e bella.&nbsp;<\/span><\/p>\n","protected":false},"excerpt":{"rendered":"<p>Chi dice primula dice primavera! Ecco un fiore che porta gioia e allegria quando lo si incontra in giardino! La [&hellip;]<\/p>\n","protected":false},"author":8,"featured_media":31119,"comment_status":"closed","ping_status":"closed","sticky":false,"template":"","format":"standard","meta":{"_uag_custom_page_level_css":"","site-sidebar-layout":"default","site-content-layout":"","ast-site-content-layout":"default","site-content-style":"default","site-sidebar-style":"default","ast-global-header-display":"","ast-banner-title-visibility":"","ast-main-header-display":"","ast-hfb-above-header-display":"","ast-hfb-below-header-display":"","ast-hfb-mobile-header-display":"","site-post-title":"","ast-breadcrumbs-content":"","ast-featured-img":"","footer-sml-layout":"","ast-disable-related-posts":"","theme-transparent-header-meta":"","adv-header-id-meta":"","stick-header-meta":"","header-above-stick-meta":"","header-main-stick-meta":"","header-below-stick-meta":"","astra-migrate-meta-layouts":"default","ast-page-background-enabled":"default","ast-page-background-meta":{"desktop":{"background-color":"var(--ast-global-color-5)","background-image":"","background-repeat":"repeat","background-position":"center center","background-size":"auto","background-attachment":"scroll","background-type":"","background-media":"","overlay-type":"","overlay-color":"","overlay-opacity":"","overlay-gradient":""},"tablet":{"background-color":"","background-image":"","background-repeat":"repeat","background-position":"center center","background-size":"auto","background-attachment":"scroll","background-type":"","background-media":"","overlay-type":"","overlay-color":"","overlay-opacity":"","overlay-gradient":""},"mobile":{"background-color":"","background-image":"","background-repeat":"repeat","background-position":"center center","background-size":"auto","background-attachment":"scroll","background-type":"","background-media":"","overlay-type":"","overlay-color":"","overlay-opacity":"","overlay-gradient":""}},"ast-content-background-meta":{"desktop":{"background-color":"var(--ast-global-color-4)","background-image":"","background-repeat":"repeat","background-position":"center center","background-size":"auto","background-attachment":"scroll","background-type":"","background-media":"","overlay-type":"","overlay-color":"","overlay-opacity":"","overlay-gradient":""},"tablet":{"background-color":"var(--ast-global-color-4)","background-image":"","background-repeat":"repeat","background-position":"center center","background-size":"auto","background-attachment":"scroll","background-type":"","background-media":"","overlay-type":"","overlay-color":"","overlay-opacity":"","overlay-gradient":""},"mobile":{"background-color":"var(--ast-global-color-4)","background-image":"","background-repeat":"repeat","background-position":"center center","background-size":"auto","background-attachment":"scroll","background-type":"","background-media":"","overlay-type":"","overlay-color":"","overlay-opacity":"","overlay-gradient":""}},"footnotes":""},"categories":[165],"tags":[108,192],"class_list":["post-966","post","type-post","status-publish","format-standard","has-post-thumbnail","hentry","category-fiori","tag-primavera","tag-primula"],"yoast_head":"<!-- This site is optimized with the Yoast SEO plugin v26.4 - https:\/\/yoast.com\/wordpress\/plugins\/seo\/ -->\n<title>La primula : significato del fiore della primavera | Interflora<\/title>\n<meta name=\"description\" content=\"Scopri con noi tutti i segreti della primula, un fiore elegante dai colori accesi che porta allegria e felicit\u00e0 quando appare in giardino perch\u00e9 segna la fine dell\u2019inverno. Ecco qui le origini della primula, la sua cura in casa e in giardino e il suo significato nel linguaggio dei fiori\" \/>\n<meta name=\"robots\" content=\"index, follow, max-snippet:-1, max-image-preview:large, max-video-preview:-1\" \/>\n<link rel=\"canonical\" href=\"https:\/\/www.interflora.it\/blog\/rifioriremo-assieme-alle-primule\/\" \/>\n<meta property=\"og:locale\" content=\"it_IT\" \/>\n<meta property=\"og:type\" content=\"article\" \/>\n<meta property=\"og:title\" content=\"La primula : significato del fiore della primavera | Interflora\" \/>\n<meta property=\"og:description\" content=\"Scopri con noi tutti i segreti della primula, un fiore elegante dai colori accesi che porta allegria e felicit\u00e0 quando appare in giardino perch\u00e9 segna la fine dell\u2019inverno. Ecco qui le origini della primula, la sua cura in casa e in giardino e il suo significato nel linguaggio dei fiori\" \/>\n<meta property=\"og:url\" content=\"https:\/\/www.interflora.it\/blog\/rifioriremo-assieme-alle-primule\/\" \/>\n<meta property=\"og:site_name\" content=\"Il blog di Interflora: consigli, idee e ispirazione per godersi fiori e piante\" \/>\n<meta property=\"article:published_time\" content=\"2020-12-31T11:15:25+00:00\" \/>\n<meta property=\"article:modified_time\" content=\"2025-08-11T14:02:28+00:00\" \/>\n<meta property=\"og:image\" content=\"https:\/\/www.interflora.it\/blog\/wp-content\/uploads\/2020\/12\/Progetto-senza-titolo-21.jpg\" \/>\n\t<meta property=\"og:image:width\" content=\"767\" \/>\n\t<meta property=\"og:image:height\" content=\"437\" \/>\n\t<meta property=\"og:image:type\" content=\"image\/jpeg\" \/>\n<meta name=\"author\" content=\"Interflora\" \/>\n<meta name=\"twitter:card\" content=\"summary_large_image\" \/>\n<script type=\"application\/ld+json\" class=\"yoast-schema-graph\">{\"@context\":\"https:\/\/schema.org\",\"@graph\":[{\"@type\":\"Article\",\"@id\":\"https:\/\/www.interflora.it\/blog\/rifioriremo-assieme-alle-primule\/#article\",\"isPartOf\":{\"@id\":\"https:\/\/www.interflora.it\/blog\/rifioriremo-assieme-alle-primule\/\"},\"author\":{\"name\":\"Interflora\",\"@id\":\"https:\/\/www.interflora.it\/blog\/#\/schema\/person\/37c1677fb37e37e1d52ee86644974c72\"},\"headline\":\"Rifioriremo assieme alle primule\",\"datePublished\":\"2020-12-31T11:15:25+00:00\",\"dateModified\":\"2025-08-11T14:02:28+00:00\",\"mainEntityOfPage\":{\"@id\":\"https:\/\/www.interflora.it\/blog\/rifioriremo-assieme-alle-primule\/\"},\"wordCount\":732,\"publisher\":{\"@id\":\"https:\/\/www.interflora.it\/blog\/#organization\"},\"image\":{\"@id\":\"https:\/\/www.interflora.it\/blog\/rifioriremo-assieme-alle-primule\/#primaryimage\"},\"thumbnailUrl\":\"https:\/\/prodblog.interflora.it\/blog\/wp-content\/uploads\/2020\/12\/Progetto-senza-titolo-21.jpg\",\"keywords\":[\"primavera\",\"Primula\"],\"articleSection\":[\"Fiori e Piante\"],\"inLanguage\":\"it-IT\"},{\"@type\":\"WebPage\",\"@id\":\"https:\/\/www.interflora.it\/blog\/rifioriremo-assieme-alle-primule\/\",\"url\":\"https:\/\/www.interflora.it\/blog\/rifioriremo-assieme-alle-primule\/\",\"name\":\"La primula : significato del fiore della primavera | Interflora\",\"isPartOf\":{\"@id\":\"https:\/\/www.interflora.it\/blog\/#website\"},\"primaryImageOfPage\":{\"@id\":\"https:\/\/www.interflora.it\/blog\/rifioriremo-assieme-alle-primule\/#primaryimage\"},\"image\":{\"@id\":\"https:\/\/www.interflora.it\/blog\/rifioriremo-assieme-alle-primule\/#primaryimage\"},\"thumbnailUrl\":\"https:\/\/prodblog.interflora.it\/blog\/wp-content\/uploads\/2020\/12\/Progetto-senza-titolo-21.jpg\",\"datePublished\":\"2020-12-31T11:15:25+00:00\",\"dateModified\":\"2025-08-11T14:02:28+00:00\",\"description\":\"Scopri con noi tutti i segreti della primula, un fiore elegante dai colori accesi che porta allegria e felicit\u00e0 quando appare in giardino perch\u00e9 segna la fine dell\u2019inverno. Ecco qui le origini della primula, la sua cura in casa e in giardino e il suo significato nel linguaggio dei fiori\",\"breadcrumb\":{\"@id\":\"https:\/\/www.interflora.it\/blog\/rifioriremo-assieme-alle-primule\/#breadcrumb\"},\"inLanguage\":\"it-IT\",\"potentialAction\":[{\"@type\":\"ReadAction\",\"target\":[\"https:\/\/www.interflora.it\/blog\/rifioriremo-assieme-alle-primule\/\"]}]},{\"@type\":\"ImageObject\",\"inLanguage\":\"it-IT\",\"@id\":\"https:\/\/www.interflora.it\/blog\/rifioriremo-assieme-alle-primule\/#primaryimage\",\"url\":\"https:\/\/prodblog.interflora.it\/blog\/wp-content\/uploads\/2020\/12\/Progetto-senza-titolo-21.jpg\",\"contentUrl\":\"https:\/\/prodblog.interflora.it\/blog\/wp-content\/uploads\/2020\/12\/Progetto-senza-titolo-21.jpg\",\"width\":767,\"height\":437},{\"@type\":\"BreadcrumbList\",\"@id\":\"https:\/\/www.interflora.it\/blog\/rifioriremo-assieme-alle-primule\/#breadcrumb\",\"itemListElement\":[{\"@type\":\"ListItem\",\"position\":1,\"name\":\"Home\",\"item\":\"https:\/\/prodblog.interflora.it\/blog\/\"},{\"@type\":\"ListItem\",\"position\":2,\"name\":\"Rifioriremo assieme alle primule\"}]},{\"@type\":\"WebSite\",\"@id\":\"https:\/\/www.interflora.it\/blog\/#website\",\"url\":\"https:\/\/www.interflora.it\/blog\/\",\"name\":\"Il blog di Interflora: consigli, idee e ispirazione per godersi fiori e piante\",\"description\":\"\",\"publisher\":{\"@id\":\"https:\/\/www.interflora.it\/blog\/#organization\"},\"potentialAction\":[{\"@type\":\"SearchAction\",\"target\":{\"@type\":\"EntryPoint\",\"urlTemplate\":\"https:\/\/www.interflora.it\/blog\/?s={search_term_string}\"},\"query-input\":{\"@type\":\"PropertyValueSpecification\",\"valueRequired\":true,\"valueName\":\"search_term_string\"}}],\"inLanguage\":\"it-IT\"},{\"@type\":\"Organization\",\"@id\":\"https:\/\/www.interflora.it\/blog\/#organization\",\"name\":\"Il blog di Interflora: consigli, idee e ispirazione per godersi fiori e piante\",\"url\":\"https:\/\/www.interflora.it\/blog\/\",\"logo\":{\"@type\":\"ImageObject\",\"inLanguage\":\"it-IT\",\"@id\":\"https:\/\/www.interflora.it\/blog\/#\/schema\/logo\/image\/\",\"url\":\"https:\/\/prodblog.interflora.it\/blog\/wp-content\/uploads\/2025\/04\/220221_INTERFLORA_Logo_rgb_Half_Circle-e1670413381661.png\",\"contentUrl\":\"https:\/\/prodblog.interflora.it\/blog\/wp-content\/uploads\/2025\/04\/220221_INTERFLORA_Logo_rgb_Half_Circle-e1670413381661.png\",\"width\":1351,\"height\":656,\"caption\":\"Il blog di Interflora: consigli, idee e ispirazione per godersi fiori e piante\"},\"image\":{\"@id\":\"https:\/\/www.interflora.it\/blog\/#\/schema\/logo\/image\/\"}},{\"@type\":\"Person\",\"@id\":\"https:\/\/www.interflora.it\/blog\/#\/schema\/person\/37c1677fb37e37e1d52ee86644974c72\",\"name\":\"Interflora\",\"image\":{\"@type\":\"ImageObject\",\"inLanguage\":\"it-IT\",\"@id\":\"https:\/\/www.interflora.it\/blog\/#\/schema\/person\/image\/\",\"url\":\"https:\/\/secure.gravatar.com\/avatar\/f8ee11e6b2ddd835aba806604014e0f5960629fa9ff333f1d1f0db3e39ad3bad?s=96&d=mm&r=g\",\"contentUrl\":\"https:\/\/secure.gravatar.com\/avatar\/f8ee11e6b2ddd835aba806604014e0f5960629fa9ff333f1d1f0db3e39ad3bad?s=96&d=mm&r=g\",\"caption\":\"Interflora\"}}]}<\/script>\n<!-- \/ Yoast SEO plugin. -->","yoast_head_json":{"title":"La primula : significato del fiore della primavera | Interflora","description":"Scopri con noi tutti i segreti della primula, un fiore elegante dai colori accesi che porta allegria e felicit\u00e0 quando appare in giardino perch\u00e9 segna la fine dell\u2019inverno. Ecco qui le origini della primula, la sua cura in casa e in giardino e il suo significato nel linguaggio dei fiori","robots":{"index":"index","follow":"follow","max-snippet":"max-snippet:-1","max-image-preview":"max-image-preview:large","max-video-preview":"max-video-preview:-1"},"canonical":"https:\/\/www.interflora.it\/blog\/rifioriremo-assieme-alle-primule\/","og_locale":"it_IT","og_type":"article","og_title":"La primula : significato del fiore della primavera | Interflora","og_description":"Scopri con noi tutti i segreti della primula, un fiore elegante dai colori accesi che porta allegria e felicit\u00e0 quando appare in giardino perch\u00e9 segna la fine dell\u2019inverno. Ecco qui le origini della primula, la sua cura in casa e in giardino e il suo significato nel linguaggio dei fiori","og_url":"https:\/\/www.interflora.it\/blog\/rifioriremo-assieme-alle-primule\/","og_site_name":"Il blog di Interflora: consigli, idee e ispirazione per godersi fiori e piante","article_published_time":"2020-12-31T11:15:25+00:00","article_modified_time":"2025-08-11T14:02:28+00:00","og_image":[{"width":767,"height":437,"url":"https:\/\/www.interflora.it\/blog\/wp-content\/uploads\/2020\/12\/Progetto-senza-titolo-21.jpg","type":"image\/jpeg"}],"author":"Interflora","twitter_card":"summary_large_image","schema":{"@context":"https:\/\/schema.org","@graph":[{"@type":"Article","@id":"https:\/\/www.interflora.it\/blog\/rifioriremo-assieme-alle-primule\/#article","isPartOf":{"@id":"https:\/\/www.interflora.it\/blog\/rifioriremo-assieme-alle-primule\/"},"author":{"name":"Interflora","@id":"https:\/\/www.interflora.it\/blog\/#\/schema\/person\/37c1677fb37e37e1d52ee86644974c72"},"headline":"Rifioriremo assieme alle primule","datePublished":"2020-12-31T11:15:25+00:00","dateModified":"2025-08-11T14:02:28+00:00","mainEntityOfPage":{"@id":"https:\/\/www.interflora.it\/blog\/rifioriremo-assieme-alle-primule\/"},"wordCount":732,"publisher":{"@id":"https:\/\/www.interflora.it\/blog\/#organization"},"image":{"@id":"https:\/\/www.interflora.it\/blog\/rifioriremo-assieme-alle-primule\/#primaryimage"},"thumbnailUrl":"https:\/\/prodblog.interflora.it\/blog\/wp-content\/uploads\/2020\/12\/Progetto-senza-titolo-21.jpg","keywords":["primavera","Primula"],"articleSection":["Fiori e Piante"],"inLanguage":"it-IT"},{"@type":"WebPage","@id":"https:\/\/www.interflora.it\/blog\/rifioriremo-assieme-alle-primule\/","url":"https:\/\/www.interflora.it\/blog\/rifioriremo-assieme-alle-primule\/","name":"La primula : significato del fiore della primavera | Interflora","isPartOf":{"@id":"https:\/\/www.interflora.it\/blog\/#website"},"primaryImageOfPage":{"@id":"https:\/\/www.interflora.it\/blog\/rifioriremo-assieme-alle-primule\/#primaryimage"},"image":{"@id":"https:\/\/www.interflora.it\/blog\/rifioriremo-assieme-alle-primule\/#primaryimage"},"thumbnailUrl":"https:\/\/prodblog.interflora.it\/blog\/wp-content\/uploads\/2020\/12\/Progetto-senza-titolo-21.jpg","datePublished":"2020-12-31T11:15:25+00:00","dateModified":"2025-08-11T14:02:28+00:00","description":"Scopri con noi tutti i segreti della primula, un fiore elegante dai colori accesi che porta allegria e felicit\u00e0 quando appare in giardino perch\u00e9 segna la fine dell\u2019inverno. Ecco qui le origini della primula, la sua cura in casa e in giardino e il suo significato nel linguaggio dei fiori","breadcrumb":{"@id":"https:\/\/www.interflora.it\/blog\/rifioriremo-assieme-alle-primule\/#breadcrumb"},"inLanguage":"it-IT","potentialAction":[{"@type":"ReadAction","target":["https:\/\/www.interflora.it\/blog\/rifioriremo-assieme-alle-primule\/"]}]},{"@type":"ImageObject","inLanguage":"it-IT","@id":"https:\/\/www.interflora.it\/blog\/rifioriremo-assieme-alle-primule\/#primaryimage","url":"https:\/\/prodblog.interflora.it\/blog\/wp-content\/uploads\/2020\/12\/Progetto-senza-titolo-21.jpg","contentUrl":"https:\/\/prodblog.interflora.it\/blog\/wp-content\/uploads\/2020\/12\/Progetto-senza-titolo-21.jpg","width":767,"height":437},{"@type":"BreadcrumbList","@id":"https:\/\/www.interflora.it\/blog\/rifioriremo-assieme-alle-primule\/#breadcrumb","itemListElement":[{"@type":"ListItem","position":1,"name":"Home","item":"https:\/\/prodblog.interflora.it\/blog\/"},{"@type":"ListItem","position":2,"name":"Rifioriremo assieme alle primule"}]},{"@type":"WebSite","@id":"https:\/\/www.interflora.it\/blog\/#website","url":"https:\/\/www.interflora.it\/blog\/","name":"Il blog di Interflora: consigli, idee e ispirazione per godersi fiori e piante","description":"","publisher":{"@id":"https:\/\/www.interflora.it\/blog\/#organization"},"potentialAction":[{"@type":"SearchAction","target":{"@type":"EntryPoint","urlTemplate":"https:\/\/www.interflora.it\/blog\/?s={search_term_string}"},"query-input":{"@type":"PropertyValueSpecification","valueRequired":true,"valueName":"search_term_string"}}],"inLanguage":"it-IT"},{"@type":"Organization","@id":"https:\/\/www.interflora.it\/blog\/#organization","name":"Il blog di Interflora: consigli, idee e ispirazione per godersi fiori e piante","url":"https:\/\/www.interflora.it\/blog\/","logo":{"@type":"ImageObject","inLanguage":"it-IT","@id":"https:\/\/www.interflora.it\/blog\/#\/schema\/logo\/image\/","url":"https:\/\/prodblog.interflora.it\/blog\/wp-content\/uploads\/2025\/04\/220221_INTERFLORA_Logo_rgb_Half_Circle-e1670413381661.png","contentUrl":"https:\/\/prodblog.interflora.it\/blog\/wp-content\/uploads\/2025\/04\/220221_INTERFLORA_Logo_rgb_Half_Circle-e1670413381661.png","width":1351,"height":656,"caption":"Il blog di Interflora: consigli, idee e ispirazione per godersi fiori e piante"},"image":{"@id":"https:\/\/www.interflora.it\/blog\/#\/schema\/logo\/image\/"}},{"@type":"Person","@id":"https:\/\/www.interflora.it\/blog\/#\/schema\/person\/37c1677fb37e37e1d52ee86644974c72","name":"Interflora","image":{"@type":"ImageObject","inLanguage":"it-IT","@id":"https:\/\/www.interflora.it\/blog\/#\/schema\/person\/image\/","url":"https:\/\/secure.gravatar.com\/avatar\/f8ee11e6b2ddd835aba806604014e0f5960629fa9ff333f1d1f0db3e39ad3bad?s=96&d=mm&r=g","contentUrl":"https:\/\/secure.gravatar.com\/avatar\/f8ee11e6b2ddd835aba806604014e0f5960629fa9ff333f1d1f0db3e39ad3bad?s=96&d=mm&r=g","caption":"Interflora"}}]}},"uagb_featured_image_src":{"full":["https:\/\/prodblog.interflora.it\/blog\/wp-content\/uploads\/2020\/12\/Progetto-senza-titolo-21.jpg",767,437,false],"thumbnail":["https:\/\/prodblog.interflora.it\/blog\/wp-content\/uploads\/2020\/12\/Progetto-senza-titolo-21-150x150.jpg",150,150,true],"medium":["https:\/\/prodblog.interflora.it\/blog\/wp-content\/uploads\/2020\/12\/Progetto-senza-titolo-21-300x171.jpg",300,171,true],"medium_large":["https:\/\/prodblog.interflora.it\/blog\/wp-content\/uploads\/2020\/12\/Progetto-senza-titolo-21.jpg",767,437,false],"large":["https:\/\/prodblog.interflora.it\/blog\/wp-content\/uploads\/2020\/12\/Progetto-senza-titolo-21.jpg",767,437,false],"1536x1536":["https:\/\/prodblog.interflora.it\/blog\/wp-content\/uploads\/2020\/12\/Progetto-senza-titolo-21.jpg",767,437,false],"2048x2048":["https:\/\/prodblog.interflora.it\/blog\/wp-content\/uploads\/2020\/12\/Progetto-senza-titolo-21.jpg",767,437,false]},"uagb_author_info":{"display_name":"Interflora","author_link":"https:\/\/prodblog.interflora.it\/blog\/author\/lisa-contini\/"},"uagb_comment_info":0,"uagb_excerpt":"Chi dice primula dice primavera! Ecco un fiore che porta gioia e allegria quando lo si incontra in giardino! La [&hellip;]","_links":{"self":[{"href":"https:\/\/prodblog.interflora.it\/blog\/wp-json\/wp\/v2\/posts\/966","targetHints":{"allow":["GET"]}}],"collection":[{"href":"https:\/\/prodblog.interflora.it\/blog\/wp-json\/wp\/v2\/posts"}],"about":[{"href":"https:\/\/prodblog.interflora.it\/blog\/wp-json\/wp\/v2\/types\/post"}],"author":[{"embeddable":true,"href":"https:\/\/prodblog.interflora.it\/blog\/wp-json\/wp\/v2\/users\/8"}],"replies":[{"embeddable":true,"href":"https:\/\/prodblog.interflora.it\/blog\/wp-json\/wp\/v2\/comments?post=966"}],"version-history":[{"count":0,"href":"https:\/\/prodblog.interflora.it\/blog\/wp-json\/wp\/v2\/posts\/966\/revisions"}],"wp:featuredmedia":[{"embeddable":true,"href":"https:\/\/prodblog.interflora.it\/blog\/wp-json\/wp\/v2\/media\/31119"}],"wp:attachment":[{"href":"https:\/\/prodblog.interflora.it\/blog\/wp-json\/wp\/v2\/media?parent=966"}],"wp:term":[{"taxonomy":"category","embeddable":true,"href":"https:\/\/prodblog.interflora.it\/blog\/wp-json\/wp\/v2\/categories?post=966"},{"taxonomy":"post_tag","embeddable":true,"href":"https:\/\/prodblog.interflora.it\/blog\/wp-json\/wp\/v2\/tags?post=966"}],"curies":[{"name":"wp","href":"https:\/\/api.w.org\/{rel}","templated":true}]}}