{"id":994,"date":"2021-01-11T13:45:29","date_gmt":"2021-01-11T11:45:29","guid":{"rendered":"https:\/\/blog.interflora.it\/?p=994"},"modified":"2025-08-11T16:02:28","modified_gmt":"2025-08-11T14:02:28","slug":"fiori-invernali","status":"publish","type":"post","link":"https:\/\/prodblog.interflora.it\/blog\/fiori-invernali\/","title":{"rendered":"Fiori invernali: il rinnovo della natura"},"content":{"rendered":"\n<p><span style=\"font-weight: 400;\">Il freddo gelido. La neve candida ed immobile. Tutto sembra dormire profondamente in <\/span><b>inverno<\/b><span style=\"font-weight: 400;\">.<\/span><\/p>\n\n\n\n<p><span style=\"font-weight: 400;\">\u00c8 un errore in cui si pu\u00f2 facilmente cadere. S\u00ec, poich\u00e9 la Natura, al contrario, riesce sempre a sorprenderci, mantenendosi eternamente vigile, attiva e generosa di doni preziosi ed inesauribili anche nel pieno della stagione invernale.<\/span><\/p>\n\n\n\n<h2 class=\"wp-block-heading\"><span style=\"font-weight: 400;\">Quali sono i fiori invernali?<\/span><\/h2>\n\n\n\n<p><span style=\"font-weight: 400;\">Quando tutto tace, il vero rumore lo fa la Natura. Terra, acqua ed aria \u2013 anche nel pieno della stagione invernale \u2013 proseguono il loro dialogo continuo, non sempre udibile all\u2019uomo. Eppure, da quello scambio perenne di energia si mantiene imperterrito il ciclo naturale, in un continuo alternarsi di nascita, morte e rinascita della vita.<\/span><\/p>\n\n\n\n<p><span style=\"font-weight: 400;\">I <\/span><a href=\"https:\/\/www.interflora.it\/c\/fiori\/inverno\"><b>fiori invernali<\/b><\/a><span style=\"font-weight: 400;\"> si distinguono per eleganza e resistenza, forza e delicatezza, impavidi messaggeri di sostegno ed ottimismo. Esistono infatti piante che mostrano il loro splendore proprio durante la stagione fredda. <br><br>La maggior parte dei fiori invernali hanno colori tenui e sono di piccole dimensioni. Le colorazioni, in genere, variano dal giallo tenue, al bianco o al verdastro, e vengono prodotti da piante rustiche, a crescita lenta, che non hanno bisogno di un clima mite per fiorire e germogliare ma danno il meglio di s\u00e9 proprio quando tutte le altre piante dormono.\u00a0<\/span><\/p>\n\n\n\n<p><span style=\"font-weight: 400;\">Proprio per le loro caratteristiche, sono <\/span><a href=\" https:\/\/www.interflora.it\/blog\/piante-che-resistono-a-tutto\/\"><b>piante che resistono a tutto<\/b><\/a><span style=\"font-weight: 400;\">: sono specie che si caratterizzano per la loro resistenza e il loro desiderio di aggrapparsi alla vita.<\/span><\/p>\n\n\n\n<h2 class=\"wp-block-heading\"><span style=\"font-weight: 400;\">Fiori invernali da esterno: come coltivarli<\/span><\/h2>\n\n\n\n<p><span style=\"font-weight: 400;\">Questi fiori<\/span> <span style=\"font-weight: 400;\">possono essere coltivati facilmente sia nel terreno sia in vaso e non necessitano di particolari cure.&nbsp;<\/span><\/p>\n\n\n\n<p><span style=\"font-weight: 400;\">Perci\u00f2,<\/span><b> come coltivare i fiori invernali da esterno<\/b><span style=\"font-weight: 400;\">? Hanno bisogno di un terriccio ricco, fresco e drenato, annaffiature scarse e devono essere coltivate in ombra luminosa.&nbsp;<\/span><\/p>\n\n\n\n<p><span style=\"font-weight: 400;\">Ecco la nostra selezione dei <\/span><b>fiori da piantare in inverno<\/b><span style=\"font-weight: 400;\"> in giardino o in vaso.<\/span><\/p>\n\n\n\n<h3 class=\"wp-block-heading\"><span style=\"font-weight: 400;\">L\u2019Erica: il fiore invernale che da colore al giardino<\/span><\/h3>\n\n\n\n<p><span style=\"font-weight: 400;\">Tra le <\/span><b>piante che fioriscono in inverno<\/b><span style=\"font-weight: 400;\"> troviamo la variet\u00e0 di <\/span><b>Erica<\/b><span style=\"font-weight: 400;\">, la <\/span><i><span style=\"font-weight: 400;\">Gracilis<\/span><\/i><span style=\"font-weight: 400;\">,<\/span> <span style=\"font-weight: 400;\">riconoscibile dalle foglie aghiformi. I suoi fiori sono talmente resistenti da permanere sulla pianta fino alla fine dell\u2019inverno.&nbsp;<\/span><\/p>\n\n\n\n<p><span style=\"font-weight: 400;\">Il momento ideale per piantare l&#8217;erica invernale nell&#8217;aiuola del giardino \u00e8 la primavera, dopo la fine del periodo di fioritura. \u00c8 molto facile da coltivare e ama gli ambienti freschi e ben aerati. Durante l&#8217;inverno l&#8217;esposizione ideale \u00e8 al sole nelle zone settentrionali mentre al sud vanno tenute&nbsp; a mezz&#8217;ombra.<\/span><\/p>\n\n\n\n<p><span style=\"font-weight: 400;\">Il significato cambia a seconda del colore: l&#8217;<\/span><b>erica violacea<\/b><span style=\"font-weight: 400;\"> \u00e8 utilizzata come simbolo di ammirazione e solitudine, l&#8217;<\/span><b>erica rosa<\/b><span style=\"font-weight: 400;\"> \u00e8 invece metafora di ottima fortuna mentre l&#8217;<\/span><b>erica bianca <\/b><span style=\"font-weight: 400;\">simboleggia la protezione dal pericolo.<\/span><span style=\"font-weight: 400;\"><br><\/span><span style=\"font-weight: 400;\"><br><\/span><span style=\"font-weight: 400;\">I fiori dell&#8217;erica bianca esprimono anche ammirazione e speranza che i sogni e i desideri si avverino. In Italia, l&#8217;erica bianca viene regalata per augurare un matrimonio felice, e in genere, viene donata alle persone pi\u00f9 care.<\/span><\/p>\n\n\n\n<h3 class=\"wp-block-heading\"><span style=\"font-weight: 400;\">Il Bucaneve: fiore invernale simbolo di purezza ed affidamento<\/span><\/h3>\n\n\n\n<figure class=\"wp-block-image alignleft\"><img decoding=\"async\" src=\" https:\/\/www.interflora.it\/blog\/wp-content\/uploads\/2021\/01\/Copia-di-Senza-titolo-300x300.png\" alt=\"bucaneve fiori invernali da esterno primo piano della pianta con i petali bianchi in mezzo alla neve.\" class=\"wp-image-996\" title=\"bucaneve fiore invernale da esterno primo piano della pianta con i petali bianchi in mezzo alla neve.\"\/><\/figure>\n\n\n\n<p><span style=\"font-weight: 400;\">Le sferzate del vento freddissimo e la terra ghiacciata non riescono ad impedire la fioritura del <\/span><b>Bucaneve<\/b><span style=\"font-weight: 400;\">, tipico fiore dell\u2019inverno per il giardino apparentemente minuto e delicato, ma dotato di un\u2019incredibile resistenza alle intemperie. Fa la sua prima comparsa alla fine del mese di Gennaio, riuscendo ad attraversare la compatta coltre nevosa per sbocciare sotto i pallidi raggi del sole.<\/span><\/p>\n\n\n\n<p><span style=\"font-weight: 400;\">Piccola pianta conosciuta fin dall\u2019antichit\u00e0, il suo nome latino \u00e8 <\/span><i><span style=\"font-weight: 400;\">Galathus Nivalis<\/span><\/i><span style=\"font-weight: 400;\"> (fiore color latte nella neve) ed \u00e8 inserita nel gruppo delle bulbose. I suoi fiori hanno il colore bianco della neve che riescono ad attraversare (bucare, da qui il nome in italiano) con pazienza e caparbiet\u00e0 in cerca della luce delle prime ore del mattino, dando vita ad un romantico sottobosco ad alta quota. Lo si pu\u00f2 ritrovare anche nelle aree pianeggianti adibite a prato, purch\u00e9 siano a ridosso di cespugli che possano garantire una discreta ombra.<\/span><\/p>\n\n\n\n<p><span style=\"font-weight: 400;\">La sua forma a campanella e le piccole dimensioni assicurano al <\/span><b>Bucaneve <\/b><span style=\"font-weight: 400;\">un aspetto poetico e leggendario. Nel linguaggio dei fiori il <\/span><b>Bucaneve<\/b><span style=\"font-weight: 400;\"> rappresenta la speranza per il futuro ed il pensiero puro e categorico per via della sua capacit\u00e0 di lottare contro il freddo anticipando \u2013 con il suo sbocciare \u2013 l\u2019arrivo della Primavera.<\/span><\/p>\n\n\n\n<p><span style=\"font-weight: 400;\">Regalare questo fiore \u00e8 un invito a non abbattersi di fronte agli ostacoli o ai comportamenti aggressivi e scorretti; un incoraggiamento a proseguire la strada con capacit\u00e0 e volont\u00e0.<\/span><\/p>\n\n\n\n<h3 class=\"wp-block-heading\"><span style=\"font-weight: 400;\">Il Croco: fiore invernale dei legami sentimentale ed ultraterreni<\/span><\/h3>\n\n\n\n<figure class=\"wp-block-image alignright\"><img decoding=\"async\" src=\" https:\/\/www.interflora.it\/blog\/wp-content\/uploads\/2021\/01\/Copia-di-Senza-titolo-2-300x300.png\" alt=\"croco fiori invernali da esterno primo piano della pianta con i petali viola in mezzo alla neve.\" class=\"wp-image-997\" title=\"croco fiore invernale da esterno primo piano della pianta con i petali viola in mezzo alla neve.\"\/><\/figure>\n\n\n\n<p><span style=\"font-weight: 400;\">Tra i fiori del freddo, anche il <\/span><b>Croco <\/b><span style=\"font-weight: 400;\">\u2013 piccola pianta invernale perenne appartenente alle <\/span><i><span style=\"font-weight: 400;\">iridaceae<\/span><\/i><span style=\"font-weight: 400;\"> \u2013 colpisce lo sguardo per il suo colore intenso e spirituale, nelle gradazioni del lilla e viola, ma, anche malva, bianco e giallo. Si tratta di un fiore assai conosciuto \u2013 sia nel Mediterraneo che in Oriente \u2013 di cui si raccolgono una grande variet\u00e0 di specie, anche quella da cui \u00e8 ricavata la famosa spezia zafferano, utilizzata per profumare ed impreziosire gustose pietanze gourmet.<\/span><\/p>\n\n\n\n<p><span style=\"font-weight: 400;\">L\u2019origine del nome aiuta a comprenderne il significato. Dal greco <\/span><i><span style=\"font-weight: 400;\">kroke<\/span><\/i><span style=\"font-weight: 400;\"> (\u201cfibra\/filo\u201d) questo fiore ha mantenuto la radice antica per via degli stigmi contenuti nella sua corolla. Il Croco, cantato dal poeta Omero nell\u2019Iliade, rappresenta il tenero e passionale legame di coppia, tanto da essere intrecciato in corone e ghirlande propiziatore per adornare il talamo nuziale degli Dei.<\/span><\/p>\n\n\n\n<p><span style=\"font-weight: 400;\">Ma, nel tempo, gli antichi romani diedero a questo fiore un\u2019accezione pi\u00f9 ampia e spirituale iniziando la tradizione di deporre <\/span><b>Crochi <\/b><span style=\"font-weight: 400;\">sui sarcofagi ed ai piedi di mausolei in memoria dei defunti, cos\u00ec da mantenere \u2013 attraverso i lunghi stigmi del fiore \u2013 uno stretto legame con l\u2019aldil\u00e0, garantendo un costante dialogo tra vita e morte, tema su cui, ancor oggi, si interroga l\u2019umanit\u00e0.<\/span><\/p>\n\n\n\n<p><span style=\"font-weight: 400;\">Regalare una pianta di Crochi \u00e8 un doppio auspicio: l\u2019invito a tenere stretti i legami, anche a distanza, ed una spinta a non perdere la speranza dell\u2019esistenza di rapporti immortali.<\/span><\/p>\n\n\n\n<figure class=\"wp-block-image aligncenter\"><img decoding=\"async\" src=\" https:\/\/www.interflora.it\/blog\/wp-content\/uploads\/2021\/01\/Progetto-senza-titolo-35-300x171.png\" alt=\"Croco\" class=\"wp-image-998\"\/><\/figure>\n","protected":false},"excerpt":{"rendered":"<p>Il freddo gelido. La neve candida ed immobile. Tutto sembra dormire profondamente in inverno. \u00c8 un errore in cui si [&hellip;]<\/p>\n","protected":false},"author":1,"featured_media":31306,"comment_status":"closed","ping_status":"closed","sticky":false,"template":"","format":"standard","meta":{"_uag_custom_page_level_css":"","site-sidebar-layout":"default","site-content-layout":"","ast-site-content-layout":"default","site-content-style":"default","site-sidebar-style":"default","ast-global-header-display":"","ast-banner-title-visibility":"","ast-main-header-display":"","ast-hfb-above-header-display":"","ast-hfb-below-header-display":"","ast-hfb-mobile-header-display":"","site-post-title":"","ast-breadcrumbs-content":"","ast-featured-img":"","footer-sml-layout":"","ast-disable-related-posts":"","theme-transparent-header-meta":"","adv-header-id-meta":"","stick-header-meta":"","header-above-stick-meta":"","header-main-stick-meta":"","header-below-stick-meta":"","astra-migrate-meta-layouts":"set","ast-page-background-enabled":"default","ast-page-background-meta":{"desktop":{"background-color":"var(--ast-global-color-5)","background-image":"","background-repeat":"repeat","background-position":"center center","background-size":"auto","background-attachment":"scroll","background-type":"","background-media":"","overlay-type":"","overlay-color":"","overlay-opacity":"","overlay-gradient":""},"tablet":{"background-color":"","background-image":"","background-repeat":"repeat","background-position":"center center","background-size":"auto","background-attachment":"scroll","background-type":"","background-media":"","overlay-type":"","overlay-color":"","overlay-opacity":"","overlay-gradient":""},"mobile":{"background-color":"","background-image":"","background-repeat":"repeat","background-position":"center center","background-size":"auto","background-attachment":"scroll","background-type":"","background-media":"","overlay-type":"","overlay-color":"","overlay-opacity":"","overlay-gradient":""}},"ast-content-background-meta":{"desktop":{"background-color":"var(--ast-global-color-4)","background-image":"","background-repeat":"repeat","background-position":"center center","background-size":"auto","background-attachment":"scroll","background-type":"","background-media":"","overlay-type":"","overlay-color":"","overlay-opacity":"","overlay-gradient":""},"tablet":{"background-color":"var(--ast-global-color-4)","background-image":"","background-repeat":"repeat","background-position":"center center","background-size":"auto","background-attachment":"scroll","background-type":"","background-media":"","overlay-type":"","overlay-color":"","overlay-opacity":"","overlay-gradient":""},"mobile":{"background-color":"var(--ast-global-color-4)","background-image":"","background-repeat":"repeat","background-position":"center center","background-size":"auto","background-attachment":"scroll","background-type":"","background-media":"","overlay-type":"","overlay-color":"","overlay-opacity":"","overlay-gradient":""}},"footnotes":""},"categories":[165,196],"tags":[195],"class_list":["post-994","post","type-post","status-publish","format-standard","has-post-thumbnail","hentry","category-fiori","category-inverno","tag-inverno"],"yoast_head":"<!-- This site is optimized with the Yoast SEO plugin v26.4 - https:\/\/yoast.com\/wordpress\/plugins\/seo\/ -->\n<title>Fiori d&#039;inverno: il rinnovo della natura | Interflora<\/title>\n<meta name=\"description\" content=\"La Natura riesce sempre a sorprenderci, anche nel pieno della stagione invernale. Scopri tutto sui fiori invernali: quali sono e come coltivarli.\" \/>\n<meta name=\"robots\" content=\"index, follow, max-snippet:-1, max-image-preview:large, max-video-preview:-1\" \/>\n<link rel=\"canonical\" href=\"https:\/\/www.interflora.it\/blog\/fiori-invernali\/\" \/>\n<meta property=\"og:locale\" content=\"it_IT\" \/>\n<meta property=\"og:type\" content=\"article\" \/>\n<meta property=\"og:title\" content=\"Fiori d&#039;inverno: il rinnovo della natura | Interflora\" \/>\n<meta property=\"og:description\" content=\"La Natura riesce sempre a sorprenderci, anche nel pieno della stagione invernale. Scopri tutto sui fiori invernali: quali sono e come coltivarli.\" \/>\n<meta property=\"og:url\" content=\"https:\/\/www.interflora.it\/blog\/fiori-invernali\/\" \/>\n<meta property=\"og:site_name\" content=\"Il blog di Interflora: consigli, idee e ispirazione per godersi fiori e piante\" \/>\n<meta property=\"article:published_time\" content=\"2021-01-11T11:45:29+00:00\" \/>\n<meta property=\"article:modified_time\" content=\"2025-08-11T14:02:28+00:00\" \/>\n<meta property=\"og:image\" content=\"https:\/\/www.interflora.it\/blog\/wp-content\/uploads\/2021\/01\/fiori-invernali-copertina.jpg\" \/>\n\t<meta property=\"og:image:width\" content=\"512\" \/>\n\t<meta property=\"og:image:height\" content=\"291\" \/>\n\t<meta property=\"og:image:type\" content=\"image\/jpeg\" \/>\n<meta name=\"author\" content=\"admin\" \/>\n<meta name=\"twitter:card\" content=\"summary_large_image\" \/>\n<script type=\"application\/ld+json\" class=\"yoast-schema-graph\">{\"@context\":\"https:\/\/schema.org\",\"@graph\":[{\"@type\":\"Article\",\"@id\":\"https:\/\/www.interflora.it\/blog\/fiori-invernali\/#article\",\"isPartOf\":{\"@id\":\"https:\/\/www.interflora.it\/blog\/fiori-invernali\/\"},\"author\":{\"name\":\"admin\",\"@id\":\"https:\/\/www.interflora.it\/blog\/#\/schema\/person\/dbbd1ad45e05409c356dc639597669f2\"},\"headline\":\"Fiori invernali: il rinnovo della natura\",\"datePublished\":\"2021-01-11T11:45:29+00:00\",\"dateModified\":\"2025-08-11T14:02:28+00:00\",\"mainEntityOfPage\":{\"@id\":\"https:\/\/www.interflora.it\/blog\/fiori-invernali\/\"},\"wordCount\":954,\"publisher\":{\"@id\":\"https:\/\/www.interflora.it\/blog\/#organization\"},\"image\":{\"@id\":\"https:\/\/www.interflora.it\/blog\/fiori-invernali\/#primaryimage\"},\"thumbnailUrl\":\"https:\/\/prodblog.interflora.it\/blog\/wp-content\/uploads\/2021\/01\/fiori-invernali-copertina.jpg\",\"keywords\":[\"Inverno\"],\"articleSection\":[\"Fiori e Piante\",\"Inverno\"],\"inLanguage\":\"it-IT\"},{\"@type\":\"WebPage\",\"@id\":\"https:\/\/www.interflora.it\/blog\/fiori-invernali\/\",\"url\":\"https:\/\/www.interflora.it\/blog\/fiori-invernali\/\",\"name\":\"Fiori d'inverno: il rinnovo della natura | Interflora\",\"isPartOf\":{\"@id\":\"https:\/\/www.interflora.it\/blog\/#website\"},\"primaryImageOfPage\":{\"@id\":\"https:\/\/www.interflora.it\/blog\/fiori-invernali\/#primaryimage\"},\"image\":{\"@id\":\"https:\/\/www.interflora.it\/blog\/fiori-invernali\/#primaryimage\"},\"thumbnailUrl\":\"https:\/\/prodblog.interflora.it\/blog\/wp-content\/uploads\/2021\/01\/fiori-invernali-copertina.jpg\",\"datePublished\":\"2021-01-11T11:45:29+00:00\",\"dateModified\":\"2025-08-11T14:02:28+00:00\",\"description\":\"La Natura riesce sempre a sorprenderci, anche nel pieno della stagione invernale. Scopri tutto sui fiori invernali: quali sono e come coltivarli.\",\"breadcrumb\":{\"@id\":\"https:\/\/www.interflora.it\/blog\/fiori-invernali\/#breadcrumb\"},\"inLanguage\":\"it-IT\",\"potentialAction\":[{\"@type\":\"ReadAction\",\"target\":[\"https:\/\/www.interflora.it\/blog\/fiori-invernali\/\"]}]},{\"@type\":\"ImageObject\",\"inLanguage\":\"it-IT\",\"@id\":\"https:\/\/www.interflora.it\/blog\/fiori-invernali\/#primaryimage\",\"url\":\"https:\/\/prodblog.interflora.it\/blog\/wp-content\/uploads\/2021\/01\/fiori-invernali-copertina.jpg\",\"contentUrl\":\"https:\/\/prodblog.interflora.it\/blog\/wp-content\/uploads\/2021\/01\/fiori-invernali-copertina.jpg\",\"width\":512,\"height\":291},{\"@type\":\"BreadcrumbList\",\"@id\":\"https:\/\/www.interflora.it\/blog\/fiori-invernali\/#breadcrumb\",\"itemListElement\":[{\"@type\":\"ListItem\",\"position\":1,\"name\":\"Home\",\"item\":\"https:\/\/prodblog.interflora.it\/blog\/\"},{\"@type\":\"ListItem\",\"position\":2,\"name\":\"Fiori invernali: il rinnovo della natura\"}]},{\"@type\":\"WebSite\",\"@id\":\"https:\/\/www.interflora.it\/blog\/#website\",\"url\":\"https:\/\/www.interflora.it\/blog\/\",\"name\":\"Il blog di Interflora: consigli, idee e ispirazione per godersi fiori e piante\",\"description\":\"\",\"publisher\":{\"@id\":\"https:\/\/www.interflora.it\/blog\/#organization\"},\"potentialAction\":[{\"@type\":\"SearchAction\",\"target\":{\"@type\":\"EntryPoint\",\"urlTemplate\":\"https:\/\/www.interflora.it\/blog\/?s={search_term_string}\"},\"query-input\":{\"@type\":\"PropertyValueSpecification\",\"valueRequired\":true,\"valueName\":\"search_term_string\"}}],\"inLanguage\":\"it-IT\"},{\"@type\":\"Organization\",\"@id\":\"https:\/\/www.interflora.it\/blog\/#organization\",\"name\":\"Il blog di Interflora: consigli, idee e ispirazione per godersi fiori e piante\",\"url\":\"https:\/\/www.interflora.it\/blog\/\",\"logo\":{\"@type\":\"ImageObject\",\"inLanguage\":\"it-IT\",\"@id\":\"https:\/\/www.interflora.it\/blog\/#\/schema\/logo\/image\/\",\"url\":\"https:\/\/prodblog.interflora.it\/blog\/wp-content\/uploads\/2025\/04\/220221_INTERFLORA_Logo_rgb_Half_Circle-e1670413381661.png\",\"contentUrl\":\"https:\/\/prodblog.interflora.it\/blog\/wp-content\/uploads\/2025\/04\/220221_INTERFLORA_Logo_rgb_Half_Circle-e1670413381661.png\",\"width\":1351,\"height\":656,\"caption\":\"Il blog di Interflora: consigli, idee e ispirazione per godersi fiori e piante\"},\"image\":{\"@id\":\"https:\/\/www.interflora.it\/blog\/#\/schema\/logo\/image\/\"}},{\"@type\":\"Person\",\"@id\":\"https:\/\/www.interflora.it\/blog\/#\/schema\/person\/dbbd1ad45e05409c356dc639597669f2\",\"name\":\"admin\",\"image\":{\"@type\":\"ImageObject\",\"inLanguage\":\"it-IT\",\"@id\":\"https:\/\/www.interflora.it\/blog\/#\/schema\/person\/image\/\",\"url\":\"https:\/\/secure.gravatar.com\/avatar\/42ef4147e700c5be2e3fd1dfd99731af107e05f321b9a482783ec3515451fc63?s=96&d=mm&r=g\",\"contentUrl\":\"https:\/\/secure.gravatar.com\/avatar\/42ef4147e700c5be2e3fd1dfd99731af107e05f321b9a482783ec3515451fc63?s=96&d=mm&r=g\",\"caption\":\"admin\"},\"sameAs\":[\"http:\/\/prewww.interflora.se\/blog\"]}]}<\/script>\n<!-- \/ Yoast SEO plugin. -->","yoast_head_json":{"title":"Fiori d'inverno: il rinnovo della natura | Interflora","description":"La Natura riesce sempre a sorprenderci, anche nel pieno della stagione invernale. Scopri tutto sui fiori invernali: quali sono e come coltivarli.","robots":{"index":"index","follow":"follow","max-snippet":"max-snippet:-1","max-image-preview":"max-image-preview:large","max-video-preview":"max-video-preview:-1"},"canonical":"https:\/\/www.interflora.it\/blog\/fiori-invernali\/","og_locale":"it_IT","og_type":"article","og_title":"Fiori d'inverno: il rinnovo della natura | Interflora","og_description":"La Natura riesce sempre a sorprenderci, anche nel pieno della stagione invernale. Scopri tutto sui fiori invernali: quali sono e come coltivarli.","og_url":"https:\/\/www.interflora.it\/blog\/fiori-invernali\/","og_site_name":"Il blog di Interflora: consigli, idee e ispirazione per godersi fiori e piante","article_published_time":"2021-01-11T11:45:29+00:00","article_modified_time":"2025-08-11T14:02:28+00:00","og_image":[{"width":512,"height":291,"url":"https:\/\/www.interflora.it\/blog\/wp-content\/uploads\/2021\/01\/fiori-invernali-copertina.jpg","type":"image\/jpeg"}],"author":"admin","twitter_card":"summary_large_image","schema":{"@context":"https:\/\/schema.org","@graph":[{"@type":"Article","@id":"https:\/\/www.interflora.it\/blog\/fiori-invernali\/#article","isPartOf":{"@id":"https:\/\/www.interflora.it\/blog\/fiori-invernali\/"},"author":{"name":"admin","@id":"https:\/\/www.interflora.it\/blog\/#\/schema\/person\/dbbd1ad45e05409c356dc639597669f2"},"headline":"Fiori invernali: il rinnovo della natura","datePublished":"2021-01-11T11:45:29+00:00","dateModified":"2025-08-11T14:02:28+00:00","mainEntityOfPage":{"@id":"https:\/\/www.interflora.it\/blog\/fiori-invernali\/"},"wordCount":954,"publisher":{"@id":"https:\/\/www.interflora.it\/blog\/#organization"},"image":{"@id":"https:\/\/www.interflora.it\/blog\/fiori-invernali\/#primaryimage"},"thumbnailUrl":"https:\/\/prodblog.interflora.it\/blog\/wp-content\/uploads\/2021\/01\/fiori-invernali-copertina.jpg","keywords":["Inverno"],"articleSection":["Fiori e Piante","Inverno"],"inLanguage":"it-IT"},{"@type":"WebPage","@id":"https:\/\/www.interflora.it\/blog\/fiori-invernali\/","url":"https:\/\/www.interflora.it\/blog\/fiori-invernali\/","name":"Fiori d'inverno: il rinnovo della natura | Interflora","isPartOf":{"@id":"https:\/\/www.interflora.it\/blog\/#website"},"primaryImageOfPage":{"@id":"https:\/\/www.interflora.it\/blog\/fiori-invernali\/#primaryimage"},"image":{"@id":"https:\/\/www.interflora.it\/blog\/fiori-invernali\/#primaryimage"},"thumbnailUrl":"https:\/\/prodblog.interflora.it\/blog\/wp-content\/uploads\/2021\/01\/fiori-invernali-copertina.jpg","datePublished":"2021-01-11T11:45:29+00:00","dateModified":"2025-08-11T14:02:28+00:00","description":"La Natura riesce sempre a sorprenderci, anche nel pieno della stagione invernale. Scopri tutto sui fiori invernali: quali sono e come coltivarli.","breadcrumb":{"@id":"https:\/\/www.interflora.it\/blog\/fiori-invernali\/#breadcrumb"},"inLanguage":"it-IT","potentialAction":[{"@type":"ReadAction","target":["https:\/\/www.interflora.it\/blog\/fiori-invernali\/"]}]},{"@type":"ImageObject","inLanguage":"it-IT","@id":"https:\/\/www.interflora.it\/blog\/fiori-invernali\/#primaryimage","url":"https:\/\/prodblog.interflora.it\/blog\/wp-content\/uploads\/2021\/01\/fiori-invernali-copertina.jpg","contentUrl":"https:\/\/prodblog.interflora.it\/blog\/wp-content\/uploads\/2021\/01\/fiori-invernali-copertina.jpg","width":512,"height":291},{"@type":"BreadcrumbList","@id":"https:\/\/www.interflora.it\/blog\/fiori-invernali\/#breadcrumb","itemListElement":[{"@type":"ListItem","position":1,"name":"Home","item":"https:\/\/prodblog.interflora.it\/blog\/"},{"@type":"ListItem","position":2,"name":"Fiori invernali: il rinnovo della natura"}]},{"@type":"WebSite","@id":"https:\/\/www.interflora.it\/blog\/#website","url":"https:\/\/www.interflora.it\/blog\/","name":"Il blog di Interflora: consigli, idee e ispirazione per godersi fiori e piante","description":"","publisher":{"@id":"https:\/\/www.interflora.it\/blog\/#organization"},"potentialAction":[{"@type":"SearchAction","target":{"@type":"EntryPoint","urlTemplate":"https:\/\/www.interflora.it\/blog\/?s={search_term_string}"},"query-input":{"@type":"PropertyValueSpecification","valueRequired":true,"valueName":"search_term_string"}}],"inLanguage":"it-IT"},{"@type":"Organization","@id":"https:\/\/www.interflora.it\/blog\/#organization","name":"Il blog di Interflora: consigli, idee e ispirazione per godersi fiori e piante","url":"https:\/\/www.interflora.it\/blog\/","logo":{"@type":"ImageObject","inLanguage":"it-IT","@id":"https:\/\/www.interflora.it\/blog\/#\/schema\/logo\/image\/","url":"https:\/\/prodblog.interflora.it\/blog\/wp-content\/uploads\/2025\/04\/220221_INTERFLORA_Logo_rgb_Half_Circle-e1670413381661.png","contentUrl":"https:\/\/prodblog.interflora.it\/blog\/wp-content\/uploads\/2025\/04\/220221_INTERFLORA_Logo_rgb_Half_Circle-e1670413381661.png","width":1351,"height":656,"caption":"Il blog di Interflora: consigli, idee e ispirazione per godersi fiori e piante"},"image":{"@id":"https:\/\/www.interflora.it\/blog\/#\/schema\/logo\/image\/"}},{"@type":"Person","@id":"https:\/\/www.interflora.it\/blog\/#\/schema\/person\/dbbd1ad45e05409c356dc639597669f2","name":"admin","image":{"@type":"ImageObject","inLanguage":"it-IT","@id":"https:\/\/www.interflora.it\/blog\/#\/schema\/person\/image\/","url":"https:\/\/secure.gravatar.com\/avatar\/42ef4147e700c5be2e3fd1dfd99731af107e05f321b9a482783ec3515451fc63?s=96&d=mm&r=g","contentUrl":"https:\/\/secure.gravatar.com\/avatar\/42ef4147e700c5be2e3fd1dfd99731af107e05f321b9a482783ec3515451fc63?s=96&d=mm&r=g","caption":"admin"},"sameAs":["http:\/\/prewww.interflora.se\/blog"]}]}},"uagb_featured_image_src":{"full":["https:\/\/prodblog.interflora.it\/blog\/wp-content\/uploads\/2021\/01\/fiori-invernali-copertina.jpg",512,291,false],"thumbnail":["https:\/\/prodblog.interflora.it\/blog\/wp-content\/uploads\/2021\/01\/fiori-invernali-copertina-150x150.jpg",150,150,true],"medium":["https:\/\/prodblog.interflora.it\/blog\/wp-content\/uploads\/2021\/01\/fiori-invernali-copertina-300x171.jpg",300,171,true],"medium_large":["https:\/\/prodblog.interflora.it\/blog\/wp-content\/uploads\/2021\/01\/fiori-invernali-copertina.jpg",512,291,false],"large":["https:\/\/prodblog.interflora.it\/blog\/wp-content\/uploads\/2021\/01\/fiori-invernali-copertina.jpg",512,291,false],"1536x1536":["https:\/\/prodblog.interflora.it\/blog\/wp-content\/uploads\/2021\/01\/fiori-invernali-copertina.jpg",512,291,false],"2048x2048":["https:\/\/prodblog.interflora.it\/blog\/wp-content\/uploads\/2021\/01\/fiori-invernali-copertina.jpg",512,291,false]},"uagb_author_info":{"display_name":"admin","author_link":"https:\/\/prodblog.interflora.it\/blog\/author\/admin\/"},"uagb_comment_info":0,"uagb_excerpt":"Il freddo gelido. La neve candida ed immobile. Tutto sembra dormire profondamente in inverno. \u00c8 un errore in cui si [&hellip;]","_links":{"self":[{"href":"https:\/\/prodblog.interflora.it\/blog\/wp-json\/wp\/v2\/posts\/994","targetHints":{"allow":["GET"]}}],"collection":[{"href":"https:\/\/prodblog.interflora.it\/blog\/wp-json\/wp\/v2\/posts"}],"about":[{"href":"https:\/\/prodblog.interflora.it\/blog\/wp-json\/wp\/v2\/types\/post"}],"author":[{"embeddable":true,"href":"https:\/\/prodblog.interflora.it\/blog\/wp-json\/wp\/v2\/users\/1"}],"replies":[{"embeddable":true,"href":"https:\/\/prodblog.interflora.it\/blog\/wp-json\/wp\/v2\/comments?post=994"}],"version-history":[{"count":0,"href":"https:\/\/prodblog.interflora.it\/blog\/wp-json\/wp\/v2\/posts\/994\/revisions"}],"wp:featuredmedia":[{"embeddable":true,"href":"https:\/\/prodblog.interflora.it\/blog\/wp-json\/wp\/v2\/media\/31306"}],"wp:attachment":[{"href":"https:\/\/prodblog.interflora.it\/blog\/wp-json\/wp\/v2\/media?parent=994"}],"wp:term":[{"taxonomy":"category","embeddable":true,"href":"https:\/\/prodblog.interflora.it\/blog\/wp-json\/wp\/v2\/categories?post=994"},{"taxonomy":"post_tag","embeddable":true,"href":"https:\/\/prodblog.interflora.it\/blog\/wp-json\/wp\/v2\/tags?post=994"}],"curies":[{"name":"wp","href":"https:\/\/api.w.org\/{rel}","templated":true}]}}